{"id":20990,"date":"2025-11-19T17:20:42","date_gmt":"2025-11-19T16:20:42","guid":{"rendered":"https:\/\/veritasinfo.org\/?p=20990"},"modified":"2025-11-19T17:20:42","modified_gmt":"2025-11-19T16:20:42","slug":"kelmendi-mohon-akuzat-kurre-ne-jeten-time-deri-ne-vitin-2001-nuk-kam-qene-ne-recak","status":"publish","type":"post","link":"https:\/\/veritasinfo.org\/?p=20990","title":{"rendered":"Kelmendi mohon akuzat: Kurr\u00eb n\u00eb jet\u00ebn time deri n\u00eb vitin 2001 nuk kam qen\u00eb n\u00eb Re\u00e7ak"},"content":{"rendered":"<p>Prishtin\u00eb, 19 n\u00ebntor 2025 17:20<\/p>\n<p>Ushtruesi i Detyr\u00ebs s\u00eb Kryeprokurorit t\u00eb Shtetit, Besim Kelmendi, ka mohuar kategorikisht pretendimet se ai ka qen\u00eb i pranish\u00ebm n\u00eb fshatin Re\u00e7ak para vitit 2001. Pas intervistimit nga Prokuroria Speciale, Kelmendi doli para mediave ku dha nj\u00eb deklarat\u00eb t\u00eb gjat\u00eb mbi akuzat dhe raportimet e fundit mediatike.<\/p>\n<p>Kelmendi tha se para vitit 2000 nuk ka ushtruar asnj\u00eb funksion n\u00eb sistemin e drejt\u00ebsis\u00eb.<\/p>\n<p>\u201cKurr\u00eb n\u00eb jet\u00ebn time, deri n\u00eb vitin 2001, nuk kam qen\u00eb n\u00eb fshatin Re\u00e7ak. Kurr\u00eb s\u2019kam qen\u00eb as gjyqtar, as prokuror, as hetues para vitit 2000, kur jam zgjedhur gjyqtar n\u00eb Gjykat\u00ebn e Qarkut n\u00eb Prishtin\u00eb,\u201d deklaroi ai.<\/p>\n<p>Ai njoftoi se do t\u00eb publikoj\u00eb nj\u00eb biografi t\u00eb detajuar p\u00ebr t\u00eb sqaruar \u00e7do paqart\u00ebsi lidhur me karrier\u00ebn dhe jet\u00ebn e tij.<\/p>\n<p>Kelmendi akuzoi gazetarin Vehbi Kajtazi dhe portalin q\u00eb ai drejton p\u00ebr, si\u00e7 tha, shpifje dhe tentim t\u00eb ushtrimit t\u00eb ndikimit n\u00eb pun\u00ebn e Prokuroris\u00eb.<\/p>\n<p>\u201cKy portal dhe ky person i quajtur Vehbi Kajtazi, jo rast\u00ebsisht sot ka publikuar nj\u00eb artikull kund\u00ebr meje, p\u00ebr t\u00eb dezinformuar gjith\u00eb opinionin e Kosov\u00ebs dhe p\u00ebr t\u00eb th\u00ebn\u00eb gj\u00ebra q\u00eb kurr\u00eb n\u00eb jet\u00ebn time nuk i kam b\u00ebr\u00eb,\u201d u shpreh Kelmendi.<\/p>\n<p>Sipas tij, raportimet e fundit jan\u00eb hakmarrje, pasi ai kishte refuzuar k\u00ebrkesat e Kajtazit p\u00ebr nd\u00ebrhyrje n\u00eb disa raste t\u00eb caktuara.<\/p>\n<p>\u201cAi ka qen\u00eb tek un\u00eb p\u00ebr t\u00eb pasur p\u00ebrfitime n\u00eb disa raste q\u00eb i kam pasur n\u00eb pun\u00eb, p\u00ebr t\u00eb b\u00ebr\u00eb k\u00ebrkes\u00eb p\u00ebr mbrojtje t\u00eb ligjshm\u00ebris\u00eb n\u00eb dobi t\u00eb bizneseve q\u00eb ai i p\u00ebrfaq\u00ebson. Pasi refuzova, ai m\u00eb ka d\u00ebrguar edhe SMS shantazhuese. P\u00ebr k\u00ebt\u00eb ka qen\u00eb i njoftuar edhe ish-kryeprokurori Aleksand\u00ebr Lumezi,\u201d tha Kelmendi.<\/p>\n<p>Ai shtoi se deklarimi i tij n\u00eb Prokurorin\u00eb Speciale e konfirmon versionin e tij dhe se qytetar\u00ebt duhet t\u00eb informohen drejt.<\/p>\n","protected":false},"excerpt":{"rendered":"<p>Prishtin\u00eb, 19 n\u00ebntor 2025 17:20 Ushtruesi i Detyr\u00ebs s\u00eb Kryeprokurorit t\u00eb Shtetit, Besim Kelmendi, ka mohuar kategorikisht pretendimet se ai ka qen\u00eb i pranish\u00ebm n\u00eb<\/p>\n","protected":false},"author":7,"featured_media":20994,"comment_status":"open","ping_status":"open","sticky":false,"template":"","format":"standard","meta":{"footnotes":""},"categories":[60],"tags":[],"class_list":["post-20990","post","type-post","status-publish","format-standard","has-post-thumbnail","hentry","category-shoqerore-sq"],"yoast_head":"<!-- This site is optimized with the Yoast SEO plugin v25.3.1 - https:\/\/yoast.com\/wordpress\/plugins\/seo\/ -->\n<title>Kelmendi mohon akuzat: Kurr\u00eb n\u00eb jet\u00ebn time deri n\u00eb vitin 2001 nuk kam qen\u00eb n\u00eb Re\u00e7ak -<\/title>\n<meta name=\"robots\" content=\"index, follow, max-snippet:-1, max-image-preview:large, max-video-preview:-1\" \/>\n<link rel=\"canonical\" href=\"https:\/\/veritasinfo.org\/?p=20990\" \/>\n<meta property=\"og:locale\" content=\"en_US\" \/>\n<meta property=\"og:type\" content=\"article\" \/>\n<meta property=\"og:title\" content=\"Kelmendi mohon akuzat: Kurr\u00eb n\u00eb jet\u00ebn time deri n\u00eb vitin 2001 nuk kam qen\u00eb n\u00eb Re\u00e7ak -\" \/>\n<meta property=\"og:description\" content=\"Prishtin\u00eb, 19 n\u00ebntor 2025 17:20 Ushtruesi i Detyr\u00ebs s\u00eb Kryeprokurorit t\u00eb Shtetit, Besim Kelmendi, ka mohuar kategorikisht pretendimet se ai ka qen\u00eb i pranish\u00ebm n\u00eb\" \/>\n<meta property=\"og:url\" content=\"https:\/\/veritasinfo.org\/?p=20990\" \/>\n<meta property=\"article:published_time\" content=\"2025-11-19T16:20:42+00:00\" \/>\n<meta property=\"og:image\" content=\"https:\/\/veritasinfo.org\/wp-content\/uploads\/2025\/11\/kelmendi8888888888888888.jpg\" \/>\n\t<meta property=\"og:image:width\" content=\"850\" \/>\n\t<meta property=\"og:image:height\" content=\"517\" \/>\n\t<meta property=\"og:image:type\" content=\"image\/jpeg\" \/>\n<meta name=\"author\" content=\"US6\" \/>\n<meta name=\"twitter:card\" content=\"summary_large_image\" \/>\n<meta name=\"twitter:label1\" content=\"Written by\" \/>\n\t<meta name=\"twitter:data1\" content=\"US6\" \/>\n\t<meta name=\"twitter:label2\" content=\"Est. reading time\" \/>\n\t<meta name=\"twitter:data2\" content=\"2 minutes\" \/>\n<script type=\"application\/ld+json\" class=\"yoast-schema-graph\">{\"@context\":\"https:\/\/schema.org\",\"@graph\":[{\"@type\":\"WebPage\",\"@id\":\"https:\/\/veritasinfo.org\/?p=20990\",\"url\":\"https:\/\/veritasinfo.org\/?p=20990\",\"name\":\"Kelmendi mohon akuzat: Kurr\u00eb n\u00eb jet\u00ebn time deri n\u00eb vitin 2001 nuk kam qen\u00eb n\u00eb Re\u00e7ak -\",\"isPartOf\":{\"@id\":\"https:\/\/veritasinfo.org\/#website\"},\"primaryImageOfPage\":{\"@id\":\"https:\/\/veritasinfo.org\/?p=20990#primaryimage\"},\"image\":{\"@id\":\"https:\/\/veritasinfo.org\/?p=20990#primaryimage\"},\"thumbnailUrl\":\"https:\/\/veritasinfo.org\/wp-content\/uploads\/2025\/11\/kelmendi8888888888888888.jpg\",\"datePublished\":\"2025-11-19T16:20:42+00:00\",\"author\":{\"@id\":\"https:\/\/veritasinfo.org\/#\/schema\/person\/fe199eede04c3937362892b7444747cc\"},\"breadcrumb\":{\"@id\":\"https:\/\/veritasinfo.org\/?p=20990#breadcrumb\"},\"inLanguage\":\"en-US\",\"potentialAction\":[{\"@type\":\"ReadAction\",\"target\":[\"https:\/\/veritasinfo.org\/?p=20990\"]}]},{\"@type\":\"ImageObject\",\"inLanguage\":\"en-US\",\"@id\":\"https:\/\/veritasinfo.org\/?p=20990#primaryimage\",\"url\":\"https:\/\/veritasinfo.org\/wp-content\/uploads\/2025\/11\/kelmendi8888888888888888.jpg\",\"contentUrl\":\"https:\/\/veritasinfo.org\/wp-content\/uploads\/2025\/11\/kelmendi8888888888888888.jpg\",\"width\":850,\"height\":517},{\"@type\":\"BreadcrumbList\",\"@id\":\"https:\/\/veritasinfo.org\/?p=20990#breadcrumb\",\"itemListElement\":[{\"@type\":\"ListItem\",\"position\":1,\"name\":\"Home\",\"item\":\"https:\/\/veritasinfo.org\/\"},{\"@type\":\"ListItem\",\"position\":2,\"name\":\"Kelmendi mohon akuzat: Kurr\u00eb n\u00eb jet\u00ebn time deri n\u00eb vitin 2001 nuk kam qen\u00eb n\u00eb Re\u00e7ak\"}]},{\"@type\":\"WebSite\",\"@id\":\"https:\/\/veritasinfo.org\/#website\",\"url\":\"https:\/\/veritasinfo.org\/\",\"name\":\"\",\"description\":\"\",\"potentialAction\":[{\"@type\":\"SearchAction\",\"target\":{\"@type\":\"EntryPoint\",\"urlTemplate\":\"https:\/\/veritasinfo.org\/?s={search_term_string}\"},\"query-input\":{\"@type\":\"PropertyValueSpecification\",\"valueRequired\":true,\"valueName\":\"search_term_string\"}}],\"inLanguage\":\"en-US\"},{\"@type\":\"Person\",\"@id\":\"https:\/\/veritasinfo.org\/#\/schema\/person\/fe199eede04c3937362892b7444747cc\",\"name\":\"US6\",\"image\":{\"@type\":\"ImageObject\",\"inLanguage\":\"en-US\",\"@id\":\"https:\/\/veritasinfo.org\/#\/schema\/person\/image\/\",\"url\":\"https:\/\/secure.gravatar.com\/avatar\/cb16c3c31c9d23b9b8c705964598220b3014e42ff51eb540ff23cefa3ae8c15f?s=96&d=mm&r=g\",\"contentUrl\":\"https:\/\/secure.gravatar.com\/avatar\/cb16c3c31c9d23b9b8c705964598220b3014e42ff51eb540ff23cefa3ae8c15f?s=96&d=mm&r=g\",\"caption\":\"US6\"},\"url\":\"https:\/\/veritasinfo.org\/?author=7\"}]}<\/script>\n<!-- \/ Yoast SEO plugin. -->","yoast_head_json":{"title":"Kelmendi mohon akuzat: Kurr\u00eb n\u00eb jet\u00ebn time deri n\u00eb vitin 2001 nuk kam qen\u00eb n\u00eb Re\u00e7ak -","robots":{"index":"index","follow":"follow","max-snippet":"max-snippet:-1","max-image-preview":"max-image-preview:large","max-video-preview":"max-video-preview:-1"},"canonical":"https:\/\/veritasinfo.org\/?p=20990","og_locale":"en_US","og_type":"article","og_title":"Kelmendi mohon akuzat: Kurr\u00eb n\u00eb jet\u00ebn time deri n\u00eb vitin 2001 nuk kam qen\u00eb n\u00eb Re\u00e7ak -","og_description":"Prishtin\u00eb, 19 n\u00ebntor 2025 17:20 Ushtruesi i Detyr\u00ebs s\u00eb Kryeprokurorit t\u00eb Shtetit, Besim Kelmendi, ka mohuar kategorikisht pretendimet se ai ka qen\u00eb i pranish\u00ebm n\u00eb","og_url":"https:\/\/veritasinfo.org\/?p=20990","article_published_time":"2025-11-19T16:20:42+00:00","og_image":[{"width":850,"height":517,"url":"https:\/\/veritasinfo.org\/wp-content\/uploads\/2025\/11\/kelmendi8888888888888888.jpg","type":"image\/jpeg"}],"author":"US6","twitter_card":"summary_large_image","twitter_misc":{"Written by":"US6","Est. reading time":"2 minutes"},"schema":{"@context":"https:\/\/schema.org","@graph":[{"@type":"WebPage","@id":"https:\/\/veritasinfo.org\/?p=20990","url":"https:\/\/veritasinfo.org\/?p=20990","name":"Kelmendi mohon akuzat: Kurr\u00eb n\u00eb jet\u00ebn time deri n\u00eb vitin 2001 nuk kam qen\u00eb n\u00eb Re\u00e7ak -","isPartOf":{"@id":"https:\/\/veritasinfo.org\/#website"},"primaryImageOfPage":{"@id":"https:\/\/veritasinfo.org\/?p=20990#primaryimage"},"image":{"@id":"https:\/\/veritasinfo.org\/?p=20990#primaryimage"},"thumbnailUrl":"https:\/\/veritasinfo.org\/wp-content\/uploads\/2025\/11\/kelmendi8888888888888888.jpg","datePublished":"2025-11-19T16:20:42+00:00","author":{"@id":"https:\/\/veritasinfo.org\/#\/schema\/person\/fe199eede04c3937362892b7444747cc"},"breadcrumb":{"@id":"https:\/\/veritasinfo.org\/?p=20990#breadcrumb"},"inLanguage":"en-US","potentialAction":[{"@type":"ReadAction","target":["https:\/\/veritasinfo.org\/?p=20990"]}]},{"@type":"ImageObject","inLanguage":"en-US","@id":"https:\/\/veritasinfo.org\/?p=20990#primaryimage","url":"https:\/\/veritasinfo.org\/wp-content\/uploads\/2025\/11\/kelmendi8888888888888888.jpg","contentUrl":"https:\/\/veritasinfo.org\/wp-content\/uploads\/2025\/11\/kelmendi8888888888888888.jpg","width":850,"height":517},{"@type":"BreadcrumbList","@id":"https:\/\/veritasinfo.org\/?p=20990#breadcrumb","itemListElement":[{"@type":"ListItem","position":1,"name":"Home","item":"https:\/\/veritasinfo.org\/"},{"@type":"ListItem","position":2,"name":"Kelmendi mohon akuzat: Kurr\u00eb n\u00eb jet\u00ebn time deri n\u00eb vitin 2001 nuk kam qen\u00eb n\u00eb Re\u00e7ak"}]},{"@type":"WebSite","@id":"https:\/\/veritasinfo.org\/#website","url":"https:\/\/veritasinfo.org\/","name":"","description":"","potentialAction":[{"@type":"SearchAction","target":{"@type":"EntryPoint","urlTemplate":"https:\/\/veritasinfo.org\/?s={search_term_string}"},"query-input":{"@type":"PropertyValueSpecification","valueRequired":true,"valueName":"search_term_string"}}],"inLanguage":"en-US"},{"@type":"Person","@id":"https:\/\/veritasinfo.org\/#\/schema\/person\/fe199eede04c3937362892b7444747cc","name":"US6","image":{"@type":"ImageObject","inLanguage":"en-US","@id":"https:\/\/veritasinfo.org\/#\/schema\/person\/image\/","url":"https:\/\/secure.gravatar.com\/avatar\/cb16c3c31c9d23b9b8c705964598220b3014e42ff51eb540ff23cefa3ae8c15f?s=96&d=mm&r=g","contentUrl":"https:\/\/secure.gravatar.com\/avatar\/cb16c3c31c9d23b9b8c705964598220b3014e42ff51eb540ff23cefa3ae8c15f?s=96&d=mm&r=g","caption":"US6"},"url":"https:\/\/veritasinfo.org\/?author=7"}]}},"featured_image_urls":{"full":["https:\/\/veritasinfo.org\/wp-content\/uploads\/2025\/11\/kelmendi8888888888888888.jpg",850,517,false],"thumbnail":["https:\/\/veritasinfo.org\/wp-content\/uploads\/2025\/11\/kelmendi8888888888888888-150x150.jpg",150,150,true],"medium":["https:\/\/veritasinfo.org\/wp-content\/uploads\/2025\/11\/kelmendi8888888888888888-300x182.jpg",300,182,true],"medium_large":["https:\/\/veritasinfo.org\/wp-content\/uploads\/2025\/11\/kelmendi8888888888888888-768x467.jpg",640,389,true],"large":["https:\/\/veritasinfo.org\/wp-content\/uploads\/2025\/11\/kelmendi8888888888888888.jpg",640,389,false],"1536x1536":["https:\/\/veritasinfo.org\/wp-content\/uploads\/2025\/11\/kelmendi8888888888888888.jpg",850,517,false],"2048x2048":["https:\/\/veritasinfo.org\/wp-content\/uploads\/2025\/11\/kelmendi8888888888888888.jpg",850,517,false],"kreeti-slider-full":["https:\/\/veritasinfo.org\/wp-content\/uploads\/2025\/11\/kelmendi8888888888888888.jpg",850,517,false],"kreeti-featured":["https:\/\/veritasinfo.org\/wp-content\/uploads\/2025\/11\/kelmendi8888888888888888.jpg",850,517,false],"kreeti-medium":["https:\/\/veritasinfo.org\/wp-content\/uploads\/2025\/11\/kelmendi8888888888888888.jpg",720,438,false],"kreeti-medium-square":["https:\/\/veritasinfo.org\/wp-content\/uploads\/2025\/11\/kelmendi8888888888888888.jpg",350,213,false]},"author_info":{"info":["US6"]},"category_info":"<a href=\"https:\/\/veritasinfo.org\/?cat=60\" rel=\"category\">Shoq\u00ebrore<\/a>","tag_info":"Shoq\u00ebrore","comment_count":"0","_links":{"self":[{"href":"https:\/\/veritasinfo.org\/index.php?rest_route=\/wp\/v2\/posts\/20990","targetHints":{"allow":["GET"]}}],"collection":[{"href":"https:\/\/veritasinfo.org\/index.php?rest_route=\/wp\/v2\/posts"}],"about":[{"href":"https:\/\/veritasinfo.org\/index.php?rest_route=\/wp\/v2\/types\/post"}],"author":[{"embeddable":true,"href":"https:\/\/veritasinfo.org\/index.php?rest_route=\/wp\/v2\/users\/7"}],"replies":[{"embeddable":true,"href":"https:\/\/veritasinfo.org\/index.php?rest_route=%2Fwp%2Fv2%2Fcomments&post=20990"}],"version-history":[{"count":1,"href":"https:\/\/veritasinfo.org\/index.php?rest_route=\/wp\/v2\/posts\/20990\/revisions"}],"predecessor-version":[{"id":20995,"href":"https:\/\/veritasinfo.org\/index.php?rest_route=\/wp\/v2\/posts\/20990\/revisions\/20995"}],"wp:featuredmedia":[{"embeddable":true,"href":"https:\/\/veritasinfo.org\/index.php?rest_route=\/wp\/v2\/media\/20994"}],"wp:attachment":[{"href":"https:\/\/veritasinfo.org\/index.php?rest_route=%2Fwp%2Fv2%2Fmedia&parent=20990"}],"wp:term":[{"taxonomy":"category","embeddable":true,"href":"https:\/\/veritasinfo.org\/index.php?rest_route=%2Fwp%2Fv2%2Fcategories&post=20990"},{"taxonomy":"post_tag","embeddable":true,"href":"https:\/\/veritasinfo.org\/index.php?rest_route=%2Fwp%2Fv2%2Ftags&post=20990"}],"curies":[{"name":"wp","href":"https:\/\/api.w.org\/{rel}","templated":true}]}}