{"id":2098,"date":"2025-07-01T07:19:08","date_gmt":"2025-07-01T05:19:08","guid":{"rendered":"https:\/\/veritasinfo.org\/?p=2098"},"modified":"2025-07-01T13:00:41","modified_gmt":"2025-07-01T11:00:41","slug":"be-reagon-per-protestat-ne-serbi-kerkon-hetim-te-forces-se-tepert-dhe-mbrojtje-te-te-drejtave-themelore","status":"publish","type":"post","link":"https:\/\/veritasinfo.org\/?p=2098","title":{"rendered":"BE reagon p\u00ebr protestat n\u00eb Serbi: K\u00ebrkon hetim t\u00eb forc\u00ebs s\u00eb tep\u00ebrt dhe mbrojtje t\u00eb t\u00eb drejtave themelore"},"content":{"rendered":"<p>Beograd, 01 Korrik 2025<\/p>\n<p>Komisioni Evropian ka reaguar ndaj ngjarjeve t\u00eb dit\u00ebve t\u00eb fundit n\u00eb Serbi. Nga kjo zyr\u00eb thon\u00eb se jan\u00eb duke monitoruar nga af\u00ebr protestat n\u00eb Serbi, ku ka pasur raste t\u00eb p\u00ebrdorimit t\u00eb forc\u00ebs kund\u00ebr demonstruesve, arrestime masive dhe akuza kund\u00ebr student\u00ebve p\u00ebr organizimin e supozuar t\u00eb nj\u00eb p\u00ebrpjekjeje p\u00ebr grusht shteti.<\/p>\n<p>\u201cPo e monitorojm\u00eb nga af\u00ebr situat\u00ebn. D\u00ebnojm\u00eb fuqimisht \u00e7do akt urrejtjeje dhe dhune. E drejta p\u00ebr tubim paq\u00ebsor duhet t\u00eb mbrohet\u201d, tha z\u00ebdh\u00ebn\u00ebsi i Komisionit t\u00eb BE-s\u00eb, Guillaume Mercier.<\/p>\n<p>N\u00eb p\u00ebrgjigje t\u00eb pyetjes s\u00eb N1 n\u00ebse veprimet e fundit nga institucionet shtet\u00ebrore serbe jan\u00eb n\u00eb p\u00ebrputhje me rregullat dhe vlerat e Bashkimit Evropian, z\u00ebdh\u00ebn\u00ebsi i Komisionit nuk u p\u00ebrgjigj drejtp\u00ebrdrejt, por kujtoi parimet themelore evropiane.<\/p>\n<p>\u201cNd\u00ebrhyrja e policis\u00eb duhet t\u00eb jet\u00eb proporcionale dhe n\u00eb p\u00ebrputhje me t\u00eb drejtat themelore, duke p\u00ebrfshir\u00eb t\u00eb drejtat e t\u00eb gjith\u00eb t\u00eb arrestuarve. Ne presim nj\u00eb hetim t\u00eb shpejt\u00eb, transparent dhe t\u00eb besuesh\u00ebm p\u00ebr akuzat p\u00ebr p\u00ebrdorim t\u00eb tep\u00ebrt t\u00eb forc\u00ebs, si dhe respektimin e procedurave t\u00eb drejta p\u00ebr t\u00eb gjith\u00eb t\u00eb ndaluarit\u201d, tha Mercier.<\/p>\n","protected":false},"excerpt":{"rendered":"<p>Beograd, 01 Korrik 2025 Komisioni Evropian ka reaguar ndaj ngjarjeve t\u00eb dit\u00ebve t\u00eb fundit n\u00eb Serbi. Nga kjo zyr\u00eb thon\u00eb se jan\u00eb duke monitoruar nga<\/p>\n","protected":false},"author":1,"featured_media":2141,"comment_status":"open","ping_status":"open","sticky":false,"template":"","format":"standard","meta":{"footnotes":""},"categories":[58],"tags":[],"class_list":["post-2098","post","type-post","status-publish","format-standard","has-post-thumbnail","hentry","category-politike-sq"],"yoast_head":"<!-- This site is optimized with the Yoast SEO plugin v25.3.1 - https:\/\/yoast.com\/wordpress\/plugins\/seo\/ -->\n<title>BE reagon p\u00ebr protestat n\u00eb Serbi: K\u00ebrkon hetim t\u00eb forc\u00ebs s\u00eb tep\u00ebrt dhe mbrojtje t\u00eb t\u00eb drejtave themelore -<\/title>\n<meta name=\"robots\" content=\"index, follow, max-snippet:-1, max-image-preview:large, max-video-preview:-1\" \/>\n<link rel=\"canonical\" href=\"https:\/\/veritasinfo.org\/?p=2098\" \/>\n<meta property=\"og:locale\" content=\"en_US\" \/>\n<meta property=\"og:type\" content=\"article\" \/>\n<meta property=\"og:title\" content=\"BE reagon p\u00ebr protestat n\u00eb Serbi: K\u00ebrkon hetim t\u00eb forc\u00ebs s\u00eb tep\u00ebrt dhe mbrojtje t\u00eb t\u00eb drejtave themelore -\" \/>\n<meta property=\"og:description\" content=\"Beograd, 01 Korrik 2025 Komisioni Evropian ka reaguar ndaj ngjarjeve t\u00eb dit\u00ebve t\u00eb fundit n\u00eb Serbi. Nga kjo zyr\u00eb thon\u00eb se jan\u00eb duke monitoruar nga\" \/>\n<meta property=\"og:url\" content=\"https:\/\/veritasinfo.org\/?p=2098\" \/>\n<meta property=\"article:published_time\" content=\"2025-07-01T05:19:08+00:00\" \/>\n<meta property=\"article:modified_time\" content=\"2025-07-01T11:00:41+00:00\" \/>\n<meta property=\"og:image\" content=\"https:\/\/veritasinfo.org\/wp-content\/uploads\/2025\/07\/IMG_1638-1.jpeg\" \/>\n\t<meta property=\"og:image:width\" content=\"862\" \/>\n\t<meta property=\"og:image:height\" content=\"485\" \/>\n\t<meta property=\"og:image:type\" content=\"image\/jpeg\" \/>\n<meta name=\"author\" content=\"admin\" \/>\n<meta name=\"twitter:card\" content=\"summary_large_image\" \/>\n<meta name=\"twitter:label1\" content=\"Written by\" \/>\n\t<meta name=\"twitter:data1\" content=\"admin\" \/>\n\t<meta name=\"twitter:label2\" content=\"Est. reading time\" \/>\n\t<meta name=\"twitter:data2\" content=\"1 minute\" \/>\n<script type=\"application\/ld+json\" class=\"yoast-schema-graph\">{\"@context\":\"https:\/\/schema.org\",\"@graph\":[{\"@type\":\"WebPage\",\"@id\":\"https:\/\/veritasinfo.org\/?p=2098\",\"url\":\"https:\/\/veritasinfo.org\/?p=2098\",\"name\":\"BE reagon p\u00ebr protestat n\u00eb Serbi: K\u00ebrkon hetim t\u00eb forc\u00ebs s\u00eb tep\u00ebrt dhe mbrojtje t\u00eb t\u00eb drejtave themelore -\",\"isPartOf\":{\"@id\":\"https:\/\/veritasinfo.org\/#website\"},\"primaryImageOfPage\":{\"@id\":\"https:\/\/veritasinfo.org\/?p=2098#primaryimage\"},\"image\":{\"@id\":\"https:\/\/veritasinfo.org\/?p=2098#primaryimage\"},\"thumbnailUrl\":\"https:\/\/veritasinfo.org\/wp-content\/uploads\/2025\/07\/IMG_1638-1.jpeg\",\"datePublished\":\"2025-07-01T05:19:08+00:00\",\"dateModified\":\"2025-07-01T11:00:41+00:00\",\"author\":{\"@id\":\"https:\/\/veritasinfo.org\/#\/schema\/person\/7701f8c088bece422266b100a712374f\"},\"breadcrumb\":{\"@id\":\"https:\/\/veritasinfo.org\/?p=2098#breadcrumb\"},\"inLanguage\":\"en-US\",\"potentialAction\":[{\"@type\":\"ReadAction\",\"target\":[\"https:\/\/veritasinfo.org\/?p=2098\"]}]},{\"@type\":\"ImageObject\",\"inLanguage\":\"en-US\",\"@id\":\"https:\/\/veritasinfo.org\/?p=2098#primaryimage\",\"url\":\"https:\/\/veritasinfo.org\/wp-content\/uploads\/2025\/07\/IMG_1638-1.jpeg\",\"contentUrl\":\"https:\/\/veritasinfo.org\/wp-content\/uploads\/2025\/07\/IMG_1638-1.jpeg\",\"width\":862,\"height\":485},{\"@type\":\"BreadcrumbList\",\"@id\":\"https:\/\/veritasinfo.org\/?p=2098#breadcrumb\",\"itemListElement\":[{\"@type\":\"ListItem\",\"position\":1,\"name\":\"Home\",\"item\":\"https:\/\/veritasinfo.org\/\"},{\"@type\":\"ListItem\",\"position\":2,\"name\":\"BE reagon p\u00ebr protestat n\u00eb Serbi: K\u00ebrkon hetim t\u00eb forc\u00ebs s\u00eb tep\u00ebrt dhe mbrojtje t\u00eb t\u00eb drejtave themelore\"}]},{\"@type\":\"WebSite\",\"@id\":\"https:\/\/veritasinfo.org\/#website\",\"url\":\"https:\/\/veritasinfo.org\/\",\"name\":\"\",\"description\":\"\",\"potentialAction\":[{\"@type\":\"SearchAction\",\"target\":{\"@type\":\"EntryPoint\",\"urlTemplate\":\"https:\/\/veritasinfo.org\/?s={search_term_string}\"},\"query-input\":{\"@type\":\"PropertyValueSpecification\",\"valueRequired\":true,\"valueName\":\"search_term_string\"}}],\"inLanguage\":\"en-US\"},{\"@type\":\"Person\",\"@id\":\"https:\/\/veritasinfo.org\/#\/schema\/person\/7701f8c088bece422266b100a712374f\",\"name\":\"admin\",\"image\":{\"@type\":\"ImageObject\",\"inLanguage\":\"en-US\",\"@id\":\"https:\/\/veritasinfo.org\/#\/schema\/person\/image\/\",\"url\":\"https:\/\/secure.gravatar.com\/avatar\/ea53aa3bf6c9a12d5fde8ce4deff43fef3885ae33cf60184161a50d6987cfd2f?s=96&d=mm&r=g\",\"contentUrl\":\"https:\/\/secure.gravatar.com\/avatar\/ea53aa3bf6c9a12d5fde8ce4deff43fef3885ae33cf60184161a50d6987cfd2f?s=96&d=mm&r=g\",\"caption\":\"admin\"},\"sameAs\":[\"https:\/\/veritasinfo.org\"],\"url\":\"https:\/\/veritasinfo.org\/?author=1\"}]}<\/script>\n<!-- \/ Yoast SEO plugin. -->","yoast_head_json":{"title":"BE reagon p\u00ebr protestat n\u00eb Serbi: K\u00ebrkon hetim t\u00eb forc\u00ebs s\u00eb tep\u00ebrt dhe mbrojtje t\u00eb t\u00eb drejtave themelore -","robots":{"index":"index","follow":"follow","max-snippet":"max-snippet:-1","max-image-preview":"max-image-preview:large","max-video-preview":"max-video-preview:-1"},"canonical":"https:\/\/veritasinfo.org\/?p=2098","og_locale":"en_US","og_type":"article","og_title":"BE reagon p\u00ebr protestat n\u00eb Serbi: K\u00ebrkon hetim t\u00eb forc\u00ebs s\u00eb tep\u00ebrt dhe mbrojtje t\u00eb t\u00eb drejtave themelore -","og_description":"Beograd, 01 Korrik 2025 Komisioni Evropian ka reaguar ndaj ngjarjeve t\u00eb dit\u00ebve t\u00eb fundit n\u00eb Serbi. Nga kjo zyr\u00eb thon\u00eb se jan\u00eb duke monitoruar nga","og_url":"https:\/\/veritasinfo.org\/?p=2098","article_published_time":"2025-07-01T05:19:08+00:00","article_modified_time":"2025-07-01T11:00:41+00:00","og_image":[{"width":862,"height":485,"url":"https:\/\/veritasinfo.org\/wp-content\/uploads\/2025\/07\/IMG_1638-1.jpeg","type":"image\/jpeg"}],"author":"admin","twitter_card":"summary_large_image","twitter_misc":{"Written by":"admin","Est. reading time":"1 minute"},"schema":{"@context":"https:\/\/schema.org","@graph":[{"@type":"WebPage","@id":"https:\/\/veritasinfo.org\/?p=2098","url":"https:\/\/veritasinfo.org\/?p=2098","name":"BE reagon p\u00ebr protestat n\u00eb Serbi: K\u00ebrkon hetim t\u00eb forc\u00ebs s\u00eb tep\u00ebrt dhe mbrojtje t\u00eb t\u00eb drejtave themelore -","isPartOf":{"@id":"https:\/\/veritasinfo.org\/#website"},"primaryImageOfPage":{"@id":"https:\/\/veritasinfo.org\/?p=2098#primaryimage"},"image":{"@id":"https:\/\/veritasinfo.org\/?p=2098#primaryimage"},"thumbnailUrl":"https:\/\/veritasinfo.org\/wp-content\/uploads\/2025\/07\/IMG_1638-1.jpeg","datePublished":"2025-07-01T05:19:08+00:00","dateModified":"2025-07-01T11:00:41+00:00","author":{"@id":"https:\/\/veritasinfo.org\/#\/schema\/person\/7701f8c088bece422266b100a712374f"},"breadcrumb":{"@id":"https:\/\/veritasinfo.org\/?p=2098#breadcrumb"},"inLanguage":"en-US","potentialAction":[{"@type":"ReadAction","target":["https:\/\/veritasinfo.org\/?p=2098"]}]},{"@type":"ImageObject","inLanguage":"en-US","@id":"https:\/\/veritasinfo.org\/?p=2098#primaryimage","url":"https:\/\/veritasinfo.org\/wp-content\/uploads\/2025\/07\/IMG_1638-1.jpeg","contentUrl":"https:\/\/veritasinfo.org\/wp-content\/uploads\/2025\/07\/IMG_1638-1.jpeg","width":862,"height":485},{"@type":"BreadcrumbList","@id":"https:\/\/veritasinfo.org\/?p=2098#breadcrumb","itemListElement":[{"@type":"ListItem","position":1,"name":"Home","item":"https:\/\/veritasinfo.org\/"},{"@type":"ListItem","position":2,"name":"BE reagon p\u00ebr protestat n\u00eb Serbi: K\u00ebrkon hetim t\u00eb forc\u00ebs s\u00eb tep\u00ebrt dhe mbrojtje t\u00eb t\u00eb drejtave themelore"}]},{"@type":"WebSite","@id":"https:\/\/veritasinfo.org\/#website","url":"https:\/\/veritasinfo.org\/","name":"","description":"","potentialAction":[{"@type":"SearchAction","target":{"@type":"EntryPoint","urlTemplate":"https:\/\/veritasinfo.org\/?s={search_term_string}"},"query-input":{"@type":"PropertyValueSpecification","valueRequired":true,"valueName":"search_term_string"}}],"inLanguage":"en-US"},{"@type":"Person","@id":"https:\/\/veritasinfo.org\/#\/schema\/person\/7701f8c088bece422266b100a712374f","name":"admin","image":{"@type":"ImageObject","inLanguage":"en-US","@id":"https:\/\/veritasinfo.org\/#\/schema\/person\/image\/","url":"https:\/\/secure.gravatar.com\/avatar\/ea53aa3bf6c9a12d5fde8ce4deff43fef3885ae33cf60184161a50d6987cfd2f?s=96&d=mm&r=g","contentUrl":"https:\/\/secure.gravatar.com\/avatar\/ea53aa3bf6c9a12d5fde8ce4deff43fef3885ae33cf60184161a50d6987cfd2f?s=96&d=mm&r=g","caption":"admin"},"sameAs":["https:\/\/veritasinfo.org"],"url":"https:\/\/veritasinfo.org\/?author=1"}]}},"featured_image_urls":{"full":["https:\/\/veritasinfo.org\/wp-content\/uploads\/2025\/07\/IMG_1638-1.jpeg",862,485,false],"thumbnail":["https:\/\/veritasinfo.org\/wp-content\/uploads\/2025\/07\/IMG_1638-1-150x150.jpeg",150,150,true],"medium":["https:\/\/veritasinfo.org\/wp-content\/uploads\/2025\/07\/IMG_1638-1-300x169.jpeg",300,169,true],"medium_large":["https:\/\/veritasinfo.org\/wp-content\/uploads\/2025\/07\/IMG_1638-1-768x432.jpeg",640,360,true],"large":["https:\/\/veritasinfo.org\/wp-content\/uploads\/2025\/07\/IMG_1638-1.jpeg",640,360,false],"1536x1536":["https:\/\/veritasinfo.org\/wp-content\/uploads\/2025\/07\/IMG_1638-1.jpeg",862,485,false],"2048x2048":["https:\/\/veritasinfo.org\/wp-content\/uploads\/2025\/07\/IMG_1638-1.jpeg",862,485,false],"kreeti-slider-full":["https:\/\/veritasinfo.org\/wp-content\/uploads\/2025\/07\/IMG_1638-1.jpeg",862,485,false],"kreeti-featured":["https:\/\/veritasinfo.org\/wp-content\/uploads\/2025\/07\/IMG_1638-1.jpeg",862,485,false],"kreeti-medium":["https:\/\/veritasinfo.org\/wp-content\/uploads\/2025\/07\/IMG_1638-1.jpeg",720,405,false],"kreeti-medium-square":["https:\/\/veritasinfo.org\/wp-content\/uploads\/2025\/07\/IMG_1638-1.jpeg",350,197,false]},"author_info":{"info":["admin"]},"category_info":"<a href=\"https:\/\/veritasinfo.org\/?cat=58\" rel=\"category\">Politik\u00eb<\/a>","tag_info":"Politik\u00eb","comment_count":"0","_links":{"self":[{"href":"https:\/\/veritasinfo.org\/index.php?rest_route=\/wp\/v2\/posts\/2098","targetHints":{"allow":["GET"]}}],"collection":[{"href":"https:\/\/veritasinfo.org\/index.php?rest_route=\/wp\/v2\/posts"}],"about":[{"href":"https:\/\/veritasinfo.org\/index.php?rest_route=\/wp\/v2\/types\/post"}],"author":[{"embeddable":true,"href":"https:\/\/veritasinfo.org\/index.php?rest_route=\/wp\/v2\/users\/1"}],"replies":[{"embeddable":true,"href":"https:\/\/veritasinfo.org\/index.php?rest_route=%2Fwp%2Fv2%2Fcomments&post=2098"}],"version-history":[{"count":1,"href":"https:\/\/veritasinfo.org\/index.php?rest_route=\/wp\/v2\/posts\/2098\/revisions"}],"predecessor-version":[{"id":2102,"href":"https:\/\/veritasinfo.org\/index.php?rest_route=\/wp\/v2\/posts\/2098\/revisions\/2102"}],"wp:featuredmedia":[{"embeddable":true,"href":"https:\/\/veritasinfo.org\/index.php?rest_route=\/wp\/v2\/media\/2141"}],"wp:attachment":[{"href":"https:\/\/veritasinfo.org\/index.php?rest_route=%2Fwp%2Fv2%2Fmedia&parent=2098"}],"wp:term":[{"taxonomy":"category","embeddable":true,"href":"https:\/\/veritasinfo.org\/index.php?rest_route=%2Fwp%2Fv2%2Fcategories&post=2098"},{"taxonomy":"post_tag","embeddable":true,"href":"https:\/\/veritasinfo.org\/index.php?rest_route=%2Fwp%2Fv2%2Ftags&post=2098"}],"curies":[{"name":"wp","href":"https:\/\/api.w.org\/{rel}","templated":true}]}}