{"id":20973,"date":"2025-11-19T16:28:53","date_gmt":"2025-11-19T15:28:53","guid":{"rendered":"https:\/\/veritasinfo.org\/?p=20973"},"modified":"2025-11-19T16:28:53","modified_gmt":"2025-11-19T15:28:53","slug":"pas-pretendimeve-te-paverteta-per-kosoven-deputeti-gjerman-braktis-takimin-me-homologet-serbe","status":"publish","type":"post","link":"https:\/\/veritasinfo.org\/?p=20973","title":{"rendered":"Pas pretendimeve t\u00eb pav\u00ebrteta p\u00ebr Kosov\u00ebn, deputeti gjerman braktis takimin me homolog\u00ebt serb\u00eb"},"content":{"rendered":"<p>Prishtin\u00eb, 19 n\u00ebntor 2025 16:28<\/p>\n<p>Takimi mes Komisionit p\u00ebr Mbrojtje dhe Pun\u00eb t\u00eb Brendshme t\u00eb parlamentit serb dhe Thomas Rovekamp, kryetar i Komisionit p\u00ebr Mbrojtje n\u00eb Bundestag, \u00ebsht\u00eb zhvilluar n\u00eb nj\u00eb atmosfer\u00eb t\u00eb tensionuar, ku tema kryesore ka qen\u00eb Kosova. Pasi u shqiptuan nj\u00eb s\u00ebr\u00eb fjal\u00ebsh t\u00eb ashpra kund\u00ebr Gjermanis\u00eb, Rowekamp u largua n\u00eb m\u00ebnyr\u00eb demonstrative nga salla.<\/p>\n<p>Kryetari i komisionit serb, Milovan Drecun, deklaroi se \u201cpavar\u00ebsia e Kosov\u00ebs\u201d dhe sidomos \u201carmatimi i Prishtin\u00ebs\u201d p\u00ebrb\u00ebjn\u00eb rrezikun m\u00eb t\u00eb madh p\u00ebr sigurin\u00eb komb\u00ebtare t\u00eb Serbis\u00eb.<\/p>\n<p>Ai pretendoi se Kosova po armatoset \u201cn\u00eb m\u00ebnyr\u00eb t\u00eb paligjshme\u201d dhe po formon aleanca ushtarake n\u00eb rajon, duke p\u00ebrmendur bashk\u00ebpunimin e saj me Kroacin\u00eb dhe Shqip\u00ebrin\u00eb, shkruan nova.rs.<\/p>\n<p>Thomas Rovekamp i hodhi posht\u00eb akuzat, duke theksuar se Gjermania nuk \u00ebsht\u00eb e p\u00ebrfshir\u00eb n\u00eb \u201cluft\u00eb hibride\u201d e as nuk furnizon me arm\u00eb vendet e Ballkanit Per\u00ebndimor. Ai tha se nuk ekziston asnj\u00eb prov\u00eb q\u00eb v\u00ebrteton pretendimet e armatimit t\u00eb Kosov\u00ebs dhe ftoi pal\u00ebn serbe t\u00eb paraqes\u00eb \u00e7do informacion q\u00eb mund t\u00eb ket\u00eb.<\/p>\n<p>Rovekamp foli edhe p\u00ebr angazhimin e Gjermanis\u00eb n\u00eb misionin paqeruajt\u00ebs t\u00eb KFOR-it n\u00eb Kosov\u00eb, duke n\u00ebnvizuar se Berlini synon t\u00eb forcoj\u00eb rolin e vet si partner brenda k\u00ebtij misioni.<\/p>\n<p>Ai shprehu zhg\u00ebnjimin e tij p\u00ebr ngecjen e procesit t\u00eb normalizimit mes Kosov\u00ebs dhe Serbis\u00eb, duke kritikuar moszbatimin e marr\u00ebveshjeve t\u00eb arritura \u2013 nga t\u00eb dyja pal\u00ebt.<\/p>\n<p>&nbsp;<\/p>\n","protected":false},"excerpt":{"rendered":"<p>Prishtin\u00eb, 19 n\u00ebntor 2025 16:28 Takimi mes Komisionit p\u00ebr Mbrojtje dhe Pun\u00eb t\u00eb Brendshme t\u00eb parlamentit serb dhe Thomas Rovekamp, kryetar i Komisionit p\u00ebr Mbrojtje<\/p>\n","protected":false},"author":7,"featured_media":20974,"comment_status":"open","ping_status":"open","sticky":false,"template":"","format":"standard","meta":{"footnotes":""},"categories":[58],"tags":[],"class_list":["post-20973","post","type-post","status-publish","format-standard","has-post-thumbnail","hentry","category-politike-sq"],"yoast_head":"<!-- This site is optimized with the Yoast SEO plugin v25.3.1 - https:\/\/yoast.com\/wordpress\/plugins\/seo\/ -->\n<title>Pas pretendimeve t\u00eb pav\u00ebrteta p\u00ebr Kosov\u00ebn, deputeti gjerman braktis takimin me homolog\u00ebt serb\u00eb -<\/title>\n<meta name=\"robots\" content=\"index, follow, max-snippet:-1, max-image-preview:large, max-video-preview:-1\" \/>\n<link rel=\"canonical\" href=\"https:\/\/veritasinfo.org\/?p=20973\" \/>\n<meta property=\"og:locale\" content=\"en_US\" \/>\n<meta property=\"og:type\" content=\"article\" \/>\n<meta property=\"og:title\" content=\"Pas pretendimeve t\u00eb pav\u00ebrteta p\u00ebr Kosov\u00ebn, deputeti gjerman braktis takimin me homolog\u00ebt serb\u00eb -\" \/>\n<meta property=\"og:description\" content=\"Prishtin\u00eb, 19 n\u00ebntor 2025 16:28 Takimi mes Komisionit p\u00ebr Mbrojtje dhe Pun\u00eb t\u00eb Brendshme t\u00eb parlamentit serb dhe Thomas Rovekamp, kryetar i Komisionit p\u00ebr Mbrojtje\" \/>\n<meta property=\"og:url\" content=\"https:\/\/veritasinfo.org\/?p=20973\" \/>\n<meta property=\"article:published_time\" content=\"2025-11-19T15:28:53+00:00\" \/>\n<meta property=\"og:image\" content=\"https:\/\/veritasinfo.org\/wp-content\/uploads\/2025\/11\/Screenshot-2025-11-19-162813.jpg\" \/>\n\t<meta property=\"og:image:width\" content=\"1000\" \/>\n\t<meta property=\"og:image:height\" content=\"590\" \/>\n\t<meta property=\"og:image:type\" content=\"image\/jpeg\" \/>\n<meta name=\"author\" content=\"US6\" \/>\n<meta name=\"twitter:card\" content=\"summary_large_image\" \/>\n<meta name=\"twitter:label1\" content=\"Written by\" \/>\n\t<meta name=\"twitter:data1\" content=\"US6\" \/>\n\t<meta name=\"twitter:label2\" content=\"Est. reading time\" \/>\n\t<meta name=\"twitter:data2\" content=\"1 minute\" \/>\n<script type=\"application\/ld+json\" class=\"yoast-schema-graph\">{\"@context\":\"https:\/\/schema.org\",\"@graph\":[{\"@type\":\"WebPage\",\"@id\":\"https:\/\/veritasinfo.org\/?p=20973\",\"url\":\"https:\/\/veritasinfo.org\/?p=20973\",\"name\":\"Pas pretendimeve t\u00eb pav\u00ebrteta p\u00ebr Kosov\u00ebn, deputeti gjerman braktis takimin me homolog\u00ebt serb\u00eb -\",\"isPartOf\":{\"@id\":\"https:\/\/veritasinfo.org\/#website\"},\"primaryImageOfPage\":{\"@id\":\"https:\/\/veritasinfo.org\/?p=20973#primaryimage\"},\"image\":{\"@id\":\"https:\/\/veritasinfo.org\/?p=20973#primaryimage\"},\"thumbnailUrl\":\"https:\/\/veritasinfo.org\/wp-content\/uploads\/2025\/11\/Screenshot-2025-11-19-162813.jpg\",\"datePublished\":\"2025-11-19T15:28:53+00:00\",\"author\":{\"@id\":\"https:\/\/veritasinfo.org\/#\/schema\/person\/fe199eede04c3937362892b7444747cc\"},\"breadcrumb\":{\"@id\":\"https:\/\/veritasinfo.org\/?p=20973#breadcrumb\"},\"inLanguage\":\"en-US\",\"potentialAction\":[{\"@type\":\"ReadAction\",\"target\":[\"https:\/\/veritasinfo.org\/?p=20973\"]}]},{\"@type\":\"ImageObject\",\"inLanguage\":\"en-US\",\"@id\":\"https:\/\/veritasinfo.org\/?p=20973#primaryimage\",\"url\":\"https:\/\/veritasinfo.org\/wp-content\/uploads\/2025\/11\/Screenshot-2025-11-19-162813.jpg\",\"contentUrl\":\"https:\/\/veritasinfo.org\/wp-content\/uploads\/2025\/11\/Screenshot-2025-11-19-162813.jpg\",\"width\":1000,\"height\":590},{\"@type\":\"BreadcrumbList\",\"@id\":\"https:\/\/veritasinfo.org\/?p=20973#breadcrumb\",\"itemListElement\":[{\"@type\":\"ListItem\",\"position\":1,\"name\":\"Home\",\"item\":\"https:\/\/veritasinfo.org\/\"},{\"@type\":\"ListItem\",\"position\":2,\"name\":\"Pas pretendimeve t\u00eb pav\u00ebrteta p\u00ebr Kosov\u00ebn, deputeti gjerman braktis takimin me homolog\u00ebt serb\u00eb\"}]},{\"@type\":\"WebSite\",\"@id\":\"https:\/\/veritasinfo.org\/#website\",\"url\":\"https:\/\/veritasinfo.org\/\",\"name\":\"\",\"description\":\"\",\"potentialAction\":[{\"@type\":\"SearchAction\",\"target\":{\"@type\":\"EntryPoint\",\"urlTemplate\":\"https:\/\/veritasinfo.org\/?s={search_term_string}\"},\"query-input\":{\"@type\":\"PropertyValueSpecification\",\"valueRequired\":true,\"valueName\":\"search_term_string\"}}],\"inLanguage\":\"en-US\"},{\"@type\":\"Person\",\"@id\":\"https:\/\/veritasinfo.org\/#\/schema\/person\/fe199eede04c3937362892b7444747cc\",\"name\":\"US6\",\"image\":{\"@type\":\"ImageObject\",\"inLanguage\":\"en-US\",\"@id\":\"https:\/\/veritasinfo.org\/#\/schema\/person\/image\/\",\"url\":\"https:\/\/secure.gravatar.com\/avatar\/cb16c3c31c9d23b9b8c705964598220b3014e42ff51eb540ff23cefa3ae8c15f?s=96&d=mm&r=g\",\"contentUrl\":\"https:\/\/secure.gravatar.com\/avatar\/cb16c3c31c9d23b9b8c705964598220b3014e42ff51eb540ff23cefa3ae8c15f?s=96&d=mm&r=g\",\"caption\":\"US6\"},\"url\":\"https:\/\/veritasinfo.org\/?author=7\"}]}<\/script>\n<!-- \/ Yoast SEO plugin. -->","yoast_head_json":{"title":"Pas pretendimeve t\u00eb pav\u00ebrteta p\u00ebr Kosov\u00ebn, deputeti gjerman braktis takimin me homolog\u00ebt serb\u00eb -","robots":{"index":"index","follow":"follow","max-snippet":"max-snippet:-1","max-image-preview":"max-image-preview:large","max-video-preview":"max-video-preview:-1"},"canonical":"https:\/\/veritasinfo.org\/?p=20973","og_locale":"en_US","og_type":"article","og_title":"Pas pretendimeve t\u00eb pav\u00ebrteta p\u00ebr Kosov\u00ebn, deputeti gjerman braktis takimin me homolog\u00ebt serb\u00eb -","og_description":"Prishtin\u00eb, 19 n\u00ebntor 2025 16:28 Takimi mes Komisionit p\u00ebr Mbrojtje dhe Pun\u00eb t\u00eb Brendshme t\u00eb parlamentit serb dhe Thomas Rovekamp, kryetar i Komisionit p\u00ebr Mbrojtje","og_url":"https:\/\/veritasinfo.org\/?p=20973","article_published_time":"2025-11-19T15:28:53+00:00","og_image":[{"width":1000,"height":590,"url":"https:\/\/veritasinfo.org\/wp-content\/uploads\/2025\/11\/Screenshot-2025-11-19-162813.jpg","type":"image\/jpeg"}],"author":"US6","twitter_card":"summary_large_image","twitter_misc":{"Written by":"US6","Est. reading time":"1 minute"},"schema":{"@context":"https:\/\/schema.org","@graph":[{"@type":"WebPage","@id":"https:\/\/veritasinfo.org\/?p=20973","url":"https:\/\/veritasinfo.org\/?p=20973","name":"Pas pretendimeve t\u00eb pav\u00ebrteta p\u00ebr Kosov\u00ebn, deputeti gjerman braktis takimin me homolog\u00ebt serb\u00eb -","isPartOf":{"@id":"https:\/\/veritasinfo.org\/#website"},"primaryImageOfPage":{"@id":"https:\/\/veritasinfo.org\/?p=20973#primaryimage"},"image":{"@id":"https:\/\/veritasinfo.org\/?p=20973#primaryimage"},"thumbnailUrl":"https:\/\/veritasinfo.org\/wp-content\/uploads\/2025\/11\/Screenshot-2025-11-19-162813.jpg","datePublished":"2025-11-19T15:28:53+00:00","author":{"@id":"https:\/\/veritasinfo.org\/#\/schema\/person\/fe199eede04c3937362892b7444747cc"},"breadcrumb":{"@id":"https:\/\/veritasinfo.org\/?p=20973#breadcrumb"},"inLanguage":"en-US","potentialAction":[{"@type":"ReadAction","target":["https:\/\/veritasinfo.org\/?p=20973"]}]},{"@type":"ImageObject","inLanguage":"en-US","@id":"https:\/\/veritasinfo.org\/?p=20973#primaryimage","url":"https:\/\/veritasinfo.org\/wp-content\/uploads\/2025\/11\/Screenshot-2025-11-19-162813.jpg","contentUrl":"https:\/\/veritasinfo.org\/wp-content\/uploads\/2025\/11\/Screenshot-2025-11-19-162813.jpg","width":1000,"height":590},{"@type":"BreadcrumbList","@id":"https:\/\/veritasinfo.org\/?p=20973#breadcrumb","itemListElement":[{"@type":"ListItem","position":1,"name":"Home","item":"https:\/\/veritasinfo.org\/"},{"@type":"ListItem","position":2,"name":"Pas pretendimeve t\u00eb pav\u00ebrteta p\u00ebr Kosov\u00ebn, deputeti gjerman braktis takimin me homolog\u00ebt serb\u00eb"}]},{"@type":"WebSite","@id":"https:\/\/veritasinfo.org\/#website","url":"https:\/\/veritasinfo.org\/","name":"","description":"","potentialAction":[{"@type":"SearchAction","target":{"@type":"EntryPoint","urlTemplate":"https:\/\/veritasinfo.org\/?s={search_term_string}"},"query-input":{"@type":"PropertyValueSpecification","valueRequired":true,"valueName":"search_term_string"}}],"inLanguage":"en-US"},{"@type":"Person","@id":"https:\/\/veritasinfo.org\/#\/schema\/person\/fe199eede04c3937362892b7444747cc","name":"US6","image":{"@type":"ImageObject","inLanguage":"en-US","@id":"https:\/\/veritasinfo.org\/#\/schema\/person\/image\/","url":"https:\/\/secure.gravatar.com\/avatar\/cb16c3c31c9d23b9b8c705964598220b3014e42ff51eb540ff23cefa3ae8c15f?s=96&d=mm&r=g","contentUrl":"https:\/\/secure.gravatar.com\/avatar\/cb16c3c31c9d23b9b8c705964598220b3014e42ff51eb540ff23cefa3ae8c15f?s=96&d=mm&r=g","caption":"US6"},"url":"https:\/\/veritasinfo.org\/?author=7"}]}},"featured_image_urls":{"full":["https:\/\/veritasinfo.org\/wp-content\/uploads\/2025\/11\/Screenshot-2025-11-19-162813.jpg",1000,590,false],"thumbnail":["https:\/\/veritasinfo.org\/wp-content\/uploads\/2025\/11\/Screenshot-2025-11-19-162813-150x150.jpg",150,150,true],"medium":["https:\/\/veritasinfo.org\/wp-content\/uploads\/2025\/11\/Screenshot-2025-11-19-162813-300x177.jpg",300,177,true],"medium_large":["https:\/\/veritasinfo.org\/wp-content\/uploads\/2025\/11\/Screenshot-2025-11-19-162813-768x453.jpg",640,378,true],"large":["https:\/\/veritasinfo.org\/wp-content\/uploads\/2025\/11\/Screenshot-2025-11-19-162813.jpg",640,378,false],"1536x1536":["https:\/\/veritasinfo.org\/wp-content\/uploads\/2025\/11\/Screenshot-2025-11-19-162813.jpg",1000,590,false],"2048x2048":["https:\/\/veritasinfo.org\/wp-content\/uploads\/2025\/11\/Screenshot-2025-11-19-162813.jpg",1000,590,false],"kreeti-slider-full":["https:\/\/veritasinfo.org\/wp-content\/uploads\/2025\/11\/Screenshot-2025-11-19-162813.jpg",1000,590,false],"kreeti-featured":["https:\/\/veritasinfo.org\/wp-content\/uploads\/2025\/11\/Screenshot-2025-11-19-162813.jpg",1000,590,false],"kreeti-medium":["https:\/\/veritasinfo.org\/wp-content\/uploads\/2025\/11\/Screenshot-2025-11-19-162813.jpg",720,425,false],"kreeti-medium-square":["https:\/\/veritasinfo.org\/wp-content\/uploads\/2025\/11\/Screenshot-2025-11-19-162813.jpg",350,207,false]},"author_info":{"info":["US6"]},"category_info":"<a href=\"https:\/\/veritasinfo.org\/?cat=58\" rel=\"category\">Politik\u00eb<\/a>","tag_info":"Politik\u00eb","comment_count":"0","_links":{"self":[{"href":"https:\/\/veritasinfo.org\/index.php?rest_route=\/wp\/v2\/posts\/20973","targetHints":{"allow":["GET"]}}],"collection":[{"href":"https:\/\/veritasinfo.org\/index.php?rest_route=\/wp\/v2\/posts"}],"about":[{"href":"https:\/\/veritasinfo.org\/index.php?rest_route=\/wp\/v2\/types\/post"}],"author":[{"embeddable":true,"href":"https:\/\/veritasinfo.org\/index.php?rest_route=\/wp\/v2\/users\/7"}],"replies":[{"embeddable":true,"href":"https:\/\/veritasinfo.org\/index.php?rest_route=%2Fwp%2Fv2%2Fcomments&post=20973"}],"version-history":[{"count":1,"href":"https:\/\/veritasinfo.org\/index.php?rest_route=\/wp\/v2\/posts\/20973\/revisions"}],"predecessor-version":[{"id":20975,"href":"https:\/\/veritasinfo.org\/index.php?rest_route=\/wp\/v2\/posts\/20973\/revisions\/20975"}],"wp:featuredmedia":[{"embeddable":true,"href":"https:\/\/veritasinfo.org\/index.php?rest_route=\/wp\/v2\/media\/20974"}],"wp:attachment":[{"href":"https:\/\/veritasinfo.org\/index.php?rest_route=%2Fwp%2Fv2%2Fmedia&parent=20973"}],"wp:term":[{"taxonomy":"category","embeddable":true,"href":"https:\/\/veritasinfo.org\/index.php?rest_route=%2Fwp%2Fv2%2Fcategories&post=20973"},{"taxonomy":"post_tag","embeddable":true,"href":"https:\/\/veritasinfo.org\/index.php?rest_route=%2Fwp%2Fv2%2Ftags&post=20973"}],"curies":[{"name":"wp","href":"https:\/\/api.w.org\/{rel}","templated":true}]}}