{"id":20966,"date":"2025-11-19T15:36:22","date_gmt":"2025-11-19T14:36:22","guid":{"rendered":"https:\/\/veritasinfo.org\/?p=20966"},"modified":"2025-11-19T15:36:22","modified_gmt":"2025-11-19T14:36:22","slug":"ska-qeveri-konjufca-kosova-drejt-zgjedhjeve-te-reja","status":"publish","type":"post","link":"https:\/\/veritasinfo.org\/?p=20966","title":{"rendered":"S\u2019ka Qeveri Konjufca \u2013 Kosova drejt zgjedhjeve t\u00eb reja"},"content":{"rendered":"<p>Prishtin\u00eb, 19 n\u00ebntor 2025 15:36<\/p>\n<p>Mandatari Glauk Konjufca nuk ka arritur q\u00eb t\u2019i siguroj\u00eb votat e nevojshme p\u00ebr tu zgjedhur kryeminist\u00ebr i vendit.<\/p>\n<p>56 deputet\u00eb votuan p\u00ebr q\u00eb Konjufca t\u00eb zgjidhet kryeminist\u00ebr, nd\u00ebrsa 53 kund\u00ebr dhe abstenim 4.<\/p>\n<p>Sot, ishte afati i fundit kushtetues p\u00ebr formimin e qeveris\u00eb me mandat Glauk Konjufc\u00ebn.<\/p>\n<p>Tashm\u00eb, vendi shkon\u00a0n\u00eb zgjedhje t\u00eb parakohshme.<\/p>\n<p>Nd\u00ebrkoh\u00eb q\u00eb Kosova \u00ebsht\u00eb me Qeveri n\u00eb detyr\u00eb, si pasoj\u00eb e munges\u00ebs s\u00eb nj\u00eb ekzekutivi t\u00eb ri, pas zgjedhjeve parlamentare t\u00eb 9 shkurtit.<\/p>\n<p>&nbsp;<\/p>\n","protected":false},"excerpt":{"rendered":"<p>Prishtin\u00eb, 19 n\u00ebntor 2025 15:36 Mandatari Glauk Konjufca nuk ka arritur q\u00eb t\u2019i siguroj\u00eb votat e nevojshme p\u00ebr tu zgjedhur kryeminist\u00ebr i vendit. 56 deputet\u00eb<\/p>\n","protected":false},"author":7,"featured_media":20967,"comment_status":"open","ping_status":"open","sticky":false,"template":"","format":"standard","meta":{"footnotes":""},"categories":[58],"tags":[],"class_list":["post-20966","post","type-post","status-publish","format-standard","has-post-thumbnail","hentry","category-politike-sq"],"yoast_head":"<!-- This site is optimized with the Yoast SEO plugin v25.3.1 - https:\/\/yoast.com\/wordpress\/plugins\/seo\/ -->\n<title>S\u2019ka Qeveri Konjufca \u2013 Kosova drejt zgjedhjeve t\u00eb reja -<\/title>\n<meta name=\"robots\" content=\"index, follow, max-snippet:-1, max-image-preview:large, max-video-preview:-1\" \/>\n<link rel=\"canonical\" href=\"https:\/\/veritasinfo.org\/?p=20966\" \/>\n<meta property=\"og:locale\" content=\"en_US\" \/>\n<meta property=\"og:type\" content=\"article\" \/>\n<meta property=\"og:title\" content=\"S\u2019ka Qeveri Konjufca \u2013 Kosova drejt zgjedhjeve t\u00eb reja -\" \/>\n<meta property=\"og:description\" content=\"Prishtin\u00eb, 19 n\u00ebntor 2025 15:36 Mandatari Glauk Konjufca nuk ka arritur q\u00eb t\u2019i siguroj\u00eb votat e nevojshme p\u00ebr tu zgjedhur kryeminist\u00ebr i vendit. 56 deputet\u00eb\" \/>\n<meta property=\"og:url\" content=\"https:\/\/veritasinfo.org\/?p=20966\" \/>\n<meta property=\"article:published_time\" content=\"2025-11-19T14:36:22+00:00\" \/>\n<meta property=\"og:image\" content=\"https:\/\/veritasinfo.org\/wp-content\/uploads\/2025\/11\/thumbs_b_c_018631eba40f1094e92a53284d8a58fd.jpg\" \/>\n\t<meta property=\"og:image:width\" content=\"864\" \/>\n\t<meta property=\"og:image:height\" content=\"486\" \/>\n\t<meta property=\"og:image:type\" content=\"image\/jpeg\" \/>\n<meta name=\"author\" content=\"US6\" \/>\n<meta name=\"twitter:card\" content=\"summary_large_image\" \/>\n<meta name=\"twitter:label1\" content=\"Written by\" \/>\n\t<meta name=\"twitter:data1\" content=\"US6\" \/>\n\t<meta name=\"twitter:label2\" content=\"Est. reading time\" \/>\n\t<meta name=\"twitter:data2\" content=\"1 minute\" \/>\n<script type=\"application\/ld+json\" class=\"yoast-schema-graph\">{\"@context\":\"https:\/\/schema.org\",\"@graph\":[{\"@type\":\"WebPage\",\"@id\":\"https:\/\/veritasinfo.org\/?p=20966\",\"url\":\"https:\/\/veritasinfo.org\/?p=20966\",\"name\":\"S\u2019ka Qeveri Konjufca \u2013 Kosova drejt zgjedhjeve t\u00eb reja -\",\"isPartOf\":{\"@id\":\"https:\/\/veritasinfo.org\/#website\"},\"primaryImageOfPage\":{\"@id\":\"https:\/\/veritasinfo.org\/?p=20966#primaryimage\"},\"image\":{\"@id\":\"https:\/\/veritasinfo.org\/?p=20966#primaryimage\"},\"thumbnailUrl\":\"https:\/\/veritasinfo.org\/wp-content\/uploads\/2025\/11\/thumbs_b_c_018631eba40f1094e92a53284d8a58fd.jpg\",\"datePublished\":\"2025-11-19T14:36:22+00:00\",\"author\":{\"@id\":\"https:\/\/veritasinfo.org\/#\/schema\/person\/fe199eede04c3937362892b7444747cc\"},\"breadcrumb\":{\"@id\":\"https:\/\/veritasinfo.org\/?p=20966#breadcrumb\"},\"inLanguage\":\"en-US\",\"potentialAction\":[{\"@type\":\"ReadAction\",\"target\":[\"https:\/\/veritasinfo.org\/?p=20966\"]}]},{\"@type\":\"ImageObject\",\"inLanguage\":\"en-US\",\"@id\":\"https:\/\/veritasinfo.org\/?p=20966#primaryimage\",\"url\":\"https:\/\/veritasinfo.org\/wp-content\/uploads\/2025\/11\/thumbs_b_c_018631eba40f1094e92a53284d8a58fd.jpg\",\"contentUrl\":\"https:\/\/veritasinfo.org\/wp-content\/uploads\/2025\/11\/thumbs_b_c_018631eba40f1094e92a53284d8a58fd.jpg\",\"width\":864,\"height\":486},{\"@type\":\"BreadcrumbList\",\"@id\":\"https:\/\/veritasinfo.org\/?p=20966#breadcrumb\",\"itemListElement\":[{\"@type\":\"ListItem\",\"position\":1,\"name\":\"Home\",\"item\":\"https:\/\/veritasinfo.org\/\"},{\"@type\":\"ListItem\",\"position\":2,\"name\":\"S\u2019ka Qeveri Konjufca \u2013 Kosova drejt zgjedhjeve t\u00eb reja\"}]},{\"@type\":\"WebSite\",\"@id\":\"https:\/\/veritasinfo.org\/#website\",\"url\":\"https:\/\/veritasinfo.org\/\",\"name\":\"\",\"description\":\"\",\"potentialAction\":[{\"@type\":\"SearchAction\",\"target\":{\"@type\":\"EntryPoint\",\"urlTemplate\":\"https:\/\/veritasinfo.org\/?s={search_term_string}\"},\"query-input\":{\"@type\":\"PropertyValueSpecification\",\"valueRequired\":true,\"valueName\":\"search_term_string\"}}],\"inLanguage\":\"en-US\"},{\"@type\":\"Person\",\"@id\":\"https:\/\/veritasinfo.org\/#\/schema\/person\/fe199eede04c3937362892b7444747cc\",\"name\":\"US6\",\"image\":{\"@type\":\"ImageObject\",\"inLanguage\":\"en-US\",\"@id\":\"https:\/\/veritasinfo.org\/#\/schema\/person\/image\/\",\"url\":\"https:\/\/secure.gravatar.com\/avatar\/cb16c3c31c9d23b9b8c705964598220b3014e42ff51eb540ff23cefa3ae8c15f?s=96&d=mm&r=g\",\"contentUrl\":\"https:\/\/secure.gravatar.com\/avatar\/cb16c3c31c9d23b9b8c705964598220b3014e42ff51eb540ff23cefa3ae8c15f?s=96&d=mm&r=g\",\"caption\":\"US6\"},\"url\":\"https:\/\/veritasinfo.org\/?author=7\"}]}<\/script>\n<!-- \/ Yoast SEO plugin. -->","yoast_head_json":{"title":"S\u2019ka Qeveri Konjufca \u2013 Kosova drejt zgjedhjeve t\u00eb reja -","robots":{"index":"index","follow":"follow","max-snippet":"max-snippet:-1","max-image-preview":"max-image-preview:large","max-video-preview":"max-video-preview:-1"},"canonical":"https:\/\/veritasinfo.org\/?p=20966","og_locale":"en_US","og_type":"article","og_title":"S\u2019ka Qeveri Konjufca \u2013 Kosova drejt zgjedhjeve t\u00eb reja -","og_description":"Prishtin\u00eb, 19 n\u00ebntor 2025 15:36 Mandatari Glauk Konjufca nuk ka arritur q\u00eb t\u2019i siguroj\u00eb votat e nevojshme p\u00ebr tu zgjedhur kryeminist\u00ebr i vendit. 56 deputet\u00eb","og_url":"https:\/\/veritasinfo.org\/?p=20966","article_published_time":"2025-11-19T14:36:22+00:00","og_image":[{"width":864,"height":486,"url":"https:\/\/veritasinfo.org\/wp-content\/uploads\/2025\/11\/thumbs_b_c_018631eba40f1094e92a53284d8a58fd.jpg","type":"image\/jpeg"}],"author":"US6","twitter_card":"summary_large_image","twitter_misc":{"Written by":"US6","Est. reading time":"1 minute"},"schema":{"@context":"https:\/\/schema.org","@graph":[{"@type":"WebPage","@id":"https:\/\/veritasinfo.org\/?p=20966","url":"https:\/\/veritasinfo.org\/?p=20966","name":"S\u2019ka Qeveri Konjufca \u2013 Kosova drejt zgjedhjeve t\u00eb reja -","isPartOf":{"@id":"https:\/\/veritasinfo.org\/#website"},"primaryImageOfPage":{"@id":"https:\/\/veritasinfo.org\/?p=20966#primaryimage"},"image":{"@id":"https:\/\/veritasinfo.org\/?p=20966#primaryimage"},"thumbnailUrl":"https:\/\/veritasinfo.org\/wp-content\/uploads\/2025\/11\/thumbs_b_c_018631eba40f1094e92a53284d8a58fd.jpg","datePublished":"2025-11-19T14:36:22+00:00","author":{"@id":"https:\/\/veritasinfo.org\/#\/schema\/person\/fe199eede04c3937362892b7444747cc"},"breadcrumb":{"@id":"https:\/\/veritasinfo.org\/?p=20966#breadcrumb"},"inLanguage":"en-US","potentialAction":[{"@type":"ReadAction","target":["https:\/\/veritasinfo.org\/?p=20966"]}]},{"@type":"ImageObject","inLanguage":"en-US","@id":"https:\/\/veritasinfo.org\/?p=20966#primaryimage","url":"https:\/\/veritasinfo.org\/wp-content\/uploads\/2025\/11\/thumbs_b_c_018631eba40f1094e92a53284d8a58fd.jpg","contentUrl":"https:\/\/veritasinfo.org\/wp-content\/uploads\/2025\/11\/thumbs_b_c_018631eba40f1094e92a53284d8a58fd.jpg","width":864,"height":486},{"@type":"BreadcrumbList","@id":"https:\/\/veritasinfo.org\/?p=20966#breadcrumb","itemListElement":[{"@type":"ListItem","position":1,"name":"Home","item":"https:\/\/veritasinfo.org\/"},{"@type":"ListItem","position":2,"name":"S\u2019ka Qeveri Konjufca \u2013 Kosova drejt zgjedhjeve t\u00eb reja"}]},{"@type":"WebSite","@id":"https:\/\/veritasinfo.org\/#website","url":"https:\/\/veritasinfo.org\/","name":"","description":"","potentialAction":[{"@type":"SearchAction","target":{"@type":"EntryPoint","urlTemplate":"https:\/\/veritasinfo.org\/?s={search_term_string}"},"query-input":{"@type":"PropertyValueSpecification","valueRequired":true,"valueName":"search_term_string"}}],"inLanguage":"en-US"},{"@type":"Person","@id":"https:\/\/veritasinfo.org\/#\/schema\/person\/fe199eede04c3937362892b7444747cc","name":"US6","image":{"@type":"ImageObject","inLanguage":"en-US","@id":"https:\/\/veritasinfo.org\/#\/schema\/person\/image\/","url":"https:\/\/secure.gravatar.com\/avatar\/cb16c3c31c9d23b9b8c705964598220b3014e42ff51eb540ff23cefa3ae8c15f?s=96&d=mm&r=g","contentUrl":"https:\/\/secure.gravatar.com\/avatar\/cb16c3c31c9d23b9b8c705964598220b3014e42ff51eb540ff23cefa3ae8c15f?s=96&d=mm&r=g","caption":"US6"},"url":"https:\/\/veritasinfo.org\/?author=7"}]}},"featured_image_urls":{"full":["https:\/\/veritasinfo.org\/wp-content\/uploads\/2025\/11\/thumbs_b_c_018631eba40f1094e92a53284d8a58fd.jpg",864,486,false],"thumbnail":["https:\/\/veritasinfo.org\/wp-content\/uploads\/2025\/11\/thumbs_b_c_018631eba40f1094e92a53284d8a58fd-150x150.jpg",150,150,true],"medium":["https:\/\/veritasinfo.org\/wp-content\/uploads\/2025\/11\/thumbs_b_c_018631eba40f1094e92a53284d8a58fd-300x169.jpg",300,169,true],"medium_large":["https:\/\/veritasinfo.org\/wp-content\/uploads\/2025\/11\/thumbs_b_c_018631eba40f1094e92a53284d8a58fd-768x432.jpg",640,360,true],"large":["https:\/\/veritasinfo.org\/wp-content\/uploads\/2025\/11\/thumbs_b_c_018631eba40f1094e92a53284d8a58fd.jpg",640,360,false],"1536x1536":["https:\/\/veritasinfo.org\/wp-content\/uploads\/2025\/11\/thumbs_b_c_018631eba40f1094e92a53284d8a58fd.jpg",864,486,false],"2048x2048":["https:\/\/veritasinfo.org\/wp-content\/uploads\/2025\/11\/thumbs_b_c_018631eba40f1094e92a53284d8a58fd.jpg",864,486,false],"kreeti-slider-full":["https:\/\/veritasinfo.org\/wp-content\/uploads\/2025\/11\/thumbs_b_c_018631eba40f1094e92a53284d8a58fd.jpg",864,486,false],"kreeti-featured":["https:\/\/veritasinfo.org\/wp-content\/uploads\/2025\/11\/thumbs_b_c_018631eba40f1094e92a53284d8a58fd.jpg",864,486,false],"kreeti-medium":["https:\/\/veritasinfo.org\/wp-content\/uploads\/2025\/11\/thumbs_b_c_018631eba40f1094e92a53284d8a58fd.jpg",720,405,false],"kreeti-medium-square":["https:\/\/veritasinfo.org\/wp-content\/uploads\/2025\/11\/thumbs_b_c_018631eba40f1094e92a53284d8a58fd.jpg",350,197,false]},"author_info":{"info":["US6"]},"category_info":"<a href=\"https:\/\/veritasinfo.org\/?cat=58\" rel=\"category\">Politik\u00eb<\/a>","tag_info":"Politik\u00eb","comment_count":"0","_links":{"self":[{"href":"https:\/\/veritasinfo.org\/index.php?rest_route=\/wp\/v2\/posts\/20966","targetHints":{"allow":["GET"]}}],"collection":[{"href":"https:\/\/veritasinfo.org\/index.php?rest_route=\/wp\/v2\/posts"}],"about":[{"href":"https:\/\/veritasinfo.org\/index.php?rest_route=\/wp\/v2\/types\/post"}],"author":[{"embeddable":true,"href":"https:\/\/veritasinfo.org\/index.php?rest_route=\/wp\/v2\/users\/7"}],"replies":[{"embeddable":true,"href":"https:\/\/veritasinfo.org\/index.php?rest_route=%2Fwp%2Fv2%2Fcomments&post=20966"}],"version-history":[{"count":1,"href":"https:\/\/veritasinfo.org\/index.php?rest_route=\/wp\/v2\/posts\/20966\/revisions"}],"predecessor-version":[{"id":20968,"href":"https:\/\/veritasinfo.org\/index.php?rest_route=\/wp\/v2\/posts\/20966\/revisions\/20968"}],"wp:featuredmedia":[{"embeddable":true,"href":"https:\/\/veritasinfo.org\/index.php?rest_route=\/wp\/v2\/media\/20967"}],"wp:attachment":[{"href":"https:\/\/veritasinfo.org\/index.php?rest_route=%2Fwp%2Fv2%2Fmedia&parent=20966"}],"wp:term":[{"taxonomy":"category","embeddable":true,"href":"https:\/\/veritasinfo.org\/index.php?rest_route=%2Fwp%2Fv2%2Fcategories&post=20966"},{"taxonomy":"post_tag","embeddable":true,"href":"https:\/\/veritasinfo.org\/index.php?rest_route=%2Fwp%2Fv2%2Ftags&post=20966"}],"curies":[{"name":"wp","href":"https:\/\/api.w.org\/{rel}","templated":true}]}}