{"id":20951,"date":"2025-11-19T13:16:08","date_gmt":"2025-11-19T12:16:08","guid":{"rendered":"https:\/\/veritasinfo.org\/?p=20951"},"modified":"2025-11-19T13:16:08","modified_gmt":"2025-11-19T12:16:08","slug":"kurti-ne-kosove-ska-krize-ekonomike-prandaj-ska-proteste-te-qytetareve-por-ankesa-te-opozitareve","status":"publish","type":"post","link":"https:\/\/veritasinfo.org\/?p=20951","title":{"rendered":"Kurti: N\u00eb Kosov\u00eb s\u2019ka kriz\u00eb ekonomike &#8211; prandaj s\u2019ka protest\u00eb t\u00eb qytetar\u00ebve, por ankesa t\u00eb opozitar\u00ebve"},"content":{"rendered":"<p>Prishtin\u00eb 19 N\u00ebntor 2025 13:15<\/p>\n<p>Kryeministri n\u00eb detyr\u00eb Albin Kurti ka folur edhe sot n\u00eb Kuvend p\u00ebr, si\u00e7 ka th\u00ebn\u00eb, rritjen ekonomike, e cila ka ndikuar edhe n\u00eb rritjen e buxhetit p\u00ebr vitin 2026, i cili \u00ebsht\u00eb n\u00eb rendin e dit\u00ebs s\u00eb seanc\u00ebs s\u00eb jasht\u00ebzakonshme, q\u00eb po mbahet sot.<\/p>\n<p>Kurti tha se gjat\u00eb qeverisjes s\u00eb tij rritja ekonomike nuk ka qen\u00eb asnj\u00ebher\u00eb n\u00ebn 4% dhe sipas tij, kjo \u00ebsht\u00eb arsyeja pse s\u2019ka pasur protesta t\u00eb qytetar\u00ebve, por vet\u00ebm ankesa nga partit\u00eb opozitare, transmeton Zeri.info.<\/p>\n<p>\u201cBuxheti i vitit 2026 q\u00eb ka propozuar Qeveria \u00ebsht\u00eb i r\u00ebnd\u00ebsish\u00ebm, sepse duhet q\u00eb janari t\u2019i gjej\u00eb me paga e rritje t\u00eb merituar q\u00eb burojn\u00eb nga rritja ekonomike. N\u00eb Kosov\u00eb s\u2019ka kriz\u00eb ekonomike, rritja ekonomike n\u00eb \u00e7erekun e dyt\u00eb sivjet ka qen\u00eb 4.58% t\u00eb Bruto Produktit Vendor\u201d.<\/p>\n<p>\u201cN\u00eb k\u00ebto kat\u00ebr vjet sa ishte kryeminist\u00ebr dhe kryeminist\u00ebr n\u00eb detyr\u00eb, asnj\u00ebher\u00eb rritja ekonomike s\u2019ka qen\u00eb n\u00ebn 4%, prandaj s\u2019ka protesta t\u00eb qytetar\u00ebve, por ankesa t\u00eb opozitar\u00ebve\u201d, tha Kurti gjat\u00eb fjal\u00ebs s\u00eb tij n\u00eb Kuvend.<\/p>\n","protected":false},"excerpt":{"rendered":"<p>Prishtin\u00eb 19 N\u00ebntor 2025 13:15 Kryeministri n\u00eb detyr\u00eb Albin Kurti ka folur edhe sot n\u00eb Kuvend p\u00ebr, si\u00e7 ka th\u00ebn\u00eb, rritjen ekonomike, e cila ka<\/p>\n","protected":false},"author":6,"featured_media":20952,"comment_status":"open","ping_status":"open","sticky":false,"template":"","format":"standard","meta":{"footnotes":""},"categories":[58],"tags":[],"class_list":["post-20951","post","type-post","status-publish","format-standard","has-post-thumbnail","hentry","category-politike-sq"],"yoast_head":"<!-- This site is optimized with the Yoast SEO plugin v25.3.1 - https:\/\/yoast.com\/wordpress\/plugins\/seo\/ -->\n<title>Kurti: N\u00eb Kosov\u00eb s\u2019ka kriz\u00eb ekonomike - prandaj s\u2019ka protest\u00eb t\u00eb qytetar\u00ebve, por ankesa t\u00eb opozitar\u00ebve -<\/title>\n<meta name=\"robots\" content=\"index, follow, max-snippet:-1, max-image-preview:large, max-video-preview:-1\" \/>\n<link rel=\"canonical\" href=\"https:\/\/veritasinfo.org\/?p=20951\" \/>\n<meta property=\"og:locale\" content=\"en_US\" \/>\n<meta property=\"og:type\" content=\"article\" \/>\n<meta property=\"og:title\" content=\"Kurti: N\u00eb Kosov\u00eb s\u2019ka kriz\u00eb ekonomike - prandaj s\u2019ka protest\u00eb t\u00eb qytetar\u00ebve, por ankesa t\u00eb opozitar\u00ebve -\" \/>\n<meta property=\"og:description\" content=\"Prishtin\u00eb 19 N\u00ebntor 2025 13:15 Kryeministri n\u00eb detyr\u00eb Albin Kurti ka folur edhe sot n\u00eb Kuvend p\u00ebr, si\u00e7 ka th\u00ebn\u00eb, rritjen ekonomike, e cila ka\" \/>\n<meta property=\"og:url\" content=\"https:\/\/veritasinfo.org\/?p=20951\" \/>\n<meta property=\"article:published_time\" content=\"2025-11-19T12:16:08+00:00\" \/>\n<meta property=\"og:image\" content=\"https:\/\/veritasinfo.org\/wp-content\/uploads\/2025\/11\/images-3-1.jpeg\" \/>\n\t<meta property=\"og:image:width\" content=\"480\" \/>\n\t<meta property=\"og:image:height\" content=\"320\" \/>\n\t<meta property=\"og:image:type\" content=\"image\/jpeg\" \/>\n<meta name=\"author\" content=\"US5\" \/>\n<meta name=\"twitter:card\" content=\"summary_large_image\" \/>\n<meta name=\"twitter:label1\" content=\"Written by\" \/>\n\t<meta name=\"twitter:data1\" content=\"US5\" \/>\n<script type=\"application\/ld+json\" class=\"yoast-schema-graph\">{\"@context\":\"https:\/\/schema.org\",\"@graph\":[{\"@type\":\"WebPage\",\"@id\":\"https:\/\/veritasinfo.org\/?p=20951\",\"url\":\"https:\/\/veritasinfo.org\/?p=20951\",\"name\":\"Kurti: N\u00eb Kosov\u00eb s\u2019ka kriz\u00eb ekonomike - prandaj s\u2019ka protest\u00eb t\u00eb qytetar\u00ebve, por ankesa t\u00eb opozitar\u00ebve -\",\"isPartOf\":{\"@id\":\"https:\/\/veritasinfo.org\/#website\"},\"primaryImageOfPage\":{\"@id\":\"https:\/\/veritasinfo.org\/?p=20951#primaryimage\"},\"image\":{\"@id\":\"https:\/\/veritasinfo.org\/?p=20951#primaryimage\"},\"thumbnailUrl\":\"https:\/\/veritasinfo.org\/wp-content\/uploads\/2025\/11\/images-3-1.jpeg\",\"datePublished\":\"2025-11-19T12:16:08+00:00\",\"author\":{\"@id\":\"https:\/\/veritasinfo.org\/#\/schema\/person\/bc442336e35414d04494ab8fb45db4c6\"},\"breadcrumb\":{\"@id\":\"https:\/\/veritasinfo.org\/?p=20951#breadcrumb\"},\"inLanguage\":\"en-US\",\"potentialAction\":[{\"@type\":\"ReadAction\",\"target\":[\"https:\/\/veritasinfo.org\/?p=20951\"]}]},{\"@type\":\"ImageObject\",\"inLanguage\":\"en-US\",\"@id\":\"https:\/\/veritasinfo.org\/?p=20951#primaryimage\",\"url\":\"https:\/\/veritasinfo.org\/wp-content\/uploads\/2025\/11\/images-3-1.jpeg\",\"contentUrl\":\"https:\/\/veritasinfo.org\/wp-content\/uploads\/2025\/11\/images-3-1.jpeg\",\"width\":480,\"height\":320},{\"@type\":\"BreadcrumbList\",\"@id\":\"https:\/\/veritasinfo.org\/?p=20951#breadcrumb\",\"itemListElement\":[{\"@type\":\"ListItem\",\"position\":1,\"name\":\"Home\",\"item\":\"https:\/\/veritasinfo.org\/\"},{\"@type\":\"ListItem\",\"position\":2,\"name\":\"Kurti: N\u00eb Kosov\u00eb s\u2019ka kriz\u00eb ekonomike &#8211; prandaj s\u2019ka protest\u00eb t\u00eb qytetar\u00ebve, por ankesa t\u00eb opozitar\u00ebve\"}]},{\"@type\":\"WebSite\",\"@id\":\"https:\/\/veritasinfo.org\/#website\",\"url\":\"https:\/\/veritasinfo.org\/\",\"name\":\"\",\"description\":\"\",\"potentialAction\":[{\"@type\":\"SearchAction\",\"target\":{\"@type\":\"EntryPoint\",\"urlTemplate\":\"https:\/\/veritasinfo.org\/?s={search_term_string}\"},\"query-input\":{\"@type\":\"PropertyValueSpecification\",\"valueRequired\":true,\"valueName\":\"search_term_string\"}}],\"inLanguage\":\"en-US\"},{\"@type\":\"Person\",\"@id\":\"https:\/\/veritasinfo.org\/#\/schema\/person\/bc442336e35414d04494ab8fb45db4c6\",\"name\":\"US5\",\"image\":{\"@type\":\"ImageObject\",\"inLanguage\":\"en-US\",\"@id\":\"https:\/\/veritasinfo.org\/#\/schema\/person\/image\/\",\"url\":\"https:\/\/secure.gravatar.com\/avatar\/16a61e7272a0c5d001121ebb9e60e925d5816e4ac1e443ed3e640d9a6ae55d0c?s=96&d=mm&r=g\",\"contentUrl\":\"https:\/\/secure.gravatar.com\/avatar\/16a61e7272a0c5d001121ebb9e60e925d5816e4ac1e443ed3e640d9a6ae55d0c?s=96&d=mm&r=g\",\"caption\":\"US5\"},\"url\":\"https:\/\/veritasinfo.org\/?author=6\"}]}<\/script>\n<!-- \/ Yoast SEO plugin. -->","yoast_head_json":{"title":"Kurti: N\u00eb Kosov\u00eb s\u2019ka kriz\u00eb ekonomike - prandaj s\u2019ka protest\u00eb t\u00eb qytetar\u00ebve, por ankesa t\u00eb opozitar\u00ebve -","robots":{"index":"index","follow":"follow","max-snippet":"max-snippet:-1","max-image-preview":"max-image-preview:large","max-video-preview":"max-video-preview:-1"},"canonical":"https:\/\/veritasinfo.org\/?p=20951","og_locale":"en_US","og_type":"article","og_title":"Kurti: N\u00eb Kosov\u00eb s\u2019ka kriz\u00eb ekonomike - prandaj s\u2019ka protest\u00eb t\u00eb qytetar\u00ebve, por ankesa t\u00eb opozitar\u00ebve -","og_description":"Prishtin\u00eb 19 N\u00ebntor 2025 13:15 Kryeministri n\u00eb detyr\u00eb Albin Kurti ka folur edhe sot n\u00eb Kuvend p\u00ebr, si\u00e7 ka th\u00ebn\u00eb, rritjen ekonomike, e cila ka","og_url":"https:\/\/veritasinfo.org\/?p=20951","article_published_time":"2025-11-19T12:16:08+00:00","og_image":[{"width":480,"height":320,"url":"https:\/\/veritasinfo.org\/wp-content\/uploads\/2025\/11\/images-3-1.jpeg","type":"image\/jpeg"}],"author":"US5","twitter_card":"summary_large_image","twitter_misc":{"Written by":"US5"},"schema":{"@context":"https:\/\/schema.org","@graph":[{"@type":"WebPage","@id":"https:\/\/veritasinfo.org\/?p=20951","url":"https:\/\/veritasinfo.org\/?p=20951","name":"Kurti: N\u00eb Kosov\u00eb s\u2019ka kriz\u00eb ekonomike - prandaj s\u2019ka protest\u00eb t\u00eb qytetar\u00ebve, por ankesa t\u00eb opozitar\u00ebve -","isPartOf":{"@id":"https:\/\/veritasinfo.org\/#website"},"primaryImageOfPage":{"@id":"https:\/\/veritasinfo.org\/?p=20951#primaryimage"},"image":{"@id":"https:\/\/veritasinfo.org\/?p=20951#primaryimage"},"thumbnailUrl":"https:\/\/veritasinfo.org\/wp-content\/uploads\/2025\/11\/images-3-1.jpeg","datePublished":"2025-11-19T12:16:08+00:00","author":{"@id":"https:\/\/veritasinfo.org\/#\/schema\/person\/bc442336e35414d04494ab8fb45db4c6"},"breadcrumb":{"@id":"https:\/\/veritasinfo.org\/?p=20951#breadcrumb"},"inLanguage":"en-US","potentialAction":[{"@type":"ReadAction","target":["https:\/\/veritasinfo.org\/?p=20951"]}]},{"@type":"ImageObject","inLanguage":"en-US","@id":"https:\/\/veritasinfo.org\/?p=20951#primaryimage","url":"https:\/\/veritasinfo.org\/wp-content\/uploads\/2025\/11\/images-3-1.jpeg","contentUrl":"https:\/\/veritasinfo.org\/wp-content\/uploads\/2025\/11\/images-3-1.jpeg","width":480,"height":320},{"@type":"BreadcrumbList","@id":"https:\/\/veritasinfo.org\/?p=20951#breadcrumb","itemListElement":[{"@type":"ListItem","position":1,"name":"Home","item":"https:\/\/veritasinfo.org\/"},{"@type":"ListItem","position":2,"name":"Kurti: N\u00eb Kosov\u00eb s\u2019ka kriz\u00eb ekonomike &#8211; prandaj s\u2019ka protest\u00eb t\u00eb qytetar\u00ebve, por ankesa t\u00eb opozitar\u00ebve"}]},{"@type":"WebSite","@id":"https:\/\/veritasinfo.org\/#website","url":"https:\/\/veritasinfo.org\/","name":"","description":"","potentialAction":[{"@type":"SearchAction","target":{"@type":"EntryPoint","urlTemplate":"https:\/\/veritasinfo.org\/?s={search_term_string}"},"query-input":{"@type":"PropertyValueSpecification","valueRequired":true,"valueName":"search_term_string"}}],"inLanguage":"en-US"},{"@type":"Person","@id":"https:\/\/veritasinfo.org\/#\/schema\/person\/bc442336e35414d04494ab8fb45db4c6","name":"US5","image":{"@type":"ImageObject","inLanguage":"en-US","@id":"https:\/\/veritasinfo.org\/#\/schema\/person\/image\/","url":"https:\/\/secure.gravatar.com\/avatar\/16a61e7272a0c5d001121ebb9e60e925d5816e4ac1e443ed3e640d9a6ae55d0c?s=96&d=mm&r=g","contentUrl":"https:\/\/secure.gravatar.com\/avatar\/16a61e7272a0c5d001121ebb9e60e925d5816e4ac1e443ed3e640d9a6ae55d0c?s=96&d=mm&r=g","caption":"US5"},"url":"https:\/\/veritasinfo.org\/?author=6"}]}},"featured_image_urls":{"full":["https:\/\/veritasinfo.org\/wp-content\/uploads\/2025\/11\/images-3-1.jpeg",480,320,false],"thumbnail":["https:\/\/veritasinfo.org\/wp-content\/uploads\/2025\/11\/images-3-1-150x150.jpeg",150,150,true],"medium":["https:\/\/veritasinfo.org\/wp-content\/uploads\/2025\/11\/images-3-1-300x200.jpeg",300,200,true],"medium_large":["https:\/\/veritasinfo.org\/wp-content\/uploads\/2025\/11\/images-3-1.jpeg",480,320,false],"large":["https:\/\/veritasinfo.org\/wp-content\/uploads\/2025\/11\/images-3-1.jpeg",480,320,false],"1536x1536":["https:\/\/veritasinfo.org\/wp-content\/uploads\/2025\/11\/images-3-1.jpeg",480,320,false],"2048x2048":["https:\/\/veritasinfo.org\/wp-content\/uploads\/2025\/11\/images-3-1.jpeg",480,320,false],"kreeti-slider-full":["https:\/\/veritasinfo.org\/wp-content\/uploads\/2025\/11\/images-3-1.jpeg",480,320,false],"kreeti-featured":["https:\/\/veritasinfo.org\/wp-content\/uploads\/2025\/11\/images-3-1.jpeg",480,320,false],"kreeti-medium":["https:\/\/veritasinfo.org\/wp-content\/uploads\/2025\/11\/images-3-1.jpeg",480,320,false],"kreeti-medium-square":["https:\/\/veritasinfo.org\/wp-content\/uploads\/2025\/11\/images-3-1.jpeg",350,233,false]},"author_info":{"info":["US5"]},"category_info":"<a href=\"https:\/\/veritasinfo.org\/?cat=58\" rel=\"category\">Politik\u00eb<\/a>","tag_info":"Politik\u00eb","comment_count":"0","_links":{"self":[{"href":"https:\/\/veritasinfo.org\/index.php?rest_route=\/wp\/v2\/posts\/20951","targetHints":{"allow":["GET"]}}],"collection":[{"href":"https:\/\/veritasinfo.org\/index.php?rest_route=\/wp\/v2\/posts"}],"about":[{"href":"https:\/\/veritasinfo.org\/index.php?rest_route=\/wp\/v2\/types\/post"}],"author":[{"embeddable":true,"href":"https:\/\/veritasinfo.org\/index.php?rest_route=\/wp\/v2\/users\/6"}],"replies":[{"embeddable":true,"href":"https:\/\/veritasinfo.org\/index.php?rest_route=%2Fwp%2Fv2%2Fcomments&post=20951"}],"version-history":[{"count":1,"href":"https:\/\/veritasinfo.org\/index.php?rest_route=\/wp\/v2\/posts\/20951\/revisions"}],"predecessor-version":[{"id":20953,"href":"https:\/\/veritasinfo.org\/index.php?rest_route=\/wp\/v2\/posts\/20951\/revisions\/20953"}],"wp:featuredmedia":[{"embeddable":true,"href":"https:\/\/veritasinfo.org\/index.php?rest_route=\/wp\/v2\/media\/20952"}],"wp:attachment":[{"href":"https:\/\/veritasinfo.org\/index.php?rest_route=%2Fwp%2Fv2%2Fmedia&parent=20951"}],"wp:term":[{"taxonomy":"category","embeddable":true,"href":"https:\/\/veritasinfo.org\/index.php?rest_route=%2Fwp%2Fv2%2Fcategories&post=20951"},{"taxonomy":"post_tag","embeddable":true,"href":"https:\/\/veritasinfo.org\/index.php?rest_route=%2Fwp%2Fv2%2Ftags&post=20951"}],"curies":[{"name":"wp","href":"https:\/\/api.w.org\/{rel}","templated":true}]}}