{"id":20946,"date":"2025-11-19T12:55:44","date_gmt":"2025-11-19T11:55:44","guid":{"rendered":"https:\/\/veritasinfo.org\/?p=20946"},"modified":"2025-11-19T12:55:44","modified_gmt":"2025-11-19T11:55:44","slug":"svecla-do-te-vazhdojme-angazhimin-ne-crrenjosjen-e-cdo-mbetjeje-terroriste-te-serbise-ne-vendin-tone","status":"publish","type":"post","link":"https:\/\/veritasinfo.org\/?p=20946","title":{"rendered":"Sve\u00e7la: Do t\u00eb vazhdojm\u00eb angazhimin n\u00eb \u00e7rr\u00ebnjosjen e \u00e7do mbetjeje terroriste t\u00eb Serbis\u00eb n\u00eb vendin ton\u00eb"},"content":{"rendered":"<p>Prishtin\u00eb 19 N\u00ebntor 2025 12:54<\/p>\n<p>Ministri i Pun\u00ebve t\u00eb Brendshme n\u00eb detyr\u00eb, Xhelal Sve\u00e7la ka th\u00ebn\u00eb sot se do t\u00eb vazhdojn\u00eb angazhimin n\u00eb \u00e7rr\u00ebnjosjen e \u00e7do mbetjeje terroriste t\u00eb Serbis\u00eb n\u00eb vendin ton\u00eb.<\/p>\n<p>Sve\u00e7la n\u00eb nj\u00eb postim n\u00eb Facebook shkruan se mbr\u00ebm\u00eb, nj\u00ebsit\u00eb e Policis\u00eb s\u00eb Kosov\u00ebs, gjat\u00eb patrullimit n\u00eb nj\u00eb objekt t\u00eb pabanuar n\u00eb fshatin Donje Jarinje, kan\u00eb hasur uniforma ushtarake dhe xhaketa me emblema t\u00eb ushtris\u00eb s\u00eb Serbis\u00eb si dhe nj\u00eb predh\u00eb antitank.<\/p>\n<p>Postimi i plot\u00eb:<\/p>\n<p>Vazhdojm\u00eb me \u00e7montimin e elementeve kriminale e terroriste t\u00eb Serbis\u00eb, n\u00eb funksion t\u00eb siguris\u00eb s\u00eb qytetar\u00ebve tan\u00eb dhe mbrojtjes s\u00eb Republik\u00ebs son\u00eb.<\/p>\n<p>Mbr\u00ebm\u00eb, nj\u00ebsit\u00eb e Policis\u00eb s\u00eb Kosov\u00ebs, gjat\u00eb patrullimit n\u00eb nj\u00eb objekt t\u00eb pabanuar n\u00eb fshatin Donje Jarinje, kan\u00eb hasur uniforma ushtarake dhe xhaketa me emblema t\u00eb ushtris\u00eb s\u00eb Serbis\u00eb si dhe nj\u00eb predh\u00eb antitank.<\/p>\n<p>Do t\u00eb vazhdojm\u00eb pa u ndalur pun\u00ebn dhe angazhimin ton\u00eb n\u00eb \u00e7rr\u00ebnjosjen e \u00e7do mbetjeje terroriste t\u00eb Serbis\u00eb n\u00eb vendin ton\u00eb. Institucionet tona mbeten plot\u00ebsisht t\u00eb p\u00ebrkushtuara ndaj ligjit, siguris\u00eb dhe mbrojtjes s\u00eb sovranitetit dhe integritetit territorial t\u00eb Republik\u00ebs s\u00eb Kosov\u00ebs.<\/p>\n<p>\u00c7do veprim q\u00eb c\u00ebnon sigurin\u00eb e qytetar\u00ebve tan\u00eb do t\u00eb trajtohet me vendosm\u00ebri dhe profesionaliz\u00ebm.<\/p>\n","protected":false},"excerpt":{"rendered":"<p>Prishtin\u00eb 19 N\u00ebntor 2025 12:54 Ministri i Pun\u00ebve t\u00eb Brendshme n\u00eb detyr\u00eb, Xhelal Sve\u00e7la ka th\u00ebn\u00eb sot se do t\u00eb vazhdojn\u00eb angazhimin n\u00eb \u00e7rr\u00ebnjosjen e<\/p>\n","protected":false},"author":6,"featured_media":20947,"comment_status":"open","ping_status":"open","sticky":false,"template":"","format":"standard","meta":{"footnotes":""},"categories":[58],"tags":[],"class_list":["post-20946","post","type-post","status-publish","format-standard","has-post-thumbnail","hentry","category-politike-sq"],"yoast_head":"<!-- This site is optimized with the Yoast SEO plugin v25.3.1 - https:\/\/yoast.com\/wordpress\/plugins\/seo\/ -->\n<title>Sve\u00e7la: Do t\u00eb vazhdojm\u00eb angazhimin n\u00eb \u00e7rr\u00ebnjosjen e \u00e7do mbetjeje terroriste t\u00eb Serbis\u00eb n\u00eb vendin ton\u00eb -<\/title>\n<meta name=\"robots\" content=\"index, follow, max-snippet:-1, max-image-preview:large, max-video-preview:-1\" \/>\n<link rel=\"canonical\" href=\"https:\/\/veritasinfo.org\/?p=20946\" \/>\n<meta property=\"og:locale\" content=\"en_US\" \/>\n<meta property=\"og:type\" content=\"article\" \/>\n<meta property=\"og:title\" content=\"Sve\u00e7la: Do t\u00eb vazhdojm\u00eb angazhimin n\u00eb \u00e7rr\u00ebnjosjen e \u00e7do mbetjeje terroriste t\u00eb Serbis\u00eb n\u00eb vendin ton\u00eb -\" \/>\n<meta property=\"og:description\" content=\"Prishtin\u00eb 19 N\u00ebntor 2025 12:54 Ministri i Pun\u00ebve t\u00eb Brendshme n\u00eb detyr\u00eb, Xhelal Sve\u00e7la ka th\u00ebn\u00eb sot se do t\u00eb vazhdojn\u00eb angazhimin n\u00eb \u00e7rr\u00ebnjosjen e\" \/>\n<meta property=\"og:url\" content=\"https:\/\/veritasinfo.org\/?p=20946\" \/>\n<meta property=\"article:published_time\" content=\"2025-11-19T11:55:44+00:00\" \/>\n<meta property=\"og:image\" content=\"https:\/\/veritasinfo.org\/wp-content\/uploads\/2025\/11\/583148254_1384706626998943_6511633975757784178_n.jpg\" \/>\n\t<meta property=\"og:image:width\" content=\"900\" \/>\n\t<meta property=\"og:image:height\" content=\"1600\" \/>\n\t<meta property=\"og:image:type\" content=\"image\/jpeg\" \/>\n<meta name=\"author\" content=\"US5\" \/>\n<meta name=\"twitter:card\" content=\"summary_large_image\" \/>\n<meta name=\"twitter:label1\" content=\"Written by\" \/>\n\t<meta name=\"twitter:data1\" content=\"US5\" \/>\n\t<meta name=\"twitter:label2\" content=\"Est. reading time\" \/>\n\t<meta name=\"twitter:data2\" content=\"1 minute\" \/>\n<script type=\"application\/ld+json\" class=\"yoast-schema-graph\">{\"@context\":\"https:\/\/schema.org\",\"@graph\":[{\"@type\":\"WebPage\",\"@id\":\"https:\/\/veritasinfo.org\/?p=20946\",\"url\":\"https:\/\/veritasinfo.org\/?p=20946\",\"name\":\"Sve\u00e7la: Do t\u00eb vazhdojm\u00eb angazhimin n\u00eb \u00e7rr\u00ebnjosjen e \u00e7do mbetjeje terroriste t\u00eb Serbis\u00eb n\u00eb vendin ton\u00eb -\",\"isPartOf\":{\"@id\":\"https:\/\/veritasinfo.org\/#website\"},\"primaryImageOfPage\":{\"@id\":\"https:\/\/veritasinfo.org\/?p=20946#primaryimage\"},\"image\":{\"@id\":\"https:\/\/veritasinfo.org\/?p=20946#primaryimage\"},\"thumbnailUrl\":\"https:\/\/veritasinfo.org\/wp-content\/uploads\/2025\/11\/583148254_1384706626998943_6511633975757784178_n.jpg\",\"datePublished\":\"2025-11-19T11:55:44+00:00\",\"author\":{\"@id\":\"https:\/\/veritasinfo.org\/#\/schema\/person\/bc442336e35414d04494ab8fb45db4c6\"},\"breadcrumb\":{\"@id\":\"https:\/\/veritasinfo.org\/?p=20946#breadcrumb\"},\"inLanguage\":\"en-US\",\"potentialAction\":[{\"@type\":\"ReadAction\",\"target\":[\"https:\/\/veritasinfo.org\/?p=20946\"]}]},{\"@type\":\"ImageObject\",\"inLanguage\":\"en-US\",\"@id\":\"https:\/\/veritasinfo.org\/?p=20946#primaryimage\",\"url\":\"https:\/\/veritasinfo.org\/wp-content\/uploads\/2025\/11\/583148254_1384706626998943_6511633975757784178_n.jpg\",\"contentUrl\":\"https:\/\/veritasinfo.org\/wp-content\/uploads\/2025\/11\/583148254_1384706626998943_6511633975757784178_n.jpg\",\"width\":900,\"height\":1600},{\"@type\":\"BreadcrumbList\",\"@id\":\"https:\/\/veritasinfo.org\/?p=20946#breadcrumb\",\"itemListElement\":[{\"@type\":\"ListItem\",\"position\":1,\"name\":\"Home\",\"item\":\"https:\/\/veritasinfo.org\/\"},{\"@type\":\"ListItem\",\"position\":2,\"name\":\"Sve\u00e7la: Do t\u00eb vazhdojm\u00eb angazhimin n\u00eb \u00e7rr\u00ebnjosjen e \u00e7do mbetjeje terroriste t\u00eb Serbis\u00eb n\u00eb vendin ton\u00eb\"}]},{\"@type\":\"WebSite\",\"@id\":\"https:\/\/veritasinfo.org\/#website\",\"url\":\"https:\/\/veritasinfo.org\/\",\"name\":\"\",\"description\":\"\",\"potentialAction\":[{\"@type\":\"SearchAction\",\"target\":{\"@type\":\"EntryPoint\",\"urlTemplate\":\"https:\/\/veritasinfo.org\/?s={search_term_string}\"},\"query-input\":{\"@type\":\"PropertyValueSpecification\",\"valueRequired\":true,\"valueName\":\"search_term_string\"}}],\"inLanguage\":\"en-US\"},{\"@type\":\"Person\",\"@id\":\"https:\/\/veritasinfo.org\/#\/schema\/person\/bc442336e35414d04494ab8fb45db4c6\",\"name\":\"US5\",\"image\":{\"@type\":\"ImageObject\",\"inLanguage\":\"en-US\",\"@id\":\"https:\/\/veritasinfo.org\/#\/schema\/person\/image\/\",\"url\":\"https:\/\/secure.gravatar.com\/avatar\/16a61e7272a0c5d001121ebb9e60e925d5816e4ac1e443ed3e640d9a6ae55d0c?s=96&d=mm&r=g\",\"contentUrl\":\"https:\/\/secure.gravatar.com\/avatar\/16a61e7272a0c5d001121ebb9e60e925d5816e4ac1e443ed3e640d9a6ae55d0c?s=96&d=mm&r=g\",\"caption\":\"US5\"},\"url\":\"https:\/\/veritasinfo.org\/?author=6\"}]}<\/script>\n<!-- \/ Yoast SEO plugin. -->","yoast_head_json":{"title":"Sve\u00e7la: Do t\u00eb vazhdojm\u00eb angazhimin n\u00eb \u00e7rr\u00ebnjosjen e \u00e7do mbetjeje terroriste t\u00eb Serbis\u00eb n\u00eb vendin ton\u00eb -","robots":{"index":"index","follow":"follow","max-snippet":"max-snippet:-1","max-image-preview":"max-image-preview:large","max-video-preview":"max-video-preview:-1"},"canonical":"https:\/\/veritasinfo.org\/?p=20946","og_locale":"en_US","og_type":"article","og_title":"Sve\u00e7la: Do t\u00eb vazhdojm\u00eb angazhimin n\u00eb \u00e7rr\u00ebnjosjen e \u00e7do mbetjeje terroriste t\u00eb Serbis\u00eb n\u00eb vendin ton\u00eb -","og_description":"Prishtin\u00eb 19 N\u00ebntor 2025 12:54 Ministri i Pun\u00ebve t\u00eb Brendshme n\u00eb detyr\u00eb, Xhelal Sve\u00e7la ka th\u00ebn\u00eb sot se do t\u00eb vazhdojn\u00eb angazhimin n\u00eb \u00e7rr\u00ebnjosjen e","og_url":"https:\/\/veritasinfo.org\/?p=20946","article_published_time":"2025-11-19T11:55:44+00:00","og_image":[{"width":900,"height":1600,"url":"https:\/\/veritasinfo.org\/wp-content\/uploads\/2025\/11\/583148254_1384706626998943_6511633975757784178_n.jpg","type":"image\/jpeg"}],"author":"US5","twitter_card":"summary_large_image","twitter_misc":{"Written by":"US5","Est. reading time":"1 minute"},"schema":{"@context":"https:\/\/schema.org","@graph":[{"@type":"WebPage","@id":"https:\/\/veritasinfo.org\/?p=20946","url":"https:\/\/veritasinfo.org\/?p=20946","name":"Sve\u00e7la: Do t\u00eb vazhdojm\u00eb angazhimin n\u00eb \u00e7rr\u00ebnjosjen e \u00e7do mbetjeje terroriste t\u00eb Serbis\u00eb n\u00eb vendin ton\u00eb -","isPartOf":{"@id":"https:\/\/veritasinfo.org\/#website"},"primaryImageOfPage":{"@id":"https:\/\/veritasinfo.org\/?p=20946#primaryimage"},"image":{"@id":"https:\/\/veritasinfo.org\/?p=20946#primaryimage"},"thumbnailUrl":"https:\/\/veritasinfo.org\/wp-content\/uploads\/2025\/11\/583148254_1384706626998943_6511633975757784178_n.jpg","datePublished":"2025-11-19T11:55:44+00:00","author":{"@id":"https:\/\/veritasinfo.org\/#\/schema\/person\/bc442336e35414d04494ab8fb45db4c6"},"breadcrumb":{"@id":"https:\/\/veritasinfo.org\/?p=20946#breadcrumb"},"inLanguage":"en-US","potentialAction":[{"@type":"ReadAction","target":["https:\/\/veritasinfo.org\/?p=20946"]}]},{"@type":"ImageObject","inLanguage":"en-US","@id":"https:\/\/veritasinfo.org\/?p=20946#primaryimage","url":"https:\/\/veritasinfo.org\/wp-content\/uploads\/2025\/11\/583148254_1384706626998943_6511633975757784178_n.jpg","contentUrl":"https:\/\/veritasinfo.org\/wp-content\/uploads\/2025\/11\/583148254_1384706626998943_6511633975757784178_n.jpg","width":900,"height":1600},{"@type":"BreadcrumbList","@id":"https:\/\/veritasinfo.org\/?p=20946#breadcrumb","itemListElement":[{"@type":"ListItem","position":1,"name":"Home","item":"https:\/\/veritasinfo.org\/"},{"@type":"ListItem","position":2,"name":"Sve\u00e7la: Do t\u00eb vazhdojm\u00eb angazhimin n\u00eb \u00e7rr\u00ebnjosjen e \u00e7do mbetjeje terroriste t\u00eb Serbis\u00eb n\u00eb vendin ton\u00eb"}]},{"@type":"WebSite","@id":"https:\/\/veritasinfo.org\/#website","url":"https:\/\/veritasinfo.org\/","name":"","description":"","potentialAction":[{"@type":"SearchAction","target":{"@type":"EntryPoint","urlTemplate":"https:\/\/veritasinfo.org\/?s={search_term_string}"},"query-input":{"@type":"PropertyValueSpecification","valueRequired":true,"valueName":"search_term_string"}}],"inLanguage":"en-US"},{"@type":"Person","@id":"https:\/\/veritasinfo.org\/#\/schema\/person\/bc442336e35414d04494ab8fb45db4c6","name":"US5","image":{"@type":"ImageObject","inLanguage":"en-US","@id":"https:\/\/veritasinfo.org\/#\/schema\/person\/image\/","url":"https:\/\/secure.gravatar.com\/avatar\/16a61e7272a0c5d001121ebb9e60e925d5816e4ac1e443ed3e640d9a6ae55d0c?s=96&d=mm&r=g","contentUrl":"https:\/\/secure.gravatar.com\/avatar\/16a61e7272a0c5d001121ebb9e60e925d5816e4ac1e443ed3e640d9a6ae55d0c?s=96&d=mm&r=g","caption":"US5"},"url":"https:\/\/veritasinfo.org\/?author=6"}]}},"featured_image_urls":{"full":["https:\/\/veritasinfo.org\/wp-content\/uploads\/2025\/11\/583148254_1384706626998943_6511633975757784178_n.jpg",900,1600,false],"thumbnail":["https:\/\/veritasinfo.org\/wp-content\/uploads\/2025\/11\/583148254_1384706626998943_6511633975757784178_n-150x150.jpg",150,150,true],"medium":["https:\/\/veritasinfo.org\/wp-content\/uploads\/2025\/11\/583148254_1384706626998943_6511633975757784178_n-169x300.jpg",169,300,true],"medium_large":["https:\/\/veritasinfo.org\/wp-content\/uploads\/2025\/11\/583148254_1384706626998943_6511633975757784178_n-768x1365.jpg",640,1138,true],"large":["https:\/\/veritasinfo.org\/wp-content\/uploads\/2025\/11\/583148254_1384706626998943_6511633975757784178_n-576x1024.jpg",576,1024,true],"1536x1536":["https:\/\/veritasinfo.org\/wp-content\/uploads\/2025\/11\/583148254_1384706626998943_6511633975757784178_n-864x1536.jpg",864,1536,true],"2048x2048":["https:\/\/veritasinfo.org\/wp-content\/uploads\/2025\/11\/583148254_1384706626998943_6511633975757784178_n.jpg",900,1600,false],"kreeti-slider-full":["https:\/\/veritasinfo.org\/wp-content\/uploads\/2025\/11\/583148254_1384706626998943_6511633975757784178_n.jpg",405,720,false],"kreeti-featured":["https:\/\/veritasinfo.org\/wp-content\/uploads\/2025\/11\/583148254_1384706626998943_6511633975757784178_n.jpg",900,1600,false],"kreeti-medium":["https:\/\/veritasinfo.org\/wp-content\/uploads\/2025\/11\/583148254_1384706626998943_6511633975757784178_n.jpg",298,530,false],"kreeti-medium-square":["https:\/\/veritasinfo.org\/wp-content\/uploads\/2025\/11\/583148254_1384706626998943_6511633975757784178_n.jpg",197,350,false]},"author_info":{"info":["US5"]},"category_info":"<a href=\"https:\/\/veritasinfo.org\/?cat=58\" rel=\"category\">Politik\u00eb<\/a>","tag_info":"Politik\u00eb","comment_count":"0","_links":{"self":[{"href":"https:\/\/veritasinfo.org\/index.php?rest_route=\/wp\/v2\/posts\/20946","targetHints":{"allow":["GET"]}}],"collection":[{"href":"https:\/\/veritasinfo.org\/index.php?rest_route=\/wp\/v2\/posts"}],"about":[{"href":"https:\/\/veritasinfo.org\/index.php?rest_route=\/wp\/v2\/types\/post"}],"author":[{"embeddable":true,"href":"https:\/\/veritasinfo.org\/index.php?rest_route=\/wp\/v2\/users\/6"}],"replies":[{"embeddable":true,"href":"https:\/\/veritasinfo.org\/index.php?rest_route=%2Fwp%2Fv2%2Fcomments&post=20946"}],"version-history":[{"count":1,"href":"https:\/\/veritasinfo.org\/index.php?rest_route=\/wp\/v2\/posts\/20946\/revisions"}],"predecessor-version":[{"id":20948,"href":"https:\/\/veritasinfo.org\/index.php?rest_route=\/wp\/v2\/posts\/20946\/revisions\/20948"}],"wp:featuredmedia":[{"embeddable":true,"href":"https:\/\/veritasinfo.org\/index.php?rest_route=\/wp\/v2\/media\/20947"}],"wp:attachment":[{"href":"https:\/\/veritasinfo.org\/index.php?rest_route=%2Fwp%2Fv2%2Fmedia&parent=20946"}],"wp:term":[{"taxonomy":"category","embeddable":true,"href":"https:\/\/veritasinfo.org\/index.php?rest_route=%2Fwp%2Fv2%2Fcategories&post=20946"},{"taxonomy":"post_tag","embeddable":true,"href":"https:\/\/veritasinfo.org\/index.php?rest_route=%2Fwp%2Fv2%2Ftags&post=20946"}],"curies":[{"name":"wp","href":"https:\/\/api.w.org\/{rel}","templated":true}]}}