{"id":20941,"date":"2025-11-19T11:15:10","date_gmt":"2025-11-19T10:15:10","guid":{"rendered":"https:\/\/veritasinfo.org\/?p=20941"},"modified":"2025-11-19T11:15:10","modified_gmt":"2025-11-19T10:15:10","slug":"eulex-prezanton-raportin-e-monitorimit-te-drejtesise-2025","status":"publish","type":"post","link":"https:\/\/veritasinfo.org\/?p=20941","title":{"rendered":"EULEX prezanton Raportin e Monitorimit t\u00eb Drejt\u00ebsis\u00eb 2025"},"content":{"rendered":"<p>Prishtin\u00eb 19 N\u00ebntor 2025 11:14<\/p>\n<p>Shefi i Misionit EULEX, Giovanni Pietro Barbano, tha se raporti i sivjetm\u00eb analizon edhe raste t\u00eb k\u00ebrc\u00ebnimeve apo frik\u00ebsimeve t\u00eb drejtuara ndaj profesionist\u00ebve t\u00eb sistemit t\u00eb drejt\u00ebsis\u00eb. Bazuar n\u00eb monitorimin sistemik, EULEX arrin n\u00eb p\u00ebrfundimin se, q\u00eb nga publikimi i Raportit t\u00eb Monitorimit t\u00eb Drejt\u00ebsis\u00eb 2024, ndryshimet p\u00ebrmbajt\u00ebsore mbeten t\u00eb kufizuara, pavar\u00ebsisht p\u00ebrpjekjeve t\u00eb vazhdueshme institucionale.<\/p>\n<p>Ky progres i kufizuar v\u00ebrehet sidomos n\u00eb trajtimin e rasteve t\u00eb profilit t\u00eb lart\u00eb, p\u00ebrqindjen e seancave produktive, aplikimin ende jokonsistent t\u00eb d\u00ebnimeve plot\u00ebsuese.<\/p>\n<p>Sa i p\u00ebrket monitorimit t\u00eb aspektit politik, EULEX v\u00ebren se k\u00ebrkohen p\u00ebrpjekje m\u00eb t\u00eb m\u00ebdha p\u00ebr t\u00eb siguruar zbatim t\u00eb sakt\u00eb, t\u00eb q\u00ebndruesh\u00ebm dhe t\u00eb drejt\u00eb t\u00eb korniz\u00ebs juridike n\u00eb fusha t\u00eb ndryshme t\u00eb drejt\u00ebsis\u00eb penale, nga krimet e luft\u00ebs deri te dhuna n\u00eb baza gjinore.<\/p>\n<p>\u201cKy raport sh\u00ebrben si nj\u00eb testament shtes\u00eb i dedikimit t\u00eb misionit ton\u00eb p\u00ebr mb\u00ebshtetjen e Kosov\u00ebs, institucioneve t\u00eb saj dhe qytetar\u00ebve t\u00eb saj\u201d, tha Barbano. Ai shprehu gjithashtu vler\u00ebsim p\u00ebr institucionet e Kosov\u00ebs, duke theksuar se bashk\u00ebpunimi dhe transparenca e tyre kan\u00eb mund\u00ebsuar hartimin e k\u00ebtij raporti.<\/p>\n<p>Ismail Dibrani, drejtori i Sh\u00ebrbimit Korrektues t\u00eb Kosov\u00ebs, theksoi se gjat\u00eb viteve t\u00eb fundit Ministria e Drejt\u00ebsis\u00eb ka punuar me p\u00ebrkushtim p\u00ebr p\u00ebrmir\u00ebsimin e sistemit. Ai shtoi se, megjith\u00ebse raporti \u00ebsht\u00eb p\u00ebrgatitur nga nj\u00eb partner i jasht\u00ebm, ai p\u00ebrb\u00ebn nj\u00eb mjet t\u00eb r\u00ebnd\u00ebsish\u00ebm p\u00ebr orientimin e reformave t\u00eb m\u00ebtejshme.<\/p>\n<p>Nga ana e saj, Ministria e Drejt\u00ebsis\u00eb mbetet e p\u00ebrkushtuar q\u00eb n\u00eb muajt dhe vitet n\u00eb vijim t\u00eb \u00e7oj\u00eb p\u00ebrpara reforma t\u00eb thella strukturore, me tri prioritete qendrore, nd\u00ebr to edhe sigurimin e nj\u00eb sh\u00ebrbimi m\u00eb efikas.<\/p>\n","protected":false},"excerpt":{"rendered":"<p>Prishtin\u00eb 19 N\u00ebntor 2025 11:14 Shefi i Misionit EULEX, Giovanni Pietro Barbano, tha se raporti i sivjetm\u00eb analizon edhe raste t\u00eb k\u00ebrc\u00ebnimeve apo frik\u00ebsimeve t\u00eb<\/p>\n","protected":false},"author":6,"featured_media":20942,"comment_status":"open","ping_status":"open","sticky":false,"template":"","format":"standard","meta":{"footnotes":""},"categories":[58],"tags":[],"class_list":["post-20941","post","type-post","status-publish","format-standard","has-post-thumbnail","hentry","category-politike-sq"],"yoast_head":"<!-- This site is optimized with the Yoast SEO plugin v25.3.1 - https:\/\/yoast.com\/wordpress\/plugins\/seo\/ -->\n<title>EULEX prezanton Raportin e Monitorimit t\u00eb Drejt\u00ebsis\u00eb 2025 -<\/title>\n<meta name=\"robots\" content=\"index, follow, max-snippet:-1, max-image-preview:large, max-video-preview:-1\" \/>\n<link rel=\"canonical\" href=\"https:\/\/veritasinfo.org\/?p=20941\" \/>\n<meta property=\"og:locale\" content=\"en_US\" \/>\n<meta property=\"og:type\" content=\"article\" \/>\n<meta property=\"og:title\" content=\"EULEX prezanton Raportin e Monitorimit t\u00eb Drejt\u00ebsis\u00eb 2025 -\" \/>\n<meta property=\"og:description\" content=\"Prishtin\u00eb 19 N\u00ebntor 2025 11:14 Shefi i Misionit EULEX, Giovanni Pietro Barbano, tha se raporti i sivjetm\u00eb analizon edhe raste t\u00eb k\u00ebrc\u00ebnimeve apo frik\u00ebsimeve t\u00eb\" \/>\n<meta property=\"og:url\" content=\"https:\/\/veritasinfo.org\/?p=20941\" \/>\n<meta property=\"article:published_time\" content=\"2025-11-19T10:15:10+00:00\" \/>\n<meta property=\"og:image\" content=\"https:\/\/veritasinfo.org\/wp-content\/uploads\/2025\/11\/709904-fLSZD5HRZz.jpg\" \/>\n\t<meta property=\"og:image:width\" content=\"780\" \/>\n\t<meta property=\"og:image:height\" content=\"500\" \/>\n\t<meta property=\"og:image:type\" content=\"image\/jpeg\" \/>\n<meta name=\"author\" content=\"US5\" \/>\n<meta name=\"twitter:card\" content=\"summary_large_image\" \/>\n<meta name=\"twitter:label1\" content=\"Written by\" \/>\n\t<meta name=\"twitter:data1\" content=\"US5\" \/>\n<script type=\"application\/ld+json\" class=\"yoast-schema-graph\">{\"@context\":\"https:\/\/schema.org\",\"@graph\":[{\"@type\":\"WebPage\",\"@id\":\"https:\/\/veritasinfo.org\/?p=20941\",\"url\":\"https:\/\/veritasinfo.org\/?p=20941\",\"name\":\"EULEX prezanton Raportin e Monitorimit t\u00eb Drejt\u00ebsis\u00eb 2025 -\",\"isPartOf\":{\"@id\":\"https:\/\/veritasinfo.org\/#website\"},\"primaryImageOfPage\":{\"@id\":\"https:\/\/veritasinfo.org\/?p=20941#primaryimage\"},\"image\":{\"@id\":\"https:\/\/veritasinfo.org\/?p=20941#primaryimage\"},\"thumbnailUrl\":\"https:\/\/veritasinfo.org\/wp-content\/uploads\/2025\/11\/709904-fLSZD5HRZz.jpg\",\"datePublished\":\"2025-11-19T10:15:10+00:00\",\"author\":{\"@id\":\"https:\/\/veritasinfo.org\/#\/schema\/person\/bc442336e35414d04494ab8fb45db4c6\"},\"breadcrumb\":{\"@id\":\"https:\/\/veritasinfo.org\/?p=20941#breadcrumb\"},\"inLanguage\":\"en-US\",\"potentialAction\":[{\"@type\":\"ReadAction\",\"target\":[\"https:\/\/veritasinfo.org\/?p=20941\"]}]},{\"@type\":\"ImageObject\",\"inLanguage\":\"en-US\",\"@id\":\"https:\/\/veritasinfo.org\/?p=20941#primaryimage\",\"url\":\"https:\/\/veritasinfo.org\/wp-content\/uploads\/2025\/11\/709904-fLSZD5HRZz.jpg\",\"contentUrl\":\"https:\/\/veritasinfo.org\/wp-content\/uploads\/2025\/11\/709904-fLSZD5HRZz.jpg\",\"width\":780,\"height\":500},{\"@type\":\"BreadcrumbList\",\"@id\":\"https:\/\/veritasinfo.org\/?p=20941#breadcrumb\",\"itemListElement\":[{\"@type\":\"ListItem\",\"position\":1,\"name\":\"Home\",\"item\":\"https:\/\/veritasinfo.org\/\"},{\"@type\":\"ListItem\",\"position\":2,\"name\":\"EULEX prezanton Raportin e Monitorimit t\u00eb Drejt\u00ebsis\u00eb 2025\"}]},{\"@type\":\"WebSite\",\"@id\":\"https:\/\/veritasinfo.org\/#website\",\"url\":\"https:\/\/veritasinfo.org\/\",\"name\":\"\",\"description\":\"\",\"potentialAction\":[{\"@type\":\"SearchAction\",\"target\":{\"@type\":\"EntryPoint\",\"urlTemplate\":\"https:\/\/veritasinfo.org\/?s={search_term_string}\"},\"query-input\":{\"@type\":\"PropertyValueSpecification\",\"valueRequired\":true,\"valueName\":\"search_term_string\"}}],\"inLanguage\":\"en-US\"},{\"@type\":\"Person\",\"@id\":\"https:\/\/veritasinfo.org\/#\/schema\/person\/bc442336e35414d04494ab8fb45db4c6\",\"name\":\"US5\",\"image\":{\"@type\":\"ImageObject\",\"inLanguage\":\"en-US\",\"@id\":\"https:\/\/veritasinfo.org\/#\/schema\/person\/image\/\",\"url\":\"https:\/\/secure.gravatar.com\/avatar\/16a61e7272a0c5d001121ebb9e60e925d5816e4ac1e443ed3e640d9a6ae55d0c?s=96&d=mm&r=g\",\"contentUrl\":\"https:\/\/secure.gravatar.com\/avatar\/16a61e7272a0c5d001121ebb9e60e925d5816e4ac1e443ed3e640d9a6ae55d0c?s=96&d=mm&r=g\",\"caption\":\"US5\"},\"url\":\"https:\/\/veritasinfo.org\/?author=6\"}]}<\/script>\n<!-- \/ Yoast SEO plugin. -->","yoast_head_json":{"title":"EULEX prezanton Raportin e Monitorimit t\u00eb Drejt\u00ebsis\u00eb 2025 -","robots":{"index":"index","follow":"follow","max-snippet":"max-snippet:-1","max-image-preview":"max-image-preview:large","max-video-preview":"max-video-preview:-1"},"canonical":"https:\/\/veritasinfo.org\/?p=20941","og_locale":"en_US","og_type":"article","og_title":"EULEX prezanton Raportin e Monitorimit t\u00eb Drejt\u00ebsis\u00eb 2025 -","og_description":"Prishtin\u00eb 19 N\u00ebntor 2025 11:14 Shefi i Misionit EULEX, Giovanni Pietro Barbano, tha se raporti i sivjetm\u00eb analizon edhe raste t\u00eb k\u00ebrc\u00ebnimeve apo frik\u00ebsimeve t\u00eb","og_url":"https:\/\/veritasinfo.org\/?p=20941","article_published_time":"2025-11-19T10:15:10+00:00","og_image":[{"width":780,"height":500,"url":"https:\/\/veritasinfo.org\/wp-content\/uploads\/2025\/11\/709904-fLSZD5HRZz.jpg","type":"image\/jpeg"}],"author":"US5","twitter_card":"summary_large_image","twitter_misc":{"Written by":"US5"},"schema":{"@context":"https:\/\/schema.org","@graph":[{"@type":"WebPage","@id":"https:\/\/veritasinfo.org\/?p=20941","url":"https:\/\/veritasinfo.org\/?p=20941","name":"EULEX prezanton Raportin e Monitorimit t\u00eb Drejt\u00ebsis\u00eb 2025 -","isPartOf":{"@id":"https:\/\/veritasinfo.org\/#website"},"primaryImageOfPage":{"@id":"https:\/\/veritasinfo.org\/?p=20941#primaryimage"},"image":{"@id":"https:\/\/veritasinfo.org\/?p=20941#primaryimage"},"thumbnailUrl":"https:\/\/veritasinfo.org\/wp-content\/uploads\/2025\/11\/709904-fLSZD5HRZz.jpg","datePublished":"2025-11-19T10:15:10+00:00","author":{"@id":"https:\/\/veritasinfo.org\/#\/schema\/person\/bc442336e35414d04494ab8fb45db4c6"},"breadcrumb":{"@id":"https:\/\/veritasinfo.org\/?p=20941#breadcrumb"},"inLanguage":"en-US","potentialAction":[{"@type":"ReadAction","target":["https:\/\/veritasinfo.org\/?p=20941"]}]},{"@type":"ImageObject","inLanguage":"en-US","@id":"https:\/\/veritasinfo.org\/?p=20941#primaryimage","url":"https:\/\/veritasinfo.org\/wp-content\/uploads\/2025\/11\/709904-fLSZD5HRZz.jpg","contentUrl":"https:\/\/veritasinfo.org\/wp-content\/uploads\/2025\/11\/709904-fLSZD5HRZz.jpg","width":780,"height":500},{"@type":"BreadcrumbList","@id":"https:\/\/veritasinfo.org\/?p=20941#breadcrumb","itemListElement":[{"@type":"ListItem","position":1,"name":"Home","item":"https:\/\/veritasinfo.org\/"},{"@type":"ListItem","position":2,"name":"EULEX prezanton Raportin e Monitorimit t\u00eb Drejt\u00ebsis\u00eb 2025"}]},{"@type":"WebSite","@id":"https:\/\/veritasinfo.org\/#website","url":"https:\/\/veritasinfo.org\/","name":"","description":"","potentialAction":[{"@type":"SearchAction","target":{"@type":"EntryPoint","urlTemplate":"https:\/\/veritasinfo.org\/?s={search_term_string}"},"query-input":{"@type":"PropertyValueSpecification","valueRequired":true,"valueName":"search_term_string"}}],"inLanguage":"en-US"},{"@type":"Person","@id":"https:\/\/veritasinfo.org\/#\/schema\/person\/bc442336e35414d04494ab8fb45db4c6","name":"US5","image":{"@type":"ImageObject","inLanguage":"en-US","@id":"https:\/\/veritasinfo.org\/#\/schema\/person\/image\/","url":"https:\/\/secure.gravatar.com\/avatar\/16a61e7272a0c5d001121ebb9e60e925d5816e4ac1e443ed3e640d9a6ae55d0c?s=96&d=mm&r=g","contentUrl":"https:\/\/secure.gravatar.com\/avatar\/16a61e7272a0c5d001121ebb9e60e925d5816e4ac1e443ed3e640d9a6ae55d0c?s=96&d=mm&r=g","caption":"US5"},"url":"https:\/\/veritasinfo.org\/?author=6"}]}},"featured_image_urls":{"full":["https:\/\/veritasinfo.org\/wp-content\/uploads\/2025\/11\/709904-fLSZD5HRZz.jpg",780,500,false],"thumbnail":["https:\/\/veritasinfo.org\/wp-content\/uploads\/2025\/11\/709904-fLSZD5HRZz-150x150.jpg",150,150,true],"medium":["https:\/\/veritasinfo.org\/wp-content\/uploads\/2025\/11\/709904-fLSZD5HRZz-300x192.jpg",300,192,true],"medium_large":["https:\/\/veritasinfo.org\/wp-content\/uploads\/2025\/11\/709904-fLSZD5HRZz-768x492.jpg",640,410,true],"large":["https:\/\/veritasinfo.org\/wp-content\/uploads\/2025\/11\/709904-fLSZD5HRZz.jpg",640,410,false],"1536x1536":["https:\/\/veritasinfo.org\/wp-content\/uploads\/2025\/11\/709904-fLSZD5HRZz.jpg",780,500,false],"2048x2048":["https:\/\/veritasinfo.org\/wp-content\/uploads\/2025\/11\/709904-fLSZD5HRZz.jpg",780,500,false],"kreeti-slider-full":["https:\/\/veritasinfo.org\/wp-content\/uploads\/2025\/11\/709904-fLSZD5HRZz.jpg",780,500,false],"kreeti-featured":["https:\/\/veritasinfo.org\/wp-content\/uploads\/2025\/11\/709904-fLSZD5HRZz.jpg",780,500,false],"kreeti-medium":["https:\/\/veritasinfo.org\/wp-content\/uploads\/2025\/11\/709904-fLSZD5HRZz.jpg",720,462,false],"kreeti-medium-square":["https:\/\/veritasinfo.org\/wp-content\/uploads\/2025\/11\/709904-fLSZD5HRZz.jpg",350,224,false]},"author_info":{"info":["US5"]},"category_info":"<a href=\"https:\/\/veritasinfo.org\/?cat=58\" rel=\"category\">Politik\u00eb<\/a>","tag_info":"Politik\u00eb","comment_count":"0","_links":{"self":[{"href":"https:\/\/veritasinfo.org\/index.php?rest_route=\/wp\/v2\/posts\/20941","targetHints":{"allow":["GET"]}}],"collection":[{"href":"https:\/\/veritasinfo.org\/index.php?rest_route=\/wp\/v2\/posts"}],"about":[{"href":"https:\/\/veritasinfo.org\/index.php?rest_route=\/wp\/v2\/types\/post"}],"author":[{"embeddable":true,"href":"https:\/\/veritasinfo.org\/index.php?rest_route=\/wp\/v2\/users\/6"}],"replies":[{"embeddable":true,"href":"https:\/\/veritasinfo.org\/index.php?rest_route=%2Fwp%2Fv2%2Fcomments&post=20941"}],"version-history":[{"count":1,"href":"https:\/\/veritasinfo.org\/index.php?rest_route=\/wp\/v2\/posts\/20941\/revisions"}],"predecessor-version":[{"id":20943,"href":"https:\/\/veritasinfo.org\/index.php?rest_route=\/wp\/v2\/posts\/20941\/revisions\/20943"}],"wp:featuredmedia":[{"embeddable":true,"href":"https:\/\/veritasinfo.org\/index.php?rest_route=\/wp\/v2\/media\/20942"}],"wp:attachment":[{"href":"https:\/\/veritasinfo.org\/index.php?rest_route=%2Fwp%2Fv2%2Fmedia&parent=20941"}],"wp:term":[{"taxonomy":"category","embeddable":true,"href":"https:\/\/veritasinfo.org\/index.php?rest_route=%2Fwp%2Fv2%2Fcategories&post=20941"},{"taxonomy":"post_tag","embeddable":true,"href":"https:\/\/veritasinfo.org\/index.php?rest_route=%2Fwp%2Fv2%2Ftags&post=20941"}],"curies":[{"name":"wp","href":"https:\/\/api.w.org\/{rel}","templated":true}]}}