{"id":20860,"date":"2025-11-18T18:41:34","date_gmt":"2025-11-18T17:41:34","guid":{"rendered":"https:\/\/veritasinfo.org\/?p=20860"},"modified":"2025-11-18T18:41:34","modified_gmt":"2025-11-18T17:41:34","slug":"ish-zyrtari-i-larte-i-prokurorise-se-specializuar-ne-hage-pajtohet-qe-gjykata-speciale-eshte-zyre-e-gestapo-s-e-cila-persekuton-kreret-e-uck-se","status":"publish","type":"post","link":"https:\/\/veritasinfo.org\/?p=20860","title":{"rendered":"Ish-zyrtari i lart\u00eb i Prokuroris\u00eb s\u00eb Specializuar n\u00eb Hag\u00eb pajtohet q\u00eb Gjykata Speciale \u00ebsht\u00eb zyr\u00eb e GESTAPO-s e cila persekuton krer\u00ebt e U\u00c7K-s\u00eb"},"content":{"rendered":"<p><strong>Prishtin\u00eb, 18 n\u00ebntor 2025 18:42<\/strong><\/p>\n<p>Fundi i procesit gjyq\u00ebsor po afron. Bashk\u00eb me t\u00eb, shum\u00eb zyrtar\u00eb t\u00eb Gjykat\u00ebs Speciale po japin dor\u00ebheqje dhe disa t\u00eb tjer\u00eb kan\u00eb nisur t\u00eb shfaqin pak\u00ebnaq\u00ebsit\u00eb e tyre me k\u00ebt\u00eb institucion.<\/p>\n<p>Dubravko Bolsec, ish-zyrtari i lart\u00eb i Prokuroris\u00eb s\u00eb Hag\u00ebs, i cili punoi rreth 7 vjet n\u00eb k\u00ebt\u00eb institucion, ka shprehur mendimin se Gjykata Speciale \u00ebsht\u00eb nj\u00eb zyr\u00eb q\u00eb persekuton t\u00eb akuzuarit, n\u00eb k\u00ebt\u00eb rast krer\u00ebt e U\u00c7K-s\u00eb.<\/p>\n<p>Ai \u00ebsht\u00eb pajtuar plot\u00ebsisht me pohimin se Zyra e Prokurorit t\u00eb Specializuar, ku ai vet\u00eb kishte punuar, \u00ebsht\u00eb nj\u00eb zyr\u00eb q\u00eb mund t\u00eb krahasohet me GESTAPON. Gestapo ishte policia sekrete e Partis\u00eb Naziste n\u00eb Gjermani, e cila luajti nj\u00eb rol t\u00eb r\u00ebnd\u00ebsish\u00ebm n\u00eb shtypjen e kund\u00ebrshtar\u00ebve t\u00eb regjimit dhe n\u00eb mbajtjen e kontrollit t\u00eb qytetar\u00ebve gjat\u00eb periudh\u00ebs s\u00eb sundimit t\u00eb Adolf Hitlerit.<\/p>\n<p>Nj\u00eb qytetar me emrin Joseph Matt komentoi n\u00eb llogarin\u00eb e Dubravko Bolsec n\u00eb LinkedIn, ku kritikoi ashp\u00ebr Gjykat\u00ebn Speciale.<\/p>\n<p>\u201cGjykata Speciale \u00ebsht\u00eb nj\u00eb zyr\u00eb e GESTAPOS q\u00eb persekuton t\u00eb akuzuarit. Prokuror\u00ebt, gjyqtar\u00ebt, hetuesit dhe oficer\u00ebt mendojn\u00eb nj\u00ebsoj. Nuk ka pal\u00eb neutrale n\u00eb at\u00eb gjykat\u00eb. Ata synojn\u00eb t\u00eb pastrojn\u00eb Serbin\u00eb nga akuzat p\u00ebr gjenocid dhe ta shnd\u00ebrrojn\u00eb Kosov\u00ebn, e cila ishte viktim\u00eb, n\u00eb nj\u00eb shtet agresor. Turp!\u201d \u2013 ishte komenti i Joseph Matt drejtuar ish-zyrtarit t\u00eb lart\u00eb t\u00eb Prokuroris\u00eb s\u00eb Hag\u00ebs, Dubravko Bolsec.<\/p>\n","protected":false},"excerpt":{"rendered":"<p>Prishtin\u00eb, 18 n\u00ebntor 2025 18:42 Fundi i procesit gjyq\u00ebsor po afron. Bashk\u00eb me t\u00eb, shum\u00eb zyrtar\u00eb t\u00eb Gjykat\u00ebs Speciale po japin dor\u00ebheqje dhe disa t\u00eb<\/p>\n","protected":false},"author":2,"featured_media":20861,"comment_status":"open","ping_status":"open","sticky":false,"template":"","format":"standard","meta":{"footnotes":""},"categories":[58],"tags":[],"class_list":["post-20860","post","type-post","status-publish","format-standard","has-post-thumbnail","hentry","category-politike-sq"],"yoast_head":"<!-- This site is optimized with the Yoast SEO plugin v25.3.1 - https:\/\/yoast.com\/wordpress\/plugins\/seo\/ -->\n<title>Ish-zyrtari i lart\u00eb i Prokuroris\u00eb s\u00eb Specializuar n\u00eb Hag\u00eb pajtohet q\u00eb Gjykata Speciale \u00ebsht\u00eb zyr\u00eb e GESTAPO-s e cila persekuton krer\u00ebt e U\u00c7K-s\u00eb -<\/title>\n<meta name=\"robots\" content=\"index, follow, max-snippet:-1, max-image-preview:large, max-video-preview:-1\" \/>\n<link rel=\"canonical\" href=\"https:\/\/veritasinfo.org\/?p=20860\" \/>\n<meta property=\"og:locale\" content=\"en_US\" \/>\n<meta property=\"og:type\" content=\"article\" \/>\n<meta property=\"og:title\" content=\"Ish-zyrtari i lart\u00eb i Prokuroris\u00eb s\u00eb Specializuar n\u00eb Hag\u00eb pajtohet q\u00eb Gjykata Speciale \u00ebsht\u00eb zyr\u00eb e GESTAPO-s e cila persekuton krer\u00ebt e U\u00c7K-s\u00eb -\" \/>\n<meta property=\"og:description\" content=\"Prishtin\u00eb, 18 n\u00ebntor 2025 18:42 Fundi i procesit gjyq\u00ebsor po afron. Bashk\u00eb me t\u00eb, shum\u00eb zyrtar\u00eb t\u00eb Gjykat\u00ebs Speciale po japin dor\u00ebheqje dhe disa t\u00eb\" \/>\n<meta property=\"og:url\" content=\"https:\/\/veritasinfo.org\/?p=20860\" \/>\n<meta property=\"article:published_time\" content=\"2025-11-18T17:41:34+00:00\" \/>\n<meta property=\"og:image\" content=\"https:\/\/veritasinfo.org\/wp-content\/uploads\/2025\/11\/Gestapo.jpg\" \/>\n\t<meta property=\"og:image:width\" content=\"1636\" \/>\n\t<meta property=\"og:image:height\" content=\"1018\" \/>\n\t<meta property=\"og:image:type\" content=\"image\/jpeg\" \/>\n<meta name=\"author\" content=\"US1\" \/>\n<meta name=\"twitter:card\" content=\"summary_large_image\" \/>\n<meta name=\"twitter:label1\" content=\"Written by\" \/>\n\t<meta name=\"twitter:data1\" content=\"US1\" \/>\n\t<meta name=\"twitter:label2\" content=\"Est. reading time\" \/>\n\t<meta name=\"twitter:data2\" content=\"2 minutes\" \/>\n<script type=\"application\/ld+json\" class=\"yoast-schema-graph\">{\"@context\":\"https:\/\/schema.org\",\"@graph\":[{\"@type\":\"WebPage\",\"@id\":\"https:\/\/veritasinfo.org\/?p=20860\",\"url\":\"https:\/\/veritasinfo.org\/?p=20860\",\"name\":\"Ish-zyrtari i lart\u00eb i Prokuroris\u00eb s\u00eb Specializuar n\u00eb Hag\u00eb pajtohet q\u00eb Gjykata Speciale \u00ebsht\u00eb zyr\u00eb e GESTAPO-s e cila persekuton krer\u00ebt e U\u00c7K-s\u00eb -\",\"isPartOf\":{\"@id\":\"https:\/\/veritasinfo.org\/#website\"},\"primaryImageOfPage\":{\"@id\":\"https:\/\/veritasinfo.org\/?p=20860#primaryimage\"},\"image\":{\"@id\":\"https:\/\/veritasinfo.org\/?p=20860#primaryimage\"},\"thumbnailUrl\":\"https:\/\/veritasinfo.org\/wp-content\/uploads\/2025\/11\/Gestapo.jpg\",\"datePublished\":\"2025-11-18T17:41:34+00:00\",\"author\":{\"@id\":\"https:\/\/veritasinfo.org\/#\/schema\/person\/c2b8be262ea994d0995addca692c5e98\"},\"breadcrumb\":{\"@id\":\"https:\/\/veritasinfo.org\/?p=20860#breadcrumb\"},\"inLanguage\":\"en-US\",\"potentialAction\":[{\"@type\":\"ReadAction\",\"target\":[\"https:\/\/veritasinfo.org\/?p=20860\"]}]},{\"@type\":\"ImageObject\",\"inLanguage\":\"en-US\",\"@id\":\"https:\/\/veritasinfo.org\/?p=20860#primaryimage\",\"url\":\"https:\/\/veritasinfo.org\/wp-content\/uploads\/2025\/11\/Gestapo.jpg\",\"contentUrl\":\"https:\/\/veritasinfo.org\/wp-content\/uploads\/2025\/11\/Gestapo.jpg\",\"width\":1636,\"height\":1018},{\"@type\":\"BreadcrumbList\",\"@id\":\"https:\/\/veritasinfo.org\/?p=20860#breadcrumb\",\"itemListElement\":[{\"@type\":\"ListItem\",\"position\":1,\"name\":\"Home\",\"item\":\"https:\/\/veritasinfo.org\/\"},{\"@type\":\"ListItem\",\"position\":2,\"name\":\"Ish-zyrtari i lart\u00eb i Prokuroris\u00eb s\u00eb Specializuar n\u00eb Hag\u00eb pajtohet q\u00eb Gjykata Speciale \u00ebsht\u00eb zyr\u00eb e GESTAPO-s e cila persekuton krer\u00ebt e U\u00c7K-s\u00eb\"}]},{\"@type\":\"WebSite\",\"@id\":\"https:\/\/veritasinfo.org\/#website\",\"url\":\"https:\/\/veritasinfo.org\/\",\"name\":\"\",\"description\":\"\",\"potentialAction\":[{\"@type\":\"SearchAction\",\"target\":{\"@type\":\"EntryPoint\",\"urlTemplate\":\"https:\/\/veritasinfo.org\/?s={search_term_string}\"},\"query-input\":{\"@type\":\"PropertyValueSpecification\",\"valueRequired\":true,\"valueName\":\"search_term_string\"}}],\"inLanguage\":\"en-US\"},{\"@type\":\"Person\",\"@id\":\"https:\/\/veritasinfo.org\/#\/schema\/person\/c2b8be262ea994d0995addca692c5e98\",\"name\":\"US1\",\"image\":{\"@type\":\"ImageObject\",\"inLanguage\":\"en-US\",\"@id\":\"https:\/\/veritasinfo.org\/#\/schema\/person\/image\/\",\"url\":\"https:\/\/secure.gravatar.com\/avatar\/4e96a59bd256abf9956eb9963ac891a47461ffb364d47b0e9aab113328fdb75b?s=96&d=mm&r=g\",\"contentUrl\":\"https:\/\/secure.gravatar.com\/avatar\/4e96a59bd256abf9956eb9963ac891a47461ffb364d47b0e9aab113328fdb75b?s=96&d=mm&r=g\",\"caption\":\"US1\"},\"url\":\"https:\/\/veritasinfo.org\/?author=2\"}]}<\/script>\n<!-- \/ Yoast SEO plugin. -->","yoast_head_json":{"title":"Ish-zyrtari i lart\u00eb i Prokuroris\u00eb s\u00eb Specializuar n\u00eb Hag\u00eb pajtohet q\u00eb Gjykata Speciale \u00ebsht\u00eb zyr\u00eb e GESTAPO-s e cila persekuton krer\u00ebt e U\u00c7K-s\u00eb -","robots":{"index":"index","follow":"follow","max-snippet":"max-snippet:-1","max-image-preview":"max-image-preview:large","max-video-preview":"max-video-preview:-1"},"canonical":"https:\/\/veritasinfo.org\/?p=20860","og_locale":"en_US","og_type":"article","og_title":"Ish-zyrtari i lart\u00eb i Prokuroris\u00eb s\u00eb Specializuar n\u00eb Hag\u00eb pajtohet q\u00eb Gjykata Speciale \u00ebsht\u00eb zyr\u00eb e GESTAPO-s e cila persekuton krer\u00ebt e U\u00c7K-s\u00eb -","og_description":"Prishtin\u00eb, 18 n\u00ebntor 2025 18:42 Fundi i procesit gjyq\u00ebsor po afron. Bashk\u00eb me t\u00eb, shum\u00eb zyrtar\u00eb t\u00eb Gjykat\u00ebs Speciale po japin dor\u00ebheqje dhe disa t\u00eb","og_url":"https:\/\/veritasinfo.org\/?p=20860","article_published_time":"2025-11-18T17:41:34+00:00","og_image":[{"width":1636,"height":1018,"url":"https:\/\/veritasinfo.org\/wp-content\/uploads\/2025\/11\/Gestapo.jpg","type":"image\/jpeg"}],"author":"US1","twitter_card":"summary_large_image","twitter_misc":{"Written by":"US1","Est. reading time":"2 minutes"},"schema":{"@context":"https:\/\/schema.org","@graph":[{"@type":"WebPage","@id":"https:\/\/veritasinfo.org\/?p=20860","url":"https:\/\/veritasinfo.org\/?p=20860","name":"Ish-zyrtari i lart\u00eb i Prokuroris\u00eb s\u00eb Specializuar n\u00eb Hag\u00eb pajtohet q\u00eb Gjykata Speciale \u00ebsht\u00eb zyr\u00eb e GESTAPO-s e cila persekuton krer\u00ebt e U\u00c7K-s\u00eb -","isPartOf":{"@id":"https:\/\/veritasinfo.org\/#website"},"primaryImageOfPage":{"@id":"https:\/\/veritasinfo.org\/?p=20860#primaryimage"},"image":{"@id":"https:\/\/veritasinfo.org\/?p=20860#primaryimage"},"thumbnailUrl":"https:\/\/veritasinfo.org\/wp-content\/uploads\/2025\/11\/Gestapo.jpg","datePublished":"2025-11-18T17:41:34+00:00","author":{"@id":"https:\/\/veritasinfo.org\/#\/schema\/person\/c2b8be262ea994d0995addca692c5e98"},"breadcrumb":{"@id":"https:\/\/veritasinfo.org\/?p=20860#breadcrumb"},"inLanguage":"en-US","potentialAction":[{"@type":"ReadAction","target":["https:\/\/veritasinfo.org\/?p=20860"]}]},{"@type":"ImageObject","inLanguage":"en-US","@id":"https:\/\/veritasinfo.org\/?p=20860#primaryimage","url":"https:\/\/veritasinfo.org\/wp-content\/uploads\/2025\/11\/Gestapo.jpg","contentUrl":"https:\/\/veritasinfo.org\/wp-content\/uploads\/2025\/11\/Gestapo.jpg","width":1636,"height":1018},{"@type":"BreadcrumbList","@id":"https:\/\/veritasinfo.org\/?p=20860#breadcrumb","itemListElement":[{"@type":"ListItem","position":1,"name":"Home","item":"https:\/\/veritasinfo.org\/"},{"@type":"ListItem","position":2,"name":"Ish-zyrtari i lart\u00eb i Prokuroris\u00eb s\u00eb Specializuar n\u00eb Hag\u00eb pajtohet q\u00eb Gjykata Speciale \u00ebsht\u00eb zyr\u00eb e GESTAPO-s e cila persekuton krer\u00ebt e U\u00c7K-s\u00eb"}]},{"@type":"WebSite","@id":"https:\/\/veritasinfo.org\/#website","url":"https:\/\/veritasinfo.org\/","name":"","description":"","potentialAction":[{"@type":"SearchAction","target":{"@type":"EntryPoint","urlTemplate":"https:\/\/veritasinfo.org\/?s={search_term_string}"},"query-input":{"@type":"PropertyValueSpecification","valueRequired":true,"valueName":"search_term_string"}}],"inLanguage":"en-US"},{"@type":"Person","@id":"https:\/\/veritasinfo.org\/#\/schema\/person\/c2b8be262ea994d0995addca692c5e98","name":"US1","image":{"@type":"ImageObject","inLanguage":"en-US","@id":"https:\/\/veritasinfo.org\/#\/schema\/person\/image\/","url":"https:\/\/secure.gravatar.com\/avatar\/4e96a59bd256abf9956eb9963ac891a47461ffb364d47b0e9aab113328fdb75b?s=96&d=mm&r=g","contentUrl":"https:\/\/secure.gravatar.com\/avatar\/4e96a59bd256abf9956eb9963ac891a47461ffb364d47b0e9aab113328fdb75b?s=96&d=mm&r=g","caption":"US1"},"url":"https:\/\/veritasinfo.org\/?author=2"}]}},"featured_image_urls":{"full":["https:\/\/veritasinfo.org\/wp-content\/uploads\/2025\/11\/Gestapo.jpg",1636,1018,false],"thumbnail":["https:\/\/veritasinfo.org\/wp-content\/uploads\/2025\/11\/Gestapo-150x150.jpg",150,150,true],"medium":["https:\/\/veritasinfo.org\/wp-content\/uploads\/2025\/11\/Gestapo-300x187.jpg",300,187,true],"medium_large":["https:\/\/veritasinfo.org\/wp-content\/uploads\/2025\/11\/Gestapo-768x478.jpg",640,398,true],"large":["https:\/\/veritasinfo.org\/wp-content\/uploads\/2025\/11\/Gestapo-1024x637.jpg",640,398,true],"1536x1536":["https:\/\/veritasinfo.org\/wp-content\/uploads\/2025\/11\/Gestapo-1536x956.jpg",1536,956,true],"2048x2048":["https:\/\/veritasinfo.org\/wp-content\/uploads\/2025\/11\/Gestapo.jpg",1636,1018,false],"kreeti-slider-full":["https:\/\/veritasinfo.org\/wp-content\/uploads\/2025\/11\/Gestapo.jpg",1157,720,false],"kreeti-featured":["https:\/\/veritasinfo.org\/wp-content\/uploads\/2025\/11\/Gestapo.jpg",1024,637,false],"kreeti-medium":["https:\/\/veritasinfo.org\/wp-content\/uploads\/2025\/11\/Gestapo.jpg",720,448,false],"kreeti-medium-square":["https:\/\/veritasinfo.org\/wp-content\/uploads\/2025\/11\/Gestapo.jpg",350,218,false]},"author_info":{"info":["US1"]},"category_info":"<a href=\"https:\/\/veritasinfo.org\/?cat=58\" rel=\"category\">Politik\u00eb<\/a>","tag_info":"Politik\u00eb","comment_count":"0","_links":{"self":[{"href":"https:\/\/veritasinfo.org\/index.php?rest_route=\/wp\/v2\/posts\/20860","targetHints":{"allow":["GET"]}}],"collection":[{"href":"https:\/\/veritasinfo.org\/index.php?rest_route=\/wp\/v2\/posts"}],"about":[{"href":"https:\/\/veritasinfo.org\/index.php?rest_route=\/wp\/v2\/types\/post"}],"author":[{"embeddable":true,"href":"https:\/\/veritasinfo.org\/index.php?rest_route=\/wp\/v2\/users\/2"}],"replies":[{"embeddable":true,"href":"https:\/\/veritasinfo.org\/index.php?rest_route=%2Fwp%2Fv2%2Fcomments&post=20860"}],"version-history":[{"count":1,"href":"https:\/\/veritasinfo.org\/index.php?rest_route=\/wp\/v2\/posts\/20860\/revisions"}],"predecessor-version":[{"id":20862,"href":"https:\/\/veritasinfo.org\/index.php?rest_route=\/wp\/v2\/posts\/20860\/revisions\/20862"}],"wp:featuredmedia":[{"embeddable":true,"href":"https:\/\/veritasinfo.org\/index.php?rest_route=\/wp\/v2\/media\/20861"}],"wp:attachment":[{"href":"https:\/\/veritasinfo.org\/index.php?rest_route=%2Fwp%2Fv2%2Fmedia&parent=20860"}],"wp:term":[{"taxonomy":"category","embeddable":true,"href":"https:\/\/veritasinfo.org\/index.php?rest_route=%2Fwp%2Fv2%2Fcategories&post=20860"},{"taxonomy":"post_tag","embeddable":true,"href":"https:\/\/veritasinfo.org\/index.php?rest_route=%2Fwp%2Fv2%2Ftags&post=20860"}],"curies":[{"name":"wp","href":"https:\/\/api.w.org\/{rel}","templated":true}]}}