{"id":20855,"date":"2025-11-18T18:04:41","date_gmt":"2025-11-18T17:04:41","guid":{"rendered":"https:\/\/veritasinfo.org\/?p=20855"},"modified":"2025-11-18T18:04:41","modified_gmt":"2025-11-18T17:04:41","slug":"formacioni-i-mundshem-i-kosoves-ndaj-zvicres-foda-me-disa-ndryshime-te-detyrueshme","status":"publish","type":"post","link":"https:\/\/veritasinfo.org\/?p=20855","title":{"rendered":"Formacioni i mundsh\u00ebm i Kosov\u00ebs ndaj Zvicr\u00ebs \u2013 Foda me disa ndryshime t\u00eb detyrueshme"},"content":{"rendered":"<p>Prishtin\u00eb, 18 n\u00ebntor 2025 18:04<\/p>\n<p>P\u00ebrzgjedh\u00ebsi i Komb\u00ebtares s\u00eb Kosov\u00ebs, Franco Foda, pritet t\u2019i b\u00ebj\u00eb s\u00eb paku tri ndryshime n\u00eb formacion n\u00eb ndeshjen ndaj Zvicr\u00ebs, p\u00ebr dallim nga ekipi q\u00eb luajti n\u00eb fitoren e madhe kund\u00ebr Sllovenis\u00eb.<\/p>\n<p>Dardan\u00ebt jan\u00eb nikoqir t\u00eb Helvetik\u00ebve n\u00eb takimin e fundit t\u00eb Grupit B, i cili pritet t\u00eb zhvillohet n\u00eb stadiumin Fadil Vokrri nga ora 20:45.<\/p>\n<p>Ekipi i Fodas ka mund\u00ebsi kualifikimi n\u00ebse fiton me gjasht\u00eb gola dallim, por nj\u00eb gj\u00eb duket e pamundur s\u00eb paku n\u00eb let\u00ebr.<\/p>\n<p>K\u00ebshtu, trajneri gjerman ka vendosur t\u2019i \u201cruaj\u00eb\u201d disa futbollist\u00eb q\u00eb rrezikojn\u00eb t\u00eb nd\u00ebshkohet me karton t\u00eb verdh\u00eb dhe t\u00eb mungojn\u00eb n\u00eb ndeshjet e \u2018play-off\u2019-it.<\/p>\n<p>Albian Hajdari dhe Leon Avdullahu jan\u00eb dy lojtar\u00ebt q\u00eb do t\u2019i mungojn\u00eb Kosov\u00ebs n\u00eb k\u00ebt\u00eb ndeshje pasi jan\u00eb l\u00ebn\u00eb n\u00eb tribun\u00eb, teksa edhe Lumbardh Dellova pritet t\u00eb filloj\u00eb ndeshjen nga bankina shkaku i rrezikut p\u00ebr t\u2019u nd\u00ebshkuar.<\/p>\n<p>Telegrafi m\u00ebson se k\u00ebta lojtar\u00eb pritet t\u00eb p\u00ebrbejn\u00eb tri ndryshimet e vetme n\u00eb formacionin e Kosov\u00ebs ndaj Zvicr\u00ebs, me p\u00ebrzgjedh\u00ebsin Foda q\u00eb pritet t\u2019i besoj\u00eb p\u00ebrs\u00ebri rreshtimit dhe skemave t\u00eb tij.<\/p>\n<p>N\u00eb vendin e Hajdarit pritet ta marr\u00eb Fidan Aliti, nd\u00ebrsa vendin e Dellov\u00ebs pritet ta marr\u00eb Ilir Krasniqi, i cili gjithashtu ka luajtur disa ndeshje t\u00eb mira n\u00eb k\u00ebto kualifikuese.<\/p>\n<p>N\u00eb an\u00ebn tjet\u00ebr, n\u00eb vend t\u00eb Avdullahut pritet t\u00eb luaj\u00eb Veldin Hoxha p\u00ebrs\u00ebri nga minuta e par\u00eb, pasi shihet n\u00eb avantazh ndaj Valon Berish\u00ebs p\u00ebr partner t\u00eb Elvis Rexhbecajt.<\/p>\n<p>N\u00eb porta nga minuta e par\u00eb do t\u00eb rikthehet Arijanet Muric, i cili do ta marr\u00eb vendin e Amir Saipit, teksa p\u00ebrve\u00e7 Krasniqit dhe Alitit, n\u00eb mbrojtje do t\u00eb jen\u00eb edhe kapiteni Amir Rrahmanit n\u00eb qend\u00ebr dhe M\u00ebrgim Vojvoda dhe Dion Gallapeni nga krah\u00ebt.<\/p>\n<p>N\u00eb mesfush\u00eb p\u00ebrve\u00e7 dyshes Hoxha-Rexhbecaj do t\u00eb jet\u00eb edhe Florent Muslija, nd\u00ebrsa dyshja e sulmit nuk pritet t\u00eb ndryshohet dhe t\u00eb jet\u00eb ajo me Vedat Muriqin dhe Fisnik Asllanin.<\/p>\n<p>Formacioni i mundsh\u00ebm i Kosov\u00ebs<\/p>\n<p>Muric; Vojvoda, Krasniqi, Rrahmani, Aliti, Gallapeni; Hoxha, Rexhbecaj, Muslija; Muriqi, Asllani;<\/p>\n<p>&nbsp;<\/p>\n","protected":false},"excerpt":{"rendered":"<p>Prishtin\u00eb, 18 n\u00ebntor 2025 18:04 P\u00ebrzgjedh\u00ebsi i Komb\u00ebtares s\u00eb Kosov\u00ebs, Franco Foda, pritet t\u2019i b\u00ebj\u00eb s\u00eb paku tri ndryshime n\u00eb formacion n\u00eb ndeshjen ndaj Zvicr\u00ebs,<\/p>\n","protected":false},"author":7,"featured_media":20856,"comment_status":"open","ping_status":"open","sticky":false,"template":"","format":"standard","meta":{"footnotes":""},"categories":[5],"tags":[],"class_list":["post-20855","post","type-post","status-publish","format-standard","has-post-thumbnail","hentry","category-sport-sq"],"yoast_head":"<!-- This site is optimized with the Yoast SEO plugin v25.3.1 - https:\/\/yoast.com\/wordpress\/plugins\/seo\/ -->\n<title>Formacioni i mundsh\u00ebm i Kosov\u00ebs ndaj Zvicr\u00ebs \u2013 Foda me disa ndryshime t\u00eb detyrueshme -<\/title>\n<meta name=\"robots\" content=\"index, follow, max-snippet:-1, max-image-preview:large, max-video-preview:-1\" \/>\n<link rel=\"canonical\" href=\"https:\/\/veritasinfo.org\/?p=20855\" \/>\n<meta property=\"og:locale\" content=\"en_US\" \/>\n<meta property=\"og:type\" content=\"article\" \/>\n<meta property=\"og:title\" content=\"Formacioni i mundsh\u00ebm i Kosov\u00ebs ndaj Zvicr\u00ebs \u2013 Foda me disa ndryshime t\u00eb detyrueshme -\" \/>\n<meta property=\"og:description\" content=\"Prishtin\u00eb, 18 n\u00ebntor 2025 18:04 P\u00ebrzgjedh\u00ebsi i Komb\u00ebtares s\u00eb Kosov\u00ebs, Franco Foda, pritet t\u2019i b\u00ebj\u00eb s\u00eb paku tri ndryshime n\u00eb formacion n\u00eb ndeshjen ndaj Zvicr\u00ebs,\" \/>\n<meta property=\"og:url\" content=\"https:\/\/veritasinfo.org\/?p=20855\" \/>\n<meta property=\"article:published_time\" content=\"2025-11-18T17:04:41+00:00\" \/>\n<meta property=\"og:image\" content=\"https:\/\/veritasinfo.org\/wp-content\/uploads\/2025\/11\/1-7.jpg\" \/>\n\t<meta property=\"og:image:width\" content=\"846\" \/>\n\t<meta property=\"og:image:height\" content=\"476\" \/>\n\t<meta property=\"og:image:type\" content=\"image\/jpeg\" \/>\n<meta name=\"author\" content=\"US6\" \/>\n<meta name=\"twitter:card\" content=\"summary_large_image\" \/>\n<meta name=\"twitter:label1\" content=\"Written by\" \/>\n\t<meta name=\"twitter:data1\" content=\"US6\" \/>\n\t<meta name=\"twitter:label2\" content=\"Est. reading time\" \/>\n\t<meta name=\"twitter:data2\" content=\"2 minutes\" \/>\n<script type=\"application\/ld+json\" class=\"yoast-schema-graph\">{\"@context\":\"https:\/\/schema.org\",\"@graph\":[{\"@type\":\"WebPage\",\"@id\":\"https:\/\/veritasinfo.org\/?p=20855\",\"url\":\"https:\/\/veritasinfo.org\/?p=20855\",\"name\":\"Formacioni i mundsh\u00ebm i Kosov\u00ebs ndaj Zvicr\u00ebs \u2013 Foda me disa ndryshime t\u00eb detyrueshme -\",\"isPartOf\":{\"@id\":\"https:\/\/veritasinfo.org\/#website\"},\"primaryImageOfPage\":{\"@id\":\"https:\/\/veritasinfo.org\/?p=20855#primaryimage\"},\"image\":{\"@id\":\"https:\/\/veritasinfo.org\/?p=20855#primaryimage\"},\"thumbnailUrl\":\"https:\/\/veritasinfo.org\/wp-content\/uploads\/2025\/11\/1-7.jpg\",\"datePublished\":\"2025-11-18T17:04:41+00:00\",\"author\":{\"@id\":\"https:\/\/veritasinfo.org\/#\/schema\/person\/fe199eede04c3937362892b7444747cc\"},\"breadcrumb\":{\"@id\":\"https:\/\/veritasinfo.org\/?p=20855#breadcrumb\"},\"inLanguage\":\"en-US\",\"potentialAction\":[{\"@type\":\"ReadAction\",\"target\":[\"https:\/\/veritasinfo.org\/?p=20855\"]}]},{\"@type\":\"ImageObject\",\"inLanguage\":\"en-US\",\"@id\":\"https:\/\/veritasinfo.org\/?p=20855#primaryimage\",\"url\":\"https:\/\/veritasinfo.org\/wp-content\/uploads\/2025\/11\/1-7.jpg\",\"contentUrl\":\"https:\/\/veritasinfo.org\/wp-content\/uploads\/2025\/11\/1-7.jpg\",\"width\":846,\"height\":476},{\"@type\":\"BreadcrumbList\",\"@id\":\"https:\/\/veritasinfo.org\/?p=20855#breadcrumb\",\"itemListElement\":[{\"@type\":\"ListItem\",\"position\":1,\"name\":\"Home\",\"item\":\"https:\/\/veritasinfo.org\/\"},{\"@type\":\"ListItem\",\"position\":2,\"name\":\"Formacioni i mundsh\u00ebm i Kosov\u00ebs ndaj Zvicr\u00ebs \u2013 Foda me disa ndryshime t\u00eb detyrueshme\"}]},{\"@type\":\"WebSite\",\"@id\":\"https:\/\/veritasinfo.org\/#website\",\"url\":\"https:\/\/veritasinfo.org\/\",\"name\":\"\",\"description\":\"\",\"potentialAction\":[{\"@type\":\"SearchAction\",\"target\":{\"@type\":\"EntryPoint\",\"urlTemplate\":\"https:\/\/veritasinfo.org\/?s={search_term_string}\"},\"query-input\":{\"@type\":\"PropertyValueSpecification\",\"valueRequired\":true,\"valueName\":\"search_term_string\"}}],\"inLanguage\":\"en-US\"},{\"@type\":\"Person\",\"@id\":\"https:\/\/veritasinfo.org\/#\/schema\/person\/fe199eede04c3937362892b7444747cc\",\"name\":\"US6\",\"image\":{\"@type\":\"ImageObject\",\"inLanguage\":\"en-US\",\"@id\":\"https:\/\/veritasinfo.org\/#\/schema\/person\/image\/\",\"url\":\"https:\/\/secure.gravatar.com\/avatar\/cb16c3c31c9d23b9b8c705964598220b3014e42ff51eb540ff23cefa3ae8c15f?s=96&d=mm&r=g\",\"contentUrl\":\"https:\/\/secure.gravatar.com\/avatar\/cb16c3c31c9d23b9b8c705964598220b3014e42ff51eb540ff23cefa3ae8c15f?s=96&d=mm&r=g\",\"caption\":\"US6\"},\"url\":\"https:\/\/veritasinfo.org\/?author=7\"}]}<\/script>\n<!-- \/ Yoast SEO plugin. -->","yoast_head_json":{"title":"Formacioni i mundsh\u00ebm i Kosov\u00ebs ndaj Zvicr\u00ebs \u2013 Foda me disa ndryshime t\u00eb detyrueshme -","robots":{"index":"index","follow":"follow","max-snippet":"max-snippet:-1","max-image-preview":"max-image-preview:large","max-video-preview":"max-video-preview:-1"},"canonical":"https:\/\/veritasinfo.org\/?p=20855","og_locale":"en_US","og_type":"article","og_title":"Formacioni i mundsh\u00ebm i Kosov\u00ebs ndaj Zvicr\u00ebs \u2013 Foda me disa ndryshime t\u00eb detyrueshme -","og_description":"Prishtin\u00eb, 18 n\u00ebntor 2025 18:04 P\u00ebrzgjedh\u00ebsi i Komb\u00ebtares s\u00eb Kosov\u00ebs, Franco Foda, pritet t\u2019i b\u00ebj\u00eb s\u00eb paku tri ndryshime n\u00eb formacion n\u00eb ndeshjen ndaj Zvicr\u00ebs,","og_url":"https:\/\/veritasinfo.org\/?p=20855","article_published_time":"2025-11-18T17:04:41+00:00","og_image":[{"width":846,"height":476,"url":"https:\/\/veritasinfo.org\/wp-content\/uploads\/2025\/11\/1-7.jpg","type":"image\/jpeg"}],"author":"US6","twitter_card":"summary_large_image","twitter_misc":{"Written by":"US6","Est. reading time":"2 minutes"},"schema":{"@context":"https:\/\/schema.org","@graph":[{"@type":"WebPage","@id":"https:\/\/veritasinfo.org\/?p=20855","url":"https:\/\/veritasinfo.org\/?p=20855","name":"Formacioni i mundsh\u00ebm i Kosov\u00ebs ndaj Zvicr\u00ebs \u2013 Foda me disa ndryshime t\u00eb detyrueshme -","isPartOf":{"@id":"https:\/\/veritasinfo.org\/#website"},"primaryImageOfPage":{"@id":"https:\/\/veritasinfo.org\/?p=20855#primaryimage"},"image":{"@id":"https:\/\/veritasinfo.org\/?p=20855#primaryimage"},"thumbnailUrl":"https:\/\/veritasinfo.org\/wp-content\/uploads\/2025\/11\/1-7.jpg","datePublished":"2025-11-18T17:04:41+00:00","author":{"@id":"https:\/\/veritasinfo.org\/#\/schema\/person\/fe199eede04c3937362892b7444747cc"},"breadcrumb":{"@id":"https:\/\/veritasinfo.org\/?p=20855#breadcrumb"},"inLanguage":"en-US","potentialAction":[{"@type":"ReadAction","target":["https:\/\/veritasinfo.org\/?p=20855"]}]},{"@type":"ImageObject","inLanguage":"en-US","@id":"https:\/\/veritasinfo.org\/?p=20855#primaryimage","url":"https:\/\/veritasinfo.org\/wp-content\/uploads\/2025\/11\/1-7.jpg","contentUrl":"https:\/\/veritasinfo.org\/wp-content\/uploads\/2025\/11\/1-7.jpg","width":846,"height":476},{"@type":"BreadcrumbList","@id":"https:\/\/veritasinfo.org\/?p=20855#breadcrumb","itemListElement":[{"@type":"ListItem","position":1,"name":"Home","item":"https:\/\/veritasinfo.org\/"},{"@type":"ListItem","position":2,"name":"Formacioni i mundsh\u00ebm i Kosov\u00ebs ndaj Zvicr\u00ebs \u2013 Foda me disa ndryshime t\u00eb detyrueshme"}]},{"@type":"WebSite","@id":"https:\/\/veritasinfo.org\/#website","url":"https:\/\/veritasinfo.org\/","name":"","description":"","potentialAction":[{"@type":"SearchAction","target":{"@type":"EntryPoint","urlTemplate":"https:\/\/veritasinfo.org\/?s={search_term_string}"},"query-input":{"@type":"PropertyValueSpecification","valueRequired":true,"valueName":"search_term_string"}}],"inLanguage":"en-US"},{"@type":"Person","@id":"https:\/\/veritasinfo.org\/#\/schema\/person\/fe199eede04c3937362892b7444747cc","name":"US6","image":{"@type":"ImageObject","inLanguage":"en-US","@id":"https:\/\/veritasinfo.org\/#\/schema\/person\/image\/","url":"https:\/\/secure.gravatar.com\/avatar\/cb16c3c31c9d23b9b8c705964598220b3014e42ff51eb540ff23cefa3ae8c15f?s=96&d=mm&r=g","contentUrl":"https:\/\/secure.gravatar.com\/avatar\/cb16c3c31c9d23b9b8c705964598220b3014e42ff51eb540ff23cefa3ae8c15f?s=96&d=mm&r=g","caption":"US6"},"url":"https:\/\/veritasinfo.org\/?author=7"}]}},"featured_image_urls":{"full":["https:\/\/veritasinfo.org\/wp-content\/uploads\/2025\/11\/1-7.jpg",846,476,false],"thumbnail":["https:\/\/veritasinfo.org\/wp-content\/uploads\/2025\/11\/1-7-150x150.jpg",150,150,true],"medium":["https:\/\/veritasinfo.org\/wp-content\/uploads\/2025\/11\/1-7-300x169.jpg",300,169,true],"medium_large":["https:\/\/veritasinfo.org\/wp-content\/uploads\/2025\/11\/1-7-768x432.jpg",640,360,true],"large":["https:\/\/veritasinfo.org\/wp-content\/uploads\/2025\/11\/1-7.jpg",640,360,false],"1536x1536":["https:\/\/veritasinfo.org\/wp-content\/uploads\/2025\/11\/1-7.jpg",846,476,false],"2048x2048":["https:\/\/veritasinfo.org\/wp-content\/uploads\/2025\/11\/1-7.jpg",846,476,false],"kreeti-slider-full":["https:\/\/veritasinfo.org\/wp-content\/uploads\/2025\/11\/1-7.jpg",846,476,false],"kreeti-featured":["https:\/\/veritasinfo.org\/wp-content\/uploads\/2025\/11\/1-7.jpg",846,476,false],"kreeti-medium":["https:\/\/veritasinfo.org\/wp-content\/uploads\/2025\/11\/1-7.jpg",720,405,false],"kreeti-medium-square":["https:\/\/veritasinfo.org\/wp-content\/uploads\/2025\/11\/1-7.jpg",350,197,false]},"author_info":{"info":["US6"]},"category_info":"<a href=\"https:\/\/veritasinfo.org\/?cat=5\" rel=\"category\">Sport<\/a>","tag_info":"Sport","comment_count":"0","_links":{"self":[{"href":"https:\/\/veritasinfo.org\/index.php?rest_route=\/wp\/v2\/posts\/20855","targetHints":{"allow":["GET"]}}],"collection":[{"href":"https:\/\/veritasinfo.org\/index.php?rest_route=\/wp\/v2\/posts"}],"about":[{"href":"https:\/\/veritasinfo.org\/index.php?rest_route=\/wp\/v2\/types\/post"}],"author":[{"embeddable":true,"href":"https:\/\/veritasinfo.org\/index.php?rest_route=\/wp\/v2\/users\/7"}],"replies":[{"embeddable":true,"href":"https:\/\/veritasinfo.org\/index.php?rest_route=%2Fwp%2Fv2%2Fcomments&post=20855"}],"version-history":[{"count":1,"href":"https:\/\/veritasinfo.org\/index.php?rest_route=\/wp\/v2\/posts\/20855\/revisions"}],"predecessor-version":[{"id":20857,"href":"https:\/\/veritasinfo.org\/index.php?rest_route=\/wp\/v2\/posts\/20855\/revisions\/20857"}],"wp:featuredmedia":[{"embeddable":true,"href":"https:\/\/veritasinfo.org\/index.php?rest_route=\/wp\/v2\/media\/20856"}],"wp:attachment":[{"href":"https:\/\/veritasinfo.org\/index.php?rest_route=%2Fwp%2Fv2%2Fmedia&parent=20855"}],"wp:term":[{"taxonomy":"category","embeddable":true,"href":"https:\/\/veritasinfo.org\/index.php?rest_route=%2Fwp%2Fv2%2Fcategories&post=20855"},{"taxonomy":"post_tag","embeddable":true,"href":"https:\/\/veritasinfo.org\/index.php?rest_route=%2Fwp%2Fv2%2Ftags&post=20855"}],"curies":[{"name":"wp","href":"https:\/\/api.w.org\/{rel}","templated":true}]}}