{"id":20845,"date":"2025-11-18T17:38:24","date_gmt":"2025-11-18T16:38:24","guid":{"rendered":"https:\/\/veritasinfo.org\/?p=20845"},"modified":"2025-11-18T17:38:24","modified_gmt":"2025-11-18T16:38:24","slug":"neser-seanca-per-formimin-e-qeverise-se-kosoves","status":"publish","type":"post","link":"https:\/\/veritasinfo.org\/?p=20845","title":{"rendered":"Nes\u00ebr seanca p\u00ebr formimin e Qeveris\u00eb s\u00eb Kosov\u00ebs"},"content":{"rendered":"<p>Prishtin\u00eb 18 N\u00ebntor 2025 17:36<\/p>\n<p>Seanca p\u00ebr formimin e Qeveris\u00eb s\u00eb Kosov\u00ebs do t\u00eb mbahet nes\u00ebr (e m\u00ebrkur\u00eb) me fillim n\u00eb ora 14:00.<\/p>\n<p>K\u00ebshtu ka b\u00ebr\u00eb t\u00eb ditur p\u00ebr t\u00ebv\u00eb1.info drejtori i Drejtoris\u00eb p\u00ebr Media dhe Marr\u00ebdh\u00ebnie me Publikun nga Kuvendi i Kosov\u00ebs, Musli Krasniqi.<\/p>\n<p>Nd\u00ebrkoh\u00eb nga ora 11:00 do t\u00eb mbahet nj\u00eb seanc\u00eb p\u00ebr buxhetin, marr\u00ebveshjet nd\u00ebrkomb\u00ebtare e p\u00ebr buxhetin e RTK-s\u00eb.<\/p>\n<p>Ndryshe, seanca p\u00ebr Qeverin\u00eb mbahet n\u00eb dit\u00ebn e fundit t\u00eb mandatit kushtetues, pasi presidentja Vjosa Osmani, mandatoi m\u00eb 4 n\u00ebntor Glauk Konjufc\u00ebn nga L\u00ebvizja Vet\u00ebvendosje p\u00ebr formimin e ekzekutivit t\u00eb ri.<\/p>\n<p>Konjufca \u00ebsht\u00eb mandatari i dyt\u00eb i LVV-s\u00eb q\u00eb do t\u00eb provoj\u00eb t\u00eb formoj\u00eb Qeverin\u00eb e re, pas kreut t\u00eb partis\u00eb, Albin Kurti, i cili m\u00eb 26 tetor d\u00ebshtoi t\u00eb siguroj\u00eb votat e nevojshme.<\/p>\n<p>Kjo parti, ndon\u00ebse ka fituar m\u00eb s\u00eb shumti vota n\u00eb zgjedhjet e fillimvitit, nuk ka siguruar mjaftuesh\u00ebm vende n\u00eb Kuvend p\u00ebr ta zgjedhur e vetme Qeverin\u00eb.<\/p>\n<p>Sipas praktikave, Konjufca pritet t\u00eb paraqes\u00eb nj\u00eb ekspoze para 120 deputet\u00ebve dhe t\u00eb prezantoj\u00eb kabinetin e ri qeveris\u00ebs, p\u00ebr votimin e t\u00eb cilit k\u00ebrkohen t\u00eb pakt\u00ebn 61 vota.<\/p>\n<p>Pas propozimit si mandatar nga LVV-ja, Konjufca tha se d\u00ebshiron bashk\u00ebpunim me partit\u00eb parlamentare, por jo edhe ndonj\u00eb marr\u00ebveshje koalicioni.<\/p>\n<p>Ai tha se k\u00ebrkon mb\u00ebshtetjen e deputet\u00ebve p\u00ebr Qeverin\u00eb e tij, n\u00eb m\u00ebnyr\u00eb q\u00eb t\u00eb shmangen zgjedhjet parlamentare n\u00eb dhjetor dhe q\u00eb vendi t\u00eb ket\u00eb ekzekutiv \u201cs\u00eb paku\u201d deri n\u00eb prill, kur duhet t\u00eb zgjidhet presidenti i ri i vendit.<\/p>\n<p>Nd\u00ebrkaq, kreu i LVV-s\u00eb, Albin Kurti, ka deklaruar se nuk sheh as \u201cmund\u00ebsi teorike\u201d q\u00eb t\u00eb arrihet nj\u00eb koalicion me partit\u00eb e tjera shqiptare, t\u00eb cilat, sipas tij, kan\u00eb \u201cnd\u00ebrtuar nj\u00eb urrejtje hibride ndaj meje\u201d.<\/p>\n","protected":false},"excerpt":{"rendered":"<p>Prishtin\u00eb 18 N\u00ebntor 2025 17:36 Seanca p\u00ebr formimin e Qeveris\u00eb s\u00eb Kosov\u00ebs do t\u00eb mbahet nes\u00ebr (e m\u00ebrkur\u00eb) me fillim n\u00eb ora 14:00. K\u00ebshtu ka<\/p>\n","protected":false},"author":6,"featured_media":20846,"comment_status":"open","ping_status":"open","sticky":false,"template":"","format":"standard","meta":{"footnotes":""},"categories":[58],"tags":[],"class_list":["post-20845","post","type-post","status-publish","format-standard","has-post-thumbnail","hentry","category-politike-sq"],"yoast_head":"<!-- This site is optimized with the Yoast SEO plugin v25.3.1 - https:\/\/yoast.com\/wordpress\/plugins\/seo\/ -->\n<title>Nes\u00ebr seanca p\u00ebr formimin e Qeveris\u00eb s\u00eb Kosov\u00ebs -<\/title>\n<meta name=\"robots\" content=\"index, follow, max-snippet:-1, max-image-preview:large, max-video-preview:-1\" \/>\n<link rel=\"canonical\" href=\"https:\/\/veritasinfo.org\/?p=20845\" \/>\n<meta property=\"og:locale\" content=\"en_US\" \/>\n<meta property=\"og:type\" content=\"article\" \/>\n<meta property=\"og:title\" content=\"Nes\u00ebr seanca p\u00ebr formimin e Qeveris\u00eb s\u00eb Kosov\u00ebs -\" \/>\n<meta property=\"og:description\" content=\"Prishtin\u00eb 18 N\u00ebntor 2025 17:36 Seanca p\u00ebr formimin e Qeveris\u00eb s\u00eb Kosov\u00ebs do t\u00eb mbahet nes\u00ebr (e m\u00ebrkur\u00eb) me fillim n\u00eb ora 14:00. K\u00ebshtu ka\" \/>\n<meta property=\"og:url\" content=\"https:\/\/veritasinfo.org\/?p=20845\" \/>\n<meta property=\"article:published_time\" content=\"2025-11-18T16:38:24+00:00\" \/>\n<meta property=\"og:image\" content=\"https:\/\/veritasinfo.org\/wp-content\/uploads\/2025\/11\/IMG-20251118-WA0009.jpg\" \/>\n\t<meta property=\"og:image:width\" content=\"900\" \/>\n\t<meta property=\"og:image:height\" content=\"468\" \/>\n\t<meta property=\"og:image:type\" content=\"image\/jpeg\" \/>\n<meta name=\"author\" content=\"US5\" \/>\n<meta name=\"twitter:card\" content=\"summary_large_image\" \/>\n<meta name=\"twitter:label1\" content=\"Written by\" \/>\n\t<meta name=\"twitter:data1\" content=\"US5\" \/>\n<script type=\"application\/ld+json\" class=\"yoast-schema-graph\">{\"@context\":\"https:\/\/schema.org\",\"@graph\":[{\"@type\":\"WebPage\",\"@id\":\"https:\/\/veritasinfo.org\/?p=20845\",\"url\":\"https:\/\/veritasinfo.org\/?p=20845\",\"name\":\"Nes\u00ebr seanca p\u00ebr formimin e Qeveris\u00eb s\u00eb Kosov\u00ebs -\",\"isPartOf\":{\"@id\":\"https:\/\/veritasinfo.org\/#website\"},\"primaryImageOfPage\":{\"@id\":\"https:\/\/veritasinfo.org\/?p=20845#primaryimage\"},\"image\":{\"@id\":\"https:\/\/veritasinfo.org\/?p=20845#primaryimage\"},\"thumbnailUrl\":\"https:\/\/veritasinfo.org\/wp-content\/uploads\/2025\/11\/IMG-20251118-WA0009.jpg\",\"datePublished\":\"2025-11-18T16:38:24+00:00\",\"author\":{\"@id\":\"https:\/\/veritasinfo.org\/#\/schema\/person\/bc442336e35414d04494ab8fb45db4c6\"},\"breadcrumb\":{\"@id\":\"https:\/\/veritasinfo.org\/?p=20845#breadcrumb\"},\"inLanguage\":\"en-US\",\"potentialAction\":[{\"@type\":\"ReadAction\",\"target\":[\"https:\/\/veritasinfo.org\/?p=20845\"]}]},{\"@type\":\"ImageObject\",\"inLanguage\":\"en-US\",\"@id\":\"https:\/\/veritasinfo.org\/?p=20845#primaryimage\",\"url\":\"https:\/\/veritasinfo.org\/wp-content\/uploads\/2025\/11\/IMG-20251118-WA0009.jpg\",\"contentUrl\":\"https:\/\/veritasinfo.org\/wp-content\/uploads\/2025\/11\/IMG-20251118-WA0009.jpg\",\"width\":900,\"height\":468},{\"@type\":\"BreadcrumbList\",\"@id\":\"https:\/\/veritasinfo.org\/?p=20845#breadcrumb\",\"itemListElement\":[{\"@type\":\"ListItem\",\"position\":1,\"name\":\"Home\",\"item\":\"https:\/\/veritasinfo.org\/\"},{\"@type\":\"ListItem\",\"position\":2,\"name\":\"Nes\u00ebr seanca p\u00ebr formimin e Qeveris\u00eb s\u00eb Kosov\u00ebs\"}]},{\"@type\":\"WebSite\",\"@id\":\"https:\/\/veritasinfo.org\/#website\",\"url\":\"https:\/\/veritasinfo.org\/\",\"name\":\"\",\"description\":\"\",\"potentialAction\":[{\"@type\":\"SearchAction\",\"target\":{\"@type\":\"EntryPoint\",\"urlTemplate\":\"https:\/\/veritasinfo.org\/?s={search_term_string}\"},\"query-input\":{\"@type\":\"PropertyValueSpecification\",\"valueRequired\":true,\"valueName\":\"search_term_string\"}}],\"inLanguage\":\"en-US\"},{\"@type\":\"Person\",\"@id\":\"https:\/\/veritasinfo.org\/#\/schema\/person\/bc442336e35414d04494ab8fb45db4c6\",\"name\":\"US5\",\"image\":{\"@type\":\"ImageObject\",\"inLanguage\":\"en-US\",\"@id\":\"https:\/\/veritasinfo.org\/#\/schema\/person\/image\/\",\"url\":\"https:\/\/secure.gravatar.com\/avatar\/16a61e7272a0c5d001121ebb9e60e925d5816e4ac1e443ed3e640d9a6ae55d0c?s=96&d=mm&r=g\",\"contentUrl\":\"https:\/\/secure.gravatar.com\/avatar\/16a61e7272a0c5d001121ebb9e60e925d5816e4ac1e443ed3e640d9a6ae55d0c?s=96&d=mm&r=g\",\"caption\":\"US5\"},\"url\":\"https:\/\/veritasinfo.org\/?author=6\"}]}<\/script>\n<!-- \/ Yoast SEO plugin. -->","yoast_head_json":{"title":"Nes\u00ebr seanca p\u00ebr formimin e Qeveris\u00eb s\u00eb Kosov\u00ebs -","robots":{"index":"index","follow":"follow","max-snippet":"max-snippet:-1","max-image-preview":"max-image-preview:large","max-video-preview":"max-video-preview:-1"},"canonical":"https:\/\/veritasinfo.org\/?p=20845","og_locale":"en_US","og_type":"article","og_title":"Nes\u00ebr seanca p\u00ebr formimin e Qeveris\u00eb s\u00eb Kosov\u00ebs -","og_description":"Prishtin\u00eb 18 N\u00ebntor 2025 17:36 Seanca p\u00ebr formimin e Qeveris\u00eb s\u00eb Kosov\u00ebs do t\u00eb mbahet nes\u00ebr (e m\u00ebrkur\u00eb) me fillim n\u00eb ora 14:00. K\u00ebshtu ka","og_url":"https:\/\/veritasinfo.org\/?p=20845","article_published_time":"2025-11-18T16:38:24+00:00","og_image":[{"width":900,"height":468,"url":"https:\/\/veritasinfo.org\/wp-content\/uploads\/2025\/11\/IMG-20251118-WA0009.jpg","type":"image\/jpeg"}],"author":"US5","twitter_card":"summary_large_image","twitter_misc":{"Written by":"US5"},"schema":{"@context":"https:\/\/schema.org","@graph":[{"@type":"WebPage","@id":"https:\/\/veritasinfo.org\/?p=20845","url":"https:\/\/veritasinfo.org\/?p=20845","name":"Nes\u00ebr seanca p\u00ebr formimin e Qeveris\u00eb s\u00eb Kosov\u00ebs -","isPartOf":{"@id":"https:\/\/veritasinfo.org\/#website"},"primaryImageOfPage":{"@id":"https:\/\/veritasinfo.org\/?p=20845#primaryimage"},"image":{"@id":"https:\/\/veritasinfo.org\/?p=20845#primaryimage"},"thumbnailUrl":"https:\/\/veritasinfo.org\/wp-content\/uploads\/2025\/11\/IMG-20251118-WA0009.jpg","datePublished":"2025-11-18T16:38:24+00:00","author":{"@id":"https:\/\/veritasinfo.org\/#\/schema\/person\/bc442336e35414d04494ab8fb45db4c6"},"breadcrumb":{"@id":"https:\/\/veritasinfo.org\/?p=20845#breadcrumb"},"inLanguage":"en-US","potentialAction":[{"@type":"ReadAction","target":["https:\/\/veritasinfo.org\/?p=20845"]}]},{"@type":"ImageObject","inLanguage":"en-US","@id":"https:\/\/veritasinfo.org\/?p=20845#primaryimage","url":"https:\/\/veritasinfo.org\/wp-content\/uploads\/2025\/11\/IMG-20251118-WA0009.jpg","contentUrl":"https:\/\/veritasinfo.org\/wp-content\/uploads\/2025\/11\/IMG-20251118-WA0009.jpg","width":900,"height":468},{"@type":"BreadcrumbList","@id":"https:\/\/veritasinfo.org\/?p=20845#breadcrumb","itemListElement":[{"@type":"ListItem","position":1,"name":"Home","item":"https:\/\/veritasinfo.org\/"},{"@type":"ListItem","position":2,"name":"Nes\u00ebr seanca p\u00ebr formimin e Qeveris\u00eb s\u00eb Kosov\u00ebs"}]},{"@type":"WebSite","@id":"https:\/\/veritasinfo.org\/#website","url":"https:\/\/veritasinfo.org\/","name":"","description":"","potentialAction":[{"@type":"SearchAction","target":{"@type":"EntryPoint","urlTemplate":"https:\/\/veritasinfo.org\/?s={search_term_string}"},"query-input":{"@type":"PropertyValueSpecification","valueRequired":true,"valueName":"search_term_string"}}],"inLanguage":"en-US"},{"@type":"Person","@id":"https:\/\/veritasinfo.org\/#\/schema\/person\/bc442336e35414d04494ab8fb45db4c6","name":"US5","image":{"@type":"ImageObject","inLanguage":"en-US","@id":"https:\/\/veritasinfo.org\/#\/schema\/person\/image\/","url":"https:\/\/secure.gravatar.com\/avatar\/16a61e7272a0c5d001121ebb9e60e925d5816e4ac1e443ed3e640d9a6ae55d0c?s=96&d=mm&r=g","contentUrl":"https:\/\/secure.gravatar.com\/avatar\/16a61e7272a0c5d001121ebb9e60e925d5816e4ac1e443ed3e640d9a6ae55d0c?s=96&d=mm&r=g","caption":"US5"},"url":"https:\/\/veritasinfo.org\/?author=6"}]}},"featured_image_urls":{"full":["https:\/\/veritasinfo.org\/wp-content\/uploads\/2025\/11\/IMG-20251118-WA0009.jpg",900,468,false],"thumbnail":["https:\/\/veritasinfo.org\/wp-content\/uploads\/2025\/11\/IMG-20251118-WA0009-150x150.jpg",150,150,true],"medium":["https:\/\/veritasinfo.org\/wp-content\/uploads\/2025\/11\/IMG-20251118-WA0009-300x156.jpg",300,156,true],"medium_large":["https:\/\/veritasinfo.org\/wp-content\/uploads\/2025\/11\/IMG-20251118-WA0009-768x399.jpg",640,333,true],"large":["https:\/\/veritasinfo.org\/wp-content\/uploads\/2025\/11\/IMG-20251118-WA0009.jpg",640,333,false],"1536x1536":["https:\/\/veritasinfo.org\/wp-content\/uploads\/2025\/11\/IMG-20251118-WA0009.jpg",900,468,false],"2048x2048":["https:\/\/veritasinfo.org\/wp-content\/uploads\/2025\/11\/IMG-20251118-WA0009.jpg",900,468,false],"kreeti-slider-full":["https:\/\/veritasinfo.org\/wp-content\/uploads\/2025\/11\/IMG-20251118-WA0009.jpg",900,468,false],"kreeti-featured":["https:\/\/veritasinfo.org\/wp-content\/uploads\/2025\/11\/IMG-20251118-WA0009.jpg",900,468,false],"kreeti-medium":["https:\/\/veritasinfo.org\/wp-content\/uploads\/2025\/11\/IMG-20251118-WA0009.jpg",720,374,false],"kreeti-medium-square":["https:\/\/veritasinfo.org\/wp-content\/uploads\/2025\/11\/IMG-20251118-WA0009.jpg",350,182,false]},"author_info":{"info":["US5"]},"category_info":"<a href=\"https:\/\/veritasinfo.org\/?cat=58\" rel=\"category\">Politik\u00eb<\/a>","tag_info":"Politik\u00eb","comment_count":"0","_links":{"self":[{"href":"https:\/\/veritasinfo.org\/index.php?rest_route=\/wp\/v2\/posts\/20845","targetHints":{"allow":["GET"]}}],"collection":[{"href":"https:\/\/veritasinfo.org\/index.php?rest_route=\/wp\/v2\/posts"}],"about":[{"href":"https:\/\/veritasinfo.org\/index.php?rest_route=\/wp\/v2\/types\/post"}],"author":[{"embeddable":true,"href":"https:\/\/veritasinfo.org\/index.php?rest_route=\/wp\/v2\/users\/6"}],"replies":[{"embeddable":true,"href":"https:\/\/veritasinfo.org\/index.php?rest_route=%2Fwp%2Fv2%2Fcomments&post=20845"}],"version-history":[{"count":1,"href":"https:\/\/veritasinfo.org\/index.php?rest_route=\/wp\/v2\/posts\/20845\/revisions"}],"predecessor-version":[{"id":20847,"href":"https:\/\/veritasinfo.org\/index.php?rest_route=\/wp\/v2\/posts\/20845\/revisions\/20847"}],"wp:featuredmedia":[{"embeddable":true,"href":"https:\/\/veritasinfo.org\/index.php?rest_route=\/wp\/v2\/media\/20846"}],"wp:attachment":[{"href":"https:\/\/veritasinfo.org\/index.php?rest_route=%2Fwp%2Fv2%2Fmedia&parent=20845"}],"wp:term":[{"taxonomy":"category","embeddable":true,"href":"https:\/\/veritasinfo.org\/index.php?rest_route=%2Fwp%2Fv2%2Fcategories&post=20845"},{"taxonomy":"post_tag","embeddable":true,"href":"https:\/\/veritasinfo.org\/index.php?rest_route=%2Fwp%2Fv2%2Ftags&post=20845"}],"curies":[{"name":"wp","href":"https:\/\/api.w.org\/{rel}","templated":true}]}}