{"id":2084,"date":"2025-06-30T19:55:36","date_gmt":"2025-06-30T17:55:36","guid":{"rendered":"https:\/\/veritasinfo.org\/?p=2084"},"modified":"2025-06-30T19:55:36","modified_gmt":"2025-06-30T17:55:36","slug":"komandanti-i-kfor-it-tensionet-ne-veri-deshmojne-nevojen-per-nje-dialog-te-ndershem-midis-kosoves-dhe-serbise","status":"publish","type":"post","link":"https:\/\/veritasinfo.org\/?p=2084","title":{"rendered":"Komandanti i KFOR-it: Tensionet n\u00eb veri d\u00ebshmojn\u00eb nevoj\u00ebn p\u00ebr nj\u00eb dialog t\u00eb ndersh\u00ebm midis Kosov\u00ebs dhe Serbis\u00eb"},"content":{"rendered":"<p><strong>Prishtin\u00eb, 30 qershor, 2025<\/strong><\/p>\n<p>Komandanti i KFOR-it, Gjeneral Major Enrico Barduani, tha se megjith\u00ebse situata e siguris\u00eb n\u00eb Kosov\u00eb \u00ebsht\u00eb kryesisht paq\u00ebsore, ajo mbetet ende e brisht\u00eb p\u00ebr shkak t\u00eb \u00e7\u00ebshtjeve t\u00eb pazgjidhura politike.<\/p>\n<p>Bardouani theksoi angazhimin e NATO-s p\u00ebr t\u00eb ruajtur sigurin\u00eb dhe stabilitetin n\u00eb vend, duke theksuar se dialogu me nd\u00ebrmjet\u00ebsimin e Bashkimit Evropian \u00ebsht\u00eb e vetmja m\u00ebnyr\u00eb p\u00ebr nj\u00eb paqe t\u00eb q\u00ebndrueshme.<\/p>\n<p>&#8220;Pavar\u00ebsisht p\u00ebrmir\u00ebsimeve t\u00eb m\u00ebdha q\u00eb kemi par\u00eb gjat\u00eb dy dekadave t\u00eb fundit, situata mbetet e ndjeshme p\u00ebr shkak t\u00eb \u00e7\u00ebshtjeve politike t\u00eb pazgjidhura. Tensionet e vitit 2023 \u00e7uan n\u00eb nj\u00eb rritje t\u00eb pranis\u00eb s\u00eb KFOR-it me m\u00eb shum\u00eb se 1,000 ushtar\u00eb shtes\u00eb &#8211; nj\u00eb nga p\u00ebrforcimet m\u00eb t\u00eb m\u00ebdha n\u00eb k\u00ebt\u00eb dekad\u00eb&#8221;, tha Barduani n\u00eb nj\u00eb intervist\u00eb p\u00ebr RTV Dukagjini.<\/p>\n","protected":false},"excerpt":{"rendered":"<p>Prishtin\u00eb, 30 qershor, 2025 Komandanti i KFOR-it, Gjeneral Major Enrico Barduani, tha se megjith\u00ebse situata e siguris\u00eb n\u00eb Kosov\u00eb \u00ebsht\u00eb kryesisht paq\u00ebsore, ajo mbetet ende<\/p>\n","protected":false},"author":2,"featured_media":2085,"comment_status":"open","ping_status":"open","sticky":false,"template":"","format":"standard","meta":{"footnotes":""},"categories":[58],"tags":[],"class_list":["post-2084","post","type-post","status-publish","format-standard","has-post-thumbnail","hentry","category-politike-sq"],"yoast_head":"<!-- This site is optimized with the Yoast SEO plugin v25.3.1 - https:\/\/yoast.com\/wordpress\/plugins\/seo\/ -->\n<title>Komandanti i KFOR-it: Tensionet n\u00eb veri d\u00ebshmojn\u00eb nevoj\u00ebn p\u00ebr nj\u00eb dialog t\u00eb ndersh\u00ebm midis Kosov\u00ebs dhe Serbis\u00eb -<\/title>\n<meta name=\"robots\" content=\"index, follow, max-snippet:-1, max-image-preview:large, max-video-preview:-1\" \/>\n<link rel=\"canonical\" href=\"https:\/\/veritasinfo.org\/?p=2084\" \/>\n<meta property=\"og:locale\" content=\"en_US\" \/>\n<meta property=\"og:type\" content=\"article\" \/>\n<meta property=\"og:title\" content=\"Komandanti i KFOR-it: Tensionet n\u00eb veri d\u00ebshmojn\u00eb nevoj\u00ebn p\u00ebr nj\u00eb dialog t\u00eb ndersh\u00ebm midis Kosov\u00ebs dhe Serbis\u00eb -\" \/>\n<meta property=\"og:description\" content=\"Prishtin\u00eb, 30 qershor, 2025 Komandanti i KFOR-it, Gjeneral Major Enrico Barduani, tha se megjith\u00ebse situata e siguris\u00eb n\u00eb Kosov\u00eb \u00ebsht\u00eb kryesisht paq\u00ebsore, ajo mbetet ende\" \/>\n<meta property=\"og:url\" content=\"https:\/\/veritasinfo.org\/?p=2084\" \/>\n<meta property=\"article:published_time\" content=\"2025-06-30T17:55:36+00:00\" \/>\n<meta property=\"og:image\" content=\"https:\/\/veritasinfo.org\/wp-content\/uploads\/2025\/06\/Enrico-Barduani.jpg\" \/>\n\t<meta property=\"og:image:width\" content=\"1701\" \/>\n\t<meta property=\"og:image:height\" content=\"957\" \/>\n\t<meta property=\"og:image:type\" content=\"image\/jpeg\" \/>\n<meta name=\"author\" content=\"US1\" \/>\n<meta name=\"twitter:card\" content=\"summary_large_image\" \/>\n<meta name=\"twitter:label1\" content=\"Written by\" \/>\n\t<meta name=\"twitter:data1\" content=\"US1\" \/>\n\t<meta name=\"twitter:label2\" content=\"Est. reading time\" \/>\n\t<meta name=\"twitter:data2\" content=\"1 minute\" \/>\n<script type=\"application\/ld+json\" class=\"yoast-schema-graph\">{\"@context\":\"https:\/\/schema.org\",\"@graph\":[{\"@type\":\"WebPage\",\"@id\":\"https:\/\/veritasinfo.org\/?p=2084\",\"url\":\"https:\/\/veritasinfo.org\/?p=2084\",\"name\":\"Komandanti i KFOR-it: Tensionet n\u00eb veri d\u00ebshmojn\u00eb nevoj\u00ebn p\u00ebr nj\u00eb dialog t\u00eb ndersh\u00ebm midis Kosov\u00ebs dhe Serbis\u00eb -\",\"isPartOf\":{\"@id\":\"https:\/\/veritasinfo.org\/#website\"},\"primaryImageOfPage\":{\"@id\":\"https:\/\/veritasinfo.org\/?p=2084#primaryimage\"},\"image\":{\"@id\":\"https:\/\/veritasinfo.org\/?p=2084#primaryimage\"},\"thumbnailUrl\":\"https:\/\/veritasinfo.org\/wp-content\/uploads\/2025\/06\/Enrico-Barduani.jpg\",\"datePublished\":\"2025-06-30T17:55:36+00:00\",\"author\":{\"@id\":\"https:\/\/veritasinfo.org\/#\/schema\/person\/c2b8be262ea994d0995addca692c5e98\"},\"breadcrumb\":{\"@id\":\"https:\/\/veritasinfo.org\/?p=2084#breadcrumb\"},\"inLanguage\":\"en-US\",\"potentialAction\":[{\"@type\":\"ReadAction\",\"target\":[\"https:\/\/veritasinfo.org\/?p=2084\"]}]},{\"@type\":\"ImageObject\",\"inLanguage\":\"en-US\",\"@id\":\"https:\/\/veritasinfo.org\/?p=2084#primaryimage\",\"url\":\"https:\/\/veritasinfo.org\/wp-content\/uploads\/2025\/06\/Enrico-Barduani.jpg\",\"contentUrl\":\"https:\/\/veritasinfo.org\/wp-content\/uploads\/2025\/06\/Enrico-Barduani.jpg\",\"width\":1701,\"height\":957},{\"@type\":\"BreadcrumbList\",\"@id\":\"https:\/\/veritasinfo.org\/?p=2084#breadcrumb\",\"itemListElement\":[{\"@type\":\"ListItem\",\"position\":1,\"name\":\"Home\",\"item\":\"https:\/\/veritasinfo.org\/\"},{\"@type\":\"ListItem\",\"position\":2,\"name\":\"Komandanti i KFOR-it: Tensionet n\u00eb veri d\u00ebshmojn\u00eb nevoj\u00ebn p\u00ebr nj\u00eb dialog t\u00eb ndersh\u00ebm midis Kosov\u00ebs dhe Serbis\u00eb\"}]},{\"@type\":\"WebSite\",\"@id\":\"https:\/\/veritasinfo.org\/#website\",\"url\":\"https:\/\/veritasinfo.org\/\",\"name\":\"\",\"description\":\"\",\"potentialAction\":[{\"@type\":\"SearchAction\",\"target\":{\"@type\":\"EntryPoint\",\"urlTemplate\":\"https:\/\/veritasinfo.org\/?s={search_term_string}\"},\"query-input\":{\"@type\":\"PropertyValueSpecification\",\"valueRequired\":true,\"valueName\":\"search_term_string\"}}],\"inLanguage\":\"en-US\"},{\"@type\":\"Person\",\"@id\":\"https:\/\/veritasinfo.org\/#\/schema\/person\/c2b8be262ea994d0995addca692c5e98\",\"name\":\"US1\",\"image\":{\"@type\":\"ImageObject\",\"inLanguage\":\"en-US\",\"@id\":\"https:\/\/veritasinfo.org\/#\/schema\/person\/image\/\",\"url\":\"https:\/\/secure.gravatar.com\/avatar\/4e96a59bd256abf9956eb9963ac891a47461ffb364d47b0e9aab113328fdb75b?s=96&d=mm&r=g\",\"contentUrl\":\"https:\/\/secure.gravatar.com\/avatar\/4e96a59bd256abf9956eb9963ac891a47461ffb364d47b0e9aab113328fdb75b?s=96&d=mm&r=g\",\"caption\":\"US1\"},\"url\":\"https:\/\/veritasinfo.org\/?author=2\"}]}<\/script>\n<!-- \/ Yoast SEO plugin. -->","yoast_head_json":{"title":"Komandanti i KFOR-it: Tensionet n\u00eb veri d\u00ebshmojn\u00eb nevoj\u00ebn p\u00ebr nj\u00eb dialog t\u00eb ndersh\u00ebm midis Kosov\u00ebs dhe Serbis\u00eb -","robots":{"index":"index","follow":"follow","max-snippet":"max-snippet:-1","max-image-preview":"max-image-preview:large","max-video-preview":"max-video-preview:-1"},"canonical":"https:\/\/veritasinfo.org\/?p=2084","og_locale":"en_US","og_type":"article","og_title":"Komandanti i KFOR-it: Tensionet n\u00eb veri d\u00ebshmojn\u00eb nevoj\u00ebn p\u00ebr nj\u00eb dialog t\u00eb ndersh\u00ebm midis Kosov\u00ebs dhe Serbis\u00eb -","og_description":"Prishtin\u00eb, 30 qershor, 2025 Komandanti i KFOR-it, Gjeneral Major Enrico Barduani, tha se megjith\u00ebse situata e siguris\u00eb n\u00eb Kosov\u00eb \u00ebsht\u00eb kryesisht paq\u00ebsore, ajo mbetet ende","og_url":"https:\/\/veritasinfo.org\/?p=2084","article_published_time":"2025-06-30T17:55:36+00:00","og_image":[{"width":1701,"height":957,"url":"https:\/\/veritasinfo.org\/wp-content\/uploads\/2025\/06\/Enrico-Barduani.jpg","type":"image\/jpeg"}],"author":"US1","twitter_card":"summary_large_image","twitter_misc":{"Written by":"US1","Est. reading time":"1 minute"},"schema":{"@context":"https:\/\/schema.org","@graph":[{"@type":"WebPage","@id":"https:\/\/veritasinfo.org\/?p=2084","url":"https:\/\/veritasinfo.org\/?p=2084","name":"Komandanti i KFOR-it: Tensionet n\u00eb veri d\u00ebshmojn\u00eb nevoj\u00ebn p\u00ebr nj\u00eb dialog t\u00eb ndersh\u00ebm midis Kosov\u00ebs dhe Serbis\u00eb -","isPartOf":{"@id":"https:\/\/veritasinfo.org\/#website"},"primaryImageOfPage":{"@id":"https:\/\/veritasinfo.org\/?p=2084#primaryimage"},"image":{"@id":"https:\/\/veritasinfo.org\/?p=2084#primaryimage"},"thumbnailUrl":"https:\/\/veritasinfo.org\/wp-content\/uploads\/2025\/06\/Enrico-Barduani.jpg","datePublished":"2025-06-30T17:55:36+00:00","author":{"@id":"https:\/\/veritasinfo.org\/#\/schema\/person\/c2b8be262ea994d0995addca692c5e98"},"breadcrumb":{"@id":"https:\/\/veritasinfo.org\/?p=2084#breadcrumb"},"inLanguage":"en-US","potentialAction":[{"@type":"ReadAction","target":["https:\/\/veritasinfo.org\/?p=2084"]}]},{"@type":"ImageObject","inLanguage":"en-US","@id":"https:\/\/veritasinfo.org\/?p=2084#primaryimage","url":"https:\/\/veritasinfo.org\/wp-content\/uploads\/2025\/06\/Enrico-Barduani.jpg","contentUrl":"https:\/\/veritasinfo.org\/wp-content\/uploads\/2025\/06\/Enrico-Barduani.jpg","width":1701,"height":957},{"@type":"BreadcrumbList","@id":"https:\/\/veritasinfo.org\/?p=2084#breadcrumb","itemListElement":[{"@type":"ListItem","position":1,"name":"Home","item":"https:\/\/veritasinfo.org\/"},{"@type":"ListItem","position":2,"name":"Komandanti i KFOR-it: Tensionet n\u00eb veri d\u00ebshmojn\u00eb nevoj\u00ebn p\u00ebr nj\u00eb dialog t\u00eb ndersh\u00ebm midis Kosov\u00ebs dhe Serbis\u00eb"}]},{"@type":"WebSite","@id":"https:\/\/veritasinfo.org\/#website","url":"https:\/\/veritasinfo.org\/","name":"","description":"","potentialAction":[{"@type":"SearchAction","target":{"@type":"EntryPoint","urlTemplate":"https:\/\/veritasinfo.org\/?s={search_term_string}"},"query-input":{"@type":"PropertyValueSpecification","valueRequired":true,"valueName":"search_term_string"}}],"inLanguage":"en-US"},{"@type":"Person","@id":"https:\/\/veritasinfo.org\/#\/schema\/person\/c2b8be262ea994d0995addca692c5e98","name":"US1","image":{"@type":"ImageObject","inLanguage":"en-US","@id":"https:\/\/veritasinfo.org\/#\/schema\/person\/image\/","url":"https:\/\/secure.gravatar.com\/avatar\/4e96a59bd256abf9956eb9963ac891a47461ffb364d47b0e9aab113328fdb75b?s=96&d=mm&r=g","contentUrl":"https:\/\/secure.gravatar.com\/avatar\/4e96a59bd256abf9956eb9963ac891a47461ffb364d47b0e9aab113328fdb75b?s=96&d=mm&r=g","caption":"US1"},"url":"https:\/\/veritasinfo.org\/?author=2"}]}},"featured_image_urls":{"full":["https:\/\/veritasinfo.org\/wp-content\/uploads\/2025\/06\/Enrico-Barduani.jpg",1701,957,false],"thumbnail":["https:\/\/veritasinfo.org\/wp-content\/uploads\/2025\/06\/Enrico-Barduani-150x150.jpg",150,150,true],"medium":["https:\/\/veritasinfo.org\/wp-content\/uploads\/2025\/06\/Enrico-Barduani-300x169.jpg",300,169,true],"medium_large":["https:\/\/veritasinfo.org\/wp-content\/uploads\/2025\/06\/Enrico-Barduani-768x432.jpg",640,360,true],"large":["https:\/\/veritasinfo.org\/wp-content\/uploads\/2025\/06\/Enrico-Barduani-1024x576.jpg",640,360,true],"1536x1536":["https:\/\/veritasinfo.org\/wp-content\/uploads\/2025\/06\/Enrico-Barduani-1536x864.jpg",1536,864,true],"2048x2048":["https:\/\/veritasinfo.org\/wp-content\/uploads\/2025\/06\/Enrico-Barduani.jpg",1701,957,false],"kreeti-slider-full":["https:\/\/veritasinfo.org\/wp-content\/uploads\/2025\/06\/Enrico-Barduani.jpg",1280,720,false],"kreeti-featured":["https:\/\/veritasinfo.org\/wp-content\/uploads\/2025\/06\/Enrico-Barduani.jpg",1024,576,false],"kreeti-medium":["https:\/\/veritasinfo.org\/wp-content\/uploads\/2025\/06\/Enrico-Barduani.jpg",720,405,false],"kreeti-medium-square":["https:\/\/veritasinfo.org\/wp-content\/uploads\/2025\/06\/Enrico-Barduani.jpg",350,197,false]},"author_info":{"info":["US1"]},"category_info":"<a href=\"https:\/\/veritasinfo.org\/?cat=58\" rel=\"category\">Politik\u00eb<\/a>","tag_info":"Politik\u00eb","comment_count":"0","_links":{"self":[{"href":"https:\/\/veritasinfo.org\/index.php?rest_route=\/wp\/v2\/posts\/2084","targetHints":{"allow":["GET"]}}],"collection":[{"href":"https:\/\/veritasinfo.org\/index.php?rest_route=\/wp\/v2\/posts"}],"about":[{"href":"https:\/\/veritasinfo.org\/index.php?rest_route=\/wp\/v2\/types\/post"}],"author":[{"embeddable":true,"href":"https:\/\/veritasinfo.org\/index.php?rest_route=\/wp\/v2\/users\/2"}],"replies":[{"embeddable":true,"href":"https:\/\/veritasinfo.org\/index.php?rest_route=%2Fwp%2Fv2%2Fcomments&post=2084"}],"version-history":[{"count":1,"href":"https:\/\/veritasinfo.org\/index.php?rest_route=\/wp\/v2\/posts\/2084\/revisions"}],"predecessor-version":[{"id":2086,"href":"https:\/\/veritasinfo.org\/index.php?rest_route=\/wp\/v2\/posts\/2084\/revisions\/2086"}],"wp:featuredmedia":[{"embeddable":true,"href":"https:\/\/veritasinfo.org\/index.php?rest_route=\/wp\/v2\/media\/2085"}],"wp:attachment":[{"href":"https:\/\/veritasinfo.org\/index.php?rest_route=%2Fwp%2Fv2%2Fmedia&parent=2084"}],"wp:term":[{"taxonomy":"category","embeddable":true,"href":"https:\/\/veritasinfo.org\/index.php?rest_route=%2Fwp%2Fv2%2Fcategories&post=2084"},{"taxonomy":"post_tag","embeddable":true,"href":"https:\/\/veritasinfo.org\/index.php?rest_route=%2Fwp%2Fv2%2Ftags&post=2084"}],"curies":[{"name":"wp","href":"https:\/\/api.w.org\/{rel}","templated":true}]}}