{"id":20835,"date":"2025-11-18T16:57:35","date_gmt":"2025-11-18T15:57:35","guid":{"rendered":"https:\/\/veritasinfo.org\/?p=20835"},"modified":"2025-11-18T16:57:35","modified_gmt":"2025-11-18T15:57:35","slug":"osmani-kerkon-heqjen-sa-me-te-shpejte-te-masave-te-be-se-ndaj-kosoves","status":"publish","type":"post","link":"https:\/\/veritasinfo.org\/?p=20835","title":{"rendered":"Osmani k\u00ebrkon heqjen sa m\u00eb t\u00eb shpejt\u00eb t\u00eb masave t\u00eb BE-s\u00eb ndaj Kosov\u00ebs"},"content":{"rendered":"<p>Prishtin\u00eb 18 N\u00ebntor 2025 16:58<\/p>\n<p>Presidentja e Kosov\u00ebs, Vjosa Osman ka k\u00ebrkuar nga kryediplomati gjerman, Johann Wadephul p\u00ebrkrahje p\u00ebr heqjen e masave q\u00eb BE-ja i ka vendosur qysh n\u00eb qershorin e vitit 2023.<\/p>\n<p>E para e shtetit pas takimit q\u00eb ka pasur me ministrin e Pun\u00ebve t\u00eb Jashtme t\u00eb Gjermanis\u00eb, ka th\u00ebn\u00eb se heqja e masave \u00ebsht\u00eb urgjenc\u00eb e domosdoshme.<\/p>\n<p>\u201cHeqja sa m\u00eb par\u00eb dhe sa m\u00eb e shpejt e masave t\u00eb padrejta t\u00eb BE-s\u00eb ndaj Kosov\u00ebs t\u00eb cilat jan\u00eb n\u00eb fuqi nga qershori 2023 dhe ndikojn\u00eb shum\u00eb negativisht n\u00eb jet\u00ebn e qytetar\u00ebve tan\u00eb, \u00ebsht\u00eb nj\u00eb urgjenc\u00eb e domosdoshme p\u00ebr \u00e7ka shpresojm\u00eb n\u00eb p\u00ebrkrahjen e Gjermanis\u00eb\u201d, ka deklaruar Osmani.<\/p>\n<p>Ajo tha se Kosova mbetet e p\u00ebrkushtuar ndaj fqinj\u00ebsis\u00eb s\u00eb mir\u00eb, por edhe ndaj nj\u00eb dialogu t\u00eb barabart\u00eb dhe t\u00eb drejt\u00eb t\u00eb leht\u00ebsuar nga Bashkimi Evropian.<\/p>\n<p>\u201cP\u00ebrderisa Kosova mbetet n\u00ebn masa t\u00eb vet\u00eb BE-s\u00eb, as dialogu i nd\u00ebrmjet\u00ebsuar nga BE-ja nuk mund t\u00eb konsiderohet i balancuar, parimor apo i barabart\u00eb\u201d, tha tutje ajo.<\/p>\n<p>Mb\u00ebshtetjen Gjermanis\u00eb, q\u00eb e quajti si shtetin aleat e historik, Osmani e k\u00ebrkoi edhe p\u00ebr an\u00ebtar\u00ebsim n\u00eb BE, NATO e K\u00ebshillin e Evrop\u00ebs p\u00ebr \u00e7ka tha se Kosova synon t\u00eb hyj\u00eb si kontributdh\u00ebn\u00ebse e jo si barr\u00eb.<\/p>\n<p>\u201cKosova mbetet e p\u00ebrkushtuar ndaj orientimit t\u00eb saj strategjik, an\u00ebtar\u00ebsimi n\u00eb NATO, BE n\u00eb K\u00ebshillin e Evrop\u00ebs dhe n\u00eb \u00e7do organizat\u00eb nd\u00ebrkomb\u00ebtare q\u00eb forcon pozit\u00ebn nd\u00ebrkomb\u00ebtare t\u00eb vendit ton\u00eb, sepse si shtet gjithnj\u00eb kemi mbrojtur vlerat mbi t\u00eb cilat jan\u00eb nd\u00ebrtuar dhe funksionojn\u00eb k\u00ebto organizata. N\u00eb gjith\u00eb k\u00ebta mekanizma nd\u00ebrkomb\u00ebtare ne synojm\u00eb t\u00eb hyjm\u00eb si kontributdh\u00ebn\u00ebs, jo si barr\u00eb. N\u00eb k\u00ebt\u00eb rrug\u00ebtim, Kosova ka nevoj\u00eb p\u00ebr mb\u00ebshtetjen e vendosur t\u00eb Gjermanin\u00eb, prandaj heqja sa m\u00eb par\u00eb dhe sa m\u00eb e shpejt e masave t\u00eb padrejta t\u00eb BE-s\u00eb ndaj Kosov\u00ebs t\u00eb cilat jan\u00eb n\u00eb fuqi nga qershori 2023 dhe ndikojn\u00eb shum\u00eb negativisht n\u00eb jet\u00ebn e qytetar\u00ebve tan\u00eb, \u00ebsht\u00eb nj\u00eb urgjenc\u00eb e domosdoshme p\u00ebr \u00e7\u2019gj\u00eb shpresojm\u00eb n\u00eb p\u00ebrkrahjen e Gjermanis\u00eb\u201d , deklaroi ajo.<\/p>\n<p>E para e shtetit i tha Bashkimi Evropian mbetet i paplot\u00eb pa an\u00ebtar\u00ebsimin e Ballkanit Per\u00ebndimor. Prandaj tha se shpreson q\u00eb aplikacioni i Kosov\u00ebs p\u00ebr an\u00ebtar\u00ebsim n\u00eb BE t\u00eb procedohet n\u00eb Komisionin Evropian me q\u00ebllim q\u00eb t\u2019i hapet rruga zyrtarisht drejt an\u00ebtar\u00ebsimit final.<\/p>\n<p>\u201cVizita juaj n\u00eb Kosov\u00eb si stacioni i radh\u00ebs n\u00eb udh\u00ebtimin tuaj n\u00eb Ballkanin Per\u00ebndimor \u00ebsht\u00eb nj\u00eb d\u00ebshmi e qasjes tuaj dhe qeveris\u00eb s\u00eb udh\u00ebhequr nga kancelari Merz se Bashkimi Evropian mbetet i paplot\u00eb pa an\u00ebtar\u00ebsimin e Ballkanit Per\u00ebndimor. Ky vizon strategjik \u00ebsht\u00eb i nj\u00eb r\u00ebnd\u00ebsie historike si p\u00ebr rajonin ton\u00eb, ashtu edhe p\u00ebr paqen n\u00eb gjith\u00eb kontinentin evropian. Republika Federale e Gjermanis\u00eb ka qen\u00eb dhe do t\u00eb mbetet nj\u00eb aleat historik dhe tradicional i popullit t\u00eb Kosov\u00ebs. Ka q\u00ebndruar me ne n\u00eb momentet m\u00eb t\u00eb v\u00ebshtira n\u00eb arritjen e liris\u00eb dhe pavar\u00ebsis\u00eb, n\u00eb rind\u00ebrtim, shtetnd\u00ebrtim dhe konsolidim. Prandaj populli i Kosov\u00ebs e sheh Gjermanin\u00eb si mikun m\u00eb t\u00eb af\u00ebrt dhe aleatin m\u00eb t\u00eb besuesh\u00ebm n\u00eb kontinentin evropian\u201d, deklaroi presidentja Osmani.<\/p>\n","protected":false},"excerpt":{"rendered":"<p>Prishtin\u00eb 18 N\u00ebntor 2025 16:58 Presidentja e Kosov\u00ebs, Vjosa Osman ka k\u00ebrkuar nga kryediplomati gjerman, Johann Wadephul p\u00ebrkrahje p\u00ebr heqjen e masave q\u00eb BE-ja i<\/p>\n","protected":false},"author":6,"featured_media":20836,"comment_status":"open","ping_status":"open","sticky":false,"template":"","format":"standard","meta":{"footnotes":""},"categories":[58],"tags":[],"class_list":["post-20835","post","type-post","status-publish","format-standard","has-post-thumbnail","hentry","category-politike-sq"],"yoast_head":"<!-- This site is optimized with the Yoast SEO plugin v25.3.1 - https:\/\/yoast.com\/wordpress\/plugins\/seo\/ -->\n<title>Osmani k\u00ebrkon heqjen sa m\u00eb t\u00eb shpejt\u00eb t\u00eb masave t\u00eb BE-s\u00eb ndaj Kosov\u00ebs -<\/title>\n<meta name=\"robots\" content=\"index, follow, max-snippet:-1, max-image-preview:large, max-video-preview:-1\" \/>\n<link rel=\"canonical\" href=\"https:\/\/veritasinfo.org\/?p=20835\" \/>\n<meta property=\"og:locale\" content=\"en_US\" \/>\n<meta property=\"og:type\" content=\"article\" \/>\n<meta property=\"og:title\" content=\"Osmani k\u00ebrkon heqjen sa m\u00eb t\u00eb shpejt\u00eb t\u00eb masave t\u00eb BE-s\u00eb ndaj Kosov\u00ebs -\" \/>\n<meta property=\"og:description\" content=\"Prishtin\u00eb 18 N\u00ebntor 2025 16:58 Presidentja e Kosov\u00ebs, Vjosa Osman ka k\u00ebrkuar nga kryediplomati gjerman, Johann Wadephul p\u00ebrkrahje p\u00ebr heqjen e masave q\u00eb BE-ja i\" \/>\n<meta property=\"og:url\" content=\"https:\/\/veritasinfo.org\/?p=20835\" \/>\n<meta property=\"article:published_time\" content=\"2025-11-18T15:57:35+00:00\" \/>\n<meta property=\"og:image\" content=\"https:\/\/veritasinfo.org\/wp-content\/uploads\/2025\/11\/582192609_1866686004223253_3370152545746435988_n-1536x1024-1.jpg\" \/>\n\t<meta property=\"og:image:width\" content=\"1536\" \/>\n\t<meta property=\"og:image:height\" content=\"1024\" \/>\n\t<meta property=\"og:image:type\" content=\"image\/jpeg\" \/>\n<meta name=\"author\" content=\"US5\" \/>\n<meta name=\"twitter:card\" content=\"summary_large_image\" \/>\n<meta name=\"twitter:label1\" content=\"Written by\" \/>\n\t<meta name=\"twitter:data1\" content=\"US5\" \/>\n<script type=\"application\/ld+json\" class=\"yoast-schema-graph\">{\"@context\":\"https:\/\/schema.org\",\"@graph\":[{\"@type\":\"WebPage\",\"@id\":\"https:\/\/veritasinfo.org\/?p=20835\",\"url\":\"https:\/\/veritasinfo.org\/?p=20835\",\"name\":\"Osmani k\u00ebrkon heqjen sa m\u00eb t\u00eb shpejt\u00eb t\u00eb masave t\u00eb BE-s\u00eb ndaj Kosov\u00ebs -\",\"isPartOf\":{\"@id\":\"https:\/\/veritasinfo.org\/#website\"},\"primaryImageOfPage\":{\"@id\":\"https:\/\/veritasinfo.org\/?p=20835#primaryimage\"},\"image\":{\"@id\":\"https:\/\/veritasinfo.org\/?p=20835#primaryimage\"},\"thumbnailUrl\":\"https:\/\/veritasinfo.org\/wp-content\/uploads\/2025\/11\/582192609_1866686004223253_3370152545746435988_n-1536x1024-1.jpg\",\"datePublished\":\"2025-11-18T15:57:35+00:00\",\"author\":{\"@id\":\"https:\/\/veritasinfo.org\/#\/schema\/person\/bc442336e35414d04494ab8fb45db4c6\"},\"breadcrumb\":{\"@id\":\"https:\/\/veritasinfo.org\/?p=20835#breadcrumb\"},\"inLanguage\":\"en-US\",\"potentialAction\":[{\"@type\":\"ReadAction\",\"target\":[\"https:\/\/veritasinfo.org\/?p=20835\"]}]},{\"@type\":\"ImageObject\",\"inLanguage\":\"en-US\",\"@id\":\"https:\/\/veritasinfo.org\/?p=20835#primaryimage\",\"url\":\"https:\/\/veritasinfo.org\/wp-content\/uploads\/2025\/11\/582192609_1866686004223253_3370152545746435988_n-1536x1024-1.jpg\",\"contentUrl\":\"https:\/\/veritasinfo.org\/wp-content\/uploads\/2025\/11\/582192609_1866686004223253_3370152545746435988_n-1536x1024-1.jpg\",\"width\":1536,\"height\":1024},{\"@type\":\"BreadcrumbList\",\"@id\":\"https:\/\/veritasinfo.org\/?p=20835#breadcrumb\",\"itemListElement\":[{\"@type\":\"ListItem\",\"position\":1,\"name\":\"Home\",\"item\":\"https:\/\/veritasinfo.org\/\"},{\"@type\":\"ListItem\",\"position\":2,\"name\":\"Osmani k\u00ebrkon heqjen sa m\u00eb t\u00eb shpejt\u00eb t\u00eb masave t\u00eb BE-s\u00eb ndaj Kosov\u00ebs\"}]},{\"@type\":\"WebSite\",\"@id\":\"https:\/\/veritasinfo.org\/#website\",\"url\":\"https:\/\/veritasinfo.org\/\",\"name\":\"\",\"description\":\"\",\"potentialAction\":[{\"@type\":\"SearchAction\",\"target\":{\"@type\":\"EntryPoint\",\"urlTemplate\":\"https:\/\/veritasinfo.org\/?s={search_term_string}\"},\"query-input\":{\"@type\":\"PropertyValueSpecification\",\"valueRequired\":true,\"valueName\":\"search_term_string\"}}],\"inLanguage\":\"en-US\"},{\"@type\":\"Person\",\"@id\":\"https:\/\/veritasinfo.org\/#\/schema\/person\/bc442336e35414d04494ab8fb45db4c6\",\"name\":\"US5\",\"image\":{\"@type\":\"ImageObject\",\"inLanguage\":\"en-US\",\"@id\":\"https:\/\/veritasinfo.org\/#\/schema\/person\/image\/\",\"url\":\"https:\/\/secure.gravatar.com\/avatar\/16a61e7272a0c5d001121ebb9e60e925d5816e4ac1e443ed3e640d9a6ae55d0c?s=96&d=mm&r=g\",\"contentUrl\":\"https:\/\/secure.gravatar.com\/avatar\/16a61e7272a0c5d001121ebb9e60e925d5816e4ac1e443ed3e640d9a6ae55d0c?s=96&d=mm&r=g\",\"caption\":\"US5\"},\"url\":\"https:\/\/veritasinfo.org\/?author=6\"}]}<\/script>\n<!-- \/ Yoast SEO plugin. -->","yoast_head_json":{"title":"Osmani k\u00ebrkon heqjen sa m\u00eb t\u00eb shpejt\u00eb t\u00eb masave t\u00eb BE-s\u00eb ndaj Kosov\u00ebs -","robots":{"index":"index","follow":"follow","max-snippet":"max-snippet:-1","max-image-preview":"max-image-preview:large","max-video-preview":"max-video-preview:-1"},"canonical":"https:\/\/veritasinfo.org\/?p=20835","og_locale":"en_US","og_type":"article","og_title":"Osmani k\u00ebrkon heqjen sa m\u00eb t\u00eb shpejt\u00eb t\u00eb masave t\u00eb BE-s\u00eb ndaj Kosov\u00ebs -","og_description":"Prishtin\u00eb 18 N\u00ebntor 2025 16:58 Presidentja e Kosov\u00ebs, Vjosa Osman ka k\u00ebrkuar nga kryediplomati gjerman, Johann Wadephul p\u00ebrkrahje p\u00ebr heqjen e masave q\u00eb BE-ja i","og_url":"https:\/\/veritasinfo.org\/?p=20835","article_published_time":"2025-11-18T15:57:35+00:00","og_image":[{"width":1536,"height":1024,"url":"https:\/\/veritasinfo.org\/wp-content\/uploads\/2025\/11\/582192609_1866686004223253_3370152545746435988_n-1536x1024-1.jpg","type":"image\/jpeg"}],"author":"US5","twitter_card":"summary_large_image","twitter_misc":{"Written by":"US5"},"schema":{"@context":"https:\/\/schema.org","@graph":[{"@type":"WebPage","@id":"https:\/\/veritasinfo.org\/?p=20835","url":"https:\/\/veritasinfo.org\/?p=20835","name":"Osmani k\u00ebrkon heqjen sa m\u00eb t\u00eb shpejt\u00eb t\u00eb masave t\u00eb BE-s\u00eb ndaj Kosov\u00ebs -","isPartOf":{"@id":"https:\/\/veritasinfo.org\/#website"},"primaryImageOfPage":{"@id":"https:\/\/veritasinfo.org\/?p=20835#primaryimage"},"image":{"@id":"https:\/\/veritasinfo.org\/?p=20835#primaryimage"},"thumbnailUrl":"https:\/\/veritasinfo.org\/wp-content\/uploads\/2025\/11\/582192609_1866686004223253_3370152545746435988_n-1536x1024-1.jpg","datePublished":"2025-11-18T15:57:35+00:00","author":{"@id":"https:\/\/veritasinfo.org\/#\/schema\/person\/bc442336e35414d04494ab8fb45db4c6"},"breadcrumb":{"@id":"https:\/\/veritasinfo.org\/?p=20835#breadcrumb"},"inLanguage":"en-US","potentialAction":[{"@type":"ReadAction","target":["https:\/\/veritasinfo.org\/?p=20835"]}]},{"@type":"ImageObject","inLanguage":"en-US","@id":"https:\/\/veritasinfo.org\/?p=20835#primaryimage","url":"https:\/\/veritasinfo.org\/wp-content\/uploads\/2025\/11\/582192609_1866686004223253_3370152545746435988_n-1536x1024-1.jpg","contentUrl":"https:\/\/veritasinfo.org\/wp-content\/uploads\/2025\/11\/582192609_1866686004223253_3370152545746435988_n-1536x1024-1.jpg","width":1536,"height":1024},{"@type":"BreadcrumbList","@id":"https:\/\/veritasinfo.org\/?p=20835#breadcrumb","itemListElement":[{"@type":"ListItem","position":1,"name":"Home","item":"https:\/\/veritasinfo.org\/"},{"@type":"ListItem","position":2,"name":"Osmani k\u00ebrkon heqjen sa m\u00eb t\u00eb shpejt\u00eb t\u00eb masave t\u00eb BE-s\u00eb ndaj Kosov\u00ebs"}]},{"@type":"WebSite","@id":"https:\/\/veritasinfo.org\/#website","url":"https:\/\/veritasinfo.org\/","name":"","description":"","potentialAction":[{"@type":"SearchAction","target":{"@type":"EntryPoint","urlTemplate":"https:\/\/veritasinfo.org\/?s={search_term_string}"},"query-input":{"@type":"PropertyValueSpecification","valueRequired":true,"valueName":"search_term_string"}}],"inLanguage":"en-US"},{"@type":"Person","@id":"https:\/\/veritasinfo.org\/#\/schema\/person\/bc442336e35414d04494ab8fb45db4c6","name":"US5","image":{"@type":"ImageObject","inLanguage":"en-US","@id":"https:\/\/veritasinfo.org\/#\/schema\/person\/image\/","url":"https:\/\/secure.gravatar.com\/avatar\/16a61e7272a0c5d001121ebb9e60e925d5816e4ac1e443ed3e640d9a6ae55d0c?s=96&d=mm&r=g","contentUrl":"https:\/\/secure.gravatar.com\/avatar\/16a61e7272a0c5d001121ebb9e60e925d5816e4ac1e443ed3e640d9a6ae55d0c?s=96&d=mm&r=g","caption":"US5"},"url":"https:\/\/veritasinfo.org\/?author=6"}]}},"featured_image_urls":{"full":["https:\/\/veritasinfo.org\/wp-content\/uploads\/2025\/11\/582192609_1866686004223253_3370152545746435988_n-1536x1024-1.jpg",1536,1024,false],"thumbnail":["https:\/\/veritasinfo.org\/wp-content\/uploads\/2025\/11\/582192609_1866686004223253_3370152545746435988_n-1536x1024-1-150x150.jpg",150,150,true],"medium":["https:\/\/veritasinfo.org\/wp-content\/uploads\/2025\/11\/582192609_1866686004223253_3370152545746435988_n-1536x1024-1-300x200.jpg",300,200,true],"medium_large":["https:\/\/veritasinfo.org\/wp-content\/uploads\/2025\/11\/582192609_1866686004223253_3370152545746435988_n-1536x1024-1-768x512.jpg",640,427,true],"large":["https:\/\/veritasinfo.org\/wp-content\/uploads\/2025\/11\/582192609_1866686004223253_3370152545746435988_n-1536x1024-1-1024x683.jpg",640,427,true],"1536x1536":["https:\/\/veritasinfo.org\/wp-content\/uploads\/2025\/11\/582192609_1866686004223253_3370152545746435988_n-1536x1024-1.jpg",1536,1024,false],"2048x2048":["https:\/\/veritasinfo.org\/wp-content\/uploads\/2025\/11\/582192609_1866686004223253_3370152545746435988_n-1536x1024-1.jpg",1536,1024,false],"kreeti-slider-full":["https:\/\/veritasinfo.org\/wp-content\/uploads\/2025\/11\/582192609_1866686004223253_3370152545746435988_n-1536x1024-1.jpg",1080,720,false],"kreeti-featured":["https:\/\/veritasinfo.org\/wp-content\/uploads\/2025\/11\/582192609_1866686004223253_3370152545746435988_n-1536x1024-1.jpg",1024,683,false],"kreeti-medium":["https:\/\/veritasinfo.org\/wp-content\/uploads\/2025\/11\/582192609_1866686004223253_3370152545746435988_n-1536x1024-1.jpg",720,480,false],"kreeti-medium-square":["https:\/\/veritasinfo.org\/wp-content\/uploads\/2025\/11\/582192609_1866686004223253_3370152545746435988_n-1536x1024-1.jpg",350,233,false]},"author_info":{"info":["US5"]},"category_info":"<a href=\"https:\/\/veritasinfo.org\/?cat=58\" rel=\"category\">Politik\u00eb<\/a>","tag_info":"Politik\u00eb","comment_count":"0","_links":{"self":[{"href":"https:\/\/veritasinfo.org\/index.php?rest_route=\/wp\/v2\/posts\/20835","targetHints":{"allow":["GET"]}}],"collection":[{"href":"https:\/\/veritasinfo.org\/index.php?rest_route=\/wp\/v2\/posts"}],"about":[{"href":"https:\/\/veritasinfo.org\/index.php?rest_route=\/wp\/v2\/types\/post"}],"author":[{"embeddable":true,"href":"https:\/\/veritasinfo.org\/index.php?rest_route=\/wp\/v2\/users\/6"}],"replies":[{"embeddable":true,"href":"https:\/\/veritasinfo.org\/index.php?rest_route=%2Fwp%2Fv2%2Fcomments&post=20835"}],"version-history":[{"count":1,"href":"https:\/\/veritasinfo.org\/index.php?rest_route=\/wp\/v2\/posts\/20835\/revisions"}],"predecessor-version":[{"id":20837,"href":"https:\/\/veritasinfo.org\/index.php?rest_route=\/wp\/v2\/posts\/20835\/revisions\/20837"}],"wp:featuredmedia":[{"embeddable":true,"href":"https:\/\/veritasinfo.org\/index.php?rest_route=\/wp\/v2\/media\/20836"}],"wp:attachment":[{"href":"https:\/\/veritasinfo.org\/index.php?rest_route=%2Fwp%2Fv2%2Fmedia&parent=20835"}],"wp:term":[{"taxonomy":"category","embeddable":true,"href":"https:\/\/veritasinfo.org\/index.php?rest_route=%2Fwp%2Fv2%2Fcategories&post=20835"},{"taxonomy":"post_tag","embeddable":true,"href":"https:\/\/veritasinfo.org\/index.php?rest_route=%2Fwp%2Fv2%2Ftags&post=20835"}],"curies":[{"name":"wp","href":"https:\/\/api.w.org\/{rel}","templated":true}]}}