{"id":20829,"date":"2025-11-18T16:49:42","date_gmt":"2025-11-18T15:49:42","guid":{"rendered":"https:\/\/veritasinfo.org\/?p=20829"},"modified":"2025-11-18T16:49:42","modified_gmt":"2025-11-18T15:49:42","slug":"wadephul-kosoves-i-duhet-sa-me-pare-nje-qeveri-e-afte-per-veprim","status":"publish","type":"post","link":"https:\/\/veritasinfo.org\/?p=20829","title":{"rendered":"Wadephul: Kosov\u00ebs i duhet sa m\u00eb par\u00eb nj\u00eb qeveri e aft\u00eb p\u00ebr veprim"},"content":{"rendered":"<p>Prishtin\u00eb 18 N\u00ebntor 2025. 16:48<\/p>\n<p>Kryediplomati gjerman Johann Wadephul, n\u00eb konferenc\u00ebn e p\u00ebrbashk\u00ebt me presidenten e Kosov\u00ebs, Vjosa Osmani, tha se gjith\u00eb diskutimi q\u00eb ka pasur me t\u00eb par\u00ebn e shtetit n\u00eb Kosov\u00eb ishte p\u00ebr sigurin\u00eb dhe t\u00eb ardhmen e kontinentit.<\/p>\n<p>\u201c\u00cbsht\u00eb mir\u00eb q\u00eb Kosova \u00ebsht\u00eb n\u00eb an\u00ebn ton\u00eb. Ne t\u00eb gjith\u00eb qofshin an\u00ebtare t\u00eb BE-s\u00eb apo jo duhet t\u2019ia b\u00ebjm\u00eb t\u00eb qart\u00eb Rusis\u00eb q\u00eb destabilizimi, dezinformimi dhe manipulimi nuk kan\u00eb vend n\u00eb kontinentin ton\u00eb. P\u00ebrpjekjeve p\u00ebr destabilizim iu p\u00ebrgjigjemi  me nj\u00eb Evrop\u00eb t\u00eb bashkuar. N\u00eb k\u00ebt\u00eb kuad\u00ebr, zgjerimi i BE-s\u00eb tani \u00ebsht\u00eb nj\u00eb urgjenc\u00eb gjeopolitike&#8221;, tha ai.<\/p>\n<p>Ministri i Pun\u00ebve t\u00eb Jashtme t\u00eb Gjermanis\u00eb tha se zhvillimi i Kosov\u00ebs q\u00eb nga p\u00ebrfundimi i luft\u00ebs m\u00eb 1999 dhe q\u00eb nga pavar\u00ebsia n\u00eb 2008 \u00ebsht\u00eb nj\u00eb histori suksesi.<\/p>\n<p>Madje, sipas tij, p\u00ebr shum\u00ebk\u00ebnd n\u00eb rajon, Kosova \u00ebsht\u00eb simbol i demokracis\u00eb dhe i nj\u00eb shoq\u00ebrie t\u00eb fort\u00eb civile.<\/p>\n<p>Prandaj, sipas tij, n\u00eb m\u00ebnyr\u00eb q\u00eb ky sukses t\u00eb vazhdoj\u00eb, tha se Kosov\u00ebs i duhet q\u00eb sa m\u00eb shpejt t\u00eb ket\u00eb nj\u00eb qeveri t\u00eb aft\u00eb p\u00ebr veprim si nga brenda edhe nga jasht\u00eb.<\/p>\n<p>\u201c Votuesit jan\u00eb duke pritur formimin e saj q\u00eb prej 8 muajsh. Ata kan\u00eb pritje t\u00eb arsyeshme q\u00eb k\u00ebto procese demokratike t\u00eb marrin nj\u00eb p\u00ebrfundim pozitiv dhe k\u00ebtu b\u00ebn\u00eb pjes\u00eb edhe nj\u00eb qeveri stabile. Ne jemi t\u00eb bindur se Kosova e ka forc\u00ebn dhe vullnetin p\u00ebr t\u00eb zbatuar reformat e nevojshme p\u00ebr an\u00ebtar\u00ebsim n\u00eb BE, me vendosm\u00ebri\u201d, deklaroi nd\u00ebr t\u00eb tjera kryediplomati gjerman.<\/p>\n<p>Ai foli edhe p\u00ebr dialogun Kosov\u00eb Serbi. Tha se procesi ka ngecur koh\u00ebt e fundit, por k\u00ebrkoi zbatim marr\u00ebveshjes, derisa Kosov\u00ebs i k\u00ebrkoi themelimin e Asociacionit t\u00eb komunave me shumic\u00eb serbe.<\/p>\n<p>\u201cMarr\u00ebveshja e Ohrit q\u00eb i p\u00ebrmban t\u00eb gjitha elementet p\u00ebr normalizim duhet t\u00eb zbatohet shpejt dhe n\u00eb plotni, k\u00ebt\u00eb e presim nga t\u00eb dyja pal\u00ebt. P\u00ebr k\u00ebt\u00eb nevojitet m\u00eb shum\u00eb angazhim si nga Kosova ashtu edhe nga Serbia. P\u00ebr Kosov\u00ebn kjo n\u00ebnkupton q\u00eb p\u00ebrshembull t\u00eb marr hapat e nevojsh\u00ebm p\u00ebr themelimin e Asociacionit t\u00eb komunave me shumic\u00eb serbe\u201d, deklaroi \u00cbadephul.<\/p>\n<p>Ai tha se dialogu p\u00ebr normalizim \u00ebsht\u00eb kriteri i tyre p\u00ebr vler\u00ebsimin e t\u00eb dyja qeverive.<\/p>\n<p>Kryediplomati gjerman tha se q\u00ebllimi i tyre \u00ebsht\u00eb i qart\u00eb. \u201cT\u00eb gjitha gjasht\u00eb shtetet e Ballkanit Per\u00ebndimor duhet t\u00eb b\u00ebhen pjes\u00eb e BE-s\u00eb , edhe Kosova\u201d, tha ai.<\/p>\n","protected":false},"excerpt":{"rendered":"<p>Prishtin\u00eb 18 N\u00ebntor 2025. 16:48 Kryediplomati gjerman Johann Wadephul, n\u00eb konferenc\u00ebn e p\u00ebrbashk\u00ebt me presidenten e Kosov\u00ebs, Vjosa Osmani, tha se gjith\u00eb diskutimi q\u00eb ka<\/p>\n","protected":false},"author":6,"featured_media":20830,"comment_status":"open","ping_status":"open","sticky":false,"template":"","format":"standard","meta":{"footnotes":""},"categories":[58],"tags":[],"class_list":["post-20829","post","type-post","status-publish","format-standard","has-post-thumbnail","hentry","category-politike-sq"],"yoast_head":"<!-- This site is optimized with the Yoast SEO plugin v25.3.1 - https:\/\/yoast.com\/wordpress\/plugins\/seo\/ -->\n<title>Wadephul: Kosov\u00ebs i duhet sa m\u00eb par\u00eb nj\u00eb qeveri e aft\u00eb p\u00ebr veprim -<\/title>\n<meta name=\"robots\" content=\"index, follow, max-snippet:-1, max-image-preview:large, max-video-preview:-1\" \/>\n<link rel=\"canonical\" href=\"https:\/\/veritasinfo.org\/?p=20829\" \/>\n<meta property=\"og:locale\" content=\"en_US\" \/>\n<meta property=\"og:type\" content=\"article\" \/>\n<meta property=\"og:title\" content=\"Wadephul: Kosov\u00ebs i duhet sa m\u00eb par\u00eb nj\u00eb qeveri e aft\u00eb p\u00ebr veprim -\" \/>\n<meta property=\"og:description\" content=\"Prishtin\u00eb 18 N\u00ebntor 2025. 16:48 Kryediplomati gjerman Johann Wadephul, n\u00eb konferenc\u00ebn e p\u00ebrbashk\u00ebt me presidenten e Kosov\u00ebs, Vjosa Osmani, tha se gjith\u00eb diskutimi q\u00eb ka\" \/>\n<meta property=\"og:url\" content=\"https:\/\/veritasinfo.org\/?p=20829\" \/>\n<meta property=\"article:published_time\" content=\"2025-11-18T15:49:42+00:00\" \/>\n<meta property=\"og:image\" content=\"https:\/\/veritasinfo.org\/wp-content\/uploads\/2025\/11\/709832-qPSudCwhDx.jpg\" \/>\n\t<meta property=\"og:image:width\" content=\"780\" \/>\n\t<meta property=\"og:image:height\" content=\"500\" \/>\n\t<meta property=\"og:image:type\" content=\"image\/jpeg\" \/>\n<meta name=\"author\" content=\"US5\" \/>\n<meta name=\"twitter:card\" content=\"summary_large_image\" \/>\n<meta name=\"twitter:label1\" content=\"Written by\" \/>\n\t<meta name=\"twitter:data1\" content=\"US5\" \/>\n<script type=\"application\/ld+json\" class=\"yoast-schema-graph\">{\"@context\":\"https:\/\/schema.org\",\"@graph\":[{\"@type\":\"WebPage\",\"@id\":\"https:\/\/veritasinfo.org\/?p=20829\",\"url\":\"https:\/\/veritasinfo.org\/?p=20829\",\"name\":\"Wadephul: Kosov\u00ebs i duhet sa m\u00eb par\u00eb nj\u00eb qeveri e aft\u00eb p\u00ebr veprim -\",\"isPartOf\":{\"@id\":\"https:\/\/veritasinfo.org\/#website\"},\"primaryImageOfPage\":{\"@id\":\"https:\/\/veritasinfo.org\/?p=20829#primaryimage\"},\"image\":{\"@id\":\"https:\/\/veritasinfo.org\/?p=20829#primaryimage\"},\"thumbnailUrl\":\"https:\/\/veritasinfo.org\/wp-content\/uploads\/2025\/11\/709832-qPSudCwhDx.jpg\",\"datePublished\":\"2025-11-18T15:49:42+00:00\",\"author\":{\"@id\":\"https:\/\/veritasinfo.org\/#\/schema\/person\/bc442336e35414d04494ab8fb45db4c6\"},\"breadcrumb\":{\"@id\":\"https:\/\/veritasinfo.org\/?p=20829#breadcrumb\"},\"inLanguage\":\"en-US\",\"potentialAction\":[{\"@type\":\"ReadAction\",\"target\":[\"https:\/\/veritasinfo.org\/?p=20829\"]}]},{\"@type\":\"ImageObject\",\"inLanguage\":\"en-US\",\"@id\":\"https:\/\/veritasinfo.org\/?p=20829#primaryimage\",\"url\":\"https:\/\/veritasinfo.org\/wp-content\/uploads\/2025\/11\/709832-qPSudCwhDx.jpg\",\"contentUrl\":\"https:\/\/veritasinfo.org\/wp-content\/uploads\/2025\/11\/709832-qPSudCwhDx.jpg\",\"width\":780,\"height\":500},{\"@type\":\"BreadcrumbList\",\"@id\":\"https:\/\/veritasinfo.org\/?p=20829#breadcrumb\",\"itemListElement\":[{\"@type\":\"ListItem\",\"position\":1,\"name\":\"Home\",\"item\":\"https:\/\/veritasinfo.org\/\"},{\"@type\":\"ListItem\",\"position\":2,\"name\":\"Wadephul: Kosov\u00ebs i duhet sa m\u00eb par\u00eb nj\u00eb qeveri e aft\u00eb p\u00ebr veprim\"}]},{\"@type\":\"WebSite\",\"@id\":\"https:\/\/veritasinfo.org\/#website\",\"url\":\"https:\/\/veritasinfo.org\/\",\"name\":\"\",\"description\":\"\",\"potentialAction\":[{\"@type\":\"SearchAction\",\"target\":{\"@type\":\"EntryPoint\",\"urlTemplate\":\"https:\/\/veritasinfo.org\/?s={search_term_string}\"},\"query-input\":{\"@type\":\"PropertyValueSpecification\",\"valueRequired\":true,\"valueName\":\"search_term_string\"}}],\"inLanguage\":\"en-US\"},{\"@type\":\"Person\",\"@id\":\"https:\/\/veritasinfo.org\/#\/schema\/person\/bc442336e35414d04494ab8fb45db4c6\",\"name\":\"US5\",\"image\":{\"@type\":\"ImageObject\",\"inLanguage\":\"en-US\",\"@id\":\"https:\/\/veritasinfo.org\/#\/schema\/person\/image\/\",\"url\":\"https:\/\/secure.gravatar.com\/avatar\/16a61e7272a0c5d001121ebb9e60e925d5816e4ac1e443ed3e640d9a6ae55d0c?s=96&d=mm&r=g\",\"contentUrl\":\"https:\/\/secure.gravatar.com\/avatar\/16a61e7272a0c5d001121ebb9e60e925d5816e4ac1e443ed3e640d9a6ae55d0c?s=96&d=mm&r=g\",\"caption\":\"US5\"},\"url\":\"https:\/\/veritasinfo.org\/?author=6\"}]}<\/script>\n<!-- \/ Yoast SEO plugin. -->","yoast_head_json":{"title":"Wadephul: Kosov\u00ebs i duhet sa m\u00eb par\u00eb nj\u00eb qeveri e aft\u00eb p\u00ebr veprim -","robots":{"index":"index","follow":"follow","max-snippet":"max-snippet:-1","max-image-preview":"max-image-preview:large","max-video-preview":"max-video-preview:-1"},"canonical":"https:\/\/veritasinfo.org\/?p=20829","og_locale":"en_US","og_type":"article","og_title":"Wadephul: Kosov\u00ebs i duhet sa m\u00eb par\u00eb nj\u00eb qeveri e aft\u00eb p\u00ebr veprim -","og_description":"Prishtin\u00eb 18 N\u00ebntor 2025. 16:48 Kryediplomati gjerman Johann Wadephul, n\u00eb konferenc\u00ebn e p\u00ebrbashk\u00ebt me presidenten e Kosov\u00ebs, Vjosa Osmani, tha se gjith\u00eb diskutimi q\u00eb ka","og_url":"https:\/\/veritasinfo.org\/?p=20829","article_published_time":"2025-11-18T15:49:42+00:00","og_image":[{"width":780,"height":500,"url":"https:\/\/veritasinfo.org\/wp-content\/uploads\/2025\/11\/709832-qPSudCwhDx.jpg","type":"image\/jpeg"}],"author":"US5","twitter_card":"summary_large_image","twitter_misc":{"Written by":"US5"},"schema":{"@context":"https:\/\/schema.org","@graph":[{"@type":"WebPage","@id":"https:\/\/veritasinfo.org\/?p=20829","url":"https:\/\/veritasinfo.org\/?p=20829","name":"Wadephul: Kosov\u00ebs i duhet sa m\u00eb par\u00eb nj\u00eb qeveri e aft\u00eb p\u00ebr veprim -","isPartOf":{"@id":"https:\/\/veritasinfo.org\/#website"},"primaryImageOfPage":{"@id":"https:\/\/veritasinfo.org\/?p=20829#primaryimage"},"image":{"@id":"https:\/\/veritasinfo.org\/?p=20829#primaryimage"},"thumbnailUrl":"https:\/\/veritasinfo.org\/wp-content\/uploads\/2025\/11\/709832-qPSudCwhDx.jpg","datePublished":"2025-11-18T15:49:42+00:00","author":{"@id":"https:\/\/veritasinfo.org\/#\/schema\/person\/bc442336e35414d04494ab8fb45db4c6"},"breadcrumb":{"@id":"https:\/\/veritasinfo.org\/?p=20829#breadcrumb"},"inLanguage":"en-US","potentialAction":[{"@type":"ReadAction","target":["https:\/\/veritasinfo.org\/?p=20829"]}]},{"@type":"ImageObject","inLanguage":"en-US","@id":"https:\/\/veritasinfo.org\/?p=20829#primaryimage","url":"https:\/\/veritasinfo.org\/wp-content\/uploads\/2025\/11\/709832-qPSudCwhDx.jpg","contentUrl":"https:\/\/veritasinfo.org\/wp-content\/uploads\/2025\/11\/709832-qPSudCwhDx.jpg","width":780,"height":500},{"@type":"BreadcrumbList","@id":"https:\/\/veritasinfo.org\/?p=20829#breadcrumb","itemListElement":[{"@type":"ListItem","position":1,"name":"Home","item":"https:\/\/veritasinfo.org\/"},{"@type":"ListItem","position":2,"name":"Wadephul: Kosov\u00ebs i duhet sa m\u00eb par\u00eb nj\u00eb qeveri e aft\u00eb p\u00ebr veprim"}]},{"@type":"WebSite","@id":"https:\/\/veritasinfo.org\/#website","url":"https:\/\/veritasinfo.org\/","name":"","description":"","potentialAction":[{"@type":"SearchAction","target":{"@type":"EntryPoint","urlTemplate":"https:\/\/veritasinfo.org\/?s={search_term_string}"},"query-input":{"@type":"PropertyValueSpecification","valueRequired":true,"valueName":"search_term_string"}}],"inLanguage":"en-US"},{"@type":"Person","@id":"https:\/\/veritasinfo.org\/#\/schema\/person\/bc442336e35414d04494ab8fb45db4c6","name":"US5","image":{"@type":"ImageObject","inLanguage":"en-US","@id":"https:\/\/veritasinfo.org\/#\/schema\/person\/image\/","url":"https:\/\/secure.gravatar.com\/avatar\/16a61e7272a0c5d001121ebb9e60e925d5816e4ac1e443ed3e640d9a6ae55d0c?s=96&d=mm&r=g","contentUrl":"https:\/\/secure.gravatar.com\/avatar\/16a61e7272a0c5d001121ebb9e60e925d5816e4ac1e443ed3e640d9a6ae55d0c?s=96&d=mm&r=g","caption":"US5"},"url":"https:\/\/veritasinfo.org\/?author=6"}]}},"featured_image_urls":{"full":["https:\/\/veritasinfo.org\/wp-content\/uploads\/2025\/11\/709832-qPSudCwhDx.jpg",780,500,false],"thumbnail":["https:\/\/veritasinfo.org\/wp-content\/uploads\/2025\/11\/709832-qPSudCwhDx-150x150.jpg",150,150,true],"medium":["https:\/\/veritasinfo.org\/wp-content\/uploads\/2025\/11\/709832-qPSudCwhDx-300x192.jpg",300,192,true],"medium_large":["https:\/\/veritasinfo.org\/wp-content\/uploads\/2025\/11\/709832-qPSudCwhDx-768x492.jpg",640,410,true],"large":["https:\/\/veritasinfo.org\/wp-content\/uploads\/2025\/11\/709832-qPSudCwhDx.jpg",640,410,false],"1536x1536":["https:\/\/veritasinfo.org\/wp-content\/uploads\/2025\/11\/709832-qPSudCwhDx.jpg",780,500,false],"2048x2048":["https:\/\/veritasinfo.org\/wp-content\/uploads\/2025\/11\/709832-qPSudCwhDx.jpg",780,500,false],"kreeti-slider-full":["https:\/\/veritasinfo.org\/wp-content\/uploads\/2025\/11\/709832-qPSudCwhDx.jpg",780,500,false],"kreeti-featured":["https:\/\/veritasinfo.org\/wp-content\/uploads\/2025\/11\/709832-qPSudCwhDx.jpg",780,500,false],"kreeti-medium":["https:\/\/veritasinfo.org\/wp-content\/uploads\/2025\/11\/709832-qPSudCwhDx.jpg",720,462,false],"kreeti-medium-square":["https:\/\/veritasinfo.org\/wp-content\/uploads\/2025\/11\/709832-qPSudCwhDx.jpg",350,224,false]},"author_info":{"info":["US5"]},"category_info":"<a href=\"https:\/\/veritasinfo.org\/?cat=58\" rel=\"category\">Politik\u00eb<\/a>","tag_info":"Politik\u00eb","comment_count":"0","_links":{"self":[{"href":"https:\/\/veritasinfo.org\/index.php?rest_route=\/wp\/v2\/posts\/20829","targetHints":{"allow":["GET"]}}],"collection":[{"href":"https:\/\/veritasinfo.org\/index.php?rest_route=\/wp\/v2\/posts"}],"about":[{"href":"https:\/\/veritasinfo.org\/index.php?rest_route=\/wp\/v2\/types\/post"}],"author":[{"embeddable":true,"href":"https:\/\/veritasinfo.org\/index.php?rest_route=\/wp\/v2\/users\/6"}],"replies":[{"embeddable":true,"href":"https:\/\/veritasinfo.org\/index.php?rest_route=%2Fwp%2Fv2%2Fcomments&post=20829"}],"version-history":[{"count":1,"href":"https:\/\/veritasinfo.org\/index.php?rest_route=\/wp\/v2\/posts\/20829\/revisions"}],"predecessor-version":[{"id":20831,"href":"https:\/\/veritasinfo.org\/index.php?rest_route=\/wp\/v2\/posts\/20829\/revisions\/20831"}],"wp:featuredmedia":[{"embeddable":true,"href":"https:\/\/veritasinfo.org\/index.php?rest_route=\/wp\/v2\/media\/20830"}],"wp:attachment":[{"href":"https:\/\/veritasinfo.org\/index.php?rest_route=%2Fwp%2Fv2%2Fmedia&parent=20829"}],"wp:term":[{"taxonomy":"category","embeddable":true,"href":"https:\/\/veritasinfo.org\/index.php?rest_route=%2Fwp%2Fv2%2Fcategories&post=20829"},{"taxonomy":"post_tag","embeddable":true,"href":"https:\/\/veritasinfo.org\/index.php?rest_route=%2Fwp%2Fv2%2Ftags&post=20829"}],"curies":[{"name":"wp","href":"https:\/\/api.w.org\/{rel}","templated":true}]}}