{"id":20806,"date":"2025-11-18T12:25:32","date_gmt":"2025-11-18T11:25:32","guid":{"rendered":"https:\/\/veritasinfo.org\/?p=20806"},"modified":"2025-11-18T12:26:40","modified_gmt":"2025-11-18T11:26:40","slug":"kosovo-pozvano-na-expo-2030","status":"publish","type":"post","link":"https:\/\/veritasinfo.org\/?p=20806&lang=sr","title":{"rendered":"Kosovo pozvano na EXPO 2030"},"content":{"rendered":"<p>Pri\u0161tina, 18. novembar 2025. 12:23<\/p>\n<p>Ministarstvo spoljnih poslova Kosova primilo je zvani\u010dni poziv da u\u010destvuje na EXPO 2030, koji \u0107e se odr\u017eati u Rijadu, Saudijska Arabija, od 1. oktobra 2030. do 31. marta 2031.<\/p>\n<p>Poziv je fizi\u010dki uru\u010dio vr\u0161ilac du\u017enosti zamenika ministra, Kre\u0161nik Ahmeti, ambasador Saudijske Arabije za Kosovo, Faisal Ghazi Hivzi, u ime Ministarstva spoljnih poslova te zemlje.<\/p>\n<p>\u201eNakon uspe\u0161ne prezentacije institucija Kosova na EXPO 2025 u Osaki, Japan, danas je u Ministarstvu spoljnih poslova i dijaspore zamenik ministra Kre\u0161nik Ahmeti primio poziv Ministarstva spoljnih poslova Saudijske Arabije za u\u010de\u0161\u0107e Republike Kosova na EXPO 2030. Poziv je uru\u010dio ambasador Saudijske Arabije za Kosovo, Faisal Ghazi Hivzi. Tokom sastanka, gospodin Ahmeti je potvrdio interes Kosova da bude deo ovog svetskog doga\u0111aja, koji \u0107e se odr\u017eati od 1. oktobra 2030. do 31. marta 2031\u201c, navodi Ministarstvo.<\/p>\n<p>Ministarstvo spoljnih poslova i dijaspore dodaje da je EXPO 2025 u Osaki posetilo 28 miliona ljudi iz celog sveta, koji su imali priliku da se bolje upoznaju i sa Kosovom.<\/p>\n<p>Ova prezentacija, prema njihovim re\u010dima, pretvorila se u izvanrednu platformu za uspostavljanje novih ekonomskih, kulturnih, obrazovnih i diplomatskih odnosa.<\/p>\n<p>\u201eEXPO, na svetskom nivou, jedan je od najve\u0107ih me\u0111unarodnih doga\u0111aja, koji se organizuje svake pet godine, posve\u0107en inovacijama, razvoju i globalnoj saradnji, gde dr\u017eave predstavljaju svoja dostignu\u0107a i uspostavljaju saradnju za budu\u0107nost\u201c, navodi Ministarstvo.<\/p>\n","protected":false},"excerpt":{"rendered":"<p>Pri\u0161tina, 18. novembar 2025. 12:23 Ministarstvo spoljnih poslova Kosova primilo je zvani\u010dni poziv da u\u010destvuje na EXPO 2030, koji \u0107e se odr\u017eati u Rijadu, Saudijska<\/p>\n","protected":false},"author":6,"featured_media":20804,"comment_status":"open","ping_status":"open","sticky":false,"template":"","format":"standard","meta":{"footnotes":""},"categories":[24],"tags":[],"class_list":["post-20806","post","type-post","status-publish","format-standard","has-post-thumbnail","hentry","category-uncategorized-sr"],"yoast_head":"<!-- This site is optimized with the Yoast SEO plugin v25.3.1 - https:\/\/yoast.com\/wordpress\/plugins\/seo\/ -->\n<title>Kosovo pozvano na EXPO 2030 -<\/title>\n<meta name=\"robots\" content=\"index, follow, max-snippet:-1, max-image-preview:large, max-video-preview:-1\" \/>\n<link rel=\"canonical\" href=\"https:\/\/veritasinfo.org\/?p=20806&lang=sr\" \/>\n<meta property=\"og:locale\" content=\"en_US\" \/>\n<meta property=\"og:type\" content=\"article\" \/>\n<meta property=\"og:title\" content=\"Kosovo pozvano na EXPO 2030 -\" \/>\n<meta property=\"og:description\" content=\"Pri\u0161tina, 18. novembar 2025. 12:23 Ministarstvo spoljnih poslova Kosova primilo je zvani\u010dni poziv da u\u010destvuje na EXPO 2030, koji \u0107e se odr\u017eati u Rijadu, Saudijska\" \/>\n<meta property=\"og:url\" content=\"https:\/\/veritasinfo.org\/?p=20806&amp;lang=sr\" \/>\n<meta property=\"article:published_time\" content=\"2025-11-18T11:25:32+00:00\" \/>\n<meta property=\"article:modified_time\" content=\"2025-11-18T11:26:40+00:00\" \/>\n<meta property=\"og:image\" content=\"https:\/\/veritasinfo.org\/wp-content\/uploads\/2025\/11\/709807-DbPHsN38dT.jpg\" \/>\n\t<meta property=\"og:image:width\" content=\"780\" \/>\n\t<meta property=\"og:image:height\" content=\"500\" \/>\n\t<meta property=\"og:image:type\" content=\"image\/jpeg\" \/>\n<meta name=\"author\" content=\"US5\" \/>\n<meta name=\"twitter:card\" content=\"summary_large_image\" \/>\n<meta name=\"twitter:label1\" content=\"Written by\" \/>\n\t<meta name=\"twitter:data1\" content=\"US5\" \/>\n\t<meta name=\"twitter:label2\" content=\"Est. reading time\" \/>\n\t<meta name=\"twitter:data2\" content=\"2 minutes\" \/>\n<script type=\"application\/ld+json\" class=\"yoast-schema-graph\">{\"@context\":\"https:\/\/schema.org\",\"@graph\":[{\"@type\":\"WebPage\",\"@id\":\"https:\/\/veritasinfo.org\/?p=20806&lang=sr\",\"url\":\"https:\/\/veritasinfo.org\/?p=20806&lang=sr\",\"name\":\"Kosovo pozvano na EXPO 2030 -\",\"isPartOf\":{\"@id\":\"https:\/\/veritasinfo.org\/#website\"},\"primaryImageOfPage\":{\"@id\":\"https:\/\/veritasinfo.org\/?p=20806&lang=sr#primaryimage\"},\"image\":{\"@id\":\"https:\/\/veritasinfo.org\/?p=20806&lang=sr#primaryimage\"},\"thumbnailUrl\":\"https:\/\/veritasinfo.org\/wp-content\/uploads\/2025\/11\/709807-DbPHsN38dT.jpg\",\"datePublished\":\"2025-11-18T11:25:32+00:00\",\"dateModified\":\"2025-11-18T11:26:40+00:00\",\"author\":{\"@id\":\"https:\/\/veritasinfo.org\/#\/schema\/person\/bc442336e35414d04494ab8fb45db4c6\"},\"breadcrumb\":{\"@id\":\"https:\/\/veritasinfo.org\/?p=20806&lang=sr#breadcrumb\"},\"inLanguage\":\"en-US\",\"potentialAction\":[{\"@type\":\"ReadAction\",\"target\":[\"https:\/\/veritasinfo.org\/?p=20806&lang=sr\"]}]},{\"@type\":\"ImageObject\",\"inLanguage\":\"en-US\",\"@id\":\"https:\/\/veritasinfo.org\/?p=20806&lang=sr#primaryimage\",\"url\":\"https:\/\/veritasinfo.org\/wp-content\/uploads\/2025\/11\/709807-DbPHsN38dT.jpg\",\"contentUrl\":\"https:\/\/veritasinfo.org\/wp-content\/uploads\/2025\/11\/709807-DbPHsN38dT.jpg\",\"width\":780,\"height\":500},{\"@type\":\"BreadcrumbList\",\"@id\":\"https:\/\/veritasinfo.org\/?p=20806&lang=sr#breadcrumb\",\"itemListElement\":[{\"@type\":\"ListItem\",\"position\":1,\"name\":\"Home\",\"item\":\"https:\/\/veritasinfo.org\/\"},{\"@type\":\"ListItem\",\"position\":2,\"name\":\"Kosovo pozvano na EXPO 2030\"}]},{\"@type\":\"WebSite\",\"@id\":\"https:\/\/veritasinfo.org\/#website\",\"url\":\"https:\/\/veritasinfo.org\/\",\"name\":\"\",\"description\":\"\",\"potentialAction\":[{\"@type\":\"SearchAction\",\"target\":{\"@type\":\"EntryPoint\",\"urlTemplate\":\"https:\/\/veritasinfo.org\/?s={search_term_string}\"},\"query-input\":{\"@type\":\"PropertyValueSpecification\",\"valueRequired\":true,\"valueName\":\"search_term_string\"}}],\"inLanguage\":\"en-US\"},{\"@type\":\"Person\",\"@id\":\"https:\/\/veritasinfo.org\/#\/schema\/person\/bc442336e35414d04494ab8fb45db4c6\",\"name\":\"US5\",\"image\":{\"@type\":\"ImageObject\",\"inLanguage\":\"en-US\",\"@id\":\"https:\/\/veritasinfo.org\/#\/schema\/person\/image\/\",\"url\":\"https:\/\/secure.gravatar.com\/avatar\/16a61e7272a0c5d001121ebb9e60e925d5816e4ac1e443ed3e640d9a6ae55d0c?s=96&d=mm&r=g\",\"contentUrl\":\"https:\/\/secure.gravatar.com\/avatar\/16a61e7272a0c5d001121ebb9e60e925d5816e4ac1e443ed3e640d9a6ae55d0c?s=96&d=mm&r=g\",\"caption\":\"US5\"},\"url\":\"https:\/\/veritasinfo.org\/?author=6\"}]}<\/script>\n<!-- \/ Yoast SEO plugin. -->","yoast_head_json":{"title":"Kosovo pozvano na EXPO 2030 -","robots":{"index":"index","follow":"follow","max-snippet":"max-snippet:-1","max-image-preview":"max-image-preview:large","max-video-preview":"max-video-preview:-1"},"canonical":"https:\/\/veritasinfo.org\/?p=20806&lang=sr","og_locale":"en_US","og_type":"article","og_title":"Kosovo pozvano na EXPO 2030 -","og_description":"Pri\u0161tina, 18. novembar 2025. 12:23 Ministarstvo spoljnih poslova Kosova primilo je zvani\u010dni poziv da u\u010destvuje na EXPO 2030, koji \u0107e se odr\u017eati u Rijadu, Saudijska","og_url":"https:\/\/veritasinfo.org\/?p=20806&lang=sr","article_published_time":"2025-11-18T11:25:32+00:00","article_modified_time":"2025-11-18T11:26:40+00:00","og_image":[{"width":780,"height":500,"url":"https:\/\/veritasinfo.org\/wp-content\/uploads\/2025\/11\/709807-DbPHsN38dT.jpg","type":"image\/jpeg"}],"author":"US5","twitter_card":"summary_large_image","twitter_misc":{"Written by":"US5","Est. reading time":"2 minutes"},"schema":{"@context":"https:\/\/schema.org","@graph":[{"@type":"WebPage","@id":"https:\/\/veritasinfo.org\/?p=20806&lang=sr","url":"https:\/\/veritasinfo.org\/?p=20806&lang=sr","name":"Kosovo pozvano na EXPO 2030 -","isPartOf":{"@id":"https:\/\/veritasinfo.org\/#website"},"primaryImageOfPage":{"@id":"https:\/\/veritasinfo.org\/?p=20806&lang=sr#primaryimage"},"image":{"@id":"https:\/\/veritasinfo.org\/?p=20806&lang=sr#primaryimage"},"thumbnailUrl":"https:\/\/veritasinfo.org\/wp-content\/uploads\/2025\/11\/709807-DbPHsN38dT.jpg","datePublished":"2025-11-18T11:25:32+00:00","dateModified":"2025-11-18T11:26:40+00:00","author":{"@id":"https:\/\/veritasinfo.org\/#\/schema\/person\/bc442336e35414d04494ab8fb45db4c6"},"breadcrumb":{"@id":"https:\/\/veritasinfo.org\/?p=20806&lang=sr#breadcrumb"},"inLanguage":"en-US","potentialAction":[{"@type":"ReadAction","target":["https:\/\/veritasinfo.org\/?p=20806&lang=sr"]}]},{"@type":"ImageObject","inLanguage":"en-US","@id":"https:\/\/veritasinfo.org\/?p=20806&lang=sr#primaryimage","url":"https:\/\/veritasinfo.org\/wp-content\/uploads\/2025\/11\/709807-DbPHsN38dT.jpg","contentUrl":"https:\/\/veritasinfo.org\/wp-content\/uploads\/2025\/11\/709807-DbPHsN38dT.jpg","width":780,"height":500},{"@type":"BreadcrumbList","@id":"https:\/\/veritasinfo.org\/?p=20806&lang=sr#breadcrumb","itemListElement":[{"@type":"ListItem","position":1,"name":"Home","item":"https:\/\/veritasinfo.org\/"},{"@type":"ListItem","position":2,"name":"Kosovo pozvano na EXPO 2030"}]},{"@type":"WebSite","@id":"https:\/\/veritasinfo.org\/#website","url":"https:\/\/veritasinfo.org\/","name":"","description":"","potentialAction":[{"@type":"SearchAction","target":{"@type":"EntryPoint","urlTemplate":"https:\/\/veritasinfo.org\/?s={search_term_string}"},"query-input":{"@type":"PropertyValueSpecification","valueRequired":true,"valueName":"search_term_string"}}],"inLanguage":"en-US"},{"@type":"Person","@id":"https:\/\/veritasinfo.org\/#\/schema\/person\/bc442336e35414d04494ab8fb45db4c6","name":"US5","image":{"@type":"ImageObject","inLanguage":"en-US","@id":"https:\/\/veritasinfo.org\/#\/schema\/person\/image\/","url":"https:\/\/secure.gravatar.com\/avatar\/16a61e7272a0c5d001121ebb9e60e925d5816e4ac1e443ed3e640d9a6ae55d0c?s=96&d=mm&r=g","contentUrl":"https:\/\/secure.gravatar.com\/avatar\/16a61e7272a0c5d001121ebb9e60e925d5816e4ac1e443ed3e640d9a6ae55d0c?s=96&d=mm&r=g","caption":"US5"},"url":"https:\/\/veritasinfo.org\/?author=6"}]}},"featured_image_urls":{"full":["https:\/\/veritasinfo.org\/wp-content\/uploads\/2025\/11\/709807-DbPHsN38dT.jpg",780,500,false],"thumbnail":["https:\/\/veritasinfo.org\/wp-content\/uploads\/2025\/11\/709807-DbPHsN38dT-150x150.jpg",150,150,true],"medium":["https:\/\/veritasinfo.org\/wp-content\/uploads\/2025\/11\/709807-DbPHsN38dT-300x192.jpg",300,192,true],"medium_large":["https:\/\/veritasinfo.org\/wp-content\/uploads\/2025\/11\/709807-DbPHsN38dT-768x492.jpg",640,410,true],"large":["https:\/\/veritasinfo.org\/wp-content\/uploads\/2025\/11\/709807-DbPHsN38dT.jpg",640,410,false],"1536x1536":["https:\/\/veritasinfo.org\/wp-content\/uploads\/2025\/11\/709807-DbPHsN38dT.jpg",780,500,false],"2048x2048":["https:\/\/veritasinfo.org\/wp-content\/uploads\/2025\/11\/709807-DbPHsN38dT.jpg",780,500,false],"kreeti-slider-full":["https:\/\/veritasinfo.org\/wp-content\/uploads\/2025\/11\/709807-DbPHsN38dT.jpg",780,500,false],"kreeti-featured":["https:\/\/veritasinfo.org\/wp-content\/uploads\/2025\/11\/709807-DbPHsN38dT.jpg",780,500,false],"kreeti-medium":["https:\/\/veritasinfo.org\/wp-content\/uploads\/2025\/11\/709807-DbPHsN38dT.jpg",720,462,false],"kreeti-medium-square":["https:\/\/veritasinfo.org\/wp-content\/uploads\/2025\/11\/709807-DbPHsN38dT.jpg",350,224,false]},"author_info":{"info":["US5"]},"category_info":"<a href=\"https:\/\/veritasinfo.org\/?cat=24&#038;lang=sr\" rel=\"category\">Uncategorized<\/a>","tag_info":"Uncategorized","comment_count":"0","_links":{"self":[{"href":"https:\/\/veritasinfo.org\/index.php?rest_route=\/wp\/v2\/posts\/20806","targetHints":{"allow":["GET"]}}],"collection":[{"href":"https:\/\/veritasinfo.org\/index.php?rest_route=\/wp\/v2\/posts"}],"about":[{"href":"https:\/\/veritasinfo.org\/index.php?rest_route=\/wp\/v2\/types\/post"}],"author":[{"embeddable":true,"href":"https:\/\/veritasinfo.org\/index.php?rest_route=\/wp\/v2\/users\/6"}],"replies":[{"embeddable":true,"href":"https:\/\/veritasinfo.org\/index.php?rest_route=%2Fwp%2Fv2%2Fcomments&post=20806"}],"version-history":[{"count":1,"href":"https:\/\/veritasinfo.org\/index.php?rest_route=\/wp\/v2\/posts\/20806\/revisions"}],"predecessor-version":[{"id":20807,"href":"https:\/\/veritasinfo.org\/index.php?rest_route=\/wp\/v2\/posts\/20806\/revisions\/20807"}],"wp:featuredmedia":[{"embeddable":true,"href":"https:\/\/veritasinfo.org\/index.php?rest_route=\/wp\/v2\/media\/20804"}],"wp:attachment":[{"href":"https:\/\/veritasinfo.org\/index.php?rest_route=%2Fwp%2Fv2%2Fmedia&parent=20806"}],"wp:term":[{"taxonomy":"category","embeddable":true,"href":"https:\/\/veritasinfo.org\/index.php?rest_route=%2Fwp%2Fv2%2Fcategories&post=20806"},{"taxonomy":"post_tag","embeddable":true,"href":"https:\/\/veritasinfo.org\/index.php?rest_route=%2Fwp%2Fv2%2Ftags&post=20806"}],"curies":[{"name":"wp","href":"https:\/\/api.w.org\/{rel}","templated":true}]}}