{"id":20797,"date":"2025-11-18T11:55:22","date_gmt":"2025-11-18T10:55:22","guid":{"rendered":"https:\/\/veritasinfo.org\/?p=20797"},"modified":"2025-11-18T11:58:03","modified_gmt":"2025-11-18T10:58:03","slug":"kurti-uron-bedri-hamzen-shprehet-i-gatshem-per-bashkepunim","status":"publish","type":"post","link":"https:\/\/veritasinfo.org\/?p=20797","title":{"rendered":"Kurti uron Bedri Hamz\u00ebn, shprehet i gatsh\u00ebm p\u00ebr bashk\u00ebpunim"},"content":{"rendered":"<p>Prishtin\u00eb 18 N\u00ebntor 2025 11:54<\/p>\n<p>Kryetari i LVV-s\u00eb, Albin Kurti, ka uruar kryetarin e sapozgjedhur t\u00eb PDK-s\u00eb, Bedri Hamza.<\/p>\n<p>Kurti i ka shprehur gatishm\u00ebri p\u00ebr bashk\u00ebpunim kryetarit t\u00eb ri t\u00eb PDK-s\u00eb, si\u00e7 ka th\u00ebn\u00eb.<br \/>\nShkrimi i plot\u00eb i Kurtit:<br \/>\nI shpreh urimet e mia z. Bedri Hamz\u00ebs p\u00ebr zgjedhjen e tij n\u00eb detyr\u00ebn e kryetarit t\u00eb Partis\u00eb Demokratike t\u00eb Kosov\u00ebs.<\/p>\n<p>Proceset zgjedhore brenda partis\u00eb, por edhe bashk\u00ebpunimi i nd\u00ebrsjell\u00eb i spektrit t\u00eb gjer\u00eb politik, \u00e7doher\u00eb n\u00eb t\u00eb mir\u00eb t\u00eb interesit publik, jan\u00eb parime themelore p\u00ebr funksionimin dhe avancimin e shtetit ton\u00eb.<\/p>\n<p>Nga ana ime, do t\u00eb vazhdoj angazhimin p\u00ebr bashk\u00ebpunim korrekt, n\u00eb p\u00ebrputhje me vullnetin e qytetar\u00ebve, dhe me p\u00ebrgjegj\u00ebsit\u00eb q\u00eb na i k\u00ebrkon sh\u00ebrbimi ndaj Republik\u00ebs.<\/p>\n","protected":false},"excerpt":{"rendered":"<p>Prishtin\u00eb 18 N\u00ebntor 2025 11:54 Kryetari i LVV-s\u00eb, Albin Kurti, ka uruar kryetarin e sapozgjedhur t\u00eb PDK-s\u00eb, Bedri Hamza. Kurti i ka shprehur gatishm\u00ebri p\u00ebr<\/p>\n","protected":false},"author":6,"featured_media":20798,"comment_status":"open","ping_status":"open","sticky":false,"template":"","format":"standard","meta":{"footnotes":""},"categories":[58],"tags":[],"class_list":["post-20797","post","type-post","status-publish","format-standard","has-post-thumbnail","hentry","category-politike-sq"],"yoast_head":"<!-- This site is optimized with the Yoast SEO plugin v25.3.1 - https:\/\/yoast.com\/wordpress\/plugins\/seo\/ -->\n<title>Kurti uron Bedri Hamz\u00ebn, shprehet i gatsh\u00ebm p\u00ebr bashk\u00ebpunim -<\/title>\n<meta name=\"robots\" content=\"index, follow, max-snippet:-1, max-image-preview:large, max-video-preview:-1\" \/>\n<link rel=\"canonical\" href=\"https:\/\/veritasinfo.org\/?p=20797\" \/>\n<meta property=\"og:locale\" content=\"en_US\" \/>\n<meta property=\"og:type\" content=\"article\" \/>\n<meta property=\"og:title\" content=\"Kurti uron Bedri Hamz\u00ebn, shprehet i gatsh\u00ebm p\u00ebr bashk\u00ebpunim -\" \/>\n<meta property=\"og:description\" content=\"Prishtin\u00eb 18 N\u00ebntor 2025 11:54 Kryetari i LVV-s\u00eb, Albin Kurti, ka uruar kryetarin e sapozgjedhur t\u00eb PDK-s\u00eb, Bedri Hamza. Kurti i ka shprehur gatishm\u00ebri p\u00ebr\" \/>\n<meta property=\"og:url\" content=\"https:\/\/veritasinfo.org\/?p=20797\" \/>\n<meta property=\"article:published_time\" content=\"2025-11-18T10:55:22+00:00\" \/>\n<meta property=\"article:modified_time\" content=\"2025-11-18T10:58:03+00:00\" \/>\n<meta property=\"og:image\" content=\"https:\/\/veritasinfo.org\/wp-content\/uploads\/2025\/11\/auto_auto_hamza-kurti17494748391763461134.jpg\" \/>\n\t<meta property=\"og:image:width\" content=\"900\" \/>\n\t<meta property=\"og:image:height\" content=\"600\" \/>\n\t<meta property=\"og:image:type\" content=\"image\/jpeg\" \/>\n<meta name=\"author\" content=\"US5\" \/>\n<meta name=\"twitter:card\" content=\"summary_large_image\" \/>\n<meta name=\"twitter:label1\" content=\"Written by\" \/>\n\t<meta name=\"twitter:data1\" content=\"US5\" \/>\n\t<meta name=\"twitter:label2\" content=\"Est. reading time\" \/>\n\t<meta name=\"twitter:data2\" content=\"1 minute\" \/>\n<script type=\"application\/ld+json\" class=\"yoast-schema-graph\">{\"@context\":\"https:\/\/schema.org\",\"@graph\":[{\"@type\":\"WebPage\",\"@id\":\"https:\/\/veritasinfo.org\/?p=20797\",\"url\":\"https:\/\/veritasinfo.org\/?p=20797\",\"name\":\"Kurti uron Bedri Hamz\u00ebn, shprehet i gatsh\u00ebm p\u00ebr bashk\u00ebpunim -\",\"isPartOf\":{\"@id\":\"https:\/\/veritasinfo.org\/#website\"},\"primaryImageOfPage\":{\"@id\":\"https:\/\/veritasinfo.org\/?p=20797#primaryimage\"},\"image\":{\"@id\":\"https:\/\/veritasinfo.org\/?p=20797#primaryimage\"},\"thumbnailUrl\":\"https:\/\/veritasinfo.org\/wp-content\/uploads\/2025\/11\/auto_auto_hamza-kurti17494748391763461134.jpg\",\"datePublished\":\"2025-11-18T10:55:22+00:00\",\"dateModified\":\"2025-11-18T10:58:03+00:00\",\"author\":{\"@id\":\"https:\/\/veritasinfo.org\/#\/schema\/person\/bc442336e35414d04494ab8fb45db4c6\"},\"breadcrumb\":{\"@id\":\"https:\/\/veritasinfo.org\/?p=20797#breadcrumb\"},\"inLanguage\":\"en-US\",\"potentialAction\":[{\"@type\":\"ReadAction\",\"target\":[\"https:\/\/veritasinfo.org\/?p=20797\"]}]},{\"@type\":\"ImageObject\",\"inLanguage\":\"en-US\",\"@id\":\"https:\/\/veritasinfo.org\/?p=20797#primaryimage\",\"url\":\"https:\/\/veritasinfo.org\/wp-content\/uploads\/2025\/11\/auto_auto_hamza-kurti17494748391763461134.jpg\",\"contentUrl\":\"https:\/\/veritasinfo.org\/wp-content\/uploads\/2025\/11\/auto_auto_hamza-kurti17494748391763461134.jpg\",\"width\":900,\"height\":600},{\"@type\":\"BreadcrumbList\",\"@id\":\"https:\/\/veritasinfo.org\/?p=20797#breadcrumb\",\"itemListElement\":[{\"@type\":\"ListItem\",\"position\":1,\"name\":\"Home\",\"item\":\"https:\/\/veritasinfo.org\/\"},{\"@type\":\"ListItem\",\"position\":2,\"name\":\"Kurti uron Bedri Hamz\u00ebn, shprehet i gatsh\u00ebm p\u00ebr bashk\u00ebpunim\"}]},{\"@type\":\"WebSite\",\"@id\":\"https:\/\/veritasinfo.org\/#website\",\"url\":\"https:\/\/veritasinfo.org\/\",\"name\":\"\",\"description\":\"\",\"potentialAction\":[{\"@type\":\"SearchAction\",\"target\":{\"@type\":\"EntryPoint\",\"urlTemplate\":\"https:\/\/veritasinfo.org\/?s={search_term_string}\"},\"query-input\":{\"@type\":\"PropertyValueSpecification\",\"valueRequired\":true,\"valueName\":\"search_term_string\"}}],\"inLanguage\":\"en-US\"},{\"@type\":\"Person\",\"@id\":\"https:\/\/veritasinfo.org\/#\/schema\/person\/bc442336e35414d04494ab8fb45db4c6\",\"name\":\"US5\",\"image\":{\"@type\":\"ImageObject\",\"inLanguage\":\"en-US\",\"@id\":\"https:\/\/veritasinfo.org\/#\/schema\/person\/image\/\",\"url\":\"https:\/\/secure.gravatar.com\/avatar\/16a61e7272a0c5d001121ebb9e60e925d5816e4ac1e443ed3e640d9a6ae55d0c?s=96&d=mm&r=g\",\"contentUrl\":\"https:\/\/secure.gravatar.com\/avatar\/16a61e7272a0c5d001121ebb9e60e925d5816e4ac1e443ed3e640d9a6ae55d0c?s=96&d=mm&r=g\",\"caption\":\"US5\"},\"url\":\"https:\/\/veritasinfo.org\/?author=6\"}]}<\/script>\n<!-- \/ Yoast SEO plugin. -->","yoast_head_json":{"title":"Kurti uron Bedri Hamz\u00ebn, shprehet i gatsh\u00ebm p\u00ebr bashk\u00ebpunim -","robots":{"index":"index","follow":"follow","max-snippet":"max-snippet:-1","max-image-preview":"max-image-preview:large","max-video-preview":"max-video-preview:-1"},"canonical":"https:\/\/veritasinfo.org\/?p=20797","og_locale":"en_US","og_type":"article","og_title":"Kurti uron Bedri Hamz\u00ebn, shprehet i gatsh\u00ebm p\u00ebr bashk\u00ebpunim -","og_description":"Prishtin\u00eb 18 N\u00ebntor 2025 11:54 Kryetari i LVV-s\u00eb, Albin Kurti, ka uruar kryetarin e sapozgjedhur t\u00eb PDK-s\u00eb, Bedri Hamza. Kurti i ka shprehur gatishm\u00ebri p\u00ebr","og_url":"https:\/\/veritasinfo.org\/?p=20797","article_published_time":"2025-11-18T10:55:22+00:00","article_modified_time":"2025-11-18T10:58:03+00:00","og_image":[{"width":900,"height":600,"url":"https:\/\/veritasinfo.org\/wp-content\/uploads\/2025\/11\/auto_auto_hamza-kurti17494748391763461134.jpg","type":"image\/jpeg"}],"author":"US5","twitter_card":"summary_large_image","twitter_misc":{"Written by":"US5","Est. reading time":"1 minute"},"schema":{"@context":"https:\/\/schema.org","@graph":[{"@type":"WebPage","@id":"https:\/\/veritasinfo.org\/?p=20797","url":"https:\/\/veritasinfo.org\/?p=20797","name":"Kurti uron Bedri Hamz\u00ebn, shprehet i gatsh\u00ebm p\u00ebr bashk\u00ebpunim -","isPartOf":{"@id":"https:\/\/veritasinfo.org\/#website"},"primaryImageOfPage":{"@id":"https:\/\/veritasinfo.org\/?p=20797#primaryimage"},"image":{"@id":"https:\/\/veritasinfo.org\/?p=20797#primaryimage"},"thumbnailUrl":"https:\/\/veritasinfo.org\/wp-content\/uploads\/2025\/11\/auto_auto_hamza-kurti17494748391763461134.jpg","datePublished":"2025-11-18T10:55:22+00:00","dateModified":"2025-11-18T10:58:03+00:00","author":{"@id":"https:\/\/veritasinfo.org\/#\/schema\/person\/bc442336e35414d04494ab8fb45db4c6"},"breadcrumb":{"@id":"https:\/\/veritasinfo.org\/?p=20797#breadcrumb"},"inLanguage":"en-US","potentialAction":[{"@type":"ReadAction","target":["https:\/\/veritasinfo.org\/?p=20797"]}]},{"@type":"ImageObject","inLanguage":"en-US","@id":"https:\/\/veritasinfo.org\/?p=20797#primaryimage","url":"https:\/\/veritasinfo.org\/wp-content\/uploads\/2025\/11\/auto_auto_hamza-kurti17494748391763461134.jpg","contentUrl":"https:\/\/veritasinfo.org\/wp-content\/uploads\/2025\/11\/auto_auto_hamza-kurti17494748391763461134.jpg","width":900,"height":600},{"@type":"BreadcrumbList","@id":"https:\/\/veritasinfo.org\/?p=20797#breadcrumb","itemListElement":[{"@type":"ListItem","position":1,"name":"Home","item":"https:\/\/veritasinfo.org\/"},{"@type":"ListItem","position":2,"name":"Kurti uron Bedri Hamz\u00ebn, shprehet i gatsh\u00ebm p\u00ebr bashk\u00ebpunim"}]},{"@type":"WebSite","@id":"https:\/\/veritasinfo.org\/#website","url":"https:\/\/veritasinfo.org\/","name":"","description":"","potentialAction":[{"@type":"SearchAction","target":{"@type":"EntryPoint","urlTemplate":"https:\/\/veritasinfo.org\/?s={search_term_string}"},"query-input":{"@type":"PropertyValueSpecification","valueRequired":true,"valueName":"search_term_string"}}],"inLanguage":"en-US"},{"@type":"Person","@id":"https:\/\/veritasinfo.org\/#\/schema\/person\/bc442336e35414d04494ab8fb45db4c6","name":"US5","image":{"@type":"ImageObject","inLanguage":"en-US","@id":"https:\/\/veritasinfo.org\/#\/schema\/person\/image\/","url":"https:\/\/secure.gravatar.com\/avatar\/16a61e7272a0c5d001121ebb9e60e925d5816e4ac1e443ed3e640d9a6ae55d0c?s=96&d=mm&r=g","contentUrl":"https:\/\/secure.gravatar.com\/avatar\/16a61e7272a0c5d001121ebb9e60e925d5816e4ac1e443ed3e640d9a6ae55d0c?s=96&d=mm&r=g","caption":"US5"},"url":"https:\/\/veritasinfo.org\/?author=6"}]}},"featured_image_urls":{"full":["https:\/\/veritasinfo.org\/wp-content\/uploads\/2025\/11\/auto_auto_hamza-kurti17494748391763461134.jpg",900,600,false],"thumbnail":["https:\/\/veritasinfo.org\/wp-content\/uploads\/2025\/11\/auto_auto_hamza-kurti17494748391763461134-150x150.jpg",150,150,true],"medium":["https:\/\/veritasinfo.org\/wp-content\/uploads\/2025\/11\/auto_auto_hamza-kurti17494748391763461134-300x200.jpg",300,200,true],"medium_large":["https:\/\/veritasinfo.org\/wp-content\/uploads\/2025\/11\/auto_auto_hamza-kurti17494748391763461134-768x512.jpg",640,427,true],"large":["https:\/\/veritasinfo.org\/wp-content\/uploads\/2025\/11\/auto_auto_hamza-kurti17494748391763461134.jpg",640,427,false],"1536x1536":["https:\/\/veritasinfo.org\/wp-content\/uploads\/2025\/11\/auto_auto_hamza-kurti17494748391763461134.jpg",900,600,false],"2048x2048":["https:\/\/veritasinfo.org\/wp-content\/uploads\/2025\/11\/auto_auto_hamza-kurti17494748391763461134.jpg",900,600,false],"kreeti-slider-full":["https:\/\/veritasinfo.org\/wp-content\/uploads\/2025\/11\/auto_auto_hamza-kurti17494748391763461134.jpg",900,600,false],"kreeti-featured":["https:\/\/veritasinfo.org\/wp-content\/uploads\/2025\/11\/auto_auto_hamza-kurti17494748391763461134.jpg",900,600,false],"kreeti-medium":["https:\/\/veritasinfo.org\/wp-content\/uploads\/2025\/11\/auto_auto_hamza-kurti17494748391763461134.jpg",720,480,false],"kreeti-medium-square":["https:\/\/veritasinfo.org\/wp-content\/uploads\/2025\/11\/auto_auto_hamza-kurti17494748391763461134.jpg",350,233,false]},"author_info":{"info":["US5"]},"category_info":"<a href=\"https:\/\/veritasinfo.org\/?cat=58\" rel=\"category\">Politik\u00eb<\/a>","tag_info":"Politik\u00eb","comment_count":"0","_links":{"self":[{"href":"https:\/\/veritasinfo.org\/index.php?rest_route=\/wp\/v2\/posts\/20797","targetHints":{"allow":["GET"]}}],"collection":[{"href":"https:\/\/veritasinfo.org\/index.php?rest_route=\/wp\/v2\/posts"}],"about":[{"href":"https:\/\/veritasinfo.org\/index.php?rest_route=\/wp\/v2\/types\/post"}],"author":[{"embeddable":true,"href":"https:\/\/veritasinfo.org\/index.php?rest_route=\/wp\/v2\/users\/6"}],"replies":[{"embeddable":true,"href":"https:\/\/veritasinfo.org\/index.php?rest_route=%2Fwp%2Fv2%2Fcomments&post=20797"}],"version-history":[{"count":2,"href":"https:\/\/veritasinfo.org\/index.php?rest_route=\/wp\/v2\/posts\/20797\/revisions"}],"predecessor-version":[{"id":20802,"href":"https:\/\/veritasinfo.org\/index.php?rest_route=\/wp\/v2\/posts\/20797\/revisions\/20802"}],"wp:featuredmedia":[{"embeddable":true,"href":"https:\/\/veritasinfo.org\/index.php?rest_route=\/wp\/v2\/media\/20798"}],"wp:attachment":[{"href":"https:\/\/veritasinfo.org\/index.php?rest_route=%2Fwp%2Fv2%2Fmedia&parent=20797"}],"wp:term":[{"taxonomy":"category","embeddable":true,"href":"https:\/\/veritasinfo.org\/index.php?rest_route=%2Fwp%2Fv2%2Fcategories&post=20797"},{"taxonomy":"post_tag","embeddable":true,"href":"https:\/\/veritasinfo.org\/index.php?rest_route=%2Fwp%2Fv2%2Ftags&post=20797"}],"curies":[{"name":"wp","href":"https:\/\/api.w.org\/{rel}","templated":true}]}}