{"id":20673,"date":"2025-11-17T15:39:18","date_gmt":"2025-11-17T14:39:18","guid":{"rendered":"https:\/\/veritasinfo.org\/?p=20673"},"modified":"2025-11-17T15:39:18","modified_gmt":"2025-11-17T14:39:18","slug":"clark-millosheviq-me-tha-e-dime-si-ti-trajtojme-shqiptaret-ashtu-edhe-sic-e-kemi-bere-i-kemi-vrare","status":"publish","type":"post","link":"https:\/\/veritasinfo.org\/?p=20673","title":{"rendered":"Clark: Millosheviq m\u00eb tha e dim\u00eb si t\u2019i trajtojm\u00eb shqiptar\u00ebt, ashtu edhe si\u00e7 e kemi b\u00ebr\u00eb: I kemi vr*ar\u00eb"},"content":{"rendered":"<p>Prishtin\u00eb, 17 n\u00ebntor 2025 15:39<\/p>\n<p>Ish-komandanti suprem i NATO-s, Wesley Clark gjat\u00eb d\u00ebshmis\u00eb s\u00eb tij n\u00eb Hag\u00eb dha detaje edhe rreth bised\u00ebs s\u00eb tij me Sllobodan Millosheviqin.<\/p>\n<p>Ai tha se personalisht kishte shkuar tri her\u00eb n\u00eb Beograd dhe bashk\u00eb me Havier Solan\u00ebn.<\/p>\n<p>Ndon\u00ebse tha se Millosheviq i kishte premtuar se do t\u2019i largonte forcat nga Kosova nj\u00eb gj\u00eb e till\u00eb nuk kishte ndodhur.<\/p>\n<p>\u201cShkova n\u00eb nj\u00eb takim pas nj\u00eb jave, i thash presidentit Millosheviq duhet t\u00eb t\u00ebrheq\u00ebsh forcat sepse n\u00ebse nuk i t\u00ebrheq forcat at\u00ebher\u00eb NATO-ja do t\u00eb m\u00eb k\u00ebrkoj q\u00eb t\u00eb zbatoj planin q\u00eb kam n\u00eb let\u00ebr dhe do ta vazhdojm\u00eb me bombardimin dhe ai mu p\u00ebrgjigj: NATO-ja d ta b\u00ebj\u00eb at\u00eb\u00a0 \u00e7far\u00eb ka p\u00ebr t\u00eb b\u00ebr\u00eb dhe un\u00eb iu p\u00ebrgjigja ne nuk duam ta b\u00ebjm\u00eb at\u00eb q\u00eb mund t\u00eb b\u00ebjm\u00eb dhe ai m\u00eb tha q\u00eb ke t\u00eb drejt\u00eb, por bisedoni me gjeneral\u00ebt dhe un\u00eb shkova bisedova me gjeneral\u00ebt, ua tregova hart\u00ebn ata m\u00eb than\u00eb se k\u00ebta jan\u00eb terrorist\u00eb, aty \u2013 k\u00ebtu jan\u00eb t\u00eb gjith\u00eb terrorist\u00eb jan\u00eb zona t\u00eb Kosov\u00ebs,. Dhe un\u00eb i thash nuk do e zgjidh\u00ebsh k\u00ebshtu k\u00ebt\u00eb bised\u00eb duke i quajtur t\u00eb gjith\u00eb terroist\u00eb dhe duke i shtypur njer\u00ebzit nga sht\u00ebpit\u00eb e tyre dhe t\u2019i th\u00ebrras\u00ebsh t\u00eb gjith\u00eb terrosit\u00eb, duhet t\u00eb ndryshosh taktik\u00ebn t\u00ebnde, por as kjo bised\u00eb nuk \u00e7oi n\u00eb asgj\u00eb. Kur e takova her\u00ebn tjet\u00ebr Millosheviqin ai m\u00eb tha se do t\u00eb b\u00ebnte \u00e7do gj\u00eb q\u00eb t\u00eb mundej por asgj\u00eb nuk ndodhi, m\u00eb pas shkova n\u00eb takimin e tret\u00eb me gjeneralin Marlin n\u00eb at\u00eb koh\u00eb u ul\u00ebm me t\u00eb dhe i treguam presidentit Millosheviq se \u00e7far\u00eb donim t\u00eb b\u00ebnim, ai m\u00eb tha q\u00eb personi q\u00eb \u00ebsht\u00eb p\u00ebrgjegj\u00ebs \u00ebsht\u00eb zot\u00ebri Stojanoviq me at\u00eb duhet t\u00eb flisni, k\u00ebshtu q\u00eb ai tha q\u00eb nuk ishte personi p\u00ebrgjegj\u00ebs. Ne shpenzuam t\u00eb gjith\u00eb dark\u00ebn p\u00ebr t\u00eb n\u00ebnshkruar marr\u00ebveshjen, t\u00eb nes\u00ebrmen ishte e diel\u00eb n\u00eb m\u00ebngjes ishte koha p\u00ebr t\u00eb n\u00ebnshkruar marr\u00ebveshjen, presidenti Millosheviq erdhi n\u00eb or\u00eb 10:00 n\u00eb m\u00ebngjes dhe ai u soll sikur marr\u00ebveshja ishte v\u00ebrtet\u00eb shum\u00eb e r\u00ebnd\u00ebsishme ai tha: ne e dim\u00eb se si t\u2019i trajtojm\u00eb k\u00ebta shqiptar\u00ebt, k\u00ebta vras\u00ebs, dhe e kemi b\u00ebr\u00eb k\u00ebt\u00eb gj\u00eb edhe p\u00ebrpara s\u2019\u00ebsht\u00eb hera e par\u00eb, un\u00eb i thash po zot\u00ebri president si i keni trajtuar, \u00e7far\u00eb keni b\u00ebr\u00eb, ai mu p\u00ebrgjigj: i kemi vrar\u00eb t\u00eb gjith\u00eb.\u00a0 Dhe pastaj paraqita marr\u00ebveshjen q\u00eb ishte shtypur me njer\u00ebzit e vet ku ishin disa \u2013 pak lidhur me \u00e7far\u00eb do t\u00eb b\u00ebnin Shtetet e Bashkuara sa u p\u00ebrket forcave t\u00ebrheq\u00ebse t\u00eb negociatave. Un\u00eb i thash zot\u00ebri president se keni n\u00ebnshkruar marr\u00ebveshjen, ai m\u00eb tha nuk \u00ebsht\u00eb e nevojshme, i thash sigurisht q\u00eb \u00ebsht\u00eb e nevojshme duhet ta n\u00ebnshkruani, ai e n\u00ebnshkroi\u201d, tha Clark.<\/p>\n<p>&nbsp;<\/p>\n","protected":false},"excerpt":{"rendered":"<p>Prishtin\u00eb, 17 n\u00ebntor 2025 15:39 Ish-komandanti suprem i NATO-s, Wesley Clark gjat\u00eb d\u00ebshmis\u00eb s\u00eb tij n\u00eb Hag\u00eb dha detaje edhe rreth bised\u00ebs s\u00eb tij me<\/p>\n","protected":false},"author":7,"featured_media":20674,"comment_status":"open","ping_status":"open","sticky":false,"template":"","format":"standard","meta":{"footnotes":""},"categories":[60],"tags":[],"class_list":["post-20673","post","type-post","status-publish","format-standard","has-post-thumbnail","hentry","category-shoqerore-sq"],"yoast_head":"<!-- This site is optimized with the Yoast SEO plugin v25.3.1 - https:\/\/yoast.com\/wordpress\/plugins\/seo\/ -->\n<title>Clark: Millosheviq m\u00eb tha e dim\u00eb si t\u2019i trajtojm\u00eb shqiptar\u00ebt, ashtu edhe si\u00e7 e kemi b\u00ebr\u00eb: I kemi vr*ar\u00eb -<\/title>\n<meta name=\"robots\" content=\"index, follow, max-snippet:-1, max-image-preview:large, max-video-preview:-1\" \/>\n<link rel=\"canonical\" href=\"https:\/\/veritasinfo.org\/?p=20673\" \/>\n<meta property=\"og:locale\" content=\"en_US\" \/>\n<meta property=\"og:type\" content=\"article\" \/>\n<meta property=\"og:title\" content=\"Clark: Millosheviq m\u00eb tha e dim\u00eb si t\u2019i trajtojm\u00eb shqiptar\u00ebt, ashtu edhe si\u00e7 e kemi b\u00ebr\u00eb: I kemi vr*ar\u00eb -\" \/>\n<meta property=\"og:description\" content=\"Prishtin\u00eb, 17 n\u00ebntor 2025 15:39 Ish-komandanti suprem i NATO-s, Wesley Clark gjat\u00eb d\u00ebshmis\u00eb s\u00eb tij n\u00eb Hag\u00eb dha detaje edhe rreth bised\u00ebs s\u00eb tij me\" \/>\n<meta property=\"og:url\" content=\"https:\/\/veritasinfo.org\/?p=20673\" \/>\n<meta property=\"article:published_time\" content=\"2025-11-17T14:39:18+00:00\" \/>\n<meta property=\"og:image\" content=\"https:\/\/veritasinfo.org\/wp-content\/uploads\/2025\/11\/Clark-752x440-1.jpg\" \/>\n\t<meta property=\"og:image:width\" content=\"752\" \/>\n\t<meta property=\"og:image:height\" content=\"440\" \/>\n\t<meta property=\"og:image:type\" content=\"image\/jpeg\" \/>\n<meta name=\"author\" content=\"US6\" \/>\n<meta name=\"twitter:card\" content=\"summary_large_image\" \/>\n<meta name=\"twitter:label1\" content=\"Written by\" \/>\n\t<meta name=\"twitter:data1\" content=\"US6\" \/>\n\t<meta name=\"twitter:label2\" content=\"Est. reading time\" \/>\n\t<meta name=\"twitter:data2\" content=\"3 minutes\" \/>\n<script type=\"application\/ld+json\" class=\"yoast-schema-graph\">{\"@context\":\"https:\/\/schema.org\",\"@graph\":[{\"@type\":\"WebPage\",\"@id\":\"https:\/\/veritasinfo.org\/?p=20673\",\"url\":\"https:\/\/veritasinfo.org\/?p=20673\",\"name\":\"Clark: Millosheviq m\u00eb tha e dim\u00eb si t\u2019i trajtojm\u00eb shqiptar\u00ebt, ashtu edhe si\u00e7 e kemi b\u00ebr\u00eb: I kemi vr*ar\u00eb -\",\"isPartOf\":{\"@id\":\"https:\/\/veritasinfo.org\/#website\"},\"primaryImageOfPage\":{\"@id\":\"https:\/\/veritasinfo.org\/?p=20673#primaryimage\"},\"image\":{\"@id\":\"https:\/\/veritasinfo.org\/?p=20673#primaryimage\"},\"thumbnailUrl\":\"https:\/\/veritasinfo.org\/wp-content\/uploads\/2025\/11\/Clark-752x440-1.jpg\",\"datePublished\":\"2025-11-17T14:39:18+00:00\",\"author\":{\"@id\":\"https:\/\/veritasinfo.org\/#\/schema\/person\/fe199eede04c3937362892b7444747cc\"},\"breadcrumb\":{\"@id\":\"https:\/\/veritasinfo.org\/?p=20673#breadcrumb\"},\"inLanguage\":\"en-US\",\"potentialAction\":[{\"@type\":\"ReadAction\",\"target\":[\"https:\/\/veritasinfo.org\/?p=20673\"]}]},{\"@type\":\"ImageObject\",\"inLanguage\":\"en-US\",\"@id\":\"https:\/\/veritasinfo.org\/?p=20673#primaryimage\",\"url\":\"https:\/\/veritasinfo.org\/wp-content\/uploads\/2025\/11\/Clark-752x440-1.jpg\",\"contentUrl\":\"https:\/\/veritasinfo.org\/wp-content\/uploads\/2025\/11\/Clark-752x440-1.jpg\",\"width\":752,\"height\":440},{\"@type\":\"BreadcrumbList\",\"@id\":\"https:\/\/veritasinfo.org\/?p=20673#breadcrumb\",\"itemListElement\":[{\"@type\":\"ListItem\",\"position\":1,\"name\":\"Home\",\"item\":\"https:\/\/veritasinfo.org\/\"},{\"@type\":\"ListItem\",\"position\":2,\"name\":\"Clark: Millosheviq m\u00eb tha e dim\u00eb si t\u2019i trajtojm\u00eb shqiptar\u00ebt, ashtu edhe si\u00e7 e kemi b\u00ebr\u00eb: I kemi vr*ar\u00eb\"}]},{\"@type\":\"WebSite\",\"@id\":\"https:\/\/veritasinfo.org\/#website\",\"url\":\"https:\/\/veritasinfo.org\/\",\"name\":\"\",\"description\":\"\",\"potentialAction\":[{\"@type\":\"SearchAction\",\"target\":{\"@type\":\"EntryPoint\",\"urlTemplate\":\"https:\/\/veritasinfo.org\/?s={search_term_string}\"},\"query-input\":{\"@type\":\"PropertyValueSpecification\",\"valueRequired\":true,\"valueName\":\"search_term_string\"}}],\"inLanguage\":\"en-US\"},{\"@type\":\"Person\",\"@id\":\"https:\/\/veritasinfo.org\/#\/schema\/person\/fe199eede04c3937362892b7444747cc\",\"name\":\"US6\",\"image\":{\"@type\":\"ImageObject\",\"inLanguage\":\"en-US\",\"@id\":\"https:\/\/veritasinfo.org\/#\/schema\/person\/image\/\",\"url\":\"https:\/\/secure.gravatar.com\/avatar\/cb16c3c31c9d23b9b8c705964598220b3014e42ff51eb540ff23cefa3ae8c15f?s=96&d=mm&r=g\",\"contentUrl\":\"https:\/\/secure.gravatar.com\/avatar\/cb16c3c31c9d23b9b8c705964598220b3014e42ff51eb540ff23cefa3ae8c15f?s=96&d=mm&r=g\",\"caption\":\"US6\"},\"url\":\"https:\/\/veritasinfo.org\/?author=7\"}]}<\/script>\n<!-- \/ Yoast SEO plugin. -->","yoast_head_json":{"title":"Clark: Millosheviq m\u00eb tha e dim\u00eb si t\u2019i trajtojm\u00eb shqiptar\u00ebt, ashtu edhe si\u00e7 e kemi b\u00ebr\u00eb: I kemi vr*ar\u00eb -","robots":{"index":"index","follow":"follow","max-snippet":"max-snippet:-1","max-image-preview":"max-image-preview:large","max-video-preview":"max-video-preview:-1"},"canonical":"https:\/\/veritasinfo.org\/?p=20673","og_locale":"en_US","og_type":"article","og_title":"Clark: Millosheviq m\u00eb tha e dim\u00eb si t\u2019i trajtojm\u00eb shqiptar\u00ebt, ashtu edhe si\u00e7 e kemi b\u00ebr\u00eb: I kemi vr*ar\u00eb -","og_description":"Prishtin\u00eb, 17 n\u00ebntor 2025 15:39 Ish-komandanti suprem i NATO-s, Wesley Clark gjat\u00eb d\u00ebshmis\u00eb s\u00eb tij n\u00eb Hag\u00eb dha detaje edhe rreth bised\u00ebs s\u00eb tij me","og_url":"https:\/\/veritasinfo.org\/?p=20673","article_published_time":"2025-11-17T14:39:18+00:00","og_image":[{"width":752,"height":440,"url":"https:\/\/veritasinfo.org\/wp-content\/uploads\/2025\/11\/Clark-752x440-1.jpg","type":"image\/jpeg"}],"author":"US6","twitter_card":"summary_large_image","twitter_misc":{"Written by":"US6","Est. reading time":"3 minutes"},"schema":{"@context":"https:\/\/schema.org","@graph":[{"@type":"WebPage","@id":"https:\/\/veritasinfo.org\/?p=20673","url":"https:\/\/veritasinfo.org\/?p=20673","name":"Clark: Millosheviq m\u00eb tha e dim\u00eb si t\u2019i trajtojm\u00eb shqiptar\u00ebt, ashtu edhe si\u00e7 e kemi b\u00ebr\u00eb: I kemi vr*ar\u00eb -","isPartOf":{"@id":"https:\/\/veritasinfo.org\/#website"},"primaryImageOfPage":{"@id":"https:\/\/veritasinfo.org\/?p=20673#primaryimage"},"image":{"@id":"https:\/\/veritasinfo.org\/?p=20673#primaryimage"},"thumbnailUrl":"https:\/\/veritasinfo.org\/wp-content\/uploads\/2025\/11\/Clark-752x440-1.jpg","datePublished":"2025-11-17T14:39:18+00:00","author":{"@id":"https:\/\/veritasinfo.org\/#\/schema\/person\/fe199eede04c3937362892b7444747cc"},"breadcrumb":{"@id":"https:\/\/veritasinfo.org\/?p=20673#breadcrumb"},"inLanguage":"en-US","potentialAction":[{"@type":"ReadAction","target":["https:\/\/veritasinfo.org\/?p=20673"]}]},{"@type":"ImageObject","inLanguage":"en-US","@id":"https:\/\/veritasinfo.org\/?p=20673#primaryimage","url":"https:\/\/veritasinfo.org\/wp-content\/uploads\/2025\/11\/Clark-752x440-1.jpg","contentUrl":"https:\/\/veritasinfo.org\/wp-content\/uploads\/2025\/11\/Clark-752x440-1.jpg","width":752,"height":440},{"@type":"BreadcrumbList","@id":"https:\/\/veritasinfo.org\/?p=20673#breadcrumb","itemListElement":[{"@type":"ListItem","position":1,"name":"Home","item":"https:\/\/veritasinfo.org\/"},{"@type":"ListItem","position":2,"name":"Clark: Millosheviq m\u00eb tha e dim\u00eb si t\u2019i trajtojm\u00eb shqiptar\u00ebt, ashtu edhe si\u00e7 e kemi b\u00ebr\u00eb: I kemi vr*ar\u00eb"}]},{"@type":"WebSite","@id":"https:\/\/veritasinfo.org\/#website","url":"https:\/\/veritasinfo.org\/","name":"","description":"","potentialAction":[{"@type":"SearchAction","target":{"@type":"EntryPoint","urlTemplate":"https:\/\/veritasinfo.org\/?s={search_term_string}"},"query-input":{"@type":"PropertyValueSpecification","valueRequired":true,"valueName":"search_term_string"}}],"inLanguage":"en-US"},{"@type":"Person","@id":"https:\/\/veritasinfo.org\/#\/schema\/person\/fe199eede04c3937362892b7444747cc","name":"US6","image":{"@type":"ImageObject","inLanguage":"en-US","@id":"https:\/\/veritasinfo.org\/#\/schema\/person\/image\/","url":"https:\/\/secure.gravatar.com\/avatar\/cb16c3c31c9d23b9b8c705964598220b3014e42ff51eb540ff23cefa3ae8c15f?s=96&d=mm&r=g","contentUrl":"https:\/\/secure.gravatar.com\/avatar\/cb16c3c31c9d23b9b8c705964598220b3014e42ff51eb540ff23cefa3ae8c15f?s=96&d=mm&r=g","caption":"US6"},"url":"https:\/\/veritasinfo.org\/?author=7"}]}},"featured_image_urls":{"full":["https:\/\/veritasinfo.org\/wp-content\/uploads\/2025\/11\/Clark-752x440-1.jpg",752,440,false],"thumbnail":["https:\/\/veritasinfo.org\/wp-content\/uploads\/2025\/11\/Clark-752x440-1-150x150.jpg",150,150,true],"medium":["https:\/\/veritasinfo.org\/wp-content\/uploads\/2025\/11\/Clark-752x440-1-300x176.jpg",300,176,true],"medium_large":["https:\/\/veritasinfo.org\/wp-content\/uploads\/2025\/11\/Clark-752x440-1.jpg",640,374,false],"large":["https:\/\/veritasinfo.org\/wp-content\/uploads\/2025\/11\/Clark-752x440-1.jpg",640,374,false],"1536x1536":["https:\/\/veritasinfo.org\/wp-content\/uploads\/2025\/11\/Clark-752x440-1.jpg",752,440,false],"2048x2048":["https:\/\/veritasinfo.org\/wp-content\/uploads\/2025\/11\/Clark-752x440-1.jpg",752,440,false],"kreeti-slider-full":["https:\/\/veritasinfo.org\/wp-content\/uploads\/2025\/11\/Clark-752x440-1.jpg",752,440,false],"kreeti-featured":["https:\/\/veritasinfo.org\/wp-content\/uploads\/2025\/11\/Clark-752x440-1.jpg",752,440,false],"kreeti-medium":["https:\/\/veritasinfo.org\/wp-content\/uploads\/2025\/11\/Clark-752x440-1.jpg",720,421,false],"kreeti-medium-square":["https:\/\/veritasinfo.org\/wp-content\/uploads\/2025\/11\/Clark-752x440-1.jpg",350,205,false]},"author_info":{"info":["US6"]},"category_info":"<a href=\"https:\/\/veritasinfo.org\/?cat=60\" rel=\"category\">Shoq\u00ebrore<\/a>","tag_info":"Shoq\u00ebrore","comment_count":"0","_links":{"self":[{"href":"https:\/\/veritasinfo.org\/index.php?rest_route=\/wp\/v2\/posts\/20673","targetHints":{"allow":["GET"]}}],"collection":[{"href":"https:\/\/veritasinfo.org\/index.php?rest_route=\/wp\/v2\/posts"}],"about":[{"href":"https:\/\/veritasinfo.org\/index.php?rest_route=\/wp\/v2\/types\/post"}],"author":[{"embeddable":true,"href":"https:\/\/veritasinfo.org\/index.php?rest_route=\/wp\/v2\/users\/7"}],"replies":[{"embeddable":true,"href":"https:\/\/veritasinfo.org\/index.php?rest_route=%2Fwp%2Fv2%2Fcomments&post=20673"}],"version-history":[{"count":1,"href":"https:\/\/veritasinfo.org\/index.php?rest_route=\/wp\/v2\/posts\/20673\/revisions"}],"predecessor-version":[{"id":20675,"href":"https:\/\/veritasinfo.org\/index.php?rest_route=\/wp\/v2\/posts\/20673\/revisions\/20675"}],"wp:featuredmedia":[{"embeddable":true,"href":"https:\/\/veritasinfo.org\/index.php?rest_route=\/wp\/v2\/media\/20674"}],"wp:attachment":[{"href":"https:\/\/veritasinfo.org\/index.php?rest_route=%2Fwp%2Fv2%2Fmedia&parent=20673"}],"wp:term":[{"taxonomy":"category","embeddable":true,"href":"https:\/\/veritasinfo.org\/index.php?rest_route=%2Fwp%2Fv2%2Fcategories&post=20673"},{"taxonomy":"post_tag","embeddable":true,"href":"https:\/\/veritasinfo.org\/index.php?rest_route=%2Fwp%2Fv2%2Ftags&post=20673"}],"curies":[{"name":"wp","href":"https:\/\/api.w.org\/{rel}","templated":true}]}}