{"id":20658,"date":"2025-11-17T13:40:50","date_gmt":"2025-11-17T12:40:50","guid":{"rendered":"https:\/\/veritasinfo.org\/?p=20658"},"modified":"2025-11-17T13:40:50","modified_gmt":"2025-11-17T12:40:50","slug":"gjenerali-clark-pas-vrasjes-se-familjes-jashari-me-thane-se-shqiptaret-do-te-kunderpergjigjeshin","status":"publish","type":"post","link":"https:\/\/veritasinfo.org\/?p=20658","title":{"rendered":"Gjenerali Clark: Pas vrasjes s\u00eb familjes Jashari, m\u00eb than\u00eb se shqiptar\u00ebt do t\u00eb kund\u00ebrp\u00ebrgjigjeshin"},"content":{"rendered":"<p>Hag\u00eb 17 N\u00ebntor 2025. 13:40<\/p>\n<p>Ish-komandanti suprem i NATO-s, Wesley Clark ka filluar d\u00ebshmin\u00eb e tij n\u00eb Hag\u00eb, si d\u00ebshmitari i fundit i thirrur nga mbrojtja e ish-presidentit Hashim Tha\u00e7i.<\/p>\n<p>Ai u pyet p\u00ebr koh\u00ebn kur u raportua se familja e Jashar\u00ebve ishte vrar\u00eb.<\/p>\n<p>\u201cUn\u00eb shkova n\u00eb Maqedoni, m\u00eb duket se kan\u00eb qen\u00eb dit\u00ebt e para t\u00eb marsit, kishim nj\u00eb Task-Forc\u00eb t\u00eb forcave amerikane n\u00eb Maqedoni, q\u00eb ishte vendosur para disa viteve p\u00ebr t\u00eb q\u00ebndruar n\u00eb kufirin mes Serbis\u00eb dhe Maqedonis\u00eb. Un\u00eb nuk kam qen\u00eb asnj\u00ebher\u00eb atje, shkova ta inspektoja. Menj\u00ebher\u00eb m\u00eb merr n\u00eb telefon ambasadori amerikan n\u00eb Shkup, Chris Hill, dhe m\u00eb thot\u00eb se duhej t\u00eb flisja me presidentit e Maqedonis\u00eb. Kisha d\u00ebgjuar raporte se ishte vrar\u00eb familja Jasharajve, kishte shqet\u00ebsime p\u00ebr k\u00ebt\u00eb gj\u00eb. Por kur shkova ta takoja presidentin Glikorov, ai ma shpjegoi se tani do t\u00eb filloj\u00eb nj\u00eb konflikt p\u00ebr shkak t\u00eb k\u00ebsaj, kjo vrasje do t\u00eb nxis\u00eb nj\u00eb konflikt\u201d, deklaroi Clark.<\/p>\n<p>\u201cM\u00eb tha se shqiptar\u00ebt do t\u00eb kund\u00ebrp\u00ebrgjigjen, shqiptar\u00ebt nuk ta pranojn\u00eb k\u00ebt\u00eb q\u00eb ndodhi, shqiptar\u00ebt do t\u2019i rezistojn\u00eb k\u00ebsaj vrasje\u201d, citoi Clark presidentin maqedonas n\u00eb at\u00eb koh\u00eb.<\/p>\n","protected":false},"excerpt":{"rendered":"<p>Hag\u00eb 17 N\u00ebntor 2025. 13:40 Ish-komandanti suprem i NATO-s, Wesley Clark ka filluar d\u00ebshmin\u00eb e tij n\u00eb Hag\u00eb, si d\u00ebshmitari i fundit i thirrur nga<\/p>\n","protected":false},"author":6,"featured_media":20659,"comment_status":"open","ping_status":"open","sticky":false,"template":"","format":"standard","meta":{"footnotes":""},"categories":[58],"tags":[],"class_list":["post-20658","post","type-post","status-publish","format-standard","has-post-thumbnail","hentry","category-politike-sq"],"yoast_head":"<!-- This site is optimized with the Yoast SEO plugin v25.3.1 - https:\/\/yoast.com\/wordpress\/plugins\/seo\/ -->\n<title>Gjenerali Clark: Pas vrasjes s\u00eb familjes Jashari, m\u00eb than\u00eb se shqiptar\u00ebt do t\u00eb kund\u00ebrp\u00ebrgjigjeshin -<\/title>\n<meta name=\"robots\" content=\"index, follow, max-snippet:-1, max-image-preview:large, max-video-preview:-1\" \/>\n<link rel=\"canonical\" href=\"https:\/\/veritasinfo.org\/?p=20658\" \/>\n<meta property=\"og:locale\" content=\"en_US\" \/>\n<meta property=\"og:type\" content=\"article\" \/>\n<meta property=\"og:title\" content=\"Gjenerali Clark: Pas vrasjes s\u00eb familjes Jashari, m\u00eb than\u00eb se shqiptar\u00ebt do t\u00eb kund\u00ebrp\u00ebrgjigjeshin -\" \/>\n<meta property=\"og:description\" content=\"Hag\u00eb 17 N\u00ebntor 2025. 13:40 Ish-komandanti suprem i NATO-s, Wesley Clark ka filluar d\u00ebshmin\u00eb e tij n\u00eb Hag\u00eb, si d\u00ebshmitari i fundit i thirrur nga\" \/>\n<meta property=\"og:url\" content=\"https:\/\/veritasinfo.org\/?p=20658\" \/>\n<meta property=\"article:published_time\" content=\"2025-11-17T12:40:50+00:00\" \/>\n<meta property=\"og:image\" content=\"https:\/\/veritasinfo.org\/wp-content\/uploads\/2025\/11\/IMG_3241.jpeg\" \/>\n\t<meta property=\"og:image:width\" content=\"769\" \/>\n\t<meta property=\"og:image:height\" content=\"410\" \/>\n\t<meta property=\"og:image:type\" content=\"image\/jpeg\" \/>\n<meta name=\"author\" content=\"US5\" \/>\n<meta name=\"twitter:card\" content=\"summary_large_image\" \/>\n<meta name=\"twitter:label1\" content=\"Written by\" \/>\n\t<meta name=\"twitter:data1\" content=\"US5\" \/>\n\t<meta name=\"twitter:label2\" content=\"Est. reading time\" \/>\n\t<meta name=\"twitter:data2\" content=\"1 minute\" \/>\n<script type=\"application\/ld+json\" class=\"yoast-schema-graph\">{\"@context\":\"https:\/\/schema.org\",\"@graph\":[{\"@type\":\"WebPage\",\"@id\":\"https:\/\/veritasinfo.org\/?p=20658\",\"url\":\"https:\/\/veritasinfo.org\/?p=20658\",\"name\":\"Gjenerali Clark: Pas vrasjes s\u00eb familjes Jashari, m\u00eb than\u00eb se shqiptar\u00ebt do t\u00eb kund\u00ebrp\u00ebrgjigjeshin -\",\"isPartOf\":{\"@id\":\"https:\/\/veritasinfo.org\/#website\"},\"primaryImageOfPage\":{\"@id\":\"https:\/\/veritasinfo.org\/?p=20658#primaryimage\"},\"image\":{\"@id\":\"https:\/\/veritasinfo.org\/?p=20658#primaryimage\"},\"thumbnailUrl\":\"https:\/\/veritasinfo.org\/wp-content\/uploads\/2025\/11\/IMG_3241.jpeg\",\"datePublished\":\"2025-11-17T12:40:50+00:00\",\"author\":{\"@id\":\"https:\/\/veritasinfo.org\/#\/schema\/person\/bc442336e35414d04494ab8fb45db4c6\"},\"breadcrumb\":{\"@id\":\"https:\/\/veritasinfo.org\/?p=20658#breadcrumb\"},\"inLanguage\":\"en-US\",\"potentialAction\":[{\"@type\":\"ReadAction\",\"target\":[\"https:\/\/veritasinfo.org\/?p=20658\"]}]},{\"@type\":\"ImageObject\",\"inLanguage\":\"en-US\",\"@id\":\"https:\/\/veritasinfo.org\/?p=20658#primaryimage\",\"url\":\"https:\/\/veritasinfo.org\/wp-content\/uploads\/2025\/11\/IMG_3241.jpeg\",\"contentUrl\":\"https:\/\/veritasinfo.org\/wp-content\/uploads\/2025\/11\/IMG_3241.jpeg\",\"width\":769,\"height\":410},{\"@type\":\"BreadcrumbList\",\"@id\":\"https:\/\/veritasinfo.org\/?p=20658#breadcrumb\",\"itemListElement\":[{\"@type\":\"ListItem\",\"position\":1,\"name\":\"Home\",\"item\":\"https:\/\/veritasinfo.org\/\"},{\"@type\":\"ListItem\",\"position\":2,\"name\":\"Gjenerali Clark: Pas vrasjes s\u00eb familjes Jashari, m\u00eb than\u00eb se shqiptar\u00ebt do t\u00eb kund\u00ebrp\u00ebrgjigjeshin\"}]},{\"@type\":\"WebSite\",\"@id\":\"https:\/\/veritasinfo.org\/#website\",\"url\":\"https:\/\/veritasinfo.org\/\",\"name\":\"\",\"description\":\"\",\"potentialAction\":[{\"@type\":\"SearchAction\",\"target\":{\"@type\":\"EntryPoint\",\"urlTemplate\":\"https:\/\/veritasinfo.org\/?s={search_term_string}\"},\"query-input\":{\"@type\":\"PropertyValueSpecification\",\"valueRequired\":true,\"valueName\":\"search_term_string\"}}],\"inLanguage\":\"en-US\"},{\"@type\":\"Person\",\"@id\":\"https:\/\/veritasinfo.org\/#\/schema\/person\/bc442336e35414d04494ab8fb45db4c6\",\"name\":\"US5\",\"image\":{\"@type\":\"ImageObject\",\"inLanguage\":\"en-US\",\"@id\":\"https:\/\/veritasinfo.org\/#\/schema\/person\/image\/\",\"url\":\"https:\/\/secure.gravatar.com\/avatar\/16a61e7272a0c5d001121ebb9e60e925d5816e4ac1e443ed3e640d9a6ae55d0c?s=96&d=mm&r=g\",\"contentUrl\":\"https:\/\/secure.gravatar.com\/avatar\/16a61e7272a0c5d001121ebb9e60e925d5816e4ac1e443ed3e640d9a6ae55d0c?s=96&d=mm&r=g\",\"caption\":\"US5\"},\"url\":\"https:\/\/veritasinfo.org\/?author=6\"}]}<\/script>\n<!-- \/ Yoast SEO plugin. -->","yoast_head_json":{"title":"Gjenerali Clark: Pas vrasjes s\u00eb familjes Jashari, m\u00eb than\u00eb se shqiptar\u00ebt do t\u00eb kund\u00ebrp\u00ebrgjigjeshin -","robots":{"index":"index","follow":"follow","max-snippet":"max-snippet:-1","max-image-preview":"max-image-preview:large","max-video-preview":"max-video-preview:-1"},"canonical":"https:\/\/veritasinfo.org\/?p=20658","og_locale":"en_US","og_type":"article","og_title":"Gjenerali Clark: Pas vrasjes s\u00eb familjes Jashari, m\u00eb than\u00eb se shqiptar\u00ebt do t\u00eb kund\u00ebrp\u00ebrgjigjeshin -","og_description":"Hag\u00eb 17 N\u00ebntor 2025. 13:40 Ish-komandanti suprem i NATO-s, Wesley Clark ka filluar d\u00ebshmin\u00eb e tij n\u00eb Hag\u00eb, si d\u00ebshmitari i fundit i thirrur nga","og_url":"https:\/\/veritasinfo.org\/?p=20658","article_published_time":"2025-11-17T12:40:50+00:00","og_image":[{"width":769,"height":410,"url":"https:\/\/veritasinfo.org\/wp-content\/uploads\/2025\/11\/IMG_3241.jpeg","type":"image\/jpeg"}],"author":"US5","twitter_card":"summary_large_image","twitter_misc":{"Written by":"US5","Est. reading time":"1 minute"},"schema":{"@context":"https:\/\/schema.org","@graph":[{"@type":"WebPage","@id":"https:\/\/veritasinfo.org\/?p=20658","url":"https:\/\/veritasinfo.org\/?p=20658","name":"Gjenerali Clark: Pas vrasjes s\u00eb familjes Jashari, m\u00eb than\u00eb se shqiptar\u00ebt do t\u00eb kund\u00ebrp\u00ebrgjigjeshin -","isPartOf":{"@id":"https:\/\/veritasinfo.org\/#website"},"primaryImageOfPage":{"@id":"https:\/\/veritasinfo.org\/?p=20658#primaryimage"},"image":{"@id":"https:\/\/veritasinfo.org\/?p=20658#primaryimage"},"thumbnailUrl":"https:\/\/veritasinfo.org\/wp-content\/uploads\/2025\/11\/IMG_3241.jpeg","datePublished":"2025-11-17T12:40:50+00:00","author":{"@id":"https:\/\/veritasinfo.org\/#\/schema\/person\/bc442336e35414d04494ab8fb45db4c6"},"breadcrumb":{"@id":"https:\/\/veritasinfo.org\/?p=20658#breadcrumb"},"inLanguage":"en-US","potentialAction":[{"@type":"ReadAction","target":["https:\/\/veritasinfo.org\/?p=20658"]}]},{"@type":"ImageObject","inLanguage":"en-US","@id":"https:\/\/veritasinfo.org\/?p=20658#primaryimage","url":"https:\/\/veritasinfo.org\/wp-content\/uploads\/2025\/11\/IMG_3241.jpeg","contentUrl":"https:\/\/veritasinfo.org\/wp-content\/uploads\/2025\/11\/IMG_3241.jpeg","width":769,"height":410},{"@type":"BreadcrumbList","@id":"https:\/\/veritasinfo.org\/?p=20658#breadcrumb","itemListElement":[{"@type":"ListItem","position":1,"name":"Home","item":"https:\/\/veritasinfo.org\/"},{"@type":"ListItem","position":2,"name":"Gjenerali Clark: Pas vrasjes s\u00eb familjes Jashari, m\u00eb than\u00eb se shqiptar\u00ebt do t\u00eb kund\u00ebrp\u00ebrgjigjeshin"}]},{"@type":"WebSite","@id":"https:\/\/veritasinfo.org\/#website","url":"https:\/\/veritasinfo.org\/","name":"","description":"","potentialAction":[{"@type":"SearchAction","target":{"@type":"EntryPoint","urlTemplate":"https:\/\/veritasinfo.org\/?s={search_term_string}"},"query-input":{"@type":"PropertyValueSpecification","valueRequired":true,"valueName":"search_term_string"}}],"inLanguage":"en-US"},{"@type":"Person","@id":"https:\/\/veritasinfo.org\/#\/schema\/person\/bc442336e35414d04494ab8fb45db4c6","name":"US5","image":{"@type":"ImageObject","inLanguage":"en-US","@id":"https:\/\/veritasinfo.org\/#\/schema\/person\/image\/","url":"https:\/\/secure.gravatar.com\/avatar\/16a61e7272a0c5d001121ebb9e60e925d5816e4ac1e443ed3e640d9a6ae55d0c?s=96&d=mm&r=g","contentUrl":"https:\/\/secure.gravatar.com\/avatar\/16a61e7272a0c5d001121ebb9e60e925d5816e4ac1e443ed3e640d9a6ae55d0c?s=96&d=mm&r=g","caption":"US5"},"url":"https:\/\/veritasinfo.org\/?author=6"}]}},"featured_image_urls":{"full":["https:\/\/veritasinfo.org\/wp-content\/uploads\/2025\/11\/IMG_3241.jpeg",769,410,false],"thumbnail":["https:\/\/veritasinfo.org\/wp-content\/uploads\/2025\/11\/IMG_3241-150x150.jpeg",150,150,true],"medium":["https:\/\/veritasinfo.org\/wp-content\/uploads\/2025\/11\/IMG_3241-300x160.jpeg",300,160,true],"medium_large":["https:\/\/veritasinfo.org\/wp-content\/uploads\/2025\/11\/IMG_3241.jpeg",640,341,false],"large":["https:\/\/veritasinfo.org\/wp-content\/uploads\/2025\/11\/IMG_3241.jpeg",640,341,false],"1536x1536":["https:\/\/veritasinfo.org\/wp-content\/uploads\/2025\/11\/IMG_3241.jpeg",769,410,false],"2048x2048":["https:\/\/veritasinfo.org\/wp-content\/uploads\/2025\/11\/IMG_3241.jpeg",769,410,false],"kreeti-slider-full":["https:\/\/veritasinfo.org\/wp-content\/uploads\/2025\/11\/IMG_3241.jpeg",769,410,false],"kreeti-featured":["https:\/\/veritasinfo.org\/wp-content\/uploads\/2025\/11\/IMG_3241.jpeg",769,410,false],"kreeti-medium":["https:\/\/veritasinfo.org\/wp-content\/uploads\/2025\/11\/IMG_3241.jpeg",720,384,false],"kreeti-medium-square":["https:\/\/veritasinfo.org\/wp-content\/uploads\/2025\/11\/IMG_3241.jpeg",350,187,false]},"author_info":{"info":["US5"]},"category_info":"<a href=\"https:\/\/veritasinfo.org\/?cat=58\" rel=\"category\">Politik\u00eb<\/a>","tag_info":"Politik\u00eb","comment_count":"0","_links":{"self":[{"href":"https:\/\/veritasinfo.org\/index.php?rest_route=\/wp\/v2\/posts\/20658","targetHints":{"allow":["GET"]}}],"collection":[{"href":"https:\/\/veritasinfo.org\/index.php?rest_route=\/wp\/v2\/posts"}],"about":[{"href":"https:\/\/veritasinfo.org\/index.php?rest_route=\/wp\/v2\/types\/post"}],"author":[{"embeddable":true,"href":"https:\/\/veritasinfo.org\/index.php?rest_route=\/wp\/v2\/users\/6"}],"replies":[{"embeddable":true,"href":"https:\/\/veritasinfo.org\/index.php?rest_route=%2Fwp%2Fv2%2Fcomments&post=20658"}],"version-history":[{"count":1,"href":"https:\/\/veritasinfo.org\/index.php?rest_route=\/wp\/v2\/posts\/20658\/revisions"}],"predecessor-version":[{"id":20660,"href":"https:\/\/veritasinfo.org\/index.php?rest_route=\/wp\/v2\/posts\/20658\/revisions\/20660"}],"wp:featuredmedia":[{"embeddable":true,"href":"https:\/\/veritasinfo.org\/index.php?rest_route=\/wp\/v2\/media\/20659"}],"wp:attachment":[{"href":"https:\/\/veritasinfo.org\/index.php?rest_route=%2Fwp%2Fv2%2Fmedia&parent=20658"}],"wp:term":[{"taxonomy":"category","embeddable":true,"href":"https:\/\/veritasinfo.org\/index.php?rest_route=%2Fwp%2Fv2%2Fcategories&post=20658"},{"taxonomy":"post_tag","embeddable":true,"href":"https:\/\/veritasinfo.org\/index.php?rest_route=%2Fwp%2Fv2%2Ftags&post=20658"}],"curies":[{"name":"wp","href":"https:\/\/api.w.org\/{rel}","templated":true}]}}