{"id":2064,"date":"2025-06-30T15:09:41","date_gmt":"2025-06-30T13:09:41","guid":{"rendered":"https:\/\/veritasinfo.org\/?p=2064"},"modified":"2025-06-30T15:09:41","modified_gmt":"2025-06-30T13:09:41","slug":"mitrovice-e-jugut-miratohet-zyrtarisht-harta-zonale-komunale-2023-2031","status":"publish","type":"post","link":"https:\/\/veritasinfo.org\/?p=2064","title":{"rendered":"Mitrovic\u00eb e Jugut: Miratohet zyrtarisht Harta Zonale Komunale 2023\u20132031"},"content":{"rendered":"<p>N\u00eb seanc\u00ebn e 40-t\u00eb t\u00eb rregullt t\u00eb Kuvendit Komunal t\u00eb Mitrovic\u00ebs s\u00eb Jugut, t\u00eb mbajtur n\u00ebn drejtimin e kryesueses Vesa Broja dhe n\u00eb prani t\u00eb kryetarit Bedri Hamza, \u00ebsht\u00eb miratuar zyrtarisht Harta Zonale Komunale p\u00ebr periudh\u00ebn 2023\u20132031, pas korrigjimit t\u00eb procesverbalit nga mbledhja e kaluar, njofton Mitropol.<\/p>\n<p>Ky vendim u mor pasi Ministria e Administrimit t\u00eb Pushtetit Lokal (MAPL) konstatoi se vler\u00ebsimi paraprak p\u00ebr mosmiratim kishte qen\u00eb i pasakt\u00eb. Sipas MAPL-s\u00eb, numri i votave n\u00eb seanc\u00ebn paraprake ka qen\u00eb i mjaftuesh\u00ebm p\u00ebr miratimin e dokumentit.<\/p>\n<p>Seanca vijoi me shqyrtimin dhe miratimin e pikave t\u00eb tjera t\u00eb rendit t\u00eb dit\u00ebs, p\u00ebrfshir\u00eb:<\/p>\n<p>Korniz\u00ebn Afatmesme t\u00eb Buxhetit 2026\u20132028<\/p>\n<p>Raportin e pun\u00ebs s\u00eb Kryetarit p\u00ebr vitin 2024<\/p>\n<p>Raportin financiar p\u00ebr periudh\u00ebn janar\u2013mars 2025<\/p>\n<p>Disa ndryshime n\u00eb p\u00ebrb\u00ebrjet e komisioneve komunale<\/p>\n<p>&nbsp;<\/p>\n","protected":false},"excerpt":{"rendered":"<p>N\u00eb seanc\u00ebn e 40-t\u00eb t\u00eb rregullt t\u00eb Kuvendit Komunal t\u00eb Mitrovic\u00ebs s\u00eb Jugut, t\u00eb mbajtur n\u00ebn drejtimin e kryesueses Vesa Broja dhe n\u00eb prani t\u00eb<\/p>\n","protected":false},"author":1,"featured_media":2065,"comment_status":"open","ping_status":"open","sticky":false,"template":"","format":"standard","meta":{"footnotes":""},"categories":[52],"tags":[],"class_list":["post-2064","post","type-post","status-publish","format-standard","has-post-thumbnail","hentry","category-komunat-sq"],"yoast_head":"<!-- This site is optimized with the Yoast SEO plugin v25.3.1 - https:\/\/yoast.com\/wordpress\/plugins\/seo\/ -->\n<title>Mitrovic\u00eb e Jugut: Miratohet zyrtarisht Harta Zonale Komunale 2023\u20132031 -<\/title>\n<meta name=\"robots\" content=\"index, follow, max-snippet:-1, max-image-preview:large, max-video-preview:-1\" \/>\n<link rel=\"canonical\" href=\"https:\/\/veritasinfo.org\/?p=2064\" \/>\n<meta property=\"og:locale\" content=\"en_US\" \/>\n<meta property=\"og:type\" content=\"article\" \/>\n<meta property=\"og:title\" content=\"Mitrovic\u00eb e Jugut: Miratohet zyrtarisht Harta Zonale Komunale 2023\u20132031 -\" \/>\n<meta property=\"og:description\" content=\"N\u00eb seanc\u00ebn e 40-t\u00eb t\u00eb rregullt t\u00eb Kuvendit Komunal t\u00eb Mitrovic\u00ebs s\u00eb Jugut, t\u00eb mbajtur n\u00ebn drejtimin e kryesueses Vesa Broja dhe n\u00eb prani t\u00eb\" \/>\n<meta property=\"og:url\" content=\"https:\/\/veritasinfo.org\/?p=2064\" \/>\n<meta property=\"article:published_time\" content=\"2025-06-30T13:09:41+00:00\" \/>\n<meta property=\"og:image\" content=\"https:\/\/veritasinfo.org\/wp-content\/uploads\/2025\/06\/FB_IMG_1751288955207.jpg\" \/>\n\t<meta property=\"og:image:width\" content=\"1440\" \/>\n\t<meta property=\"og:image:height\" content=\"960\" \/>\n\t<meta property=\"og:image:type\" content=\"image\/jpeg\" \/>\n<meta name=\"author\" content=\"admin\" \/>\n<meta name=\"twitter:card\" content=\"summary_large_image\" \/>\n<meta name=\"twitter:label1\" content=\"Written by\" \/>\n\t<meta name=\"twitter:data1\" content=\"admin\" \/>\n\t<meta name=\"twitter:label2\" content=\"Est. reading time\" \/>\n\t<meta name=\"twitter:data2\" content=\"1 minute\" \/>\n<script type=\"application\/ld+json\" class=\"yoast-schema-graph\">{\"@context\":\"https:\/\/schema.org\",\"@graph\":[{\"@type\":\"WebPage\",\"@id\":\"https:\/\/veritasinfo.org\/?p=2064\",\"url\":\"https:\/\/veritasinfo.org\/?p=2064\",\"name\":\"Mitrovic\u00eb e Jugut: Miratohet zyrtarisht Harta Zonale Komunale 2023\u20132031 -\",\"isPartOf\":{\"@id\":\"https:\/\/veritasinfo.org\/#website\"},\"primaryImageOfPage\":{\"@id\":\"https:\/\/veritasinfo.org\/?p=2064#primaryimage\"},\"image\":{\"@id\":\"https:\/\/veritasinfo.org\/?p=2064#primaryimage\"},\"thumbnailUrl\":\"https:\/\/veritasinfo.org\/wp-content\/uploads\/2025\/06\/FB_IMG_1751288955207.jpg\",\"datePublished\":\"2025-06-30T13:09:41+00:00\",\"author\":{\"@id\":\"https:\/\/veritasinfo.org\/#\/schema\/person\/7701f8c088bece422266b100a712374f\"},\"breadcrumb\":{\"@id\":\"https:\/\/veritasinfo.org\/?p=2064#breadcrumb\"},\"inLanguage\":\"en-US\",\"potentialAction\":[{\"@type\":\"ReadAction\",\"target\":[\"https:\/\/veritasinfo.org\/?p=2064\"]}]},{\"@type\":\"ImageObject\",\"inLanguage\":\"en-US\",\"@id\":\"https:\/\/veritasinfo.org\/?p=2064#primaryimage\",\"url\":\"https:\/\/veritasinfo.org\/wp-content\/uploads\/2025\/06\/FB_IMG_1751288955207.jpg\",\"contentUrl\":\"https:\/\/veritasinfo.org\/wp-content\/uploads\/2025\/06\/FB_IMG_1751288955207.jpg\",\"width\":1440,\"height\":960},{\"@type\":\"BreadcrumbList\",\"@id\":\"https:\/\/veritasinfo.org\/?p=2064#breadcrumb\",\"itemListElement\":[{\"@type\":\"ListItem\",\"position\":1,\"name\":\"Home\",\"item\":\"https:\/\/veritasinfo.org\/\"},{\"@type\":\"ListItem\",\"position\":2,\"name\":\"Mitrovic\u00eb e Jugut: Miratohet zyrtarisht Harta Zonale Komunale 2023\u20132031\"}]},{\"@type\":\"WebSite\",\"@id\":\"https:\/\/veritasinfo.org\/#website\",\"url\":\"https:\/\/veritasinfo.org\/\",\"name\":\"\",\"description\":\"\",\"potentialAction\":[{\"@type\":\"SearchAction\",\"target\":{\"@type\":\"EntryPoint\",\"urlTemplate\":\"https:\/\/veritasinfo.org\/?s={search_term_string}\"},\"query-input\":{\"@type\":\"PropertyValueSpecification\",\"valueRequired\":true,\"valueName\":\"search_term_string\"}}],\"inLanguage\":\"en-US\"},{\"@type\":\"Person\",\"@id\":\"https:\/\/veritasinfo.org\/#\/schema\/person\/7701f8c088bece422266b100a712374f\",\"name\":\"admin\",\"image\":{\"@type\":\"ImageObject\",\"inLanguage\":\"en-US\",\"@id\":\"https:\/\/veritasinfo.org\/#\/schema\/person\/image\/\",\"url\":\"https:\/\/secure.gravatar.com\/avatar\/ea53aa3bf6c9a12d5fde8ce4deff43fef3885ae33cf60184161a50d6987cfd2f?s=96&d=mm&r=g\",\"contentUrl\":\"https:\/\/secure.gravatar.com\/avatar\/ea53aa3bf6c9a12d5fde8ce4deff43fef3885ae33cf60184161a50d6987cfd2f?s=96&d=mm&r=g\",\"caption\":\"admin\"},\"sameAs\":[\"https:\/\/veritasinfo.org\"],\"url\":\"https:\/\/veritasinfo.org\/?author=1\"}]}<\/script>\n<!-- \/ Yoast SEO plugin. -->","yoast_head_json":{"title":"Mitrovic\u00eb e Jugut: Miratohet zyrtarisht Harta Zonale Komunale 2023\u20132031 -","robots":{"index":"index","follow":"follow","max-snippet":"max-snippet:-1","max-image-preview":"max-image-preview:large","max-video-preview":"max-video-preview:-1"},"canonical":"https:\/\/veritasinfo.org\/?p=2064","og_locale":"en_US","og_type":"article","og_title":"Mitrovic\u00eb e Jugut: Miratohet zyrtarisht Harta Zonale Komunale 2023\u20132031 -","og_description":"N\u00eb seanc\u00ebn e 40-t\u00eb t\u00eb rregullt t\u00eb Kuvendit Komunal t\u00eb Mitrovic\u00ebs s\u00eb Jugut, t\u00eb mbajtur n\u00ebn drejtimin e kryesueses Vesa Broja dhe n\u00eb prani t\u00eb","og_url":"https:\/\/veritasinfo.org\/?p=2064","article_published_time":"2025-06-30T13:09:41+00:00","og_image":[{"width":1440,"height":960,"url":"https:\/\/veritasinfo.org\/wp-content\/uploads\/2025\/06\/FB_IMG_1751288955207.jpg","type":"image\/jpeg"}],"author":"admin","twitter_card":"summary_large_image","twitter_misc":{"Written by":"admin","Est. reading time":"1 minute"},"schema":{"@context":"https:\/\/schema.org","@graph":[{"@type":"WebPage","@id":"https:\/\/veritasinfo.org\/?p=2064","url":"https:\/\/veritasinfo.org\/?p=2064","name":"Mitrovic\u00eb e Jugut: Miratohet zyrtarisht Harta Zonale Komunale 2023\u20132031 -","isPartOf":{"@id":"https:\/\/veritasinfo.org\/#website"},"primaryImageOfPage":{"@id":"https:\/\/veritasinfo.org\/?p=2064#primaryimage"},"image":{"@id":"https:\/\/veritasinfo.org\/?p=2064#primaryimage"},"thumbnailUrl":"https:\/\/veritasinfo.org\/wp-content\/uploads\/2025\/06\/FB_IMG_1751288955207.jpg","datePublished":"2025-06-30T13:09:41+00:00","author":{"@id":"https:\/\/veritasinfo.org\/#\/schema\/person\/7701f8c088bece422266b100a712374f"},"breadcrumb":{"@id":"https:\/\/veritasinfo.org\/?p=2064#breadcrumb"},"inLanguage":"en-US","potentialAction":[{"@type":"ReadAction","target":["https:\/\/veritasinfo.org\/?p=2064"]}]},{"@type":"ImageObject","inLanguage":"en-US","@id":"https:\/\/veritasinfo.org\/?p=2064#primaryimage","url":"https:\/\/veritasinfo.org\/wp-content\/uploads\/2025\/06\/FB_IMG_1751288955207.jpg","contentUrl":"https:\/\/veritasinfo.org\/wp-content\/uploads\/2025\/06\/FB_IMG_1751288955207.jpg","width":1440,"height":960},{"@type":"BreadcrumbList","@id":"https:\/\/veritasinfo.org\/?p=2064#breadcrumb","itemListElement":[{"@type":"ListItem","position":1,"name":"Home","item":"https:\/\/veritasinfo.org\/"},{"@type":"ListItem","position":2,"name":"Mitrovic\u00eb e Jugut: Miratohet zyrtarisht Harta Zonale Komunale 2023\u20132031"}]},{"@type":"WebSite","@id":"https:\/\/veritasinfo.org\/#website","url":"https:\/\/veritasinfo.org\/","name":"","description":"","potentialAction":[{"@type":"SearchAction","target":{"@type":"EntryPoint","urlTemplate":"https:\/\/veritasinfo.org\/?s={search_term_string}"},"query-input":{"@type":"PropertyValueSpecification","valueRequired":true,"valueName":"search_term_string"}}],"inLanguage":"en-US"},{"@type":"Person","@id":"https:\/\/veritasinfo.org\/#\/schema\/person\/7701f8c088bece422266b100a712374f","name":"admin","image":{"@type":"ImageObject","inLanguage":"en-US","@id":"https:\/\/veritasinfo.org\/#\/schema\/person\/image\/","url":"https:\/\/secure.gravatar.com\/avatar\/ea53aa3bf6c9a12d5fde8ce4deff43fef3885ae33cf60184161a50d6987cfd2f?s=96&d=mm&r=g","contentUrl":"https:\/\/secure.gravatar.com\/avatar\/ea53aa3bf6c9a12d5fde8ce4deff43fef3885ae33cf60184161a50d6987cfd2f?s=96&d=mm&r=g","caption":"admin"},"sameAs":["https:\/\/veritasinfo.org"],"url":"https:\/\/veritasinfo.org\/?author=1"}]}},"featured_image_urls":{"full":["https:\/\/veritasinfo.org\/wp-content\/uploads\/2025\/06\/FB_IMG_1751288955207.jpg",1440,960,false],"thumbnail":["https:\/\/veritasinfo.org\/wp-content\/uploads\/2025\/06\/FB_IMG_1751288955207-150x150.jpg",150,150,true],"medium":["https:\/\/veritasinfo.org\/wp-content\/uploads\/2025\/06\/FB_IMG_1751288955207-300x200.jpg",300,200,true],"medium_large":["https:\/\/veritasinfo.org\/wp-content\/uploads\/2025\/06\/FB_IMG_1751288955207-768x512.jpg",640,427,true],"large":["https:\/\/veritasinfo.org\/wp-content\/uploads\/2025\/06\/FB_IMG_1751288955207-1024x683.jpg",640,427,true],"1536x1536":["https:\/\/veritasinfo.org\/wp-content\/uploads\/2025\/06\/FB_IMG_1751288955207.jpg",1440,960,false],"2048x2048":["https:\/\/veritasinfo.org\/wp-content\/uploads\/2025\/06\/FB_IMG_1751288955207.jpg",1440,960,false],"kreeti-slider-full":["https:\/\/veritasinfo.org\/wp-content\/uploads\/2025\/06\/FB_IMG_1751288955207.jpg",1080,720,false],"kreeti-featured":["https:\/\/veritasinfo.org\/wp-content\/uploads\/2025\/06\/FB_IMG_1751288955207.jpg",1024,683,false],"kreeti-medium":["https:\/\/veritasinfo.org\/wp-content\/uploads\/2025\/06\/FB_IMG_1751288955207.jpg",720,480,false],"kreeti-medium-square":["https:\/\/veritasinfo.org\/wp-content\/uploads\/2025\/06\/FB_IMG_1751288955207.jpg",350,233,false]},"author_info":{"info":["admin"]},"category_info":"<a href=\"https:\/\/veritasinfo.org\/?cat=52\" rel=\"category\">Komunat<\/a>","tag_info":"Komunat","comment_count":"0","_links":{"self":[{"href":"https:\/\/veritasinfo.org\/index.php?rest_route=\/wp\/v2\/posts\/2064","targetHints":{"allow":["GET"]}}],"collection":[{"href":"https:\/\/veritasinfo.org\/index.php?rest_route=\/wp\/v2\/posts"}],"about":[{"href":"https:\/\/veritasinfo.org\/index.php?rest_route=\/wp\/v2\/types\/post"}],"author":[{"embeddable":true,"href":"https:\/\/veritasinfo.org\/index.php?rest_route=\/wp\/v2\/users\/1"}],"replies":[{"embeddable":true,"href":"https:\/\/veritasinfo.org\/index.php?rest_route=%2Fwp%2Fv2%2Fcomments&post=2064"}],"version-history":[{"count":1,"href":"https:\/\/veritasinfo.org\/index.php?rest_route=\/wp\/v2\/posts\/2064\/revisions"}],"predecessor-version":[{"id":2066,"href":"https:\/\/veritasinfo.org\/index.php?rest_route=\/wp\/v2\/posts\/2064\/revisions\/2066"}],"wp:featuredmedia":[{"embeddable":true,"href":"https:\/\/veritasinfo.org\/index.php?rest_route=\/wp\/v2\/media\/2065"}],"wp:attachment":[{"href":"https:\/\/veritasinfo.org\/index.php?rest_route=%2Fwp%2Fv2%2Fmedia&parent=2064"}],"wp:term":[{"taxonomy":"category","embeddable":true,"href":"https:\/\/veritasinfo.org\/index.php?rest_route=%2Fwp%2Fv2%2Fcategories&post=2064"},{"taxonomy":"post_tag","embeddable":true,"href":"https:\/\/veritasinfo.org\/index.php?rest_route=%2Fwp%2Fv2%2Ftags&post=2064"}],"curies":[{"name":"wp","href":"https:\/\/api.w.org\/{rel}","templated":true}]}}