{"id":20598,"date":"2025-11-17T08:25:05","date_gmt":"2025-11-17T07:25:05","guid":{"rendered":"https:\/\/veritasinfo.org\/?p=20598"},"modified":"2025-11-17T08:25:05","modified_gmt":"2025-11-17T07:25:05","slug":"osmani-anetaresimi-ne-nato-me-urgjent-se-ne-be-kosova-i-ploteson-kriteret","status":"publish","type":"post","link":"https:\/\/veritasinfo.org\/?p=20598","title":{"rendered":"Osmani: An\u00ebtar\u00ebsimi n\u00eb NATO m\u00eb urgjent se n\u00eb BE, Kosova i plot\u00ebson kriteret"},"content":{"rendered":"<p>Prishtin\u00eb 17 n\u00ebntor 2025 08:25<\/p>\n<p>Presidentja e Kosov\u00ebs, Vjosa Osmani, n\u00eb nj\u00eb intervist\u00eb nga Berlini p\u00ebr median nd\u00ebrkomb\u00ebtare Politico, ka deklaruar se p\u00ebr Kosov\u00ebn an\u00ebtar\u00ebsimi n\u00eb NATO \u00ebsht\u00eb shum\u00eb m\u00eb i r\u00ebnd\u00ebsish\u00ebm dhe m\u00eb urgjent sesa integrimi n\u00eb Bashkimin Evropian.<\/p>\n<p>\u201cNATO-n e shoh m\u00eb urgjente sesa integrimin evropian. BE-ja do t\u00eb marr\u00eb koh\u00eb, edhe pasi t\u00eb marrim statusin e vendit kandidat. Besoj se NATO \u00ebsht\u00eb m\u00eb e r\u00ebnd\u00ebsishme p\u00ebr rajonin n\u00eb k\u00ebt\u00eb moment. P\u00ebr ne, t\u00eb jemi n\u00eb NATO do t\u00eb thot\u00eb t\u00eb jemi t\u00eb sigurt\u201d, \u00ebsht\u00eb shprehur Osmani.<\/p>\n<p>Ajo ka theksuar se Rusia ka plane dhe interesa afatgjata p\u00ebr destabilizimin e Ballkanit, duke ngritur nevoj\u00ebn p\u00ebr nj\u00eb prani m\u00eb t\u00eb fort\u00eb t\u00eb aleanc\u00ebs veri-atlantike n\u00eb rajon.<\/p>\n<p>\u201cBesoj se \u00ebsht\u00eb n\u00eb interesin strategjik t\u00eb NATO-s t\u00eb zgjerohet edhe n\u00eb Ballkanin Per\u00ebndimor, sidomos n\u00eb Kosov\u00eb e Bosnje\u201d, ka th\u00ebn\u00eb presidentja.<\/p>\n<p>Osmani \u00ebsht\u00eb shprehur e bindur se Kosova tashm\u00eb i p\u00ebrmbush kriteret baz\u00eb p\u00ebr t\u2019u b\u00ebr\u00eb pjes\u00eb e NATO-s.<\/p>\n<p>\u201cUshtria jon\u00eb \u00ebsht\u00eb nd\u00ebrtuar dhe trajnuar sipas standardeve t\u00eb NATO-s. Ka shum\u00eb nd\u00ebrveprim q\u00eb tashm\u00eb zhvillohet. Ne tashm\u00eb shpenzojm\u00eb m\u00eb shum\u00eb se 2% t\u00eb buxhetit p\u00ebr mbrojtje, q\u00eb \u00ebsht\u00eb kriter i NATO-s. Brenda kat\u00ebr viteve planifikojm\u00eb ta dyfishojm\u00eb buxhetin p\u00ebr mbrojtje dhe t\u00eb arrijm\u00eb shpenzime deri n\u00eb 4% t\u00eb GDP-s\u00eb\u201d, ka theksuar Osmani.<\/p>\n<p>Presidentja n\u00ebnvizoi se an\u00ebtar\u00ebsimi n\u00eb NATO do t\u00eb ishte garanci jetike p\u00ebr sigurin\u00eb e Kosov\u00ebs dhe stabilitetin e rajonit.<\/p>\n","protected":false},"excerpt":{"rendered":"<p>Prishtin\u00eb 17 n\u00ebntor 2025 08:25 Presidentja e Kosov\u00ebs, Vjosa Osmani, n\u00eb nj\u00eb intervist\u00eb nga Berlini p\u00ebr median nd\u00ebrkomb\u00ebtare Politico, ka deklaruar se p\u00ebr Kosov\u00ebn an\u00ebtar\u00ebsimi<\/p>\n","protected":false},"author":6,"featured_media":20599,"comment_status":"open","ping_status":"open","sticky":false,"template":"","format":"standard","meta":{"footnotes":""},"categories":[58],"tags":[],"class_list":["post-20598","post","type-post","status-publish","format-standard","has-post-thumbnail","hentry","category-politike-sq"],"yoast_head":"<!-- This site is optimized with the Yoast SEO plugin v25.3.1 - https:\/\/yoast.com\/wordpress\/plugins\/seo\/ -->\n<title>Osmani: An\u00ebtar\u00ebsimi n\u00eb NATO m\u00eb urgjent se n\u00eb BE, Kosova i plot\u00ebson kriteret -<\/title>\n<meta name=\"robots\" content=\"index, follow, max-snippet:-1, max-image-preview:large, max-video-preview:-1\" \/>\n<link rel=\"canonical\" href=\"https:\/\/veritasinfo.org\/?p=20598\" \/>\n<meta property=\"og:locale\" content=\"en_US\" \/>\n<meta property=\"og:type\" content=\"article\" \/>\n<meta property=\"og:title\" content=\"Osmani: An\u00ebtar\u00ebsimi n\u00eb NATO m\u00eb urgjent se n\u00eb BE, Kosova i plot\u00ebson kriteret -\" \/>\n<meta property=\"og:description\" content=\"Prishtin\u00eb 17 n\u00ebntor 2025 08:25 Presidentja e Kosov\u00ebs, Vjosa Osmani, n\u00eb nj\u00eb intervist\u00eb nga Berlini p\u00ebr median nd\u00ebrkomb\u00ebtare Politico, ka deklaruar se p\u00ebr Kosov\u00ebn an\u00ebtar\u00ebsimi\" \/>\n<meta property=\"og:url\" content=\"https:\/\/veritasinfo.org\/?p=20598\" \/>\n<meta property=\"article:published_time\" content=\"2025-11-17T07:25:05+00:00\" \/>\n<meta property=\"og:image\" content=\"https:\/\/veritasinfo.org\/wp-content\/uploads\/2025\/11\/IMG_20251117_082312.jpg\" \/>\n\t<meta property=\"og:image:width\" content=\"808\" \/>\n\t<meta property=\"og:image:height\" content=\"700\" \/>\n\t<meta property=\"og:image:type\" content=\"image\/jpeg\" \/>\n<meta name=\"author\" content=\"US5\" \/>\n<meta name=\"twitter:card\" content=\"summary_large_image\" \/>\n<meta name=\"twitter:label1\" content=\"Written by\" \/>\n\t<meta name=\"twitter:data1\" content=\"US5\" \/>\n\t<meta name=\"twitter:label2\" content=\"Est. reading time\" \/>\n\t<meta name=\"twitter:data2\" content=\"1 minute\" \/>\n<script type=\"application\/ld+json\" class=\"yoast-schema-graph\">{\"@context\":\"https:\/\/schema.org\",\"@graph\":[{\"@type\":\"WebPage\",\"@id\":\"https:\/\/veritasinfo.org\/?p=20598\",\"url\":\"https:\/\/veritasinfo.org\/?p=20598\",\"name\":\"Osmani: An\u00ebtar\u00ebsimi n\u00eb NATO m\u00eb urgjent se n\u00eb BE, Kosova i plot\u00ebson kriteret -\",\"isPartOf\":{\"@id\":\"https:\/\/veritasinfo.org\/#website\"},\"primaryImageOfPage\":{\"@id\":\"https:\/\/veritasinfo.org\/?p=20598#primaryimage\"},\"image\":{\"@id\":\"https:\/\/veritasinfo.org\/?p=20598#primaryimage\"},\"thumbnailUrl\":\"https:\/\/veritasinfo.org\/wp-content\/uploads\/2025\/11\/IMG_20251117_082312.jpg\",\"datePublished\":\"2025-11-17T07:25:05+00:00\",\"author\":{\"@id\":\"https:\/\/veritasinfo.org\/#\/schema\/person\/bc442336e35414d04494ab8fb45db4c6\"},\"breadcrumb\":{\"@id\":\"https:\/\/veritasinfo.org\/?p=20598#breadcrumb\"},\"inLanguage\":\"en-US\",\"potentialAction\":[{\"@type\":\"ReadAction\",\"target\":[\"https:\/\/veritasinfo.org\/?p=20598\"]}]},{\"@type\":\"ImageObject\",\"inLanguage\":\"en-US\",\"@id\":\"https:\/\/veritasinfo.org\/?p=20598#primaryimage\",\"url\":\"https:\/\/veritasinfo.org\/wp-content\/uploads\/2025\/11\/IMG_20251117_082312.jpg\",\"contentUrl\":\"https:\/\/veritasinfo.org\/wp-content\/uploads\/2025\/11\/IMG_20251117_082312.jpg\",\"width\":808,\"height\":700},{\"@type\":\"BreadcrumbList\",\"@id\":\"https:\/\/veritasinfo.org\/?p=20598#breadcrumb\",\"itemListElement\":[{\"@type\":\"ListItem\",\"position\":1,\"name\":\"Home\",\"item\":\"https:\/\/veritasinfo.org\/\"},{\"@type\":\"ListItem\",\"position\":2,\"name\":\"Osmani: An\u00ebtar\u00ebsimi n\u00eb NATO m\u00eb urgjent se n\u00eb BE, Kosova i plot\u00ebson kriteret\"}]},{\"@type\":\"WebSite\",\"@id\":\"https:\/\/veritasinfo.org\/#website\",\"url\":\"https:\/\/veritasinfo.org\/\",\"name\":\"\",\"description\":\"\",\"potentialAction\":[{\"@type\":\"SearchAction\",\"target\":{\"@type\":\"EntryPoint\",\"urlTemplate\":\"https:\/\/veritasinfo.org\/?s={search_term_string}\"},\"query-input\":{\"@type\":\"PropertyValueSpecification\",\"valueRequired\":true,\"valueName\":\"search_term_string\"}}],\"inLanguage\":\"en-US\"},{\"@type\":\"Person\",\"@id\":\"https:\/\/veritasinfo.org\/#\/schema\/person\/bc442336e35414d04494ab8fb45db4c6\",\"name\":\"US5\",\"image\":{\"@type\":\"ImageObject\",\"inLanguage\":\"en-US\",\"@id\":\"https:\/\/veritasinfo.org\/#\/schema\/person\/image\/\",\"url\":\"https:\/\/secure.gravatar.com\/avatar\/16a61e7272a0c5d001121ebb9e60e925d5816e4ac1e443ed3e640d9a6ae55d0c?s=96&d=mm&r=g\",\"contentUrl\":\"https:\/\/secure.gravatar.com\/avatar\/16a61e7272a0c5d001121ebb9e60e925d5816e4ac1e443ed3e640d9a6ae55d0c?s=96&d=mm&r=g\",\"caption\":\"US5\"},\"url\":\"https:\/\/veritasinfo.org\/?author=6\"}]}<\/script>\n<!-- \/ Yoast SEO plugin. -->","yoast_head_json":{"title":"Osmani: An\u00ebtar\u00ebsimi n\u00eb NATO m\u00eb urgjent se n\u00eb BE, Kosova i plot\u00ebson kriteret -","robots":{"index":"index","follow":"follow","max-snippet":"max-snippet:-1","max-image-preview":"max-image-preview:large","max-video-preview":"max-video-preview:-1"},"canonical":"https:\/\/veritasinfo.org\/?p=20598","og_locale":"en_US","og_type":"article","og_title":"Osmani: An\u00ebtar\u00ebsimi n\u00eb NATO m\u00eb urgjent se n\u00eb BE, Kosova i plot\u00ebson kriteret -","og_description":"Prishtin\u00eb 17 n\u00ebntor 2025 08:25 Presidentja e Kosov\u00ebs, Vjosa Osmani, n\u00eb nj\u00eb intervist\u00eb nga Berlini p\u00ebr median nd\u00ebrkomb\u00ebtare Politico, ka deklaruar se p\u00ebr Kosov\u00ebn an\u00ebtar\u00ebsimi","og_url":"https:\/\/veritasinfo.org\/?p=20598","article_published_time":"2025-11-17T07:25:05+00:00","og_image":[{"width":808,"height":700,"url":"https:\/\/veritasinfo.org\/wp-content\/uploads\/2025\/11\/IMG_20251117_082312.jpg","type":"image\/jpeg"}],"author":"US5","twitter_card":"summary_large_image","twitter_misc":{"Written by":"US5","Est. reading time":"1 minute"},"schema":{"@context":"https:\/\/schema.org","@graph":[{"@type":"WebPage","@id":"https:\/\/veritasinfo.org\/?p=20598","url":"https:\/\/veritasinfo.org\/?p=20598","name":"Osmani: An\u00ebtar\u00ebsimi n\u00eb NATO m\u00eb urgjent se n\u00eb BE, Kosova i plot\u00ebson kriteret -","isPartOf":{"@id":"https:\/\/veritasinfo.org\/#website"},"primaryImageOfPage":{"@id":"https:\/\/veritasinfo.org\/?p=20598#primaryimage"},"image":{"@id":"https:\/\/veritasinfo.org\/?p=20598#primaryimage"},"thumbnailUrl":"https:\/\/veritasinfo.org\/wp-content\/uploads\/2025\/11\/IMG_20251117_082312.jpg","datePublished":"2025-11-17T07:25:05+00:00","author":{"@id":"https:\/\/veritasinfo.org\/#\/schema\/person\/bc442336e35414d04494ab8fb45db4c6"},"breadcrumb":{"@id":"https:\/\/veritasinfo.org\/?p=20598#breadcrumb"},"inLanguage":"en-US","potentialAction":[{"@type":"ReadAction","target":["https:\/\/veritasinfo.org\/?p=20598"]}]},{"@type":"ImageObject","inLanguage":"en-US","@id":"https:\/\/veritasinfo.org\/?p=20598#primaryimage","url":"https:\/\/veritasinfo.org\/wp-content\/uploads\/2025\/11\/IMG_20251117_082312.jpg","contentUrl":"https:\/\/veritasinfo.org\/wp-content\/uploads\/2025\/11\/IMG_20251117_082312.jpg","width":808,"height":700},{"@type":"BreadcrumbList","@id":"https:\/\/veritasinfo.org\/?p=20598#breadcrumb","itemListElement":[{"@type":"ListItem","position":1,"name":"Home","item":"https:\/\/veritasinfo.org\/"},{"@type":"ListItem","position":2,"name":"Osmani: An\u00ebtar\u00ebsimi n\u00eb NATO m\u00eb urgjent se n\u00eb BE, Kosova i plot\u00ebson kriteret"}]},{"@type":"WebSite","@id":"https:\/\/veritasinfo.org\/#website","url":"https:\/\/veritasinfo.org\/","name":"","description":"","potentialAction":[{"@type":"SearchAction","target":{"@type":"EntryPoint","urlTemplate":"https:\/\/veritasinfo.org\/?s={search_term_string}"},"query-input":{"@type":"PropertyValueSpecification","valueRequired":true,"valueName":"search_term_string"}}],"inLanguage":"en-US"},{"@type":"Person","@id":"https:\/\/veritasinfo.org\/#\/schema\/person\/bc442336e35414d04494ab8fb45db4c6","name":"US5","image":{"@type":"ImageObject","inLanguage":"en-US","@id":"https:\/\/veritasinfo.org\/#\/schema\/person\/image\/","url":"https:\/\/secure.gravatar.com\/avatar\/16a61e7272a0c5d001121ebb9e60e925d5816e4ac1e443ed3e640d9a6ae55d0c?s=96&d=mm&r=g","contentUrl":"https:\/\/secure.gravatar.com\/avatar\/16a61e7272a0c5d001121ebb9e60e925d5816e4ac1e443ed3e640d9a6ae55d0c?s=96&d=mm&r=g","caption":"US5"},"url":"https:\/\/veritasinfo.org\/?author=6"}]}},"featured_image_urls":{"full":["https:\/\/veritasinfo.org\/wp-content\/uploads\/2025\/11\/IMG_20251117_082312.jpg",808,700,false],"thumbnail":["https:\/\/veritasinfo.org\/wp-content\/uploads\/2025\/11\/IMG_20251117_082312-150x150.jpg",150,150,true],"medium":["https:\/\/veritasinfo.org\/wp-content\/uploads\/2025\/11\/IMG_20251117_082312-300x260.jpg",300,260,true],"medium_large":["https:\/\/veritasinfo.org\/wp-content\/uploads\/2025\/11\/IMG_20251117_082312-768x665.jpg",640,554,true],"large":["https:\/\/veritasinfo.org\/wp-content\/uploads\/2025\/11\/IMG_20251117_082312.jpg",640,554,false],"1536x1536":["https:\/\/veritasinfo.org\/wp-content\/uploads\/2025\/11\/IMG_20251117_082312.jpg",808,700,false],"2048x2048":["https:\/\/veritasinfo.org\/wp-content\/uploads\/2025\/11\/IMG_20251117_082312.jpg",808,700,false],"kreeti-slider-full":["https:\/\/veritasinfo.org\/wp-content\/uploads\/2025\/11\/IMG_20251117_082312.jpg",808,700,false],"kreeti-featured":["https:\/\/veritasinfo.org\/wp-content\/uploads\/2025\/11\/IMG_20251117_082312.jpg",808,700,false],"kreeti-medium":["https:\/\/veritasinfo.org\/wp-content\/uploads\/2025\/11\/IMG_20251117_082312.jpg",612,530,false],"kreeti-medium-square":["https:\/\/veritasinfo.org\/wp-content\/uploads\/2025\/11\/IMG_20251117_082312.jpg",350,303,false]},"author_info":{"info":["US5"]},"category_info":"<a href=\"https:\/\/veritasinfo.org\/?cat=58\" rel=\"category\">Politik\u00eb<\/a>","tag_info":"Politik\u00eb","comment_count":"0","_links":{"self":[{"href":"https:\/\/veritasinfo.org\/index.php?rest_route=\/wp\/v2\/posts\/20598","targetHints":{"allow":["GET"]}}],"collection":[{"href":"https:\/\/veritasinfo.org\/index.php?rest_route=\/wp\/v2\/posts"}],"about":[{"href":"https:\/\/veritasinfo.org\/index.php?rest_route=\/wp\/v2\/types\/post"}],"author":[{"embeddable":true,"href":"https:\/\/veritasinfo.org\/index.php?rest_route=\/wp\/v2\/users\/6"}],"replies":[{"embeddable":true,"href":"https:\/\/veritasinfo.org\/index.php?rest_route=%2Fwp%2Fv2%2Fcomments&post=20598"}],"version-history":[{"count":1,"href":"https:\/\/veritasinfo.org\/index.php?rest_route=\/wp\/v2\/posts\/20598\/revisions"}],"predecessor-version":[{"id":20600,"href":"https:\/\/veritasinfo.org\/index.php?rest_route=\/wp\/v2\/posts\/20598\/revisions\/20600"}],"wp:featuredmedia":[{"embeddable":true,"href":"https:\/\/veritasinfo.org\/index.php?rest_route=\/wp\/v2\/media\/20599"}],"wp:attachment":[{"href":"https:\/\/veritasinfo.org\/index.php?rest_route=%2Fwp%2Fv2%2Fmedia&parent=20598"}],"wp:term":[{"taxonomy":"category","embeddable":true,"href":"https:\/\/veritasinfo.org\/index.php?rest_route=%2Fwp%2Fv2%2Fcategories&post=20598"},{"taxonomy":"post_tag","embeddable":true,"href":"https:\/\/veritasinfo.org\/index.php?rest_route=%2Fwp%2Fv2%2Ftags&post=20598"}],"curies":[{"name":"wp","href":"https:\/\/api.w.org\/{rel}","templated":true}]}}