{"id":20591,"date":"2025-11-17T08:03:43","date_gmt":"2025-11-17T07:03:43","guid":{"rendered":"https:\/\/veritasinfo.org\/?p=20591"},"modified":"2025-11-17T08:03:43","modified_gmt":"2025-11-17T07:03:43","slug":"safari-i-snajpereve-shesheli-dikur-thoshte-se-vuciq-ka-qene-vullnetar-ne-njesine-e-slavko-aleksiqit-ne-sarajeve","status":"publish","type":"post","link":"https:\/\/veritasinfo.org\/?p=20591","title":{"rendered":"Safari i Snajper\u00ebve\u201d, Shesheli dikur thoshte se Vu\u00e7iq ka qen\u00eb vullnetar n\u00eb nj\u00ebsin\u00eb e Slavko Aleksiqit n\u00eb Sarajev\u00eb"},"content":{"rendered":"<p>Prishtin\u00eb 17 N\u00ebntor 2025 08:03<\/p>\n<p>Sipas nj\u00eb d\u00ebshmie t\u00eb dh\u00ebn\u00eb n\u00eb vitin 2012 para Gjykat\u00ebs Penale Nd\u00ebrkomb\u00ebtare p\u00ebr ish-Jugosllavin\u00eb (ICTY), politikani nacionalist serb Vojislav Sheshel ka deklaruar se Aleksandar Vu\u00e7iq, para se t\u2019i bashkohej partis\u00eb s\u00eb tij, kishte sh\u00ebrbyer si vullnetar n\u00eb nj\u00ebsi paramilitare gjat\u00eb luft\u00ebs n\u00eb Bosnje.<\/p>\n<p>N\u00eb d\u00ebshmin\u00eb e tij, Sheshli ka th\u00ebn\u00eb se Vu\u00e7iq kishte qen\u00eb n\u00ebn komand\u00ebn e Slavko Aleksiqit n\u00eb zon\u00ebn e Varrezave Hebraike n\u00eb Sarajev\u00eb, nj\u00eb prej pikave m\u00eb t\u00eb p\u00ebrfolura gjat\u00eb rrethimit t\u00eb qytetit.<\/p>\n<p>Kjo d\u00ebshmi po shfryt\u00ebzohet s\u00eb fundi nga avokati serb \u00c7edomir Stojkoviq, i cili p\u00ebrmes nj\u00eb serie postimesh po pretendon se Vu\u00e7iq mund t\u00eb ket\u00eb qen\u00eb i p\u00ebrfshir\u00eb n\u00eb aktivitetet e ashtuquajtura \u201cSafari snajper\u00ebsh\u201d, nj\u00eb praktik\u00eb e denoncuar prej vitesh, e cila p\u00ebrfshinte vrasjen e civil\u00ebve nga pozicione t\u00eb larta rreth Sarajev\u00ebs.<\/p>\n<p>Stojkoviq ka rikthyer n\u00eb qend\u00ebr t\u00eb debatit publik deklaratat e Sheshelit, duke theksuar se nj\u00ebsia e Aleksiqit ishte e vendosur pik\u00ebrisht n\u00eb nj\u00eb nga lokacionet q\u00eb p\u00ebrmendet shpesh n\u00eb raportimet p\u00ebr p\u00ebrdorimin e snajper\u00ebve kund\u00ebr civil\u00ebve gjat\u00eb rrethimit.<\/p>\n<p>Nd\u00ebrkoh\u00eb, autoritetet nd\u00ebrkomb\u00ebtare dhe institucionet hetimore kan\u00eb trajtuar m\u00eb her\u00ebt pretendime t\u00eb ngjashme, por deri tani nuk ka nj\u00eb vendim gjyq\u00ebsor q\u00eb i lidh drejtp\u00ebrdrejt individ\u00ebt e p\u00ebrmendur me rastet e dokumentuara t\u00eb vrasjeve ndaj civil\u00ebve n\u00eb Sarajev\u00eb.<\/p>\n","protected":false},"excerpt":{"rendered":"<p>Prishtin\u00eb 17 N\u00ebntor 2025 08:03 Sipas nj\u00eb d\u00ebshmie t\u00eb dh\u00ebn\u00eb n\u00eb vitin 2012 para Gjykat\u00ebs Penale Nd\u00ebrkomb\u00ebtare p\u00ebr ish-Jugosllavin\u00eb (ICTY), politikani nacionalist serb Vojislav Sheshel<\/p>\n","protected":false},"author":6,"featured_media":20592,"comment_status":"open","ping_status":"open","sticky":false,"template":"","format":"standard","meta":{"footnotes":""},"categories":[58],"tags":[],"class_list":["post-20591","post","type-post","status-publish","format-standard","has-post-thumbnail","hentry","category-politike-sq"],"yoast_head":"<!-- This site is optimized with the Yoast SEO plugin v25.3.1 - https:\/\/yoast.com\/wordpress\/plugins\/seo\/ -->\n<title>Safari i Snajper\u00ebve\u201d, Shesheli dikur thoshte se Vu\u00e7iq ka qen\u00eb vullnetar n\u00eb nj\u00ebsin\u00eb e Slavko Aleksiqit n\u00eb Sarajev\u00eb -<\/title>\n<meta name=\"robots\" content=\"index, follow, max-snippet:-1, max-image-preview:large, max-video-preview:-1\" \/>\n<link rel=\"canonical\" href=\"https:\/\/veritasinfo.org\/?p=20591\" \/>\n<meta property=\"og:locale\" content=\"en_US\" \/>\n<meta property=\"og:type\" content=\"article\" \/>\n<meta property=\"og:title\" content=\"Safari i Snajper\u00ebve\u201d, Shesheli dikur thoshte se Vu\u00e7iq ka qen\u00eb vullnetar n\u00eb nj\u00ebsin\u00eb e Slavko Aleksiqit n\u00eb Sarajev\u00eb -\" \/>\n<meta property=\"og:description\" content=\"Prishtin\u00eb 17 N\u00ebntor 2025 08:03 Sipas nj\u00eb d\u00ebshmie t\u00eb dh\u00ebn\u00eb n\u00eb vitin 2012 para Gjykat\u00ebs Penale Nd\u00ebrkomb\u00ebtare p\u00ebr ish-Jugosllavin\u00eb (ICTY), politikani nacionalist serb Vojislav Sheshel\" \/>\n<meta property=\"og:url\" content=\"https:\/\/veritasinfo.org\/?p=20591\" \/>\n<meta property=\"article:published_time\" content=\"2025-11-17T07:03:43+00:00\" \/>\n<meta property=\"og:image\" content=\"https:\/\/veritasinfo.org\/wp-content\/uploads\/2025\/11\/Safari-i-Snajpereve-Shesheli-dikur-thoshte-se-Vuciq-ka-qene-vullnetar-ne-njesine-e-Slavko-Aleksiqit-ne-Sarajeve-Insajderi.org_.webp\" \/>\n\t<meta property=\"og:image:width\" content=\"1245\" \/>\n\t<meta property=\"og:image:height\" content=\"699\" \/>\n\t<meta property=\"og:image:type\" content=\"image\/webp\" \/>\n<meta name=\"author\" content=\"US5\" \/>\n<meta name=\"twitter:card\" content=\"summary_large_image\" \/>\n<meta name=\"twitter:label1\" content=\"Written by\" \/>\n\t<meta name=\"twitter:data1\" content=\"US5\" \/>\n\t<meta name=\"twitter:label2\" content=\"Est. reading time\" \/>\n\t<meta name=\"twitter:data2\" content=\"1 minute\" \/>\n<script type=\"application\/ld+json\" class=\"yoast-schema-graph\">{\"@context\":\"https:\/\/schema.org\",\"@graph\":[{\"@type\":\"WebPage\",\"@id\":\"https:\/\/veritasinfo.org\/?p=20591\",\"url\":\"https:\/\/veritasinfo.org\/?p=20591\",\"name\":\"Safari i Snajper\u00ebve\u201d, Shesheli dikur thoshte se Vu\u00e7iq ka qen\u00eb vullnetar n\u00eb nj\u00ebsin\u00eb e Slavko Aleksiqit n\u00eb Sarajev\u00eb -\",\"isPartOf\":{\"@id\":\"https:\/\/veritasinfo.org\/#website\"},\"primaryImageOfPage\":{\"@id\":\"https:\/\/veritasinfo.org\/?p=20591#primaryimage\"},\"image\":{\"@id\":\"https:\/\/veritasinfo.org\/?p=20591#primaryimage\"},\"thumbnailUrl\":\"https:\/\/veritasinfo.org\/wp-content\/uploads\/2025\/11\/Safari-i-Snajpereve-Shesheli-dikur-thoshte-se-Vuciq-ka-qene-vullnetar-ne-njesine-e-Slavko-Aleksiqit-ne-Sarajeve-Insajderi.org_.webp\",\"datePublished\":\"2025-11-17T07:03:43+00:00\",\"author\":{\"@id\":\"https:\/\/veritasinfo.org\/#\/schema\/person\/bc442336e35414d04494ab8fb45db4c6\"},\"breadcrumb\":{\"@id\":\"https:\/\/veritasinfo.org\/?p=20591#breadcrumb\"},\"inLanguage\":\"en-US\",\"potentialAction\":[{\"@type\":\"ReadAction\",\"target\":[\"https:\/\/veritasinfo.org\/?p=20591\"]}]},{\"@type\":\"ImageObject\",\"inLanguage\":\"en-US\",\"@id\":\"https:\/\/veritasinfo.org\/?p=20591#primaryimage\",\"url\":\"https:\/\/veritasinfo.org\/wp-content\/uploads\/2025\/11\/Safari-i-Snajpereve-Shesheli-dikur-thoshte-se-Vuciq-ka-qene-vullnetar-ne-njesine-e-Slavko-Aleksiqit-ne-Sarajeve-Insajderi.org_.webp\",\"contentUrl\":\"https:\/\/veritasinfo.org\/wp-content\/uploads\/2025\/11\/Safari-i-Snajpereve-Shesheli-dikur-thoshte-se-Vuciq-ka-qene-vullnetar-ne-njesine-e-Slavko-Aleksiqit-ne-Sarajeve-Insajderi.org_.webp\",\"width\":1245,\"height\":699},{\"@type\":\"BreadcrumbList\",\"@id\":\"https:\/\/veritasinfo.org\/?p=20591#breadcrumb\",\"itemListElement\":[{\"@type\":\"ListItem\",\"position\":1,\"name\":\"Home\",\"item\":\"https:\/\/veritasinfo.org\/\"},{\"@type\":\"ListItem\",\"position\":2,\"name\":\"Safari i Snajper\u00ebve\u201d, Shesheli dikur thoshte se Vu\u00e7iq ka qen\u00eb vullnetar n\u00eb nj\u00ebsin\u00eb e Slavko Aleksiqit n\u00eb Sarajev\u00eb\"}]},{\"@type\":\"WebSite\",\"@id\":\"https:\/\/veritasinfo.org\/#website\",\"url\":\"https:\/\/veritasinfo.org\/\",\"name\":\"\",\"description\":\"\",\"potentialAction\":[{\"@type\":\"SearchAction\",\"target\":{\"@type\":\"EntryPoint\",\"urlTemplate\":\"https:\/\/veritasinfo.org\/?s={search_term_string}\"},\"query-input\":{\"@type\":\"PropertyValueSpecification\",\"valueRequired\":true,\"valueName\":\"search_term_string\"}}],\"inLanguage\":\"en-US\"},{\"@type\":\"Person\",\"@id\":\"https:\/\/veritasinfo.org\/#\/schema\/person\/bc442336e35414d04494ab8fb45db4c6\",\"name\":\"US5\",\"image\":{\"@type\":\"ImageObject\",\"inLanguage\":\"en-US\",\"@id\":\"https:\/\/veritasinfo.org\/#\/schema\/person\/image\/\",\"url\":\"https:\/\/secure.gravatar.com\/avatar\/16a61e7272a0c5d001121ebb9e60e925d5816e4ac1e443ed3e640d9a6ae55d0c?s=96&d=mm&r=g\",\"contentUrl\":\"https:\/\/secure.gravatar.com\/avatar\/16a61e7272a0c5d001121ebb9e60e925d5816e4ac1e443ed3e640d9a6ae55d0c?s=96&d=mm&r=g\",\"caption\":\"US5\"},\"url\":\"https:\/\/veritasinfo.org\/?author=6\"}]}<\/script>\n<!-- \/ Yoast SEO plugin. -->","yoast_head_json":{"title":"Safari i Snajper\u00ebve\u201d, Shesheli dikur thoshte se Vu\u00e7iq ka qen\u00eb vullnetar n\u00eb nj\u00ebsin\u00eb e Slavko Aleksiqit n\u00eb Sarajev\u00eb -","robots":{"index":"index","follow":"follow","max-snippet":"max-snippet:-1","max-image-preview":"max-image-preview:large","max-video-preview":"max-video-preview:-1"},"canonical":"https:\/\/veritasinfo.org\/?p=20591","og_locale":"en_US","og_type":"article","og_title":"Safari i Snajper\u00ebve\u201d, Shesheli dikur thoshte se Vu\u00e7iq ka qen\u00eb vullnetar n\u00eb nj\u00ebsin\u00eb e Slavko Aleksiqit n\u00eb Sarajev\u00eb -","og_description":"Prishtin\u00eb 17 N\u00ebntor 2025 08:03 Sipas nj\u00eb d\u00ebshmie t\u00eb dh\u00ebn\u00eb n\u00eb vitin 2012 para Gjykat\u00ebs Penale Nd\u00ebrkomb\u00ebtare p\u00ebr ish-Jugosllavin\u00eb (ICTY), politikani nacionalist serb Vojislav Sheshel","og_url":"https:\/\/veritasinfo.org\/?p=20591","article_published_time":"2025-11-17T07:03:43+00:00","og_image":[{"width":1245,"height":699,"url":"https:\/\/veritasinfo.org\/wp-content\/uploads\/2025\/11\/Safari-i-Snajpereve-Shesheli-dikur-thoshte-se-Vuciq-ka-qene-vullnetar-ne-njesine-e-Slavko-Aleksiqit-ne-Sarajeve-Insajderi.org_.webp","type":"image\/webp"}],"author":"US5","twitter_card":"summary_large_image","twitter_misc":{"Written by":"US5","Est. reading time":"1 minute"},"schema":{"@context":"https:\/\/schema.org","@graph":[{"@type":"WebPage","@id":"https:\/\/veritasinfo.org\/?p=20591","url":"https:\/\/veritasinfo.org\/?p=20591","name":"Safari i Snajper\u00ebve\u201d, Shesheli dikur thoshte se Vu\u00e7iq ka qen\u00eb vullnetar n\u00eb nj\u00ebsin\u00eb e Slavko Aleksiqit n\u00eb Sarajev\u00eb -","isPartOf":{"@id":"https:\/\/veritasinfo.org\/#website"},"primaryImageOfPage":{"@id":"https:\/\/veritasinfo.org\/?p=20591#primaryimage"},"image":{"@id":"https:\/\/veritasinfo.org\/?p=20591#primaryimage"},"thumbnailUrl":"https:\/\/veritasinfo.org\/wp-content\/uploads\/2025\/11\/Safari-i-Snajpereve-Shesheli-dikur-thoshte-se-Vuciq-ka-qene-vullnetar-ne-njesine-e-Slavko-Aleksiqit-ne-Sarajeve-Insajderi.org_.webp","datePublished":"2025-11-17T07:03:43+00:00","author":{"@id":"https:\/\/veritasinfo.org\/#\/schema\/person\/bc442336e35414d04494ab8fb45db4c6"},"breadcrumb":{"@id":"https:\/\/veritasinfo.org\/?p=20591#breadcrumb"},"inLanguage":"en-US","potentialAction":[{"@type":"ReadAction","target":["https:\/\/veritasinfo.org\/?p=20591"]}]},{"@type":"ImageObject","inLanguage":"en-US","@id":"https:\/\/veritasinfo.org\/?p=20591#primaryimage","url":"https:\/\/veritasinfo.org\/wp-content\/uploads\/2025\/11\/Safari-i-Snajpereve-Shesheli-dikur-thoshte-se-Vuciq-ka-qene-vullnetar-ne-njesine-e-Slavko-Aleksiqit-ne-Sarajeve-Insajderi.org_.webp","contentUrl":"https:\/\/veritasinfo.org\/wp-content\/uploads\/2025\/11\/Safari-i-Snajpereve-Shesheli-dikur-thoshte-se-Vuciq-ka-qene-vullnetar-ne-njesine-e-Slavko-Aleksiqit-ne-Sarajeve-Insajderi.org_.webp","width":1245,"height":699},{"@type":"BreadcrumbList","@id":"https:\/\/veritasinfo.org\/?p=20591#breadcrumb","itemListElement":[{"@type":"ListItem","position":1,"name":"Home","item":"https:\/\/veritasinfo.org\/"},{"@type":"ListItem","position":2,"name":"Safari i Snajper\u00ebve\u201d, Shesheli dikur thoshte se Vu\u00e7iq ka qen\u00eb vullnetar n\u00eb nj\u00ebsin\u00eb e Slavko Aleksiqit n\u00eb Sarajev\u00eb"}]},{"@type":"WebSite","@id":"https:\/\/veritasinfo.org\/#website","url":"https:\/\/veritasinfo.org\/","name":"","description":"","potentialAction":[{"@type":"SearchAction","target":{"@type":"EntryPoint","urlTemplate":"https:\/\/veritasinfo.org\/?s={search_term_string}"},"query-input":{"@type":"PropertyValueSpecification","valueRequired":true,"valueName":"search_term_string"}}],"inLanguage":"en-US"},{"@type":"Person","@id":"https:\/\/veritasinfo.org\/#\/schema\/person\/bc442336e35414d04494ab8fb45db4c6","name":"US5","image":{"@type":"ImageObject","inLanguage":"en-US","@id":"https:\/\/veritasinfo.org\/#\/schema\/person\/image\/","url":"https:\/\/secure.gravatar.com\/avatar\/16a61e7272a0c5d001121ebb9e60e925d5816e4ac1e443ed3e640d9a6ae55d0c?s=96&d=mm&r=g","contentUrl":"https:\/\/secure.gravatar.com\/avatar\/16a61e7272a0c5d001121ebb9e60e925d5816e4ac1e443ed3e640d9a6ae55d0c?s=96&d=mm&r=g","caption":"US5"},"url":"https:\/\/veritasinfo.org\/?author=6"}]}},"featured_image_urls":{"full":["https:\/\/veritasinfo.org\/wp-content\/uploads\/2025\/11\/Safari-i-Snajpereve-Shesheli-dikur-thoshte-se-Vuciq-ka-qene-vullnetar-ne-njesine-e-Slavko-Aleksiqit-ne-Sarajeve-Insajderi.org_.webp",1245,699,false],"thumbnail":["https:\/\/veritasinfo.org\/wp-content\/uploads\/2025\/11\/Safari-i-Snajpereve-Shesheli-dikur-thoshte-se-Vuciq-ka-qene-vullnetar-ne-njesine-e-Slavko-Aleksiqit-ne-Sarajeve-Insajderi.org_-150x150.webp",150,150,true],"medium":["https:\/\/veritasinfo.org\/wp-content\/uploads\/2025\/11\/Safari-i-Snajpereve-Shesheli-dikur-thoshte-se-Vuciq-ka-qene-vullnetar-ne-njesine-e-Slavko-Aleksiqit-ne-Sarajeve-Insajderi.org_-300x168.webp",300,168,true],"medium_large":["https:\/\/veritasinfo.org\/wp-content\/uploads\/2025\/11\/Safari-i-Snajpereve-Shesheli-dikur-thoshte-se-Vuciq-ka-qene-vullnetar-ne-njesine-e-Slavko-Aleksiqit-ne-Sarajeve-Insajderi.org_-768x431.webp",640,359,true],"large":["https:\/\/veritasinfo.org\/wp-content\/uploads\/2025\/11\/Safari-i-Snajpereve-Shesheli-dikur-thoshte-se-Vuciq-ka-qene-vullnetar-ne-njesine-e-Slavko-Aleksiqit-ne-Sarajeve-Insajderi.org_-1024x575.webp",640,359,true],"1536x1536":["https:\/\/veritasinfo.org\/wp-content\/uploads\/2025\/11\/Safari-i-Snajpereve-Shesheli-dikur-thoshte-se-Vuciq-ka-qene-vullnetar-ne-njesine-e-Slavko-Aleksiqit-ne-Sarajeve-Insajderi.org_.webp",1245,699,false],"2048x2048":["https:\/\/veritasinfo.org\/wp-content\/uploads\/2025\/11\/Safari-i-Snajpereve-Shesheli-dikur-thoshte-se-Vuciq-ka-qene-vullnetar-ne-njesine-e-Slavko-Aleksiqit-ne-Sarajeve-Insajderi.org_.webp",1245,699,false],"kreeti-slider-full":["https:\/\/veritasinfo.org\/wp-content\/uploads\/2025\/11\/Safari-i-Snajpereve-Shesheli-dikur-thoshte-se-Vuciq-ka-qene-vullnetar-ne-njesine-e-Slavko-Aleksiqit-ne-Sarajeve-Insajderi.org_.webp",1245,699,false],"kreeti-featured":["https:\/\/veritasinfo.org\/wp-content\/uploads\/2025\/11\/Safari-i-Snajpereve-Shesheli-dikur-thoshte-se-Vuciq-ka-qene-vullnetar-ne-njesine-e-Slavko-Aleksiqit-ne-Sarajeve-Insajderi.org_.webp",1024,575,false],"kreeti-medium":["https:\/\/veritasinfo.org\/wp-content\/uploads\/2025\/11\/Safari-i-Snajpereve-Shesheli-dikur-thoshte-se-Vuciq-ka-qene-vullnetar-ne-njesine-e-Slavko-Aleksiqit-ne-Sarajeve-Insajderi.org_.webp",720,404,false],"kreeti-medium-square":["https:\/\/veritasinfo.org\/wp-content\/uploads\/2025\/11\/Safari-i-Snajpereve-Shesheli-dikur-thoshte-se-Vuciq-ka-qene-vullnetar-ne-njesine-e-Slavko-Aleksiqit-ne-Sarajeve-Insajderi.org_.webp",350,197,false]},"author_info":{"info":["US5"]},"category_info":"<a href=\"https:\/\/veritasinfo.org\/?cat=58\" rel=\"category\">Politik\u00eb<\/a>","tag_info":"Politik\u00eb","comment_count":"0","_links":{"self":[{"href":"https:\/\/veritasinfo.org\/index.php?rest_route=\/wp\/v2\/posts\/20591","targetHints":{"allow":["GET"]}}],"collection":[{"href":"https:\/\/veritasinfo.org\/index.php?rest_route=\/wp\/v2\/posts"}],"about":[{"href":"https:\/\/veritasinfo.org\/index.php?rest_route=\/wp\/v2\/types\/post"}],"author":[{"embeddable":true,"href":"https:\/\/veritasinfo.org\/index.php?rest_route=\/wp\/v2\/users\/6"}],"replies":[{"embeddable":true,"href":"https:\/\/veritasinfo.org\/index.php?rest_route=%2Fwp%2Fv2%2Fcomments&post=20591"}],"version-history":[{"count":1,"href":"https:\/\/veritasinfo.org\/index.php?rest_route=\/wp\/v2\/posts\/20591\/revisions"}],"predecessor-version":[{"id":20593,"href":"https:\/\/veritasinfo.org\/index.php?rest_route=\/wp\/v2\/posts\/20591\/revisions\/20593"}],"wp:featuredmedia":[{"embeddable":true,"href":"https:\/\/veritasinfo.org\/index.php?rest_route=\/wp\/v2\/media\/20592"}],"wp:attachment":[{"href":"https:\/\/veritasinfo.org\/index.php?rest_route=%2Fwp%2Fv2%2Fmedia&parent=20591"}],"wp:term":[{"taxonomy":"category","embeddable":true,"href":"https:\/\/veritasinfo.org\/index.php?rest_route=%2Fwp%2Fv2%2Fcategories&post=20591"},{"taxonomy":"post_tag","embeddable":true,"href":"https:\/\/veritasinfo.org\/index.php?rest_route=%2Fwp%2Fv2%2Ftags&post=20591"}],"curies":[{"name":"wp","href":"https:\/\/api.w.org\/{rel}","templated":true}]}}