{"id":2056,"date":"2025-06-30T13:48:32","date_gmt":"2025-06-30T11:48:32","guid":{"rendered":"https:\/\/veritasinfo.org\/?p=2056"},"modified":"2025-06-30T13:48:32","modified_gmt":"2025-06-30T11:48:32","slug":"ndryshimi-i-ligjit-per-sherbyesit-civile-i-le-pa-pagese-anetaret-e-komisionit-per-komunitete","status":"publish","type":"post","link":"https:\/\/veritasinfo.org\/?p=2056","title":{"rendered":"Ndryshimi i Ligjit p\u00ebr sh\u00ebrbyesit civil\u00eb i l\u00eb pa pages\u00eb an\u00ebtar\u00ebt e Komisionit p\u00ebr komunitete"},"content":{"rendered":"<p>Mitrovic\u00eb e Veriut, 30 qershor 2025<\/p>\n<p>Prej plot 12 muajsh, an\u00ebtar\u00ebt e Komisionit p\u00ebr komunitete n\u00eb Mitrovic\u00ebn e Veriut nuk marrin asnj\u00eb shp\u00ebrblim p\u00ebr pun\u00ebn e tyre, edhe pse jan\u00eb t\u00eb ngarkuar me mbrojtjen e t\u00eb drejtave dhe interesave t\u00eb komuniteteve q\u00eb p\u00ebrfaq\u00ebsojn\u00eb.<\/p>\n<p>P\u00ebr k\u00ebt\u00eb ka reaguar p\u00ebrfaq\u00ebsuesja e Komisionit, Nad\u017eije Hamza, e cila shprehu hapur shqet\u00ebsimin p\u00ebr injorimin e statusit t\u00eb tyre:<\/p>\n<p>\u201cKam kat\u00ebr an\u00ebtar\u00eb n\u00eb Komision q\u00eb nuk jan\u00eb paguar tash nj\u00eb vit. M\u00eb vjen keq q\u00eb puna e tyre nuk vler\u00ebsohet. Ata jan\u00eb aty p\u00ebr t\u00eb p\u00ebrfaq\u00ebsuar qytetar\u00ebt \u2013 kjo nuk \u00ebsht\u00eb vet\u00ebm nj\u00eb detyr\u00eb formale, \u00ebsht\u00eb nj\u00eb p\u00ebrgjegj\u00ebsi\u201d, tha ajo m\u00eb 26 qershor.<\/p>\n<p>Kryesuesi i Kuvendit Komunal, Ned\u017ead Ugljanin, sqaroi se me ndryshimin e Ligjit p\u00ebr sh\u00ebrbyesit publik\u00eb \u00ebsht\u00eb ndryshuar edhe m\u00ebnyra e pagesave, dhe se m\u00eb nuk \u00ebsht\u00eb Kuvendi ai q\u00eb duhet t\u2019i paguaj\u00eb, por pushteti ekzekutiv i komun\u00ebs, i udh\u00ebhequr nga Erden Atiq.<\/p>\n<p>Edhe pse ekzistonte mund\u00ebsia q\u00eb ky problem t\u00eb l\u00ebvizte nga vendnum\u00ebrimi gjat\u00eb mbledhjes s\u00eb 25 qershorit, ajo mbledhje nuk u mbajt \u2013 p\u00ebr shkak t\u00eb munges\u00ebs s\u00eb kuorumit. Nad\u017eije Hamza refuzoi t\u00eb votoj\u00eb p\u00ebr nj\u00eb nga pikat e rendit t\u00eb dit\u00ebs, duke deklaruar qart\u00eb:<\/p>\n<p>\u201cNuk do t\u00eb votoj derisa t\u00eb zgjidhet \u00e7\u00ebshtja e pagesave p\u00ebr an\u00ebtar\u00ebt e Komisionit.\u201d<\/p>\n<p>P\u00ebr t\u00eb verifikuar n\u00ebse k\u00ebto pretendime jan\u00eb t\u00eb sakta dhe kur pritet t\u00eb zgjidhet ky problem, kontaktuam Komun\u00ebn e Mitrovic\u00ebs s\u00eb Veriut \u2013 por deri n\u00eb momentin e publikimit t\u00eb k\u00ebtij teksti, nuk mor\u00ebm p\u00ebrgjigje.<\/p>\n<p>A do t\u00eb marr\u00eb dikush p\u00ebrgjegj\u00ebsin\u00eb p\u00ebr t\u00eb garantuar respektimin e t\u00eb drejtave themelore t\u00eb atyre q\u00eb punojn\u00eb n\u00eb interes t\u00eb komuniteteve, mbetet p\u00ebr t\u2019u par\u00eb.<\/p>\n","protected":false},"excerpt":{"rendered":"<p>Mitrovic\u00eb e Veriut, 30 qershor 2025 Prej plot 12 muajsh, an\u00ebtar\u00ebt e Komisionit p\u00ebr komunitete n\u00eb Mitrovic\u00ebn e Veriut nuk marrin asnj\u00eb shp\u00ebrblim p\u00ebr pun\u00ebn<\/p>\n","protected":false},"author":1,"featured_media":2054,"comment_status":"open","ping_status":"open","sticky":false,"template":"","format":"standard","meta":{"footnotes":""},"categories":[52],"tags":[],"class_list":["post-2056","post","type-post","status-publish","format-standard","has-post-thumbnail","hentry","category-komunat-sq"],"yoast_head":"<!-- This site is optimized with the Yoast SEO plugin v25.3.1 - https:\/\/yoast.com\/wordpress\/plugins\/seo\/ -->\n<title>Ndryshimi i Ligjit p\u00ebr sh\u00ebrbyesit civil\u00eb i l\u00eb pa pages\u00eb an\u00ebtar\u00ebt e Komisionit p\u00ebr komunitete -<\/title>\n<meta name=\"robots\" content=\"index, follow, max-snippet:-1, max-image-preview:large, max-video-preview:-1\" \/>\n<link rel=\"canonical\" href=\"https:\/\/veritasinfo.org\/?p=2056\" \/>\n<meta property=\"og:locale\" content=\"en_US\" \/>\n<meta property=\"og:type\" content=\"article\" \/>\n<meta property=\"og:title\" content=\"Ndryshimi i Ligjit p\u00ebr sh\u00ebrbyesit civil\u00eb i l\u00eb pa pages\u00eb an\u00ebtar\u00ebt e Komisionit p\u00ebr komunitete -\" \/>\n<meta property=\"og:description\" content=\"Mitrovic\u00eb e Veriut, 30 qershor 2025 Prej plot 12 muajsh, an\u00ebtar\u00ebt e Komisionit p\u00ebr komunitete n\u00eb Mitrovic\u00ebn e Veriut nuk marrin asnj\u00eb shp\u00ebrblim p\u00ebr pun\u00ebn\" \/>\n<meta property=\"og:url\" content=\"https:\/\/veritasinfo.org\/?p=2056\" \/>\n<meta property=\"article:published_time\" content=\"2025-06-30T11:48:32+00:00\" \/>\n<meta property=\"og:image\" content=\"https:\/\/veritasinfo.org\/wp-content\/uploads\/2025\/06\/361144862_615621760710318_7233940714422556314_n-1536x865-1.jpg\" \/>\n\t<meta property=\"og:image:width\" content=\"1536\" \/>\n\t<meta property=\"og:image:height\" content=\"865\" \/>\n\t<meta property=\"og:image:type\" content=\"image\/jpeg\" \/>\n<meta name=\"author\" content=\"admin\" \/>\n<meta name=\"twitter:card\" content=\"summary_large_image\" \/>\n<meta name=\"twitter:label1\" content=\"Written by\" \/>\n\t<meta name=\"twitter:data1\" content=\"admin\" \/>\n\t<meta name=\"twitter:label2\" content=\"Est. reading time\" \/>\n\t<meta name=\"twitter:data2\" content=\"2 minutes\" \/>\n<script type=\"application\/ld+json\" class=\"yoast-schema-graph\">{\"@context\":\"https:\/\/schema.org\",\"@graph\":[{\"@type\":\"WebPage\",\"@id\":\"https:\/\/veritasinfo.org\/?p=2056\",\"url\":\"https:\/\/veritasinfo.org\/?p=2056\",\"name\":\"Ndryshimi i Ligjit p\u00ebr sh\u00ebrbyesit civil\u00eb i l\u00eb pa pages\u00eb an\u00ebtar\u00ebt e Komisionit p\u00ebr komunitete -\",\"isPartOf\":{\"@id\":\"https:\/\/veritasinfo.org\/#website\"},\"primaryImageOfPage\":{\"@id\":\"https:\/\/veritasinfo.org\/?p=2056#primaryimage\"},\"image\":{\"@id\":\"https:\/\/veritasinfo.org\/?p=2056#primaryimage\"},\"thumbnailUrl\":\"https:\/\/veritasinfo.org\/wp-content\/uploads\/2025\/06\/361144862_615621760710318_7233940714422556314_n-1536x865-1.jpg\",\"datePublished\":\"2025-06-30T11:48:32+00:00\",\"author\":{\"@id\":\"https:\/\/veritasinfo.org\/#\/schema\/person\/7701f8c088bece422266b100a712374f\"},\"breadcrumb\":{\"@id\":\"https:\/\/veritasinfo.org\/?p=2056#breadcrumb\"},\"inLanguage\":\"en-US\",\"potentialAction\":[{\"@type\":\"ReadAction\",\"target\":[\"https:\/\/veritasinfo.org\/?p=2056\"]}]},{\"@type\":\"ImageObject\",\"inLanguage\":\"en-US\",\"@id\":\"https:\/\/veritasinfo.org\/?p=2056#primaryimage\",\"url\":\"https:\/\/veritasinfo.org\/wp-content\/uploads\/2025\/06\/361144862_615621760710318_7233940714422556314_n-1536x865-1.jpg\",\"contentUrl\":\"https:\/\/veritasinfo.org\/wp-content\/uploads\/2025\/06\/361144862_615621760710318_7233940714422556314_n-1536x865-1.jpg\",\"width\":1536,\"height\":865},{\"@type\":\"BreadcrumbList\",\"@id\":\"https:\/\/veritasinfo.org\/?p=2056#breadcrumb\",\"itemListElement\":[{\"@type\":\"ListItem\",\"position\":1,\"name\":\"Home\",\"item\":\"https:\/\/veritasinfo.org\/\"},{\"@type\":\"ListItem\",\"position\":2,\"name\":\"Ndryshimi i Ligjit p\u00ebr sh\u00ebrbyesit civil\u00eb i l\u00eb pa pages\u00eb an\u00ebtar\u00ebt e Komisionit p\u00ebr komunitete\"}]},{\"@type\":\"WebSite\",\"@id\":\"https:\/\/veritasinfo.org\/#website\",\"url\":\"https:\/\/veritasinfo.org\/\",\"name\":\"\",\"description\":\"\",\"potentialAction\":[{\"@type\":\"SearchAction\",\"target\":{\"@type\":\"EntryPoint\",\"urlTemplate\":\"https:\/\/veritasinfo.org\/?s={search_term_string}\"},\"query-input\":{\"@type\":\"PropertyValueSpecification\",\"valueRequired\":true,\"valueName\":\"search_term_string\"}}],\"inLanguage\":\"en-US\"},{\"@type\":\"Person\",\"@id\":\"https:\/\/veritasinfo.org\/#\/schema\/person\/7701f8c088bece422266b100a712374f\",\"name\":\"admin\",\"image\":{\"@type\":\"ImageObject\",\"inLanguage\":\"en-US\",\"@id\":\"https:\/\/veritasinfo.org\/#\/schema\/person\/image\/\",\"url\":\"https:\/\/secure.gravatar.com\/avatar\/ea53aa3bf6c9a12d5fde8ce4deff43fef3885ae33cf60184161a50d6987cfd2f?s=96&d=mm&r=g\",\"contentUrl\":\"https:\/\/secure.gravatar.com\/avatar\/ea53aa3bf6c9a12d5fde8ce4deff43fef3885ae33cf60184161a50d6987cfd2f?s=96&d=mm&r=g\",\"caption\":\"admin\"},\"sameAs\":[\"https:\/\/veritasinfo.org\"],\"url\":\"https:\/\/veritasinfo.org\/?author=1\"}]}<\/script>\n<!-- \/ Yoast SEO plugin. -->","yoast_head_json":{"title":"Ndryshimi i Ligjit p\u00ebr sh\u00ebrbyesit civil\u00eb i l\u00eb pa pages\u00eb an\u00ebtar\u00ebt e Komisionit p\u00ebr komunitete -","robots":{"index":"index","follow":"follow","max-snippet":"max-snippet:-1","max-image-preview":"max-image-preview:large","max-video-preview":"max-video-preview:-1"},"canonical":"https:\/\/veritasinfo.org\/?p=2056","og_locale":"en_US","og_type":"article","og_title":"Ndryshimi i Ligjit p\u00ebr sh\u00ebrbyesit civil\u00eb i l\u00eb pa pages\u00eb an\u00ebtar\u00ebt e Komisionit p\u00ebr komunitete -","og_description":"Mitrovic\u00eb e Veriut, 30 qershor 2025 Prej plot 12 muajsh, an\u00ebtar\u00ebt e Komisionit p\u00ebr komunitete n\u00eb Mitrovic\u00ebn e Veriut nuk marrin asnj\u00eb shp\u00ebrblim p\u00ebr pun\u00ebn","og_url":"https:\/\/veritasinfo.org\/?p=2056","article_published_time":"2025-06-30T11:48:32+00:00","og_image":[{"width":1536,"height":865,"url":"https:\/\/veritasinfo.org\/wp-content\/uploads\/2025\/06\/361144862_615621760710318_7233940714422556314_n-1536x865-1.jpg","type":"image\/jpeg"}],"author":"admin","twitter_card":"summary_large_image","twitter_misc":{"Written by":"admin","Est. reading time":"2 minutes"},"schema":{"@context":"https:\/\/schema.org","@graph":[{"@type":"WebPage","@id":"https:\/\/veritasinfo.org\/?p=2056","url":"https:\/\/veritasinfo.org\/?p=2056","name":"Ndryshimi i Ligjit p\u00ebr sh\u00ebrbyesit civil\u00eb i l\u00eb pa pages\u00eb an\u00ebtar\u00ebt e Komisionit p\u00ebr komunitete -","isPartOf":{"@id":"https:\/\/veritasinfo.org\/#website"},"primaryImageOfPage":{"@id":"https:\/\/veritasinfo.org\/?p=2056#primaryimage"},"image":{"@id":"https:\/\/veritasinfo.org\/?p=2056#primaryimage"},"thumbnailUrl":"https:\/\/veritasinfo.org\/wp-content\/uploads\/2025\/06\/361144862_615621760710318_7233940714422556314_n-1536x865-1.jpg","datePublished":"2025-06-30T11:48:32+00:00","author":{"@id":"https:\/\/veritasinfo.org\/#\/schema\/person\/7701f8c088bece422266b100a712374f"},"breadcrumb":{"@id":"https:\/\/veritasinfo.org\/?p=2056#breadcrumb"},"inLanguage":"en-US","potentialAction":[{"@type":"ReadAction","target":["https:\/\/veritasinfo.org\/?p=2056"]}]},{"@type":"ImageObject","inLanguage":"en-US","@id":"https:\/\/veritasinfo.org\/?p=2056#primaryimage","url":"https:\/\/veritasinfo.org\/wp-content\/uploads\/2025\/06\/361144862_615621760710318_7233940714422556314_n-1536x865-1.jpg","contentUrl":"https:\/\/veritasinfo.org\/wp-content\/uploads\/2025\/06\/361144862_615621760710318_7233940714422556314_n-1536x865-1.jpg","width":1536,"height":865},{"@type":"BreadcrumbList","@id":"https:\/\/veritasinfo.org\/?p=2056#breadcrumb","itemListElement":[{"@type":"ListItem","position":1,"name":"Home","item":"https:\/\/veritasinfo.org\/"},{"@type":"ListItem","position":2,"name":"Ndryshimi i Ligjit p\u00ebr sh\u00ebrbyesit civil\u00eb i l\u00eb pa pages\u00eb an\u00ebtar\u00ebt e Komisionit p\u00ebr komunitete"}]},{"@type":"WebSite","@id":"https:\/\/veritasinfo.org\/#website","url":"https:\/\/veritasinfo.org\/","name":"","description":"","potentialAction":[{"@type":"SearchAction","target":{"@type":"EntryPoint","urlTemplate":"https:\/\/veritasinfo.org\/?s={search_term_string}"},"query-input":{"@type":"PropertyValueSpecification","valueRequired":true,"valueName":"search_term_string"}}],"inLanguage":"en-US"},{"@type":"Person","@id":"https:\/\/veritasinfo.org\/#\/schema\/person\/7701f8c088bece422266b100a712374f","name":"admin","image":{"@type":"ImageObject","inLanguage":"en-US","@id":"https:\/\/veritasinfo.org\/#\/schema\/person\/image\/","url":"https:\/\/secure.gravatar.com\/avatar\/ea53aa3bf6c9a12d5fde8ce4deff43fef3885ae33cf60184161a50d6987cfd2f?s=96&d=mm&r=g","contentUrl":"https:\/\/secure.gravatar.com\/avatar\/ea53aa3bf6c9a12d5fde8ce4deff43fef3885ae33cf60184161a50d6987cfd2f?s=96&d=mm&r=g","caption":"admin"},"sameAs":["https:\/\/veritasinfo.org"],"url":"https:\/\/veritasinfo.org\/?author=1"}]}},"featured_image_urls":{"full":["https:\/\/veritasinfo.org\/wp-content\/uploads\/2025\/06\/361144862_615621760710318_7233940714422556314_n-1536x865-1.jpg",1536,865,false],"thumbnail":["https:\/\/veritasinfo.org\/wp-content\/uploads\/2025\/06\/361144862_615621760710318_7233940714422556314_n-1536x865-1-150x150.jpg",150,150,true],"medium":["https:\/\/veritasinfo.org\/wp-content\/uploads\/2025\/06\/361144862_615621760710318_7233940714422556314_n-1536x865-1-300x169.jpg",300,169,true],"medium_large":["https:\/\/veritasinfo.org\/wp-content\/uploads\/2025\/06\/361144862_615621760710318_7233940714422556314_n-1536x865-1-768x433.jpg",640,361,true],"large":["https:\/\/veritasinfo.org\/wp-content\/uploads\/2025\/06\/361144862_615621760710318_7233940714422556314_n-1536x865-1-1024x577.jpg",640,361,true],"1536x1536":["https:\/\/veritasinfo.org\/wp-content\/uploads\/2025\/06\/361144862_615621760710318_7233940714422556314_n-1536x865-1.jpg",1536,865,false],"2048x2048":["https:\/\/veritasinfo.org\/wp-content\/uploads\/2025\/06\/361144862_615621760710318_7233940714422556314_n-1536x865-1.jpg",1536,865,false],"kreeti-slider-full":["https:\/\/veritasinfo.org\/wp-content\/uploads\/2025\/06\/361144862_615621760710318_7233940714422556314_n-1536x865-1.jpg",1280,720,false],"kreeti-featured":["https:\/\/veritasinfo.org\/wp-content\/uploads\/2025\/06\/361144862_615621760710318_7233940714422556314_n-1536x865-1.jpg",1024,577,false],"kreeti-medium":["https:\/\/veritasinfo.org\/wp-content\/uploads\/2025\/06\/361144862_615621760710318_7233940714422556314_n-1536x865-1.jpg",720,405,false],"kreeti-medium-square":["https:\/\/veritasinfo.org\/wp-content\/uploads\/2025\/06\/361144862_615621760710318_7233940714422556314_n-1536x865-1.jpg",350,197,false]},"author_info":{"info":["admin"]},"category_info":"<a href=\"https:\/\/veritasinfo.org\/?cat=52\" rel=\"category\">Komunat<\/a>","tag_info":"Komunat","comment_count":"0","_links":{"self":[{"href":"https:\/\/veritasinfo.org\/index.php?rest_route=\/wp\/v2\/posts\/2056","targetHints":{"allow":["GET"]}}],"collection":[{"href":"https:\/\/veritasinfo.org\/index.php?rest_route=\/wp\/v2\/posts"}],"about":[{"href":"https:\/\/veritasinfo.org\/index.php?rest_route=\/wp\/v2\/types\/post"}],"author":[{"embeddable":true,"href":"https:\/\/veritasinfo.org\/index.php?rest_route=\/wp\/v2\/users\/1"}],"replies":[{"embeddable":true,"href":"https:\/\/veritasinfo.org\/index.php?rest_route=%2Fwp%2Fv2%2Fcomments&post=2056"}],"version-history":[{"count":1,"href":"https:\/\/veritasinfo.org\/index.php?rest_route=\/wp\/v2\/posts\/2056\/revisions"}],"predecessor-version":[{"id":2058,"href":"https:\/\/veritasinfo.org\/index.php?rest_route=\/wp\/v2\/posts\/2056\/revisions\/2058"}],"wp:featuredmedia":[{"embeddable":true,"href":"https:\/\/veritasinfo.org\/index.php?rest_route=\/wp\/v2\/media\/2054"}],"wp:attachment":[{"href":"https:\/\/veritasinfo.org\/index.php?rest_route=%2Fwp%2Fv2%2Fmedia&parent=2056"}],"wp:term":[{"taxonomy":"category","embeddable":true,"href":"https:\/\/veritasinfo.org\/index.php?rest_route=%2Fwp%2Fv2%2Fcategories&post=2056"},{"taxonomy":"post_tag","embeddable":true,"href":"https:\/\/veritasinfo.org\/index.php?rest_route=%2Fwp%2Fv2%2Ftags&post=2056"}],"curies":[{"name":"wp","href":"https:\/\/api.w.org\/{rel}","templated":true}]}}