{"id":2046,"date":"2025-06-30T12:52:43","date_gmt":"2025-06-30T10:52:43","guid":{"rendered":"https:\/\/veritasinfo.org\/?p=2046"},"modified":"2025-06-30T12:52:43","modified_gmt":"2025-06-30T10:52:43","slug":"kurti-radoiciqi-dhe-paramilitaret-e-tij-duhet-ti-dorezohen-kosoves-u-deshmua-se-kemi-pasur-te-drejte","status":"publish","type":"post","link":"https:\/\/veritasinfo.org\/?p=2046","title":{"rendered":"Kurti: Radoi\u00e7iqi dhe paramilitar\u00ebt e tij duhet t\u2019i dor\u00ebzohen Kosov\u00ebs, u d\u00ebshmua se kemi pasur t\u00eb drejt\u00eb"},"content":{"rendered":"<p>Prishtin\u00eb, 30 Qershor 2025<\/p>\n<p>Kryeministri n\u00eb detyr\u00eb, Albin Kurti, p\u00ebrs\u00ebriti k\u00ebrkes\u00ebn p\u00ebr dor\u00ebzimin e Milan Radoi\u00e7iqit dhe 42 paramilitar\u00ebve t\u00eb tjer\u00eb t\u00eb p\u00ebrfshir\u00eb n\u00eb sulmin e armatosur n\u00eb Banjsk\u00eb, duke th\u00ebn\u00eb se tashm\u00eb \u00ebsht\u00eb e qart\u00eb se ata jan\u00eb pjes\u00eb e nj\u00eb grupi t\u00eb organizuar terrorist t\u00eb dirigjuar nga Serbia.<\/p>\n<p>Kurti kujtoi se para dy vjet\u00ebsh, n\u00eb qershor t\u00eb vitit 2023, qeveria e tij kishte marr\u00eb vendim p\u00ebr t\u2019i shpallur t\u00eb ashtuquajturat \u201cMbrojtje civile\u201d dhe \u201cBrigadat veriore\u201d si organizata terroriste, vendim ky q\u00eb sipas tij ishte i goditur, me gjith\u00eb kritikat e ashpra t\u00eb koh\u00ebs.<\/p>\n<p>Sakt\u00ebsisht para dy vjet\u00ebsh, n\u00eb fund t\u00eb qershorit t\u00eb vitit 2023, n\u00eb mbledhje t\u00eb qeveris\u00eb t\u00eb ashtuquajtur\u00ebn \u2018Mbrojtje civile\u2019 dhe \u201cBrigad\u00eb veriore\u201d i kemi shpallur organizata terroriste. Kritikat ndaj nesh, kund\u00ebrshtimet e shumta ndaj neve pse i kemi shpallur organizata terroriste kan\u00eb qen\u00eb t\u00eb shumta. Mir\u00ebpo, p\u00ebr pak muaj u pa q\u00eb kemi pasur t\u00eb drejt\u00eb. N\u00eb Banjsk\u00eb t\u00eb Zve\u00e7anit e n\u00eb fund t\u00eb shtatorit e vran\u00eb rreshterin e Kosov\u00ebs Afrim Bunjaku. Ne k\u00ebrkojm\u00eb dor\u00ebzimin e kryekriminelit e kryeterroristit Milan Radoi\u00e7iq me 42 paramilitar\u00eb t\u00eb tjer\u00eb q\u00eb mor\u00ebn pjes\u00eb n\u00eb sulmin terrorist e kriminal t\u00eb shtatorit 2023\u201d, tha Kurti.<\/p>\n<p>Ai tha m\u00eb tej se tani k\u00ebta persona jan\u00eb par\u00eb edhe m\u00eb af\u00ebr presidentit t\u00eb Serbis\u00eb, gj\u00eb q\u00eb sipas tij e konfirmon se kemi t\u00eb b\u00ebjm\u00eb me nj\u00eb grup t\u00eb organizuar dhe t\u00eb dirigjuar nga Beogradi.<\/p>\n<p>\u201cTash t\u00eb nj\u00ebjt\u00ebt jan\u00eb edhe m\u00eb af\u00ebr se mbrojtja e af\u00ebrt e presidentit t\u00eb Serbis\u00eb. Kjo tregon q\u00eb kemi pasur t\u00eb drejt\u00eb kur kemi th\u00ebn\u00eb q\u00eb ky grup kriminal e terrorist \u00ebsht\u00eb i dirigjuar, financuar nga Beogradi dhe nuk \u00ebsht\u00eb nj\u00eb grup huligan\u00ebsh. Jan\u00eb njer\u00ebz, t\u00eb cil\u00ebt jan\u00eb ushtruar n\u00eb Serbi, i marrin urdhrat prej andej dhe kan\u00eb b\u00ebr\u00eb agresion n\u00eb Kosov\u00eb. Prandaj ata duhet t\u2019i dor\u00ebzohen Kosov\u00ebs. Kjo flet q\u00eb ne kemi pasur gjith\u00e7ka t\u00eb drejt\u00eb dhe tregon gjith\u00e7ka p\u00ebr vet\u00eb regjimin e Beogradit\u201d, u shpreh Kurti.<\/p>\n","protected":false},"excerpt":{"rendered":"<p>Prishtin\u00eb, 30 Qershor 2025 Kryeministri n\u00eb detyr\u00eb, Albin Kurti, p\u00ebrs\u00ebriti k\u00ebrkes\u00ebn p\u00ebr dor\u00ebzimin e Milan Radoi\u00e7iqit dhe 42 paramilitar\u00ebve t\u00eb tjer\u00eb t\u00eb p\u00ebrfshir\u00eb n\u00eb sulmin<\/p>\n","protected":false},"author":1,"featured_media":2047,"comment_status":"open","ping_status":"open","sticky":false,"template":"","format":"standard","meta":{"footnotes":""},"categories":[58],"tags":[],"class_list":["post-2046","post","type-post","status-publish","format-standard","has-post-thumbnail","hentry","category-politike-sq"],"yoast_head":"<!-- This site is optimized with the Yoast SEO plugin v25.3.1 - https:\/\/yoast.com\/wordpress\/plugins\/seo\/ -->\n<title>Kurti: Radoi\u00e7iqi dhe paramilitar\u00ebt e tij duhet t\u2019i dor\u00ebzohen Kosov\u00ebs, u d\u00ebshmua se kemi pasur t\u00eb drejt\u00eb -<\/title>\n<meta name=\"robots\" content=\"index, follow, max-snippet:-1, max-image-preview:large, max-video-preview:-1\" \/>\n<link rel=\"canonical\" href=\"https:\/\/veritasinfo.org\/?p=2046\" \/>\n<meta property=\"og:locale\" content=\"en_US\" \/>\n<meta property=\"og:type\" content=\"article\" \/>\n<meta property=\"og:title\" content=\"Kurti: Radoi\u00e7iqi dhe paramilitar\u00ebt e tij duhet t\u2019i dor\u00ebzohen Kosov\u00ebs, u d\u00ebshmua se kemi pasur t\u00eb drejt\u00eb -\" \/>\n<meta property=\"og:description\" content=\"Prishtin\u00eb, 30 Qershor 2025 Kryeministri n\u00eb detyr\u00eb, Albin Kurti, p\u00ebrs\u00ebriti k\u00ebrkes\u00ebn p\u00ebr dor\u00ebzimin e Milan Radoi\u00e7iqit dhe 42 paramilitar\u00ebve t\u00eb tjer\u00eb t\u00eb p\u00ebrfshir\u00eb n\u00eb sulmin\" \/>\n<meta property=\"og:url\" content=\"https:\/\/veritasinfo.org\/?p=2046\" \/>\n<meta property=\"article:published_time\" content=\"2025-06-30T10:52:43+00:00\" \/>\n<meta property=\"og:image\" content=\"https:\/\/veritasinfo.org\/wp-content\/uploads\/2025\/06\/IMG_1630.png\" \/>\n\t<meta property=\"og:image:width\" content=\"780\" \/>\n\t<meta property=\"og:image:height\" content=\"439\" \/>\n\t<meta property=\"og:image:type\" content=\"image\/png\" \/>\n<meta name=\"author\" content=\"admin\" \/>\n<meta name=\"twitter:card\" content=\"summary_large_image\" \/>\n<meta name=\"twitter:label1\" content=\"Written by\" \/>\n\t<meta name=\"twitter:data1\" content=\"admin\" \/>\n\t<meta name=\"twitter:label2\" content=\"Est. reading time\" \/>\n\t<meta name=\"twitter:data2\" content=\"2 minutes\" \/>\n<script type=\"application\/ld+json\" class=\"yoast-schema-graph\">{\"@context\":\"https:\/\/schema.org\",\"@graph\":[{\"@type\":\"WebPage\",\"@id\":\"https:\/\/veritasinfo.org\/?p=2046\",\"url\":\"https:\/\/veritasinfo.org\/?p=2046\",\"name\":\"Kurti: Radoi\u00e7iqi dhe paramilitar\u00ebt e tij duhet t\u2019i dor\u00ebzohen Kosov\u00ebs, u d\u00ebshmua se kemi pasur t\u00eb drejt\u00eb -\",\"isPartOf\":{\"@id\":\"https:\/\/veritasinfo.org\/#website\"},\"primaryImageOfPage\":{\"@id\":\"https:\/\/veritasinfo.org\/?p=2046#primaryimage\"},\"image\":{\"@id\":\"https:\/\/veritasinfo.org\/?p=2046#primaryimage\"},\"thumbnailUrl\":\"https:\/\/veritasinfo.org\/wp-content\/uploads\/2025\/06\/IMG_1630.png\",\"datePublished\":\"2025-06-30T10:52:43+00:00\",\"author\":{\"@id\":\"https:\/\/veritasinfo.org\/#\/schema\/person\/7701f8c088bece422266b100a712374f\"},\"breadcrumb\":{\"@id\":\"https:\/\/veritasinfo.org\/?p=2046#breadcrumb\"},\"inLanguage\":\"en-US\",\"potentialAction\":[{\"@type\":\"ReadAction\",\"target\":[\"https:\/\/veritasinfo.org\/?p=2046\"]}]},{\"@type\":\"ImageObject\",\"inLanguage\":\"en-US\",\"@id\":\"https:\/\/veritasinfo.org\/?p=2046#primaryimage\",\"url\":\"https:\/\/veritasinfo.org\/wp-content\/uploads\/2025\/06\/IMG_1630.png\",\"contentUrl\":\"https:\/\/veritasinfo.org\/wp-content\/uploads\/2025\/06\/IMG_1630.png\",\"width\":780,\"height\":439},{\"@type\":\"BreadcrumbList\",\"@id\":\"https:\/\/veritasinfo.org\/?p=2046#breadcrumb\",\"itemListElement\":[{\"@type\":\"ListItem\",\"position\":1,\"name\":\"Home\",\"item\":\"https:\/\/veritasinfo.org\/\"},{\"@type\":\"ListItem\",\"position\":2,\"name\":\"Kurti: Radoi\u00e7iqi dhe paramilitar\u00ebt e tij duhet t\u2019i dor\u00ebzohen Kosov\u00ebs, u d\u00ebshmua se kemi pasur t\u00eb drejt\u00eb\"}]},{\"@type\":\"WebSite\",\"@id\":\"https:\/\/veritasinfo.org\/#website\",\"url\":\"https:\/\/veritasinfo.org\/\",\"name\":\"\",\"description\":\"\",\"potentialAction\":[{\"@type\":\"SearchAction\",\"target\":{\"@type\":\"EntryPoint\",\"urlTemplate\":\"https:\/\/veritasinfo.org\/?s={search_term_string}\"},\"query-input\":{\"@type\":\"PropertyValueSpecification\",\"valueRequired\":true,\"valueName\":\"search_term_string\"}}],\"inLanguage\":\"en-US\"},{\"@type\":\"Person\",\"@id\":\"https:\/\/veritasinfo.org\/#\/schema\/person\/7701f8c088bece422266b100a712374f\",\"name\":\"admin\",\"image\":{\"@type\":\"ImageObject\",\"inLanguage\":\"en-US\",\"@id\":\"https:\/\/veritasinfo.org\/#\/schema\/person\/image\/\",\"url\":\"https:\/\/secure.gravatar.com\/avatar\/ea53aa3bf6c9a12d5fde8ce4deff43fef3885ae33cf60184161a50d6987cfd2f?s=96&d=mm&r=g\",\"contentUrl\":\"https:\/\/secure.gravatar.com\/avatar\/ea53aa3bf6c9a12d5fde8ce4deff43fef3885ae33cf60184161a50d6987cfd2f?s=96&d=mm&r=g\",\"caption\":\"admin\"},\"sameAs\":[\"https:\/\/veritasinfo.org\"],\"url\":\"https:\/\/veritasinfo.org\/?author=1\"}]}<\/script>\n<!-- \/ Yoast SEO plugin. -->","yoast_head_json":{"title":"Kurti: Radoi\u00e7iqi dhe paramilitar\u00ebt e tij duhet t\u2019i dor\u00ebzohen Kosov\u00ebs, u d\u00ebshmua se kemi pasur t\u00eb drejt\u00eb -","robots":{"index":"index","follow":"follow","max-snippet":"max-snippet:-1","max-image-preview":"max-image-preview:large","max-video-preview":"max-video-preview:-1"},"canonical":"https:\/\/veritasinfo.org\/?p=2046","og_locale":"en_US","og_type":"article","og_title":"Kurti: Radoi\u00e7iqi dhe paramilitar\u00ebt e tij duhet t\u2019i dor\u00ebzohen Kosov\u00ebs, u d\u00ebshmua se kemi pasur t\u00eb drejt\u00eb -","og_description":"Prishtin\u00eb, 30 Qershor 2025 Kryeministri n\u00eb detyr\u00eb, Albin Kurti, p\u00ebrs\u00ebriti k\u00ebrkes\u00ebn p\u00ebr dor\u00ebzimin e Milan Radoi\u00e7iqit dhe 42 paramilitar\u00ebve t\u00eb tjer\u00eb t\u00eb p\u00ebrfshir\u00eb n\u00eb sulmin","og_url":"https:\/\/veritasinfo.org\/?p=2046","article_published_time":"2025-06-30T10:52:43+00:00","og_image":[{"width":780,"height":439,"url":"https:\/\/veritasinfo.org\/wp-content\/uploads\/2025\/06\/IMG_1630.png","type":"image\/png"}],"author":"admin","twitter_card":"summary_large_image","twitter_misc":{"Written by":"admin","Est. reading time":"2 minutes"},"schema":{"@context":"https:\/\/schema.org","@graph":[{"@type":"WebPage","@id":"https:\/\/veritasinfo.org\/?p=2046","url":"https:\/\/veritasinfo.org\/?p=2046","name":"Kurti: Radoi\u00e7iqi dhe paramilitar\u00ebt e tij duhet t\u2019i dor\u00ebzohen Kosov\u00ebs, u d\u00ebshmua se kemi pasur t\u00eb drejt\u00eb -","isPartOf":{"@id":"https:\/\/veritasinfo.org\/#website"},"primaryImageOfPage":{"@id":"https:\/\/veritasinfo.org\/?p=2046#primaryimage"},"image":{"@id":"https:\/\/veritasinfo.org\/?p=2046#primaryimage"},"thumbnailUrl":"https:\/\/veritasinfo.org\/wp-content\/uploads\/2025\/06\/IMG_1630.png","datePublished":"2025-06-30T10:52:43+00:00","author":{"@id":"https:\/\/veritasinfo.org\/#\/schema\/person\/7701f8c088bece422266b100a712374f"},"breadcrumb":{"@id":"https:\/\/veritasinfo.org\/?p=2046#breadcrumb"},"inLanguage":"en-US","potentialAction":[{"@type":"ReadAction","target":["https:\/\/veritasinfo.org\/?p=2046"]}]},{"@type":"ImageObject","inLanguage":"en-US","@id":"https:\/\/veritasinfo.org\/?p=2046#primaryimage","url":"https:\/\/veritasinfo.org\/wp-content\/uploads\/2025\/06\/IMG_1630.png","contentUrl":"https:\/\/veritasinfo.org\/wp-content\/uploads\/2025\/06\/IMG_1630.png","width":780,"height":439},{"@type":"BreadcrumbList","@id":"https:\/\/veritasinfo.org\/?p=2046#breadcrumb","itemListElement":[{"@type":"ListItem","position":1,"name":"Home","item":"https:\/\/veritasinfo.org\/"},{"@type":"ListItem","position":2,"name":"Kurti: Radoi\u00e7iqi dhe paramilitar\u00ebt e tij duhet t\u2019i dor\u00ebzohen Kosov\u00ebs, u d\u00ebshmua se kemi pasur t\u00eb drejt\u00eb"}]},{"@type":"WebSite","@id":"https:\/\/veritasinfo.org\/#website","url":"https:\/\/veritasinfo.org\/","name":"","description":"","potentialAction":[{"@type":"SearchAction","target":{"@type":"EntryPoint","urlTemplate":"https:\/\/veritasinfo.org\/?s={search_term_string}"},"query-input":{"@type":"PropertyValueSpecification","valueRequired":true,"valueName":"search_term_string"}}],"inLanguage":"en-US"},{"@type":"Person","@id":"https:\/\/veritasinfo.org\/#\/schema\/person\/7701f8c088bece422266b100a712374f","name":"admin","image":{"@type":"ImageObject","inLanguage":"en-US","@id":"https:\/\/veritasinfo.org\/#\/schema\/person\/image\/","url":"https:\/\/secure.gravatar.com\/avatar\/ea53aa3bf6c9a12d5fde8ce4deff43fef3885ae33cf60184161a50d6987cfd2f?s=96&d=mm&r=g","contentUrl":"https:\/\/secure.gravatar.com\/avatar\/ea53aa3bf6c9a12d5fde8ce4deff43fef3885ae33cf60184161a50d6987cfd2f?s=96&d=mm&r=g","caption":"admin"},"sameAs":["https:\/\/veritasinfo.org"],"url":"https:\/\/veritasinfo.org\/?author=1"}]}},"featured_image_urls":{"full":["https:\/\/veritasinfo.org\/wp-content\/uploads\/2025\/06\/IMG_1630.png",780,439,false],"thumbnail":["https:\/\/veritasinfo.org\/wp-content\/uploads\/2025\/06\/IMG_1630-150x150.png",150,150,true],"medium":["https:\/\/veritasinfo.org\/wp-content\/uploads\/2025\/06\/IMG_1630-300x169.png",300,169,true],"medium_large":["https:\/\/veritasinfo.org\/wp-content\/uploads\/2025\/06\/IMG_1630-768x432.png",640,360,true],"large":["https:\/\/veritasinfo.org\/wp-content\/uploads\/2025\/06\/IMG_1630.png",640,360,false],"1536x1536":["https:\/\/veritasinfo.org\/wp-content\/uploads\/2025\/06\/IMG_1630.png",780,439,false],"2048x2048":["https:\/\/veritasinfo.org\/wp-content\/uploads\/2025\/06\/IMG_1630.png",780,439,false],"kreeti-slider-full":["https:\/\/veritasinfo.org\/wp-content\/uploads\/2025\/06\/IMG_1630.png",780,439,false],"kreeti-featured":["https:\/\/veritasinfo.org\/wp-content\/uploads\/2025\/06\/IMG_1630.png",780,439,false],"kreeti-medium":["https:\/\/veritasinfo.org\/wp-content\/uploads\/2025\/06\/IMG_1630.png",720,405,false],"kreeti-medium-square":["https:\/\/veritasinfo.org\/wp-content\/uploads\/2025\/06\/IMG_1630.png",350,197,false]},"author_info":{"info":["admin"]},"category_info":"<a href=\"https:\/\/veritasinfo.org\/?cat=58\" rel=\"category\">Politik\u00eb<\/a>","tag_info":"Politik\u00eb","comment_count":"0","_links":{"self":[{"href":"https:\/\/veritasinfo.org\/index.php?rest_route=\/wp\/v2\/posts\/2046","targetHints":{"allow":["GET"]}}],"collection":[{"href":"https:\/\/veritasinfo.org\/index.php?rest_route=\/wp\/v2\/posts"}],"about":[{"href":"https:\/\/veritasinfo.org\/index.php?rest_route=\/wp\/v2\/types\/post"}],"author":[{"embeddable":true,"href":"https:\/\/veritasinfo.org\/index.php?rest_route=\/wp\/v2\/users\/1"}],"replies":[{"embeddable":true,"href":"https:\/\/veritasinfo.org\/index.php?rest_route=%2Fwp%2Fv2%2Fcomments&post=2046"}],"version-history":[{"count":1,"href":"https:\/\/veritasinfo.org\/index.php?rest_route=\/wp\/v2\/posts\/2046\/revisions"}],"predecessor-version":[{"id":2048,"href":"https:\/\/veritasinfo.org\/index.php?rest_route=\/wp\/v2\/posts\/2046\/revisions\/2048"}],"wp:featuredmedia":[{"embeddable":true,"href":"https:\/\/veritasinfo.org\/index.php?rest_route=\/wp\/v2\/media\/2047"}],"wp:attachment":[{"href":"https:\/\/veritasinfo.org\/index.php?rest_route=%2Fwp%2Fv2%2Fmedia&parent=2046"}],"wp:term":[{"taxonomy":"category","embeddable":true,"href":"https:\/\/veritasinfo.org\/index.php?rest_route=%2Fwp%2Fv2%2Fcategories&post=2046"},{"taxonomy":"post_tag","embeddable":true,"href":"https:\/\/veritasinfo.org\/index.php?rest_route=%2Fwp%2Fv2%2Ftags&post=2046"}],"curies":[{"name":"wp","href":"https:\/\/api.w.org\/{rel}","templated":true}]}}