{"id":2041,"date":"2025-06-30T11:12:38","date_gmt":"2025-06-30T09:12:38","guid":{"rendered":"https:\/\/veritasinfo.org\/?p=2041"},"modified":"2025-06-30T11:12:38","modified_gmt":"2025-06-30T09:12:38","slug":"aktakuze-ne-mungese-per-krime-lufte-ne-kacanik-ndaj-dy-te-pandehurve","status":"publish","type":"post","link":"https:\/\/veritasinfo.org\/?p=2041","title":{"rendered":"Aktakuz\u00eb n\u00eb munges\u00eb p\u00ebr krime lufte n\u00eb Ka\u00e7anik ndaj dy t\u00eb pandehurve"},"content":{"rendered":"<p><strong>Prishtin\u00eb, 30 qershor 2025<\/strong><\/p>\n<p>Prokuroria Speciale ka ngritur aktakuz\u00eb n\u00eb munges\u00eb kund\u00ebr t\u00eb pandehurve J.J dhe V.T , p\u00ebr vepr\u00ebn penale \u201cKrim i Luft\u00ebs kund\u00ebr popullsis\u00eb civile\u201d.<\/p>\n<p>\u201cT\u00eb pandehurit J. J dhe V.T akuzohen p\u00ebr krime lufte gjat\u00eb periudh\u00ebs 1998-1999 n\u00eb fshatin Ka\u00e7anik i Vjet\u00ebr, n\u00eb komun\u00ebn e Ka\u00e7anikut. Sipas aktakuz\u00ebs, t\u00eb pandehurit n\u00eb bashk\u00ebkryerje me pjes\u00ebtar\u00eb t\u00eb tjer\u00eb t\u00eb forcave policore dhe ushtarake serbe, kan\u00eb kryer vrasjen e dy viktimave\u00a0 R.E dhe M.H\u201d, thuhet n\u00eb komunikat\u00ebn e PS-s\u00eb.<\/p>\n<p>M\u00eb tej b\u00ebhet e ditur se hetimet kan\u00eb v\u00ebrtetuar q\u00eb dy t\u00eb pandehurit kan\u00eb shkaktuar maltretime fizike dhe psikike, dhe kan\u00eb pla\u00e7kitur pasurin\u00eb e luajtshme t\u00eb t\u00eb k\u00ebtyre dy viktimave dhe t\u00eb nj\u00eb t\u00eb d\u00ebmtuarit tjet\u00ebr me inicialet Sh.D.<\/p>\n","protected":false},"excerpt":{"rendered":"<p>Prishtin\u00eb, 30 qershor 2025 Prokuroria Speciale ka ngritur aktakuz\u00eb n\u00eb munges\u00eb kund\u00ebr t\u00eb pandehurve J.J dhe V.T , p\u00ebr vepr\u00ebn penale \u201cKrim i Luft\u00ebs kund\u00ebr<\/p>\n","protected":false},"author":2,"featured_media":2042,"comment_status":"open","ping_status":"open","sticky":false,"template":"","format":"standard","meta":{"footnotes":""},"categories":[60],"tags":[],"class_list":["post-2041","post","type-post","status-publish","format-standard","has-post-thumbnail","hentry","category-shoqerore-sq"],"yoast_head":"<!-- This site is optimized with the Yoast SEO plugin v25.3.1 - https:\/\/yoast.com\/wordpress\/plugins\/seo\/ -->\n<title>Aktakuz\u00eb n\u00eb munges\u00eb p\u00ebr krime lufte n\u00eb Ka\u00e7anik ndaj dy t\u00eb pandehurve -<\/title>\n<meta name=\"robots\" content=\"index, follow, max-snippet:-1, max-image-preview:large, max-video-preview:-1\" \/>\n<link rel=\"canonical\" href=\"https:\/\/veritasinfo.org\/?p=2041\" \/>\n<meta property=\"og:locale\" content=\"en_US\" \/>\n<meta property=\"og:type\" content=\"article\" \/>\n<meta property=\"og:title\" content=\"Aktakuz\u00eb n\u00eb munges\u00eb p\u00ebr krime lufte n\u00eb Ka\u00e7anik ndaj dy t\u00eb pandehurve -\" \/>\n<meta property=\"og:description\" content=\"Prishtin\u00eb, 30 qershor 2025 Prokuroria Speciale ka ngritur aktakuz\u00eb n\u00eb munges\u00eb kund\u00ebr t\u00eb pandehurve J.J dhe V.T , p\u00ebr vepr\u00ebn penale \u201cKrim i Luft\u00ebs kund\u00ebr\" \/>\n<meta property=\"og:url\" content=\"https:\/\/veritasinfo.org\/?p=2041\" \/>\n<meta property=\"article:published_time\" content=\"2025-06-30T09:12:38+00:00\" \/>\n<meta property=\"og:image\" content=\"https:\/\/veritasinfo.org\/wp-content\/uploads\/2025\/06\/prokuroria-e-kosoves.jpg\" \/>\n\t<meta property=\"og:image:width\" content=\"827\" \/>\n\t<meta property=\"og:image:height\" content=\"481\" \/>\n\t<meta property=\"og:image:type\" content=\"image\/jpeg\" \/>\n<meta name=\"author\" content=\"US1\" \/>\n<meta name=\"twitter:card\" content=\"summary_large_image\" \/>\n<meta name=\"twitter:label1\" content=\"Written by\" \/>\n\t<meta name=\"twitter:data1\" content=\"US1\" \/>\n\t<meta name=\"twitter:label2\" content=\"Est. reading time\" \/>\n\t<meta name=\"twitter:data2\" content=\"1 minute\" \/>\n<script type=\"application\/ld+json\" class=\"yoast-schema-graph\">{\"@context\":\"https:\/\/schema.org\",\"@graph\":[{\"@type\":\"WebPage\",\"@id\":\"https:\/\/veritasinfo.org\/?p=2041\",\"url\":\"https:\/\/veritasinfo.org\/?p=2041\",\"name\":\"Aktakuz\u00eb n\u00eb munges\u00eb p\u00ebr krime lufte n\u00eb Ka\u00e7anik ndaj dy t\u00eb pandehurve -\",\"isPartOf\":{\"@id\":\"https:\/\/veritasinfo.org\/#website\"},\"primaryImageOfPage\":{\"@id\":\"https:\/\/veritasinfo.org\/?p=2041#primaryimage\"},\"image\":{\"@id\":\"https:\/\/veritasinfo.org\/?p=2041#primaryimage\"},\"thumbnailUrl\":\"https:\/\/veritasinfo.org\/wp-content\/uploads\/2025\/06\/prokuroria-e-kosoves.jpg\",\"datePublished\":\"2025-06-30T09:12:38+00:00\",\"author\":{\"@id\":\"https:\/\/veritasinfo.org\/#\/schema\/person\/c2b8be262ea994d0995addca692c5e98\"},\"breadcrumb\":{\"@id\":\"https:\/\/veritasinfo.org\/?p=2041#breadcrumb\"},\"inLanguage\":\"en-US\",\"potentialAction\":[{\"@type\":\"ReadAction\",\"target\":[\"https:\/\/veritasinfo.org\/?p=2041\"]}]},{\"@type\":\"ImageObject\",\"inLanguage\":\"en-US\",\"@id\":\"https:\/\/veritasinfo.org\/?p=2041#primaryimage\",\"url\":\"https:\/\/veritasinfo.org\/wp-content\/uploads\/2025\/06\/prokuroria-e-kosoves.jpg\",\"contentUrl\":\"https:\/\/veritasinfo.org\/wp-content\/uploads\/2025\/06\/prokuroria-e-kosoves.jpg\",\"width\":827,\"height\":481},{\"@type\":\"BreadcrumbList\",\"@id\":\"https:\/\/veritasinfo.org\/?p=2041#breadcrumb\",\"itemListElement\":[{\"@type\":\"ListItem\",\"position\":1,\"name\":\"Home\",\"item\":\"https:\/\/veritasinfo.org\/\"},{\"@type\":\"ListItem\",\"position\":2,\"name\":\"Aktakuz\u00eb n\u00eb munges\u00eb p\u00ebr krime lufte n\u00eb Ka\u00e7anik ndaj dy t\u00eb pandehurve\"}]},{\"@type\":\"WebSite\",\"@id\":\"https:\/\/veritasinfo.org\/#website\",\"url\":\"https:\/\/veritasinfo.org\/\",\"name\":\"\",\"description\":\"\",\"potentialAction\":[{\"@type\":\"SearchAction\",\"target\":{\"@type\":\"EntryPoint\",\"urlTemplate\":\"https:\/\/veritasinfo.org\/?s={search_term_string}\"},\"query-input\":{\"@type\":\"PropertyValueSpecification\",\"valueRequired\":true,\"valueName\":\"search_term_string\"}}],\"inLanguage\":\"en-US\"},{\"@type\":\"Person\",\"@id\":\"https:\/\/veritasinfo.org\/#\/schema\/person\/c2b8be262ea994d0995addca692c5e98\",\"name\":\"US1\",\"image\":{\"@type\":\"ImageObject\",\"inLanguage\":\"en-US\",\"@id\":\"https:\/\/veritasinfo.org\/#\/schema\/person\/image\/\",\"url\":\"https:\/\/secure.gravatar.com\/avatar\/4e96a59bd256abf9956eb9963ac891a47461ffb364d47b0e9aab113328fdb75b?s=96&d=mm&r=g\",\"contentUrl\":\"https:\/\/secure.gravatar.com\/avatar\/4e96a59bd256abf9956eb9963ac891a47461ffb364d47b0e9aab113328fdb75b?s=96&d=mm&r=g\",\"caption\":\"US1\"},\"url\":\"https:\/\/veritasinfo.org\/?author=2\"}]}<\/script>\n<!-- \/ Yoast SEO plugin. -->","yoast_head_json":{"title":"Aktakuz\u00eb n\u00eb munges\u00eb p\u00ebr krime lufte n\u00eb Ka\u00e7anik ndaj dy t\u00eb pandehurve -","robots":{"index":"index","follow":"follow","max-snippet":"max-snippet:-1","max-image-preview":"max-image-preview:large","max-video-preview":"max-video-preview:-1"},"canonical":"https:\/\/veritasinfo.org\/?p=2041","og_locale":"en_US","og_type":"article","og_title":"Aktakuz\u00eb n\u00eb munges\u00eb p\u00ebr krime lufte n\u00eb Ka\u00e7anik ndaj dy t\u00eb pandehurve -","og_description":"Prishtin\u00eb, 30 qershor 2025 Prokuroria Speciale ka ngritur aktakuz\u00eb n\u00eb munges\u00eb kund\u00ebr t\u00eb pandehurve J.J dhe V.T , p\u00ebr vepr\u00ebn penale \u201cKrim i Luft\u00ebs kund\u00ebr","og_url":"https:\/\/veritasinfo.org\/?p=2041","article_published_time":"2025-06-30T09:12:38+00:00","og_image":[{"width":827,"height":481,"url":"https:\/\/veritasinfo.org\/wp-content\/uploads\/2025\/06\/prokuroria-e-kosoves.jpg","type":"image\/jpeg"}],"author":"US1","twitter_card":"summary_large_image","twitter_misc":{"Written by":"US1","Est. reading time":"1 minute"},"schema":{"@context":"https:\/\/schema.org","@graph":[{"@type":"WebPage","@id":"https:\/\/veritasinfo.org\/?p=2041","url":"https:\/\/veritasinfo.org\/?p=2041","name":"Aktakuz\u00eb n\u00eb munges\u00eb p\u00ebr krime lufte n\u00eb Ka\u00e7anik ndaj dy t\u00eb pandehurve -","isPartOf":{"@id":"https:\/\/veritasinfo.org\/#website"},"primaryImageOfPage":{"@id":"https:\/\/veritasinfo.org\/?p=2041#primaryimage"},"image":{"@id":"https:\/\/veritasinfo.org\/?p=2041#primaryimage"},"thumbnailUrl":"https:\/\/veritasinfo.org\/wp-content\/uploads\/2025\/06\/prokuroria-e-kosoves.jpg","datePublished":"2025-06-30T09:12:38+00:00","author":{"@id":"https:\/\/veritasinfo.org\/#\/schema\/person\/c2b8be262ea994d0995addca692c5e98"},"breadcrumb":{"@id":"https:\/\/veritasinfo.org\/?p=2041#breadcrumb"},"inLanguage":"en-US","potentialAction":[{"@type":"ReadAction","target":["https:\/\/veritasinfo.org\/?p=2041"]}]},{"@type":"ImageObject","inLanguage":"en-US","@id":"https:\/\/veritasinfo.org\/?p=2041#primaryimage","url":"https:\/\/veritasinfo.org\/wp-content\/uploads\/2025\/06\/prokuroria-e-kosoves.jpg","contentUrl":"https:\/\/veritasinfo.org\/wp-content\/uploads\/2025\/06\/prokuroria-e-kosoves.jpg","width":827,"height":481},{"@type":"BreadcrumbList","@id":"https:\/\/veritasinfo.org\/?p=2041#breadcrumb","itemListElement":[{"@type":"ListItem","position":1,"name":"Home","item":"https:\/\/veritasinfo.org\/"},{"@type":"ListItem","position":2,"name":"Aktakuz\u00eb n\u00eb munges\u00eb p\u00ebr krime lufte n\u00eb Ka\u00e7anik ndaj dy t\u00eb pandehurve"}]},{"@type":"WebSite","@id":"https:\/\/veritasinfo.org\/#website","url":"https:\/\/veritasinfo.org\/","name":"","description":"","potentialAction":[{"@type":"SearchAction","target":{"@type":"EntryPoint","urlTemplate":"https:\/\/veritasinfo.org\/?s={search_term_string}"},"query-input":{"@type":"PropertyValueSpecification","valueRequired":true,"valueName":"search_term_string"}}],"inLanguage":"en-US"},{"@type":"Person","@id":"https:\/\/veritasinfo.org\/#\/schema\/person\/c2b8be262ea994d0995addca692c5e98","name":"US1","image":{"@type":"ImageObject","inLanguage":"en-US","@id":"https:\/\/veritasinfo.org\/#\/schema\/person\/image\/","url":"https:\/\/secure.gravatar.com\/avatar\/4e96a59bd256abf9956eb9963ac891a47461ffb364d47b0e9aab113328fdb75b?s=96&d=mm&r=g","contentUrl":"https:\/\/secure.gravatar.com\/avatar\/4e96a59bd256abf9956eb9963ac891a47461ffb364d47b0e9aab113328fdb75b?s=96&d=mm&r=g","caption":"US1"},"url":"https:\/\/veritasinfo.org\/?author=2"}]}},"featured_image_urls":{"full":["https:\/\/veritasinfo.org\/wp-content\/uploads\/2025\/06\/prokuroria-e-kosoves.jpg",827,481,false],"thumbnail":["https:\/\/veritasinfo.org\/wp-content\/uploads\/2025\/06\/prokuroria-e-kosoves-150x150.jpg",150,150,true],"medium":["https:\/\/veritasinfo.org\/wp-content\/uploads\/2025\/06\/prokuroria-e-kosoves-300x174.jpg",300,174,true],"medium_large":["https:\/\/veritasinfo.org\/wp-content\/uploads\/2025\/06\/prokuroria-e-kosoves-768x447.jpg",640,373,true],"large":["https:\/\/veritasinfo.org\/wp-content\/uploads\/2025\/06\/prokuroria-e-kosoves.jpg",640,372,false],"1536x1536":["https:\/\/veritasinfo.org\/wp-content\/uploads\/2025\/06\/prokuroria-e-kosoves.jpg",827,481,false],"2048x2048":["https:\/\/veritasinfo.org\/wp-content\/uploads\/2025\/06\/prokuroria-e-kosoves.jpg",827,481,false],"kreeti-slider-full":["https:\/\/veritasinfo.org\/wp-content\/uploads\/2025\/06\/prokuroria-e-kosoves.jpg",827,481,false],"kreeti-featured":["https:\/\/veritasinfo.org\/wp-content\/uploads\/2025\/06\/prokuroria-e-kosoves.jpg",827,481,false],"kreeti-medium":["https:\/\/veritasinfo.org\/wp-content\/uploads\/2025\/06\/prokuroria-e-kosoves.jpg",720,419,false],"kreeti-medium-square":["https:\/\/veritasinfo.org\/wp-content\/uploads\/2025\/06\/prokuroria-e-kosoves.jpg",350,204,false]},"author_info":{"info":["US1"]},"category_info":"<a href=\"https:\/\/veritasinfo.org\/?cat=60\" rel=\"category\">Shoq\u00ebrore<\/a>","tag_info":"Shoq\u00ebrore","comment_count":"0","_links":{"self":[{"href":"https:\/\/veritasinfo.org\/index.php?rest_route=\/wp\/v2\/posts\/2041","targetHints":{"allow":["GET"]}}],"collection":[{"href":"https:\/\/veritasinfo.org\/index.php?rest_route=\/wp\/v2\/posts"}],"about":[{"href":"https:\/\/veritasinfo.org\/index.php?rest_route=\/wp\/v2\/types\/post"}],"author":[{"embeddable":true,"href":"https:\/\/veritasinfo.org\/index.php?rest_route=\/wp\/v2\/users\/2"}],"replies":[{"embeddable":true,"href":"https:\/\/veritasinfo.org\/index.php?rest_route=%2Fwp%2Fv2%2Fcomments&post=2041"}],"version-history":[{"count":1,"href":"https:\/\/veritasinfo.org\/index.php?rest_route=\/wp\/v2\/posts\/2041\/revisions"}],"predecessor-version":[{"id":2043,"href":"https:\/\/veritasinfo.org\/index.php?rest_route=\/wp\/v2\/posts\/2041\/revisions\/2043"}],"wp:featuredmedia":[{"embeddable":true,"href":"https:\/\/veritasinfo.org\/index.php?rest_route=\/wp\/v2\/media\/2042"}],"wp:attachment":[{"href":"https:\/\/veritasinfo.org\/index.php?rest_route=%2Fwp%2Fv2%2Fmedia&parent=2041"}],"wp:term":[{"taxonomy":"category","embeddable":true,"href":"https:\/\/veritasinfo.org\/index.php?rest_route=%2Fwp%2Fv2%2Fcategories&post=2041"},{"taxonomy":"post_tag","embeddable":true,"href":"https:\/\/veritasinfo.org\/index.php?rest_route=%2Fwp%2Fv2%2Ftags&post=2041"}],"curies":[{"name":"wp","href":"https:\/\/api.w.org\/{rel}","templated":true}]}}