{"id":20388,"date":"2025-11-14T21:42:48","date_gmt":"2025-11-14T20:42:48","guid":{"rendered":"https:\/\/veritasinfo.org\/?p=20388"},"modified":"2025-11-14T21:42:48","modified_gmt":"2025-11-14T20:42:48","slug":"elezi-neser-fillon-numerimi-i-fletevotimeve-nga-diaspora-per-balotazhin","status":"publish","type":"post","link":"https:\/\/veritasinfo.org\/?p=20388","title":{"rendered":"Elezi: Nes\u00ebr fillon num\u00ebrimi i flet\u00ebvotimeve nga diaspora p\u00ebr balotazhin"},"content":{"rendered":"<p>Prishtin\u00eb, 14 n\u00ebntor 2025 21:42<\/p>\n<p>Gjat\u00eb dit\u00ebs s\u00eb nes\u00ebrme, e shtun\u00eb, nga ora 10:00, n\u00eb Qendr\u00ebn e Num\u00ebrimit dhe Rezultateve do t\u00eb filloj\u00eb num\u00ebrimi i flet\u00ebvotimeve t\u00eb diaspor\u00ebs.<\/p>\n<p>Lajmi \u00ebsht\u00eb dh\u00ebn\u00eb nga Z\u00ebdh\u00ebn\u00ebsi i KQZ-s\u00eb, Valmir Elezi.<\/p>\n<p>\u201cJu njoftoj se t\u00eb shtun\u00ebn (15 n\u00ebntor 2025, ora 10:00) n\u00eb Qendr\u00ebn e Num\u00ebrimit dhe Rezultateve do t\u00eb filloj\u00eb num\u00ebrimi i flet\u00ebvotimeve nga votimi me post\u00eb jasht\u00eb Kosov\u00ebs dhe q\u00eb i takojn\u00eb zgjedhjeve t\u00eb raundit t\u00eb dyt\u00eb p\u00ebr kryetar\u00eb t\u00eb 18 komunave\u201d, tha Elezi.<\/p>\n<p>Nd\u00ebrkaq, sipas t\u00eb dh\u00ebnave t\u00eb KQZ-s\u00eb, deri n\u00eb pasditen e s\u00eb premtes m\u00eb shum\u00eb 12 mij\u00eb pako t\u00eb supozuara me flet\u00ebvotime nga votimi me post\u00eb jasht\u00eb Kosov\u00ebs dhe q\u00eb i takojn\u00eb zgjedhjeve t\u00eb raundit t\u00eb dyt\u00eb p\u00ebr kryetar\u00eb t\u00eb 18 komunave, jan\u00eb vler\u00ebsuar dhe verifikuar nga sh\u00ebrbimi votues i KQZ-s\u00eb.<\/p>\n<p>\u201cDeri pasditen e s\u00eb premtes, nga pjesa e pakove me flet\u00ebvotime q\u00eb jan\u00eb sjellur n\u00eb Kosov\u00eb, procesit t\u00eb vler\u00ebsimit i jan\u00eb n\u00ebnshtruar m\u00eb shum\u00eb se 12,000 prej t\u00eb cilave jan\u00eb aprovuar m\u00eb shum\u00eb se 8,930, nd\u00ebrkaq jan\u00eb refuzuar rreth 3,080. Arsyeja m\u00eb e shprehur se p\u00ebrse jan\u00eb refuzuar k\u00ebto pako \u00ebsht\u00eb sepse n\u00eb 3,000 raste mungon d\u00ebftesa e regjistrimit, nj\u00eb dokument me t\u00eb dh\u00ebna unike, q\u00eb votuesi i regjistruar e pranon nga KQZ\u201d, tha Elezi<\/p>\n<p>Sipas tij, m\u00eb 11 dhe 12 n\u00ebntor, nga kutit\u00eb postare t\u00eb KQZ-s\u00eb n\u00eb 22 shtete t\u00eb ndryshme t\u00eb bot\u00ebs, \u00ebsht\u00eb b\u00ebr\u00eb t\u00ebrheqja e 13,084 pakove t\u00eb supozuara me flet\u00ebvotime, nd\u00ebrkaq numri i votuesve t\u00eb regjistruar p\u00ebr votim jasht\u00eb Kosov\u00ebs n\u00eb 18 komunat ku u mbajt raundi i dyt\u00eb ishte 29,725 votues.<\/p>\n<p>&nbsp;<\/p>\n<p>&nbsp;<\/p>\n","protected":false},"excerpt":{"rendered":"<p>Prishtin\u00eb, 14 n\u00ebntor 2025 21:42 Gjat\u00eb dit\u00ebs s\u00eb nes\u00ebrme, e shtun\u00eb, nga ora 10:00, n\u00eb Qendr\u00ebn e Num\u00ebrimit dhe Rezultateve do t\u00eb filloj\u00eb num\u00ebrimi i<\/p>\n","protected":false},"author":7,"featured_media":20389,"comment_status":"open","ping_status":"open","sticky":false,"template":"","format":"standard","meta":{"footnotes":""},"categories":[8],"tags":[],"class_list":["post-20388","post","type-post","status-publish","format-standard","has-post-thumbnail","hentry","category-blog-sq"],"yoast_head":"<!-- This site is optimized with the Yoast SEO plugin v25.3.1 - https:\/\/yoast.com\/wordpress\/plugins\/seo\/ -->\n<title>Elezi: Nes\u00ebr fillon num\u00ebrimi i flet\u00ebvotimeve nga diaspora p\u00ebr balotazhin -<\/title>\n<meta name=\"robots\" content=\"index, follow, max-snippet:-1, max-image-preview:large, max-video-preview:-1\" \/>\n<link rel=\"canonical\" href=\"https:\/\/veritasinfo.org\/?p=20388\" \/>\n<meta property=\"og:locale\" content=\"en_US\" \/>\n<meta property=\"og:type\" content=\"article\" \/>\n<meta property=\"og:title\" content=\"Elezi: Nes\u00ebr fillon num\u00ebrimi i flet\u00ebvotimeve nga diaspora p\u00ebr balotazhin -\" \/>\n<meta property=\"og:description\" content=\"Prishtin\u00eb, 14 n\u00ebntor 2025 21:42 Gjat\u00eb dit\u00ebs s\u00eb nes\u00ebrme, e shtun\u00eb, nga ora 10:00, n\u00eb Qendr\u00ebn e Num\u00ebrimit dhe Rezultateve do t\u00eb filloj\u00eb num\u00ebrimi i\" \/>\n<meta property=\"og:url\" content=\"https:\/\/veritasinfo.org\/?p=20388\" \/>\n<meta property=\"article:published_time\" content=\"2025-11-14T20:42:48+00:00\" \/>\n<meta property=\"og:image\" content=\"https:\/\/veritasinfo.org\/wp-content\/uploads\/2025\/11\/numerimi-i-votave-zgjedhjet-komunale-2025-1-720x480-1.jpg\" \/>\n\t<meta property=\"og:image:width\" content=\"720\" \/>\n\t<meta property=\"og:image:height\" content=\"480\" \/>\n\t<meta property=\"og:image:type\" content=\"image\/jpeg\" \/>\n<meta name=\"author\" content=\"US6\" \/>\n<meta name=\"twitter:card\" content=\"summary_large_image\" \/>\n<meta name=\"twitter:label1\" content=\"Written by\" \/>\n\t<meta name=\"twitter:data1\" content=\"US6\" \/>\n\t<meta name=\"twitter:label2\" content=\"Est. reading time\" \/>\n\t<meta name=\"twitter:data2\" content=\"2 minutes\" \/>\n<script type=\"application\/ld+json\" class=\"yoast-schema-graph\">{\"@context\":\"https:\/\/schema.org\",\"@graph\":[{\"@type\":\"WebPage\",\"@id\":\"https:\/\/veritasinfo.org\/?p=20388\",\"url\":\"https:\/\/veritasinfo.org\/?p=20388\",\"name\":\"Elezi: Nes\u00ebr fillon num\u00ebrimi i flet\u00ebvotimeve nga diaspora p\u00ebr balotazhin -\",\"isPartOf\":{\"@id\":\"https:\/\/veritasinfo.org\/#website\"},\"primaryImageOfPage\":{\"@id\":\"https:\/\/veritasinfo.org\/?p=20388#primaryimage\"},\"image\":{\"@id\":\"https:\/\/veritasinfo.org\/?p=20388#primaryimage\"},\"thumbnailUrl\":\"https:\/\/veritasinfo.org\/wp-content\/uploads\/2025\/11\/numerimi-i-votave-zgjedhjet-komunale-2025-1-720x480-1.jpg\",\"datePublished\":\"2025-11-14T20:42:48+00:00\",\"author\":{\"@id\":\"https:\/\/veritasinfo.org\/#\/schema\/person\/fe199eede04c3937362892b7444747cc\"},\"breadcrumb\":{\"@id\":\"https:\/\/veritasinfo.org\/?p=20388#breadcrumb\"},\"inLanguage\":\"en-US\",\"potentialAction\":[{\"@type\":\"ReadAction\",\"target\":[\"https:\/\/veritasinfo.org\/?p=20388\"]}]},{\"@type\":\"ImageObject\",\"inLanguage\":\"en-US\",\"@id\":\"https:\/\/veritasinfo.org\/?p=20388#primaryimage\",\"url\":\"https:\/\/veritasinfo.org\/wp-content\/uploads\/2025\/11\/numerimi-i-votave-zgjedhjet-komunale-2025-1-720x480-1.jpg\",\"contentUrl\":\"https:\/\/veritasinfo.org\/wp-content\/uploads\/2025\/11\/numerimi-i-votave-zgjedhjet-komunale-2025-1-720x480-1.jpg\",\"width\":720,\"height\":480},{\"@type\":\"BreadcrumbList\",\"@id\":\"https:\/\/veritasinfo.org\/?p=20388#breadcrumb\",\"itemListElement\":[{\"@type\":\"ListItem\",\"position\":1,\"name\":\"Home\",\"item\":\"https:\/\/veritasinfo.org\/\"},{\"@type\":\"ListItem\",\"position\":2,\"name\":\"Elezi: Nes\u00ebr fillon num\u00ebrimi i flet\u00ebvotimeve nga diaspora p\u00ebr balotazhin\"}]},{\"@type\":\"WebSite\",\"@id\":\"https:\/\/veritasinfo.org\/#website\",\"url\":\"https:\/\/veritasinfo.org\/\",\"name\":\"\",\"description\":\"\",\"potentialAction\":[{\"@type\":\"SearchAction\",\"target\":{\"@type\":\"EntryPoint\",\"urlTemplate\":\"https:\/\/veritasinfo.org\/?s={search_term_string}\"},\"query-input\":{\"@type\":\"PropertyValueSpecification\",\"valueRequired\":true,\"valueName\":\"search_term_string\"}}],\"inLanguage\":\"en-US\"},{\"@type\":\"Person\",\"@id\":\"https:\/\/veritasinfo.org\/#\/schema\/person\/fe199eede04c3937362892b7444747cc\",\"name\":\"US6\",\"image\":{\"@type\":\"ImageObject\",\"inLanguage\":\"en-US\",\"@id\":\"https:\/\/veritasinfo.org\/#\/schema\/person\/image\/\",\"url\":\"https:\/\/secure.gravatar.com\/avatar\/cb16c3c31c9d23b9b8c705964598220b3014e42ff51eb540ff23cefa3ae8c15f?s=96&d=mm&r=g\",\"contentUrl\":\"https:\/\/secure.gravatar.com\/avatar\/cb16c3c31c9d23b9b8c705964598220b3014e42ff51eb540ff23cefa3ae8c15f?s=96&d=mm&r=g\",\"caption\":\"US6\"},\"url\":\"https:\/\/veritasinfo.org\/?author=7\"}]}<\/script>\n<!-- \/ Yoast SEO plugin. -->","yoast_head_json":{"title":"Elezi: Nes\u00ebr fillon num\u00ebrimi i flet\u00ebvotimeve nga diaspora p\u00ebr balotazhin -","robots":{"index":"index","follow":"follow","max-snippet":"max-snippet:-1","max-image-preview":"max-image-preview:large","max-video-preview":"max-video-preview:-1"},"canonical":"https:\/\/veritasinfo.org\/?p=20388","og_locale":"en_US","og_type":"article","og_title":"Elezi: Nes\u00ebr fillon num\u00ebrimi i flet\u00ebvotimeve nga diaspora p\u00ebr balotazhin -","og_description":"Prishtin\u00eb, 14 n\u00ebntor 2025 21:42 Gjat\u00eb dit\u00ebs s\u00eb nes\u00ebrme, e shtun\u00eb, nga ora 10:00, n\u00eb Qendr\u00ebn e Num\u00ebrimit dhe Rezultateve do t\u00eb filloj\u00eb num\u00ebrimi i","og_url":"https:\/\/veritasinfo.org\/?p=20388","article_published_time":"2025-11-14T20:42:48+00:00","og_image":[{"width":720,"height":480,"url":"https:\/\/veritasinfo.org\/wp-content\/uploads\/2025\/11\/numerimi-i-votave-zgjedhjet-komunale-2025-1-720x480-1.jpg","type":"image\/jpeg"}],"author":"US6","twitter_card":"summary_large_image","twitter_misc":{"Written by":"US6","Est. reading time":"2 minutes"},"schema":{"@context":"https:\/\/schema.org","@graph":[{"@type":"WebPage","@id":"https:\/\/veritasinfo.org\/?p=20388","url":"https:\/\/veritasinfo.org\/?p=20388","name":"Elezi: Nes\u00ebr fillon num\u00ebrimi i flet\u00ebvotimeve nga diaspora p\u00ebr balotazhin -","isPartOf":{"@id":"https:\/\/veritasinfo.org\/#website"},"primaryImageOfPage":{"@id":"https:\/\/veritasinfo.org\/?p=20388#primaryimage"},"image":{"@id":"https:\/\/veritasinfo.org\/?p=20388#primaryimage"},"thumbnailUrl":"https:\/\/veritasinfo.org\/wp-content\/uploads\/2025\/11\/numerimi-i-votave-zgjedhjet-komunale-2025-1-720x480-1.jpg","datePublished":"2025-11-14T20:42:48+00:00","author":{"@id":"https:\/\/veritasinfo.org\/#\/schema\/person\/fe199eede04c3937362892b7444747cc"},"breadcrumb":{"@id":"https:\/\/veritasinfo.org\/?p=20388#breadcrumb"},"inLanguage":"en-US","potentialAction":[{"@type":"ReadAction","target":["https:\/\/veritasinfo.org\/?p=20388"]}]},{"@type":"ImageObject","inLanguage":"en-US","@id":"https:\/\/veritasinfo.org\/?p=20388#primaryimage","url":"https:\/\/veritasinfo.org\/wp-content\/uploads\/2025\/11\/numerimi-i-votave-zgjedhjet-komunale-2025-1-720x480-1.jpg","contentUrl":"https:\/\/veritasinfo.org\/wp-content\/uploads\/2025\/11\/numerimi-i-votave-zgjedhjet-komunale-2025-1-720x480-1.jpg","width":720,"height":480},{"@type":"BreadcrumbList","@id":"https:\/\/veritasinfo.org\/?p=20388#breadcrumb","itemListElement":[{"@type":"ListItem","position":1,"name":"Home","item":"https:\/\/veritasinfo.org\/"},{"@type":"ListItem","position":2,"name":"Elezi: Nes\u00ebr fillon num\u00ebrimi i flet\u00ebvotimeve nga diaspora p\u00ebr balotazhin"}]},{"@type":"WebSite","@id":"https:\/\/veritasinfo.org\/#website","url":"https:\/\/veritasinfo.org\/","name":"","description":"","potentialAction":[{"@type":"SearchAction","target":{"@type":"EntryPoint","urlTemplate":"https:\/\/veritasinfo.org\/?s={search_term_string}"},"query-input":{"@type":"PropertyValueSpecification","valueRequired":true,"valueName":"search_term_string"}}],"inLanguage":"en-US"},{"@type":"Person","@id":"https:\/\/veritasinfo.org\/#\/schema\/person\/fe199eede04c3937362892b7444747cc","name":"US6","image":{"@type":"ImageObject","inLanguage":"en-US","@id":"https:\/\/veritasinfo.org\/#\/schema\/person\/image\/","url":"https:\/\/secure.gravatar.com\/avatar\/cb16c3c31c9d23b9b8c705964598220b3014e42ff51eb540ff23cefa3ae8c15f?s=96&d=mm&r=g","contentUrl":"https:\/\/secure.gravatar.com\/avatar\/cb16c3c31c9d23b9b8c705964598220b3014e42ff51eb540ff23cefa3ae8c15f?s=96&d=mm&r=g","caption":"US6"},"url":"https:\/\/veritasinfo.org\/?author=7"}]}},"featured_image_urls":{"full":["https:\/\/veritasinfo.org\/wp-content\/uploads\/2025\/11\/numerimi-i-votave-zgjedhjet-komunale-2025-1-720x480-1.jpg",720,480,false],"thumbnail":["https:\/\/veritasinfo.org\/wp-content\/uploads\/2025\/11\/numerimi-i-votave-zgjedhjet-komunale-2025-1-720x480-1-150x150.jpg",150,150,true],"medium":["https:\/\/veritasinfo.org\/wp-content\/uploads\/2025\/11\/numerimi-i-votave-zgjedhjet-komunale-2025-1-720x480-1-300x200.jpg",300,200,true],"medium_large":["https:\/\/veritasinfo.org\/wp-content\/uploads\/2025\/11\/numerimi-i-votave-zgjedhjet-komunale-2025-1-720x480-1.jpg",640,427,false],"large":["https:\/\/veritasinfo.org\/wp-content\/uploads\/2025\/11\/numerimi-i-votave-zgjedhjet-komunale-2025-1-720x480-1.jpg",640,427,false],"1536x1536":["https:\/\/veritasinfo.org\/wp-content\/uploads\/2025\/11\/numerimi-i-votave-zgjedhjet-komunale-2025-1-720x480-1.jpg",720,480,false],"2048x2048":["https:\/\/veritasinfo.org\/wp-content\/uploads\/2025\/11\/numerimi-i-votave-zgjedhjet-komunale-2025-1-720x480-1.jpg",720,480,false],"kreeti-slider-full":["https:\/\/veritasinfo.org\/wp-content\/uploads\/2025\/11\/numerimi-i-votave-zgjedhjet-komunale-2025-1-720x480-1.jpg",720,480,false],"kreeti-featured":["https:\/\/veritasinfo.org\/wp-content\/uploads\/2025\/11\/numerimi-i-votave-zgjedhjet-komunale-2025-1-720x480-1.jpg",720,480,false],"kreeti-medium":["https:\/\/veritasinfo.org\/wp-content\/uploads\/2025\/11\/numerimi-i-votave-zgjedhjet-komunale-2025-1-720x480-1.jpg",720,480,false],"kreeti-medium-square":["https:\/\/veritasinfo.org\/wp-content\/uploads\/2025\/11\/numerimi-i-votave-zgjedhjet-komunale-2025-1-720x480-1.jpg",350,233,false]},"author_info":{"info":["US6"]},"category_info":"<a href=\"https:\/\/veritasinfo.org\/?cat=8\" rel=\"category\">Zgjedhjet parlamentare 2025<\/a>","tag_info":"Zgjedhjet parlamentare 2025","comment_count":"0","_links":{"self":[{"href":"https:\/\/veritasinfo.org\/index.php?rest_route=\/wp\/v2\/posts\/20388","targetHints":{"allow":["GET"]}}],"collection":[{"href":"https:\/\/veritasinfo.org\/index.php?rest_route=\/wp\/v2\/posts"}],"about":[{"href":"https:\/\/veritasinfo.org\/index.php?rest_route=\/wp\/v2\/types\/post"}],"author":[{"embeddable":true,"href":"https:\/\/veritasinfo.org\/index.php?rest_route=\/wp\/v2\/users\/7"}],"replies":[{"embeddable":true,"href":"https:\/\/veritasinfo.org\/index.php?rest_route=%2Fwp%2Fv2%2Fcomments&post=20388"}],"version-history":[{"count":1,"href":"https:\/\/veritasinfo.org\/index.php?rest_route=\/wp\/v2\/posts\/20388\/revisions"}],"predecessor-version":[{"id":20390,"href":"https:\/\/veritasinfo.org\/index.php?rest_route=\/wp\/v2\/posts\/20388\/revisions\/20390"}],"wp:featuredmedia":[{"embeddable":true,"href":"https:\/\/veritasinfo.org\/index.php?rest_route=\/wp\/v2\/media\/20389"}],"wp:attachment":[{"href":"https:\/\/veritasinfo.org\/index.php?rest_route=%2Fwp%2Fv2%2Fmedia&parent=20388"}],"wp:term":[{"taxonomy":"category","embeddable":true,"href":"https:\/\/veritasinfo.org\/index.php?rest_route=%2Fwp%2Fv2%2Fcategories&post=20388"},{"taxonomy":"post_tag","embeddable":true,"href":"https:\/\/veritasinfo.org\/index.php?rest_route=%2Fwp%2Fv2%2Ftags&post=20388"}],"curies":[{"name":"wp","href":"https:\/\/api.w.org\/{rel}","templated":true}]}}