{"id":20374,"date":"2025-11-14T20:09:31","date_gmt":"2025-11-14T19:09:31","guid":{"rendered":"https:\/\/veritasinfo.org\/?p=20374"},"modified":"2025-11-14T20:15:22","modified_gmt":"2025-11-14T19:15:22","slug":"serbja-qe-mori-shtepi-nga-institucionet-e-kosoves-po-kercenohem-dhe-femija-im-po-keqtrajtohet","status":"publish","type":"post","link":"https:\/\/veritasinfo.org\/?p=20374","title":{"rendered":"Serbja q\u00eb mori sht\u00ebpi nga institucionet e Kosov\u00ebs: Po k\u00ebrc\u00ebnohem dhe f\u00ebmija im po keqtrajtohet (Video)"},"content":{"rendered":"<p>Gra\u00e7anic\u00eb, 14 n\u00ebntor 2025 20:09<\/p>\n<p>Ana Trajkoviq, n\u00ebn\u00eb e nj\u00eb nx\u00ebn\u00ebsi t\u00eb klas\u00ebs s\u00eb dyt\u00eb n\u00eb shkoll\u00ebn fillore t\u00eb k\u00ebsaj komune, ka denoncuar publikisht se drejtori i shkoll\u00ebs, Milan Dimitrijeviq, bashk\u00eb me psikologen Mirjana \u00c7irkoviq, pedagogen Gordana Staviq dhe m\u00ebsuesin Dragan Jovanoviq, e kan\u00eb larguar n\u00eb m\u00ebnyr\u00eb t\u00eb padrejt\u00eb djalin e saj nga procesi m\u00ebsimor.<\/p>\n<p>Trajkoviq thot\u00eb se prej m\u00eb shum\u00eb se dy muajsh \u00ebsht\u00eb n\u00eb konflikt me shkoll\u00ebn, pasi, sipas saj f\u00ebmija po p\u00ebrballet me keqtrajtim t\u00eb vazhduesh\u00ebm.<\/p>\n<p>\u201cE maltretojn\u00eb djalin tim, e kapin p\u00ebr qafe, ia ngrehin veshin. Me nj\u00eb fjal\u00eb, nuk e pranojn\u00eb n\u00eb shkoll\u00eb. Nuk e duan aty, sepse Ministria p\u00ebr Kthim dhe Komunitete e Kosov\u00ebs ma ka nd\u00ebrtuar sht\u00ebpin\u00eb, dhe q\u00eb nga ai moment ka filluar urrejtja ndaj meje, ve\u00e7an\u00ebrisht ndaj f\u00ebmij\u00ebs,\u201d tha ajo.<\/p>\n<p>Ajo tregon se rastin e ka paraqitur edhe n\u00eb polici, ku ka dh\u00ebn\u00eb deklarat\u00eb dhe \u00ebsht\u00eb hapur nj\u00eb hetim, por pretendon se institucionet lokale \u201cpo e mbrojn\u00eb shkoll\u00ebn\u201d dhe nuk kan\u00eb marr\u00eb masa efektive p\u00ebr t\u00eb mbrojtur f\u00ebmij\u00ebn.<\/p>\n<p>\u201cAsnj\u00eb t\u00eb mir\u00eb nuk kam pas nga kjo. Asgj\u00eb nuk m\u00eb ka ndihmuar policia n\u00eb Gra\u00e7anic\u00eb,\u201d shton Trajkoviq.<\/p>\n<p>Nd\u00ebrkoh\u00eb, Qendra p\u00ebr Pun\u00eb Sociale i ka propozuar q\u00eb ta transferoj\u00eb f\u00ebmij\u00ebn n\u00eb nj\u00eb shkoll\u00eb tjet\u00ebr, n\u00eb Kishnic\u00eb. Por ajo refuzon k\u00ebt\u00eb mund\u00ebsi, duke th\u00ebn\u00eb se nuk ka arsye t\u00eb largohet nga sht\u00ebpia e saj, e cila \u2014 sipas saj \u2014 ndodhet shum\u00eb af\u00ebr objektit shkollor dhe \u00ebsht\u00eb pron\u00eb e saj e ligjshme.<\/p>\n<p>\u201cPse t\u00eb shp\u00ebrngulem un\u00eb nga sht\u00ebpia ime? Ministria ma ka nd\u00ebrtuar k\u00ebt\u00eb sht\u00ebpi si n\u00ebn\u00eb vetushqyese. Edhe dokumentet i kam q\u00eb d\u00ebshmojn\u00eb se prona \u00ebsht\u00eb e imja. Po m\u00eb dhemb zemra p\u00ebr gjendjen e f\u00ebmij\u00ebs,\u201d thekson ajo.<\/p>\n<p>Trajkoviq thot\u00eb se \u00ebsht\u00eb n\u00ebn presion t\u00eb vazhduesh\u00ebm psikologjik dhe se \u00ebsht\u00eb k\u00ebrc\u00ebnuar edhe p\u00ebrmes nj\u00eb zarf i cili \u2014 sipas saj \u2014 iu soll n\u00eb sht\u00ebpi nga nj\u00eb person i pun\u00ebsuar n\u00eb af\u00ebrsi t\u00eb shkoll\u00ebs.<\/p>\n<p>\u201cJam e shqet\u00ebsuar dhe e frik\u00ebsuar p\u00ebr djalin tim, veten dhe babain tim. M\u00eb thon\u00eb se po luaj me kok\u00eb,\u201d deklaron ajo.<\/p>\n<p>Gjat\u00eb vizit\u00ebs s\u00eb ekipit t\u00eb gazetar\u00ebve n\u00eb oborrin e shkoll\u00ebs, disa persona \u2014 sipas pamjeve t\u00eb siguruara \u2014 kan\u00eb tentuar t\u2019i ndalojn\u00eb t\u00eb filmonin dhe i kan\u00eb k\u00ebrkuar atyre t\u00eb largohen nga hap\u00ebsira e shkoll\u00ebs. Nj\u00eb person q\u00eb fliste serbisht i k\u00ebrkoi gazetarit t\u00eb largohej, nd\u00ebrsa Trajkoviq nd\u00ebrhyri p\u00ebr t\u00eb mbrojtur ekipin mediatik.<\/p>\n<p>Ajo thot\u00eb se n\u00eb t\u00eb kaluar\u00ebn madje ka ofruar edhe nj\u00eb pjes\u00eb t\u00eb tok\u00ebs s\u00eb saj p\u00ebr zgjerimin ose nd\u00ebrtimin e shkoll\u00ebs, gj\u00eb q\u00eb e b\u00ebn situat\u00ebn edhe m\u00eb t\u00eb r\u00ebnd\u00eb p\u00ebr t\u00eb.<\/p>\n<p>Trajkoviq k\u00ebrkon nga institucionet qendrore dhe lokale q\u00eb t\u00eb nd\u00ebrhyjn\u00eb urgjentisht dhe t\u00eb garantojn\u00eb sigurin\u00eb dhe t\u00eb drejt\u00ebn p\u00ebr arsimim t\u00eb f\u00ebmij\u00ebs s\u00eb saj.<\/p>\n<p><iframe style=\"border: none; overflow: hidden;\" data-src=\"https:\/\/www.facebook.com\/plugins\/video.php?height=476&amp;href=https%3A%2F%2Fwww.facebook.com%2Freel%2F832172849742554%2F&amp;show_text=false&amp;width=267&amp;t=0\" width=\"267\" height=\"476\" frameborder=\"0\" scrolling=\"no\" allowfullscreen=\"allowfullscreen\" src=\"data:image\/gif;base64,R0lGODlhAQABAAAAACH5BAEKAAEALAAAAAABAAEAAAICTAEAOw==\" class=\"lazyload\" data-load-mode=\"1\"><\/iframe><\/p>\n<p>&nbsp;<\/p>\n","protected":false},"excerpt":{"rendered":"<p>Gra\u00e7anic\u00eb, 14 n\u00ebntor 2025 20:09 Ana Trajkoviq, n\u00ebn\u00eb e nj\u00eb nx\u00ebn\u00ebsi t\u00eb klas\u00ebs s\u00eb dyt\u00eb n\u00eb shkoll\u00ebn fillore t\u00eb k\u00ebsaj komune, ka denoncuar publikisht se<\/p>\n","protected":false},"author":7,"featured_media":20361,"comment_status":"open","ping_status":"open","sticky":false,"template":"","format":"standard","meta":{"footnotes":""},"categories":[58],"tags":[],"class_list":["post-20374","post","type-post","status-publish","format-standard","has-post-thumbnail","hentry","category-politike-sq"],"yoast_head":"<!-- This site is optimized with the Yoast SEO plugin v25.3.1 - https:\/\/yoast.com\/wordpress\/plugins\/seo\/ -->\n<title>Serbja q\u00eb mori sht\u00ebpi nga institucionet e Kosov\u00ebs: Po k\u00ebrc\u00ebnohem dhe f\u00ebmija im po keqtrajtohet (Video) -<\/title>\n<meta name=\"robots\" content=\"index, follow, max-snippet:-1, max-image-preview:large, max-video-preview:-1\" \/>\n<link rel=\"canonical\" href=\"https:\/\/veritasinfo.org\/?p=20374\" \/>\n<meta property=\"og:locale\" content=\"en_US\" \/>\n<meta property=\"og:type\" content=\"article\" \/>\n<meta property=\"og:title\" content=\"Serbja q\u00eb mori sht\u00ebpi nga institucionet e Kosov\u00ebs: Po k\u00ebrc\u00ebnohem dhe f\u00ebmija im po keqtrajtohet (Video) -\" \/>\n<meta property=\"og:description\" content=\"Gra\u00e7anic\u00eb, 14 n\u00ebntor 2025 20:09 Ana Trajkoviq, n\u00ebn\u00eb e nj\u00eb nx\u00ebn\u00ebsi t\u00eb klas\u00ebs s\u00eb dyt\u00eb n\u00eb shkoll\u00ebn fillore t\u00eb k\u00ebsaj komune, ka denoncuar publikisht se\" \/>\n<meta property=\"og:url\" content=\"https:\/\/veritasinfo.org\/?p=20374\" \/>\n<meta property=\"article:published_time\" content=\"2025-11-14T19:09:31+00:00\" \/>\n<meta property=\"article:modified_time\" content=\"2025-11-14T19:15:22+00:00\" \/>\n<meta property=\"og:image\" content=\"https:\/\/veritasinfo.org\/wp-content\/uploads\/2025\/11\/557356427_1398966748905313_7366609249561727280_n-1.jpg\" \/>\n\t<meta property=\"og:image:width\" content=\"471\" \/>\n\t<meta property=\"og:image:height\" content=\"490\" \/>\n\t<meta property=\"og:image:type\" content=\"image\/jpeg\" \/>\n<meta name=\"author\" content=\"US6\" \/>\n<meta name=\"twitter:card\" content=\"summary_large_image\" \/>\n<meta name=\"twitter:label1\" content=\"Written by\" \/>\n\t<meta name=\"twitter:data1\" content=\"US6\" \/>\n\t<meta name=\"twitter:label2\" content=\"Est. reading time\" \/>\n\t<meta name=\"twitter:data2\" content=\"3 minutes\" \/>\n<script type=\"application\/ld+json\" class=\"yoast-schema-graph\">{\"@context\":\"https:\/\/schema.org\",\"@graph\":[{\"@type\":\"WebPage\",\"@id\":\"https:\/\/veritasinfo.org\/?p=20374\",\"url\":\"https:\/\/veritasinfo.org\/?p=20374\",\"name\":\"Serbja q\u00eb mori sht\u00ebpi nga institucionet e Kosov\u00ebs: Po k\u00ebrc\u00ebnohem dhe f\u00ebmija im po keqtrajtohet (Video) -\",\"isPartOf\":{\"@id\":\"https:\/\/veritasinfo.org\/#website\"},\"primaryImageOfPage\":{\"@id\":\"https:\/\/veritasinfo.org\/?p=20374#primaryimage\"},\"image\":{\"@id\":\"https:\/\/veritasinfo.org\/?p=20374#primaryimage\"},\"thumbnailUrl\":\"https:\/\/veritasinfo.org\/wp-content\/uploads\/2025\/11\/557356427_1398966748905313_7366609249561727280_n-1.jpg\",\"datePublished\":\"2025-11-14T19:09:31+00:00\",\"dateModified\":\"2025-11-14T19:15:22+00:00\",\"author\":{\"@id\":\"https:\/\/veritasinfo.org\/#\/schema\/person\/fe199eede04c3937362892b7444747cc\"},\"breadcrumb\":{\"@id\":\"https:\/\/veritasinfo.org\/?p=20374#breadcrumb\"},\"inLanguage\":\"en-US\",\"potentialAction\":[{\"@type\":\"ReadAction\",\"target\":[\"https:\/\/veritasinfo.org\/?p=20374\"]}]},{\"@type\":\"ImageObject\",\"inLanguage\":\"en-US\",\"@id\":\"https:\/\/veritasinfo.org\/?p=20374#primaryimage\",\"url\":\"https:\/\/veritasinfo.org\/wp-content\/uploads\/2025\/11\/557356427_1398966748905313_7366609249561727280_n-1.jpg\",\"contentUrl\":\"https:\/\/veritasinfo.org\/wp-content\/uploads\/2025\/11\/557356427_1398966748905313_7366609249561727280_n-1.jpg\",\"width\":471,\"height\":490},{\"@type\":\"BreadcrumbList\",\"@id\":\"https:\/\/veritasinfo.org\/?p=20374#breadcrumb\",\"itemListElement\":[{\"@type\":\"ListItem\",\"position\":1,\"name\":\"Home\",\"item\":\"https:\/\/veritasinfo.org\/\"},{\"@type\":\"ListItem\",\"position\":2,\"name\":\"Serbja q\u00eb mori sht\u00ebpi nga institucionet e Kosov\u00ebs: Po k\u00ebrc\u00ebnohem dhe f\u00ebmija im po keqtrajtohet (Video)\"}]},{\"@type\":\"WebSite\",\"@id\":\"https:\/\/veritasinfo.org\/#website\",\"url\":\"https:\/\/veritasinfo.org\/\",\"name\":\"\",\"description\":\"\",\"potentialAction\":[{\"@type\":\"SearchAction\",\"target\":{\"@type\":\"EntryPoint\",\"urlTemplate\":\"https:\/\/veritasinfo.org\/?s={search_term_string}\"},\"query-input\":{\"@type\":\"PropertyValueSpecification\",\"valueRequired\":true,\"valueName\":\"search_term_string\"}}],\"inLanguage\":\"en-US\"},{\"@type\":\"Person\",\"@id\":\"https:\/\/veritasinfo.org\/#\/schema\/person\/fe199eede04c3937362892b7444747cc\",\"name\":\"US6\",\"image\":{\"@type\":\"ImageObject\",\"inLanguage\":\"en-US\",\"@id\":\"https:\/\/veritasinfo.org\/#\/schema\/person\/image\/\",\"url\":\"https:\/\/secure.gravatar.com\/avatar\/cb16c3c31c9d23b9b8c705964598220b3014e42ff51eb540ff23cefa3ae8c15f?s=96&d=mm&r=g\",\"contentUrl\":\"https:\/\/secure.gravatar.com\/avatar\/cb16c3c31c9d23b9b8c705964598220b3014e42ff51eb540ff23cefa3ae8c15f?s=96&d=mm&r=g\",\"caption\":\"US6\"},\"url\":\"https:\/\/veritasinfo.org\/?author=7\"}]}<\/script>\n<!-- \/ Yoast SEO plugin. -->","yoast_head_json":{"title":"Serbja q\u00eb mori sht\u00ebpi nga institucionet e Kosov\u00ebs: Po k\u00ebrc\u00ebnohem dhe f\u00ebmija im po keqtrajtohet (Video) -","robots":{"index":"index","follow":"follow","max-snippet":"max-snippet:-1","max-image-preview":"max-image-preview:large","max-video-preview":"max-video-preview:-1"},"canonical":"https:\/\/veritasinfo.org\/?p=20374","og_locale":"en_US","og_type":"article","og_title":"Serbja q\u00eb mori sht\u00ebpi nga institucionet e Kosov\u00ebs: Po k\u00ebrc\u00ebnohem dhe f\u00ebmija im po keqtrajtohet (Video) -","og_description":"Gra\u00e7anic\u00eb, 14 n\u00ebntor 2025 20:09 Ana Trajkoviq, n\u00ebn\u00eb e nj\u00eb nx\u00ebn\u00ebsi t\u00eb klas\u00ebs s\u00eb dyt\u00eb n\u00eb shkoll\u00ebn fillore t\u00eb k\u00ebsaj komune, ka denoncuar publikisht se","og_url":"https:\/\/veritasinfo.org\/?p=20374","article_published_time":"2025-11-14T19:09:31+00:00","article_modified_time":"2025-11-14T19:15:22+00:00","og_image":[{"width":471,"height":490,"url":"https:\/\/veritasinfo.org\/wp-content\/uploads\/2025\/11\/557356427_1398966748905313_7366609249561727280_n-1.jpg","type":"image\/jpeg"}],"author":"US6","twitter_card":"summary_large_image","twitter_misc":{"Written by":"US6","Est. reading time":"3 minutes"},"schema":{"@context":"https:\/\/schema.org","@graph":[{"@type":"WebPage","@id":"https:\/\/veritasinfo.org\/?p=20374","url":"https:\/\/veritasinfo.org\/?p=20374","name":"Serbja q\u00eb mori sht\u00ebpi nga institucionet e Kosov\u00ebs: Po k\u00ebrc\u00ebnohem dhe f\u00ebmija im po keqtrajtohet (Video) -","isPartOf":{"@id":"https:\/\/veritasinfo.org\/#website"},"primaryImageOfPage":{"@id":"https:\/\/veritasinfo.org\/?p=20374#primaryimage"},"image":{"@id":"https:\/\/veritasinfo.org\/?p=20374#primaryimage"},"thumbnailUrl":"https:\/\/veritasinfo.org\/wp-content\/uploads\/2025\/11\/557356427_1398966748905313_7366609249561727280_n-1.jpg","datePublished":"2025-11-14T19:09:31+00:00","dateModified":"2025-11-14T19:15:22+00:00","author":{"@id":"https:\/\/veritasinfo.org\/#\/schema\/person\/fe199eede04c3937362892b7444747cc"},"breadcrumb":{"@id":"https:\/\/veritasinfo.org\/?p=20374#breadcrumb"},"inLanguage":"en-US","potentialAction":[{"@type":"ReadAction","target":["https:\/\/veritasinfo.org\/?p=20374"]}]},{"@type":"ImageObject","inLanguage":"en-US","@id":"https:\/\/veritasinfo.org\/?p=20374#primaryimage","url":"https:\/\/veritasinfo.org\/wp-content\/uploads\/2025\/11\/557356427_1398966748905313_7366609249561727280_n-1.jpg","contentUrl":"https:\/\/veritasinfo.org\/wp-content\/uploads\/2025\/11\/557356427_1398966748905313_7366609249561727280_n-1.jpg","width":471,"height":490},{"@type":"BreadcrumbList","@id":"https:\/\/veritasinfo.org\/?p=20374#breadcrumb","itemListElement":[{"@type":"ListItem","position":1,"name":"Home","item":"https:\/\/veritasinfo.org\/"},{"@type":"ListItem","position":2,"name":"Serbja q\u00eb mori sht\u00ebpi nga institucionet e Kosov\u00ebs: Po k\u00ebrc\u00ebnohem dhe f\u00ebmija im po keqtrajtohet (Video)"}]},{"@type":"WebSite","@id":"https:\/\/veritasinfo.org\/#website","url":"https:\/\/veritasinfo.org\/","name":"","description":"","potentialAction":[{"@type":"SearchAction","target":{"@type":"EntryPoint","urlTemplate":"https:\/\/veritasinfo.org\/?s={search_term_string}"},"query-input":{"@type":"PropertyValueSpecification","valueRequired":true,"valueName":"search_term_string"}}],"inLanguage":"en-US"},{"@type":"Person","@id":"https:\/\/veritasinfo.org\/#\/schema\/person\/fe199eede04c3937362892b7444747cc","name":"US6","image":{"@type":"ImageObject","inLanguage":"en-US","@id":"https:\/\/veritasinfo.org\/#\/schema\/person\/image\/","url":"https:\/\/secure.gravatar.com\/avatar\/cb16c3c31c9d23b9b8c705964598220b3014e42ff51eb540ff23cefa3ae8c15f?s=96&d=mm&r=g","contentUrl":"https:\/\/secure.gravatar.com\/avatar\/cb16c3c31c9d23b9b8c705964598220b3014e42ff51eb540ff23cefa3ae8c15f?s=96&d=mm&r=g","caption":"US6"},"url":"https:\/\/veritasinfo.org\/?author=7"}]}},"featured_image_urls":{"full":["https:\/\/veritasinfo.org\/wp-content\/uploads\/2025\/11\/557356427_1398966748905313_7366609249561727280_n-1.jpg",471,490,false],"thumbnail":["https:\/\/veritasinfo.org\/wp-content\/uploads\/2025\/11\/557356427_1398966748905313_7366609249561727280_n-1-150x150.jpg",150,150,true],"medium":["https:\/\/veritasinfo.org\/wp-content\/uploads\/2025\/11\/557356427_1398966748905313_7366609249561727280_n-1-288x300.jpg",288,300,true],"medium_large":["https:\/\/veritasinfo.org\/wp-content\/uploads\/2025\/11\/557356427_1398966748905313_7366609249561727280_n-1.jpg",471,490,false],"large":["https:\/\/veritasinfo.org\/wp-content\/uploads\/2025\/11\/557356427_1398966748905313_7366609249561727280_n-1.jpg",471,490,false],"1536x1536":["https:\/\/veritasinfo.org\/wp-content\/uploads\/2025\/11\/557356427_1398966748905313_7366609249561727280_n-1.jpg",471,490,false],"2048x2048":["https:\/\/veritasinfo.org\/wp-content\/uploads\/2025\/11\/557356427_1398966748905313_7366609249561727280_n-1.jpg",471,490,false],"kreeti-slider-full":["https:\/\/veritasinfo.org\/wp-content\/uploads\/2025\/11\/557356427_1398966748905313_7366609249561727280_n-1.jpg",471,490,false],"kreeti-featured":["https:\/\/veritasinfo.org\/wp-content\/uploads\/2025\/11\/557356427_1398966748905313_7366609249561727280_n-1.jpg",471,490,false],"kreeti-medium":["https:\/\/veritasinfo.org\/wp-content\/uploads\/2025\/11\/557356427_1398966748905313_7366609249561727280_n-1.jpg",471,490,false],"kreeti-medium-square":["https:\/\/veritasinfo.org\/wp-content\/uploads\/2025\/11\/557356427_1398966748905313_7366609249561727280_n-1.jpg",336,350,false]},"author_info":{"info":["US6"]},"category_info":"<a href=\"https:\/\/veritasinfo.org\/?cat=58\" rel=\"category\">Politik\u00eb<\/a>","tag_info":"Politik\u00eb","comment_count":"0","_links":{"self":[{"href":"https:\/\/veritasinfo.org\/index.php?rest_route=\/wp\/v2\/posts\/20374","targetHints":{"allow":["GET"]}}],"collection":[{"href":"https:\/\/veritasinfo.org\/index.php?rest_route=\/wp\/v2\/posts"}],"about":[{"href":"https:\/\/veritasinfo.org\/index.php?rest_route=\/wp\/v2\/types\/post"}],"author":[{"embeddable":true,"href":"https:\/\/veritasinfo.org\/index.php?rest_route=\/wp\/v2\/users\/7"}],"replies":[{"embeddable":true,"href":"https:\/\/veritasinfo.org\/index.php?rest_route=%2Fwp%2Fv2%2Fcomments&post=20374"}],"version-history":[{"count":2,"href":"https:\/\/veritasinfo.org\/index.php?rest_route=\/wp\/v2\/posts\/20374\/revisions"}],"predecessor-version":[{"id":20380,"href":"https:\/\/veritasinfo.org\/index.php?rest_route=\/wp\/v2\/posts\/20374\/revisions\/20380"}],"wp:featuredmedia":[{"embeddable":true,"href":"https:\/\/veritasinfo.org\/index.php?rest_route=\/wp\/v2\/media\/20361"}],"wp:attachment":[{"href":"https:\/\/veritasinfo.org\/index.php?rest_route=%2Fwp%2Fv2%2Fmedia&parent=20374"}],"wp:term":[{"taxonomy":"category","embeddable":true,"href":"https:\/\/veritasinfo.org\/index.php?rest_route=%2Fwp%2Fv2%2Fcategories&post=20374"},{"taxonomy":"post_tag","embeddable":true,"href":"https:\/\/veritasinfo.org\/index.php?rest_route=%2Fwp%2Fv2%2Ftags&post=20374"}],"curies":[{"name":"wp","href":"https:\/\/api.w.org\/{rel}","templated":true}]}}