{"id":20370,"date":"2025-11-14T19:40:28","date_gmt":"2025-11-14T18:40:28","guid":{"rendered":"https:\/\/veritasinfo.org\/?p=20370"},"modified":"2025-11-14T19:40:28","modified_gmt":"2025-11-14T18:40:28","slug":"advokat-objavljuje-snimke-za-koje-tvrdi-da-prikazuju-vucica-sa-snajperom-tokom-opsade-sarajeva-foto","status":"publish","type":"post","link":"https:\/\/veritasinfo.org\/?p=20370&lang=sr","title":{"rendered":"Advokat objavljuje snimke za koje tvrdi da prikazuju Vu\u010di\u0107a sa snajperom tokom opsade Sarajeva (Foto)"},"content":{"rendered":"<p>Pri\u0161tina, 14. novembar 2025. 19:39<\/p>\n<p>Srpski advokat poziva se na me\u0111unarodne izve\u0161taje o \u201eSnajperskom safariju\u201c i objavljuje snimke Vu\u010di\u0107a iz devedesetih, dok tu\u017eila\u0161tvo u Srbiji jo\u0161 nije pokrenulo istragu.<\/p>\n<p>Srpski advokat \u010cedomir Stojkovi\u0107 reagovao je na poslednje izve\u0161taje svetskih medija o navodnom \u201eSnajperskom safariju\u201c, kriminalnoj aktivnosti za koju se sumnja da je bila organizovana od struktura povezanih sa Radovanom Karad\u017ei\u0107em i Ratkom Mladi\u0107em tokom opsade Sarajeva (1992\u20131996). Prema ovim izve\u0161tajima, jedan italijanski tu\u017eilac je pokrenuo preliminarnu istragu u vezi sa ubistvima civila izvr\u0161enim \u201erekreativno\u201c.<\/p>\n<p><img fetchpriority=\"high\" decoding=\"async\" class=\"wp-image-20368 alignleft\" src=\"https:\/\/veritasinfo.org\/wp-content\/uploads\/2025\/11\/Screenshot-2025-11-14-181127-300x178.jpg\" alt=\"\" width=\"598\" height=\"355\" srcset=\"https:\/\/veritasinfo.org\/wp-content\/uploads\/2025\/11\/Screenshot-2025-11-14-181127-300x178.jpg 300w, https:\/\/veritasinfo.org\/wp-content\/uploads\/2025\/11\/Screenshot-2025-11-14-181127-768x455.jpg 768w, https:\/\/veritasinfo.org\/wp-content\/uploads\/2025\/11\/Screenshot-2025-11-14-181127.jpg 777w\" sizes=\"(max-width: 598px) 100vw, 598px\" \/><\/p>\n<p>U tom kontekstu, Stojkovi\u0107 je objavio stare snimke na kojima se, prema njegovim tvrdnjama, aktuelni predsednik Srbije Aleksandar Vu\u010di\u0107 vidi kako dr\u017ei pu\u0161ku ili snajper u brdovitim podru\u010djima oko Sarajeva tokom ratnog perioda. Advokat tvrdi da ovi snimci poja\u010davaju sumnje o aktivnostima iz tog vremena, iako za to ne postoje potvr\u0111eni dokazi od strane istra\u017enih organa.<\/p>\n<p>Sli\u010dne izjave date su i ranije. Pro\u0161le godine, ministar odbrane Bosne i Hercegovine \u017dika Helez optu\u017eio je Vu\u010di\u0107a da je pucao na civile u Sarajevu \u2014 tvrdnje koje je Beograd kategori\u010dki demantovao i koje nikada nisu zvani\u010dno ispitane.<\/p>\n<p>Prema Stojkovi\u0107u, uprkos objavama i rastu\u0107em me\u0111unarodnom interesovanju, javno tu\u017eila\u0161tvo u Beogradu nije pokrenulo nikakvu istragu. On citira medije koji izve\u0161tavaju da se \u201eSnajperski safari\u201c sumnji\u010di da je bio organizovan kao pla\u0107ena aktivnost, u okviru koje su navodni u\u010desnici dolazili u Beograd, a pripadnici srpske vojske sa polo\u017eaja oko Sarajeva vr\u0161ili snajpersku paljbu u zamenu za novac.<\/p>\n<p>Ove tvrdnje trenutno su predmet me\u0111unarodnih istraga i nisu potvr\u0111ene od strane zvani\u010dnih institucija u Srbiji.<\/p>\n","protected":false},"excerpt":{"rendered":"<p>Pri\u0161tina, 14. novembar 2025. 19:39 Srpski advokat poziva se na me\u0111unarodne izve\u0161taje o \u201eSnajperskom safariju\u201c i objavljuje snimke Vu\u010di\u0107a iz devedesetih, dok tu\u017eila\u0161tvo u Srbiji<\/p>\n","protected":false},"author":7,"featured_media":20367,"comment_status":"open","ping_status":"open","sticky":false,"template":"","format":"standard","meta":{"footnotes":""},"categories":[24],"tags":[],"class_list":["post-20370","post","type-post","status-publish","format-standard","has-post-thumbnail","hentry","category-uncategorized-sr"],"yoast_head":"<!-- This site is optimized with the Yoast SEO plugin v25.3.1 - https:\/\/yoast.com\/wordpress\/plugins\/seo\/ -->\n<title>Advokat objavljuje snimke za koje tvrdi da prikazuju Vu\u010di\u0107a sa snajperom tokom opsade Sarajeva (Foto) -<\/title>\n<meta name=\"robots\" content=\"index, follow, max-snippet:-1, max-image-preview:large, max-video-preview:-1\" \/>\n<link rel=\"canonical\" href=\"https:\/\/veritasinfo.org\/?p=20370&lang=sr\" \/>\n<meta property=\"og:locale\" content=\"en_US\" \/>\n<meta property=\"og:type\" content=\"article\" \/>\n<meta property=\"og:title\" content=\"Advokat objavljuje snimke za koje tvrdi da prikazuju Vu\u010di\u0107a sa snajperom tokom opsade Sarajeva (Foto) -\" \/>\n<meta property=\"og:description\" content=\"Pri\u0161tina, 14. novembar 2025. 19:39 Srpski advokat poziva se na me\u0111unarodne izve\u0161taje o \u201eSnajperskom safariju\u201c i objavljuje snimke Vu\u010di\u0107a iz devedesetih, dok tu\u017eila\u0161tvo u Srbiji\" \/>\n<meta property=\"og:url\" content=\"https:\/\/veritasinfo.org\/?p=20370&amp;lang=sr\" \/>\n<meta property=\"article:published_time\" content=\"2025-11-14T18:40:28+00:00\" \/>\n<meta property=\"og:image\" content=\"https:\/\/veritasinfo.org\/wp-content\/uploads\/2025\/11\/auto_581034743_1332020181696162_5135084119363963372_n1763110066.jpg\" \/>\n\t<meta property=\"og:image:width\" content=\"900\" \/>\n\t<meta property=\"og:image:height\" content=\"727\" \/>\n\t<meta property=\"og:image:type\" content=\"image\/jpeg\" \/>\n<meta name=\"author\" content=\"US6\" \/>\n<meta name=\"twitter:card\" content=\"summary_large_image\" \/>\n<meta name=\"twitter:label1\" content=\"Written by\" \/>\n\t<meta name=\"twitter:data1\" content=\"US6\" \/>\n\t<meta name=\"twitter:label2\" content=\"Est. reading time\" \/>\n\t<meta name=\"twitter:data2\" content=\"2 minutes\" \/>\n<script type=\"application\/ld+json\" class=\"yoast-schema-graph\">{\"@context\":\"https:\/\/schema.org\",\"@graph\":[{\"@type\":\"WebPage\",\"@id\":\"https:\/\/veritasinfo.org\/?p=20370&lang=sr\",\"url\":\"https:\/\/veritasinfo.org\/?p=20370&lang=sr\",\"name\":\"Advokat objavljuje snimke za koje tvrdi da prikazuju Vu\u010di\u0107a sa snajperom tokom opsade Sarajeva (Foto) -\",\"isPartOf\":{\"@id\":\"https:\/\/veritasinfo.org\/#website\"},\"primaryImageOfPage\":{\"@id\":\"https:\/\/veritasinfo.org\/?p=20370&lang=sr#primaryimage\"},\"image\":{\"@id\":\"https:\/\/veritasinfo.org\/?p=20370&lang=sr#primaryimage\"},\"thumbnailUrl\":\"https:\/\/veritasinfo.org\/wp-content\/uploads\/2025\/11\/auto_581034743_1332020181696162_5135084119363963372_n1763110066.jpg\",\"datePublished\":\"2025-11-14T18:40:28+00:00\",\"author\":{\"@id\":\"https:\/\/veritasinfo.org\/#\/schema\/person\/fe199eede04c3937362892b7444747cc\"},\"breadcrumb\":{\"@id\":\"https:\/\/veritasinfo.org\/?p=20370&lang=sr#breadcrumb\"},\"inLanguage\":\"en-US\",\"potentialAction\":[{\"@type\":\"ReadAction\",\"target\":[\"https:\/\/veritasinfo.org\/?p=20370&lang=sr\"]}]},{\"@type\":\"ImageObject\",\"inLanguage\":\"en-US\",\"@id\":\"https:\/\/veritasinfo.org\/?p=20370&lang=sr#primaryimage\",\"url\":\"https:\/\/veritasinfo.org\/wp-content\/uploads\/2025\/11\/auto_581034743_1332020181696162_5135084119363963372_n1763110066.jpg\",\"contentUrl\":\"https:\/\/veritasinfo.org\/wp-content\/uploads\/2025\/11\/auto_581034743_1332020181696162_5135084119363963372_n1763110066.jpg\",\"width\":900,\"height\":727},{\"@type\":\"BreadcrumbList\",\"@id\":\"https:\/\/veritasinfo.org\/?p=20370&lang=sr#breadcrumb\",\"itemListElement\":[{\"@type\":\"ListItem\",\"position\":1,\"name\":\"Home\",\"item\":\"https:\/\/veritasinfo.org\/\"},{\"@type\":\"ListItem\",\"position\":2,\"name\":\"Advokat objavljuje snimke za koje tvrdi da prikazuju Vu\u010di\u0107a sa snajperom tokom opsade Sarajeva (Foto)\"}]},{\"@type\":\"WebSite\",\"@id\":\"https:\/\/veritasinfo.org\/#website\",\"url\":\"https:\/\/veritasinfo.org\/\",\"name\":\"\",\"description\":\"\",\"potentialAction\":[{\"@type\":\"SearchAction\",\"target\":{\"@type\":\"EntryPoint\",\"urlTemplate\":\"https:\/\/veritasinfo.org\/?s={search_term_string}\"},\"query-input\":{\"@type\":\"PropertyValueSpecification\",\"valueRequired\":true,\"valueName\":\"search_term_string\"}}],\"inLanguage\":\"en-US\"},{\"@type\":\"Person\",\"@id\":\"https:\/\/veritasinfo.org\/#\/schema\/person\/fe199eede04c3937362892b7444747cc\",\"name\":\"US6\",\"image\":{\"@type\":\"ImageObject\",\"inLanguage\":\"en-US\",\"@id\":\"https:\/\/veritasinfo.org\/#\/schema\/person\/image\/\",\"url\":\"https:\/\/secure.gravatar.com\/avatar\/cb16c3c31c9d23b9b8c705964598220b3014e42ff51eb540ff23cefa3ae8c15f?s=96&d=mm&r=g\",\"contentUrl\":\"https:\/\/secure.gravatar.com\/avatar\/cb16c3c31c9d23b9b8c705964598220b3014e42ff51eb540ff23cefa3ae8c15f?s=96&d=mm&r=g\",\"caption\":\"US6\"},\"url\":\"https:\/\/veritasinfo.org\/?author=7\"}]}<\/script>\n<!-- \/ Yoast SEO plugin. -->","yoast_head_json":{"title":"Advokat objavljuje snimke za koje tvrdi da prikazuju Vu\u010di\u0107a sa snajperom tokom opsade Sarajeva (Foto) -","robots":{"index":"index","follow":"follow","max-snippet":"max-snippet:-1","max-image-preview":"max-image-preview:large","max-video-preview":"max-video-preview:-1"},"canonical":"https:\/\/veritasinfo.org\/?p=20370&lang=sr","og_locale":"en_US","og_type":"article","og_title":"Advokat objavljuje snimke za koje tvrdi da prikazuju Vu\u010di\u0107a sa snajperom tokom opsade Sarajeva (Foto) -","og_description":"Pri\u0161tina, 14. novembar 2025. 19:39 Srpski advokat poziva se na me\u0111unarodne izve\u0161taje o \u201eSnajperskom safariju\u201c i objavljuje snimke Vu\u010di\u0107a iz devedesetih, dok tu\u017eila\u0161tvo u Srbiji","og_url":"https:\/\/veritasinfo.org\/?p=20370&lang=sr","article_published_time":"2025-11-14T18:40:28+00:00","og_image":[{"width":900,"height":727,"url":"https:\/\/veritasinfo.org\/wp-content\/uploads\/2025\/11\/auto_581034743_1332020181696162_5135084119363963372_n1763110066.jpg","type":"image\/jpeg"}],"author":"US6","twitter_card":"summary_large_image","twitter_misc":{"Written by":"US6","Est. reading time":"2 minutes"},"schema":{"@context":"https:\/\/schema.org","@graph":[{"@type":"WebPage","@id":"https:\/\/veritasinfo.org\/?p=20370&lang=sr","url":"https:\/\/veritasinfo.org\/?p=20370&lang=sr","name":"Advokat objavljuje snimke za koje tvrdi da prikazuju Vu\u010di\u0107a sa snajperom tokom opsade Sarajeva (Foto) -","isPartOf":{"@id":"https:\/\/veritasinfo.org\/#website"},"primaryImageOfPage":{"@id":"https:\/\/veritasinfo.org\/?p=20370&lang=sr#primaryimage"},"image":{"@id":"https:\/\/veritasinfo.org\/?p=20370&lang=sr#primaryimage"},"thumbnailUrl":"https:\/\/veritasinfo.org\/wp-content\/uploads\/2025\/11\/auto_581034743_1332020181696162_5135084119363963372_n1763110066.jpg","datePublished":"2025-11-14T18:40:28+00:00","author":{"@id":"https:\/\/veritasinfo.org\/#\/schema\/person\/fe199eede04c3937362892b7444747cc"},"breadcrumb":{"@id":"https:\/\/veritasinfo.org\/?p=20370&lang=sr#breadcrumb"},"inLanguage":"en-US","potentialAction":[{"@type":"ReadAction","target":["https:\/\/veritasinfo.org\/?p=20370&lang=sr"]}]},{"@type":"ImageObject","inLanguage":"en-US","@id":"https:\/\/veritasinfo.org\/?p=20370&lang=sr#primaryimage","url":"https:\/\/veritasinfo.org\/wp-content\/uploads\/2025\/11\/auto_581034743_1332020181696162_5135084119363963372_n1763110066.jpg","contentUrl":"https:\/\/veritasinfo.org\/wp-content\/uploads\/2025\/11\/auto_581034743_1332020181696162_5135084119363963372_n1763110066.jpg","width":900,"height":727},{"@type":"BreadcrumbList","@id":"https:\/\/veritasinfo.org\/?p=20370&lang=sr#breadcrumb","itemListElement":[{"@type":"ListItem","position":1,"name":"Home","item":"https:\/\/veritasinfo.org\/"},{"@type":"ListItem","position":2,"name":"Advokat objavljuje snimke za koje tvrdi da prikazuju Vu\u010di\u0107a sa snajperom tokom opsade Sarajeva (Foto)"}]},{"@type":"WebSite","@id":"https:\/\/veritasinfo.org\/#website","url":"https:\/\/veritasinfo.org\/","name":"","description":"","potentialAction":[{"@type":"SearchAction","target":{"@type":"EntryPoint","urlTemplate":"https:\/\/veritasinfo.org\/?s={search_term_string}"},"query-input":{"@type":"PropertyValueSpecification","valueRequired":true,"valueName":"search_term_string"}}],"inLanguage":"en-US"},{"@type":"Person","@id":"https:\/\/veritasinfo.org\/#\/schema\/person\/fe199eede04c3937362892b7444747cc","name":"US6","image":{"@type":"ImageObject","inLanguage":"en-US","@id":"https:\/\/veritasinfo.org\/#\/schema\/person\/image\/","url":"https:\/\/secure.gravatar.com\/avatar\/cb16c3c31c9d23b9b8c705964598220b3014e42ff51eb540ff23cefa3ae8c15f?s=96&d=mm&r=g","contentUrl":"https:\/\/secure.gravatar.com\/avatar\/cb16c3c31c9d23b9b8c705964598220b3014e42ff51eb540ff23cefa3ae8c15f?s=96&d=mm&r=g","caption":"US6"},"url":"https:\/\/veritasinfo.org\/?author=7"}]}},"featured_image_urls":{"full":["https:\/\/veritasinfo.org\/wp-content\/uploads\/2025\/11\/auto_581034743_1332020181696162_5135084119363963372_n1763110066.jpg",900,727,false],"thumbnail":["https:\/\/veritasinfo.org\/wp-content\/uploads\/2025\/11\/auto_581034743_1332020181696162_5135084119363963372_n1763110066-150x150.jpg",150,150,true],"medium":["https:\/\/veritasinfo.org\/wp-content\/uploads\/2025\/11\/auto_581034743_1332020181696162_5135084119363963372_n1763110066-300x242.jpg",300,242,true],"medium_large":["https:\/\/veritasinfo.org\/wp-content\/uploads\/2025\/11\/auto_581034743_1332020181696162_5135084119363963372_n1763110066-768x620.jpg",640,517,true],"large":["https:\/\/veritasinfo.org\/wp-content\/uploads\/2025\/11\/auto_581034743_1332020181696162_5135084119363963372_n1763110066.jpg",640,517,false],"1536x1536":["https:\/\/veritasinfo.org\/wp-content\/uploads\/2025\/11\/auto_581034743_1332020181696162_5135084119363963372_n1763110066.jpg",900,727,false],"2048x2048":["https:\/\/veritasinfo.org\/wp-content\/uploads\/2025\/11\/auto_581034743_1332020181696162_5135084119363963372_n1763110066.jpg",900,727,false],"kreeti-slider-full":["https:\/\/veritasinfo.org\/wp-content\/uploads\/2025\/11\/auto_581034743_1332020181696162_5135084119363963372_n1763110066.jpg",891,720,false],"kreeti-featured":["https:\/\/veritasinfo.org\/wp-content\/uploads\/2025\/11\/auto_581034743_1332020181696162_5135084119363963372_n1763110066.jpg",900,727,false],"kreeti-medium":["https:\/\/veritasinfo.org\/wp-content\/uploads\/2025\/11\/auto_581034743_1332020181696162_5135084119363963372_n1763110066.jpg",656,530,false],"kreeti-medium-square":["https:\/\/veritasinfo.org\/wp-content\/uploads\/2025\/11\/auto_581034743_1332020181696162_5135084119363963372_n1763110066.jpg",350,283,false]},"author_info":{"info":["US6"]},"category_info":"<a href=\"https:\/\/veritasinfo.org\/?cat=24&#038;lang=sr\" rel=\"category\">Uncategorized<\/a>","tag_info":"Uncategorized","comment_count":"0","_links":{"self":[{"href":"https:\/\/veritasinfo.org\/index.php?rest_route=\/wp\/v2\/posts\/20370","targetHints":{"allow":["GET"]}}],"collection":[{"href":"https:\/\/veritasinfo.org\/index.php?rest_route=\/wp\/v2\/posts"}],"about":[{"href":"https:\/\/veritasinfo.org\/index.php?rest_route=\/wp\/v2\/types\/post"}],"author":[{"embeddable":true,"href":"https:\/\/veritasinfo.org\/index.php?rest_route=\/wp\/v2\/users\/7"}],"replies":[{"embeddable":true,"href":"https:\/\/veritasinfo.org\/index.php?rest_route=%2Fwp%2Fv2%2Fcomments&post=20370"}],"version-history":[{"count":1,"href":"https:\/\/veritasinfo.org\/index.php?rest_route=\/wp\/v2\/posts\/20370\/revisions"}],"predecessor-version":[{"id":20371,"href":"https:\/\/veritasinfo.org\/index.php?rest_route=\/wp\/v2\/posts\/20370\/revisions\/20371"}],"wp:featuredmedia":[{"embeddable":true,"href":"https:\/\/veritasinfo.org\/index.php?rest_route=\/wp\/v2\/media\/20367"}],"wp:attachment":[{"href":"https:\/\/veritasinfo.org\/index.php?rest_route=%2Fwp%2Fv2%2Fmedia&parent=20370"}],"wp:term":[{"taxonomy":"category","embeddable":true,"href":"https:\/\/veritasinfo.org\/index.php?rest_route=%2Fwp%2Fv2%2Fcategories&post=20370"},{"taxonomy":"post_tag","embeddable":true,"href":"https:\/\/veritasinfo.org\/index.php?rest_route=%2Fwp%2Fv2%2Ftags&post=20370"}],"curies":[{"name":"wp","href":"https:\/\/api.w.org\/{rel}","templated":true}]}}