{"id":20366,"date":"2025-11-14T19:39:39","date_gmt":"2025-11-14T18:39:39","guid":{"rendered":"https:\/\/veritasinfo.org\/?p=20366"},"modified":"2025-11-14T19:39:39","modified_gmt":"2025-11-14T18:39:39","slug":"avokati-serb-publikon-pamje-ku-thote-se-vuciqi-shihet-me-snajper-gjate-rrethimit-te-sarajeves-foto","status":"publish","type":"post","link":"https:\/\/veritasinfo.org\/?p=20366","title":{"rendered":"Avokati serb publikon pamje ku thot\u00eb se Vu\u00e7iqi shihet me snajper gjat\u00eb rrethimit t\u00eb Sarajev\u00ebs (Foto)"},"content":{"rendered":"<p>Prishtin\u00eb, 14 n\u00ebntor 2025 19:38<\/p>\n<p>Avokati serb u referohet raportimeve nd\u00ebrkomb\u00ebtare p\u00ebr \u201cSafarin e Snajper\u00ebve\u201d dhe publikon pamje t\u00eb Vu\u00e7iqit nga vitet \u201990, nd\u00ebrsa prokuroria serbe ende nuk ka nisur hetime.<\/p>\n<p>Avokati serb \u00c7edomir Stojkoviq ka reaguar mbi raportimet e fundit t\u00eb mediave bot\u00ebrore p\u00ebr t\u00eb ashtuquajturin \u201cSafari i Snajper\u00ebve\u201d, nj\u00eb aktivitet i pretenduar kriminal q\u00eb dyshohet t\u00eb jet\u00eb organizuar nga strukturat e lidhura me Radovan Karaxhiqin dhe Ratko Mlladiqin gjat\u00eb rrethimit t\u00eb Sarajev\u00ebs (1992\u20131996). Sipas k\u00ebtyre raportimeve, nj\u00eb prokuror italian ka hapur hetime paraprake lidhur me vrasje t\u00eb kryera \u201crekreativisht\u201d ndaj civil\u00ebve.<\/p>\n<p><img fetchpriority=\"high\" decoding=\"async\" class=\"wp-image-20368 alignleft\" src=\"https:\/\/veritasinfo.org\/wp-content\/uploads\/2025\/11\/Screenshot-2025-11-14-181127-300x178.jpg\" alt=\"\" width=\"555\" height=\"329\" srcset=\"https:\/\/veritasinfo.org\/wp-content\/uploads\/2025\/11\/Screenshot-2025-11-14-181127-300x178.jpg 300w, https:\/\/veritasinfo.org\/wp-content\/uploads\/2025\/11\/Screenshot-2025-11-14-181127-768x455.jpg 768w, https:\/\/veritasinfo.org\/wp-content\/uploads\/2025\/11\/Screenshot-2025-11-14-181127.jpg 777w\" sizes=\"(max-width: 555px) 100vw, 555px\" \/><\/p>\n<p>N\u00eb k\u00ebt\u00eb kontekst, Stojkoviqi ka publikuar pamje t\u00eb vjetra ku presidenti aktual i Serbis\u00eb, Aleksandar Vu\u00e7iq, shfaqet duke mbajtur pushk\u00eb ose snajper n\u00eb zonat kodrinore rreth Sarajev\u00ebs gjat\u00eb periudh\u00ebs s\u00eb luft\u00ebs. Avokati pretendon se k\u00ebto pamje p\u00ebrforcojn\u00eb dyshimet p\u00ebr aktivitetet e asaj kohe, megjith\u00ebse nuk ka prova t\u00eb konfirmuara nga autoritetet hetimore.<\/p>\n<p>Deklarata t\u00eb ngjashme jan\u00eb b\u00ebr\u00eb edhe m\u00eb her\u00ebt. Vitin e kaluar, ministri i Mbrojtjes i Bosnje-Hercegovin\u00ebs, Zika Helez, akuzoi Vu\u00e7iqin se kishte q\u00eblluar ndaj civil\u00ebve n\u00eb Sarajev\u00eb \u2014 pretendime t\u00eb cilat Beogradi i ka mohuar kategorikisht dhe q\u00eb nuk jan\u00eb hetuar zyrtarisht.<\/p>\n<p>Sipas Stojkoviqit, pavar\u00ebsisht publikimeve dhe rritjes s\u00eb interesit nd\u00ebrkomb\u00ebtar, prokuroria publike n\u00eb Beograd nuk ka hapur ndonj\u00eb hetim. Ai citon mediat q\u00eb raportojn\u00eb se \u201cSafari i Snajper\u00ebve\u201d dyshohet t\u00eb jet\u00eb organizuar si aktivitet i paguar, ku vras\u00ebs t\u00eb ardhur n\u00eb Beograd dhe pjes\u00ebtar\u00eb t\u00eb ushtris\u00eb serbe n\u00eb kodrat p\u00ebrreth Sarajev\u00ebs kryenin gjuajtje me snajper kundrejt nj\u00eb tarife.<\/p>\n<p>Pretendimet aktualisht jan\u00eb objekt hetimesh nd\u00ebrkomb\u00ebtare dhe nuk jan\u00eb konfirmuar nga organet zyrtare serbe.<\/p>\n","protected":false},"excerpt":{"rendered":"<p>Prishtin\u00eb, 14 n\u00ebntor 2025 19:38 Avokati serb u referohet raportimeve nd\u00ebrkomb\u00ebtare p\u00ebr \u201cSafarin e Snajper\u00ebve\u201d dhe publikon pamje t\u00eb Vu\u00e7iqit nga vitet \u201990, nd\u00ebrsa prokuroria<\/p>\n","protected":false},"author":7,"featured_media":20367,"comment_status":"open","ping_status":"open","sticky":false,"template":"","format":"standard","meta":{"footnotes":""},"categories":[58],"tags":[],"class_list":["post-20366","post","type-post","status-publish","format-standard","has-post-thumbnail","hentry","category-politike-sq"],"yoast_head":"<!-- This site is optimized with the Yoast SEO plugin v25.3.1 - https:\/\/yoast.com\/wordpress\/plugins\/seo\/ -->\n<title>Avokati serb publikon pamje ku thot\u00eb se Vu\u00e7iqi shihet me snajper gjat\u00eb rrethimit t\u00eb Sarajev\u00ebs (Foto) -<\/title>\n<meta name=\"robots\" content=\"index, follow, max-snippet:-1, max-image-preview:large, max-video-preview:-1\" \/>\n<link rel=\"canonical\" href=\"https:\/\/veritasinfo.org\/?p=20366\" \/>\n<meta property=\"og:locale\" content=\"en_US\" \/>\n<meta property=\"og:type\" content=\"article\" \/>\n<meta property=\"og:title\" content=\"Avokati serb publikon pamje ku thot\u00eb se Vu\u00e7iqi shihet me snajper gjat\u00eb rrethimit t\u00eb Sarajev\u00ebs (Foto) -\" \/>\n<meta property=\"og:description\" content=\"Prishtin\u00eb, 14 n\u00ebntor 2025 19:38 Avokati serb u referohet raportimeve nd\u00ebrkomb\u00ebtare p\u00ebr \u201cSafarin e Snajper\u00ebve\u201d dhe publikon pamje t\u00eb Vu\u00e7iqit nga vitet \u201990, nd\u00ebrsa prokuroria\" \/>\n<meta property=\"og:url\" content=\"https:\/\/veritasinfo.org\/?p=20366\" \/>\n<meta property=\"article:published_time\" content=\"2025-11-14T18:39:39+00:00\" \/>\n<meta property=\"og:image\" content=\"https:\/\/veritasinfo.org\/wp-content\/uploads\/2025\/11\/auto_581034743_1332020181696162_5135084119363963372_n1763110066.jpg\" \/>\n\t<meta property=\"og:image:width\" content=\"900\" \/>\n\t<meta property=\"og:image:height\" content=\"727\" \/>\n\t<meta property=\"og:image:type\" content=\"image\/jpeg\" \/>\n<meta name=\"author\" content=\"US6\" \/>\n<meta name=\"twitter:card\" content=\"summary_large_image\" \/>\n<meta name=\"twitter:label1\" content=\"Written by\" \/>\n\t<meta name=\"twitter:data1\" content=\"US6\" \/>\n\t<meta name=\"twitter:label2\" content=\"Est. reading time\" \/>\n\t<meta name=\"twitter:data2\" content=\"2 minutes\" \/>\n<script type=\"application\/ld+json\" class=\"yoast-schema-graph\">{\"@context\":\"https:\/\/schema.org\",\"@graph\":[{\"@type\":\"WebPage\",\"@id\":\"https:\/\/veritasinfo.org\/?p=20366\",\"url\":\"https:\/\/veritasinfo.org\/?p=20366\",\"name\":\"Avokati serb publikon pamje ku thot\u00eb se Vu\u00e7iqi shihet me snajper gjat\u00eb rrethimit t\u00eb Sarajev\u00ebs (Foto) -\",\"isPartOf\":{\"@id\":\"https:\/\/veritasinfo.org\/#website\"},\"primaryImageOfPage\":{\"@id\":\"https:\/\/veritasinfo.org\/?p=20366#primaryimage\"},\"image\":{\"@id\":\"https:\/\/veritasinfo.org\/?p=20366#primaryimage\"},\"thumbnailUrl\":\"https:\/\/veritasinfo.org\/wp-content\/uploads\/2025\/11\/auto_581034743_1332020181696162_5135084119363963372_n1763110066.jpg\",\"datePublished\":\"2025-11-14T18:39:39+00:00\",\"author\":{\"@id\":\"https:\/\/veritasinfo.org\/#\/schema\/person\/fe199eede04c3937362892b7444747cc\"},\"breadcrumb\":{\"@id\":\"https:\/\/veritasinfo.org\/?p=20366#breadcrumb\"},\"inLanguage\":\"en-US\",\"potentialAction\":[{\"@type\":\"ReadAction\",\"target\":[\"https:\/\/veritasinfo.org\/?p=20366\"]}]},{\"@type\":\"ImageObject\",\"inLanguage\":\"en-US\",\"@id\":\"https:\/\/veritasinfo.org\/?p=20366#primaryimage\",\"url\":\"https:\/\/veritasinfo.org\/wp-content\/uploads\/2025\/11\/auto_581034743_1332020181696162_5135084119363963372_n1763110066.jpg\",\"contentUrl\":\"https:\/\/veritasinfo.org\/wp-content\/uploads\/2025\/11\/auto_581034743_1332020181696162_5135084119363963372_n1763110066.jpg\",\"width\":900,\"height\":727},{\"@type\":\"BreadcrumbList\",\"@id\":\"https:\/\/veritasinfo.org\/?p=20366#breadcrumb\",\"itemListElement\":[{\"@type\":\"ListItem\",\"position\":1,\"name\":\"Home\",\"item\":\"https:\/\/veritasinfo.org\/\"},{\"@type\":\"ListItem\",\"position\":2,\"name\":\"Avokati serb publikon pamje ku thot\u00eb se Vu\u00e7iqi shihet me snajper gjat\u00eb rrethimit t\u00eb Sarajev\u00ebs (Foto)\"}]},{\"@type\":\"WebSite\",\"@id\":\"https:\/\/veritasinfo.org\/#website\",\"url\":\"https:\/\/veritasinfo.org\/\",\"name\":\"\",\"description\":\"\",\"potentialAction\":[{\"@type\":\"SearchAction\",\"target\":{\"@type\":\"EntryPoint\",\"urlTemplate\":\"https:\/\/veritasinfo.org\/?s={search_term_string}\"},\"query-input\":{\"@type\":\"PropertyValueSpecification\",\"valueRequired\":true,\"valueName\":\"search_term_string\"}}],\"inLanguage\":\"en-US\"},{\"@type\":\"Person\",\"@id\":\"https:\/\/veritasinfo.org\/#\/schema\/person\/fe199eede04c3937362892b7444747cc\",\"name\":\"US6\",\"image\":{\"@type\":\"ImageObject\",\"inLanguage\":\"en-US\",\"@id\":\"https:\/\/veritasinfo.org\/#\/schema\/person\/image\/\",\"url\":\"https:\/\/secure.gravatar.com\/avatar\/cb16c3c31c9d23b9b8c705964598220b3014e42ff51eb540ff23cefa3ae8c15f?s=96&d=mm&r=g\",\"contentUrl\":\"https:\/\/secure.gravatar.com\/avatar\/cb16c3c31c9d23b9b8c705964598220b3014e42ff51eb540ff23cefa3ae8c15f?s=96&d=mm&r=g\",\"caption\":\"US6\"},\"url\":\"https:\/\/veritasinfo.org\/?author=7\"}]}<\/script>\n<!-- \/ Yoast SEO plugin. -->","yoast_head_json":{"title":"Avokati serb publikon pamje ku thot\u00eb se Vu\u00e7iqi shihet me snajper gjat\u00eb rrethimit t\u00eb Sarajev\u00ebs (Foto) -","robots":{"index":"index","follow":"follow","max-snippet":"max-snippet:-1","max-image-preview":"max-image-preview:large","max-video-preview":"max-video-preview:-1"},"canonical":"https:\/\/veritasinfo.org\/?p=20366","og_locale":"en_US","og_type":"article","og_title":"Avokati serb publikon pamje ku thot\u00eb se Vu\u00e7iqi shihet me snajper gjat\u00eb rrethimit t\u00eb Sarajev\u00ebs (Foto) -","og_description":"Prishtin\u00eb, 14 n\u00ebntor 2025 19:38 Avokati serb u referohet raportimeve nd\u00ebrkomb\u00ebtare p\u00ebr \u201cSafarin e Snajper\u00ebve\u201d dhe publikon pamje t\u00eb Vu\u00e7iqit nga vitet \u201990, nd\u00ebrsa prokuroria","og_url":"https:\/\/veritasinfo.org\/?p=20366","article_published_time":"2025-11-14T18:39:39+00:00","og_image":[{"width":900,"height":727,"url":"https:\/\/veritasinfo.org\/wp-content\/uploads\/2025\/11\/auto_581034743_1332020181696162_5135084119363963372_n1763110066.jpg","type":"image\/jpeg"}],"author":"US6","twitter_card":"summary_large_image","twitter_misc":{"Written by":"US6","Est. reading time":"2 minutes"},"schema":{"@context":"https:\/\/schema.org","@graph":[{"@type":"WebPage","@id":"https:\/\/veritasinfo.org\/?p=20366","url":"https:\/\/veritasinfo.org\/?p=20366","name":"Avokati serb publikon pamje ku thot\u00eb se Vu\u00e7iqi shihet me snajper gjat\u00eb rrethimit t\u00eb Sarajev\u00ebs (Foto) -","isPartOf":{"@id":"https:\/\/veritasinfo.org\/#website"},"primaryImageOfPage":{"@id":"https:\/\/veritasinfo.org\/?p=20366#primaryimage"},"image":{"@id":"https:\/\/veritasinfo.org\/?p=20366#primaryimage"},"thumbnailUrl":"https:\/\/veritasinfo.org\/wp-content\/uploads\/2025\/11\/auto_581034743_1332020181696162_5135084119363963372_n1763110066.jpg","datePublished":"2025-11-14T18:39:39+00:00","author":{"@id":"https:\/\/veritasinfo.org\/#\/schema\/person\/fe199eede04c3937362892b7444747cc"},"breadcrumb":{"@id":"https:\/\/veritasinfo.org\/?p=20366#breadcrumb"},"inLanguage":"en-US","potentialAction":[{"@type":"ReadAction","target":["https:\/\/veritasinfo.org\/?p=20366"]}]},{"@type":"ImageObject","inLanguage":"en-US","@id":"https:\/\/veritasinfo.org\/?p=20366#primaryimage","url":"https:\/\/veritasinfo.org\/wp-content\/uploads\/2025\/11\/auto_581034743_1332020181696162_5135084119363963372_n1763110066.jpg","contentUrl":"https:\/\/veritasinfo.org\/wp-content\/uploads\/2025\/11\/auto_581034743_1332020181696162_5135084119363963372_n1763110066.jpg","width":900,"height":727},{"@type":"BreadcrumbList","@id":"https:\/\/veritasinfo.org\/?p=20366#breadcrumb","itemListElement":[{"@type":"ListItem","position":1,"name":"Home","item":"https:\/\/veritasinfo.org\/"},{"@type":"ListItem","position":2,"name":"Avokati serb publikon pamje ku thot\u00eb se Vu\u00e7iqi shihet me snajper gjat\u00eb rrethimit t\u00eb Sarajev\u00ebs (Foto)"}]},{"@type":"WebSite","@id":"https:\/\/veritasinfo.org\/#website","url":"https:\/\/veritasinfo.org\/","name":"","description":"","potentialAction":[{"@type":"SearchAction","target":{"@type":"EntryPoint","urlTemplate":"https:\/\/veritasinfo.org\/?s={search_term_string}"},"query-input":{"@type":"PropertyValueSpecification","valueRequired":true,"valueName":"search_term_string"}}],"inLanguage":"en-US"},{"@type":"Person","@id":"https:\/\/veritasinfo.org\/#\/schema\/person\/fe199eede04c3937362892b7444747cc","name":"US6","image":{"@type":"ImageObject","inLanguage":"en-US","@id":"https:\/\/veritasinfo.org\/#\/schema\/person\/image\/","url":"https:\/\/secure.gravatar.com\/avatar\/cb16c3c31c9d23b9b8c705964598220b3014e42ff51eb540ff23cefa3ae8c15f?s=96&d=mm&r=g","contentUrl":"https:\/\/secure.gravatar.com\/avatar\/cb16c3c31c9d23b9b8c705964598220b3014e42ff51eb540ff23cefa3ae8c15f?s=96&d=mm&r=g","caption":"US6"},"url":"https:\/\/veritasinfo.org\/?author=7"}]}},"featured_image_urls":{"full":["https:\/\/veritasinfo.org\/wp-content\/uploads\/2025\/11\/auto_581034743_1332020181696162_5135084119363963372_n1763110066.jpg",900,727,false],"thumbnail":["https:\/\/veritasinfo.org\/wp-content\/uploads\/2025\/11\/auto_581034743_1332020181696162_5135084119363963372_n1763110066-150x150.jpg",150,150,true],"medium":["https:\/\/veritasinfo.org\/wp-content\/uploads\/2025\/11\/auto_581034743_1332020181696162_5135084119363963372_n1763110066-300x242.jpg",300,242,true],"medium_large":["https:\/\/veritasinfo.org\/wp-content\/uploads\/2025\/11\/auto_581034743_1332020181696162_5135084119363963372_n1763110066-768x620.jpg",640,517,true],"large":["https:\/\/veritasinfo.org\/wp-content\/uploads\/2025\/11\/auto_581034743_1332020181696162_5135084119363963372_n1763110066.jpg",640,517,false],"1536x1536":["https:\/\/veritasinfo.org\/wp-content\/uploads\/2025\/11\/auto_581034743_1332020181696162_5135084119363963372_n1763110066.jpg",900,727,false],"2048x2048":["https:\/\/veritasinfo.org\/wp-content\/uploads\/2025\/11\/auto_581034743_1332020181696162_5135084119363963372_n1763110066.jpg",900,727,false],"kreeti-slider-full":["https:\/\/veritasinfo.org\/wp-content\/uploads\/2025\/11\/auto_581034743_1332020181696162_5135084119363963372_n1763110066.jpg",891,720,false],"kreeti-featured":["https:\/\/veritasinfo.org\/wp-content\/uploads\/2025\/11\/auto_581034743_1332020181696162_5135084119363963372_n1763110066.jpg",900,727,false],"kreeti-medium":["https:\/\/veritasinfo.org\/wp-content\/uploads\/2025\/11\/auto_581034743_1332020181696162_5135084119363963372_n1763110066.jpg",656,530,false],"kreeti-medium-square":["https:\/\/veritasinfo.org\/wp-content\/uploads\/2025\/11\/auto_581034743_1332020181696162_5135084119363963372_n1763110066.jpg",350,283,false]},"author_info":{"info":["US6"]},"category_info":"<a href=\"https:\/\/veritasinfo.org\/?cat=58\" rel=\"category\">Politik\u00eb<\/a>","tag_info":"Politik\u00eb","comment_count":"0","_links":{"self":[{"href":"https:\/\/veritasinfo.org\/index.php?rest_route=\/wp\/v2\/posts\/20366","targetHints":{"allow":["GET"]}}],"collection":[{"href":"https:\/\/veritasinfo.org\/index.php?rest_route=\/wp\/v2\/posts"}],"about":[{"href":"https:\/\/veritasinfo.org\/index.php?rest_route=\/wp\/v2\/types\/post"}],"author":[{"embeddable":true,"href":"https:\/\/veritasinfo.org\/index.php?rest_route=\/wp\/v2\/users\/7"}],"replies":[{"embeddable":true,"href":"https:\/\/veritasinfo.org\/index.php?rest_route=%2Fwp%2Fv2%2Fcomments&post=20366"}],"version-history":[{"count":1,"href":"https:\/\/veritasinfo.org\/index.php?rest_route=\/wp\/v2\/posts\/20366\/revisions"}],"predecessor-version":[{"id":20369,"href":"https:\/\/veritasinfo.org\/index.php?rest_route=\/wp\/v2\/posts\/20366\/revisions\/20369"}],"wp:featuredmedia":[{"embeddable":true,"href":"https:\/\/veritasinfo.org\/index.php?rest_route=\/wp\/v2\/media\/20367"}],"wp:attachment":[{"href":"https:\/\/veritasinfo.org\/index.php?rest_route=%2Fwp%2Fv2%2Fmedia&parent=20366"}],"wp:term":[{"taxonomy":"category","embeddable":true,"href":"https:\/\/veritasinfo.org\/index.php?rest_route=%2Fwp%2Fv2%2Fcategories&post=20366"},{"taxonomy":"post_tag","embeddable":true,"href":"https:\/\/veritasinfo.org\/index.php?rest_route=%2Fwp%2Fv2%2Ftags&post=20366"}],"curies":[{"name":"wp","href":"https:\/\/api.w.org\/{rel}","templated":true}]}}