{"id":20316,"date":"2025-11-14T14:14:11","date_gmt":"2025-11-14T13:14:11","guid":{"rendered":"https:\/\/veritasinfo.org\/?p=20316"},"modified":"2025-11-14T14:17:40","modified_gmt":"2025-11-14T13:17:40","slug":"kosove-be-mbahet-takimi-i-marreveshjes-per-stabilizim-dhe-asociim","status":"publish","type":"post","link":"https:\/\/veritasinfo.org\/?p=20316","title":{"rendered":"Kosov\u00eb\u2013BE mbahet takimi i Marr\u00ebveshjes p\u00ebr Stabilizim dhe Asociim"},"content":{"rendered":"<p>Prishtin\u00eb 14 N\u00ebntor 2025 14:15<\/p>\n<p>Gresa Selimaj Bytyqi, U.d. Drejtore e Zyr\u00ebs p\u00ebr Kritere Politike n\u00eb Zyr\u00ebn e Kryeministrit, dhe Jiri Plecity, Udh\u00ebheq\u00ebs i Nj\u00ebsis\u00eb p\u00ebr Kosov\u00ebn dhe Serbin\u00eb n\u00eb Drejtorin\u00eb e P\u00ebrgjithshme t\u00eb Komisionit Evropian p\u00ebr Zgjerim dhe Fqinj\u00ebsin\u00eb Lindore, ishin sot n\u00eb rolin e bashk\u00eb-kryesuesve t\u00eb takimit t\u00eb shtat\u00eb t\u00eb mbajtur n\u00eb Prishtin\u00eb t\u00eb N\u00ebn-Komitetit BE-Kosov\u00eb p\u00ebr Drejt\u00ebsi, Liri dhe Siguri. Takimi sh\u00ebrbeu p\u00ebr t\u00eb diskutuar zhvillimet dhe bashk\u00ebpunimin e ardhsh\u00ebm n\u00eb fushat e sundimit t\u00eb ligjit, t\u00eb drejtave themelore dhe pun\u00ebve t\u00eb brendshme.<\/p>\n<p>Prioritet mbetet zbatimi i reformave n\u00eb drejt\u00ebsi n\u00eb p\u00ebrputhje me rekomandimet e Komisionit t\u00eb Venecias dhe Deklarat\u00ebn e P\u00ebrbashk\u00ebt t\u00eb Zotimit. P\u00ebr k\u00ebt\u00eb q\u00ebllim, pjes\u00ebmarr\u00ebsit u dakorduan t\u00eb bashk\u00ebpunojn\u00eb p\u00ebr rritjen e llogaridh\u00ebnies, integritetit, profesionalizmit dhe pavar\u00ebsis\u00eb brenda gjyq\u00ebsorit.<\/p>\n<p>U diskutuan gjithashtu \u00e7\u00ebshtje q\u00eb lidhen me drejt\u00ebsin\u00eb administrative dhe trajtimin e l\u00ebnd\u00ebve t\u00eb pazgjidhura gjyq\u00ebsore. BE-ja potencoi nevoj\u00ebn q\u00eb Kryeprokurori i Shtetit t\u00eb p\u00ebrzgjidhet brenda afateve dhe Kodi Civil t\u00eb miratohet n\u00eb koh\u00eb, si\u00e7 \u00ebsht\u00eb dakorduar n\u00eb Agjend\u00ebn e Reformave p\u00ebr Kosov\u00ebn dhe \u00ebsht\u00eb rekomanduar n\u00eb raportet vijuese p\u00ebr Kosov\u00ebn.<\/p>\n<p>Sa i p\u00ebrket luft\u00ebs kund\u00ebr korrupsionit dhe krimit t\u00eb organizuar, diskutimi u fokusua n\u00eb r\u00ebnd\u00ebsin\u00eb e zbatimit t\u00eb korniz\u00ebs strategjike t\u00eb Kosov\u00ebs, bashk\u00ebpunimin nd\u00ebrinstitucional, konfiskimin e aseteve dhe funksionimin e baz\u00ebs s\u00eb re t\u00eb t\u00eb dh\u00ebnave p\u00ebr rastet e korrupsionit dhe krimit t\u00eb organizuar. Autoritetet e Kosov\u00ebs ofruan p\u00ebrdit\u00ebsime rreth legjislacionit rreth zbatimitt\u00ebobligimeve p\u00ebr deklarimin e pasuris\u00eb, mbrojtjen e sinjalizuesve, parandalimin e konfliktit t\u00eb interesit dhe luftimin e pastrimit t\u00eb parave.<\/p>\n<p>N\u00eb fush\u00ebn e pun\u00ebve t\u00eb brendshme, dialogu sektorial trajtoi aktivitetet q\u00eb lidhen me luftimin e terrorizmit, luftimine ekstremizmit t\u00eb dhunsh\u00ebm dhe radikalizimit, luftimin e narkotik\u00ebve, adresimin e \u00e7\u00ebshtjeve t\u00eb migracionit, vizave dhe azilit, si dhe luftimin e trafikimit t\u00eb qenieve njer\u00ebzore dhe kontraband\u00ebs s\u00eb migrant\u00ebve.<\/p>\n<p>Sa i p\u00ebrket t\u00eb drejtave themelore, diskutimet mbuluan bashk\u00ebpunimin e Avokatit t\u00eb Popullit me institucionet, koordinimin e p\u00ebrgjithsh\u00ebm, t\u00eb drejtat e komuniteteve jo-shumic\u00eb, barazin\u00eb gjinore dhe dhun\u00ebn n\u00eb baza gjinore, lirin\u00eb e shprehjes dhe drejt\u00ebsin\u00eb tranzicionale.<\/p>\n<p>Kosova dhe Komisioni Evropian u dakorduan t\u00eb vazhdojn\u00eb bashk\u00ebpunimin n\u00eb t\u00eb gjitha fushat, p\u00ebrfshir\u00eb at\u00eb n\u00eb nivel teknik, p\u00ebr t\u00eb siguruar zbatimin e plot\u00eb dhe n\u00eb koh\u00eb t\u00eb reformave n\u00eb vazhdim dhe p\u00ebr t\u00eb dizajnuar reformat e ardhshme. P\u00ebr k\u00ebt\u00eb q\u00ebllim, zyrtar\u00ebt p\u00ebrfaq\u00ebsues miratuan nj\u00eb s\u00ebr\u00eb konkluzionesh konkrete dhe me afate t\u00eb p\u00ebrcaktuara q\u00eb do t\u2019i ndihmonin Kosov\u00ebs t\u2019i prioritizonte reformat p\u00ebrkat\u00ebse dhe t\u2019i zbatonte rekomandimet q\u00eb rrjedhin nga raporti i vitit 2025 p\u00ebr Kosov\u00ebn, i publikuar s\u00eb fundmi.<\/p>\n<p>Marr\u00ebveshja e Stabilizimit dhe Asociimit (MSA) \u00ebsht\u00eb korniza p\u00ebr BE-n\u00eb dhe administrat\u00ebn e Kosov\u00ebs p\u00ebr t\u00eb diskutuar \u00e7\u00ebshtje teknike dhe t\u00eb politikave mbi reformat e lidhura me BE-n\u00eb. Organet e MSA-s\u00eb p\u00ebrfshijn\u00eb K\u00ebshillin e Stabilizimit dhe Asociimit, t\u00eb ndihmuar nga Komiteti i Stabilizimit dhe Asociimit, si dhe N\u00ebn-Komitetet e MSA-s\u00eb, t\u00eb cilat mbulojn\u00eb nj\u00eb gam\u00eb t\u00eb gjer\u00eb t\u00eb legjislacionit t\u00eb BE-s\u00eb. Takimet e organeve t\u00eb MSA-s\u00eb japin kontribut t\u00eb drejtp\u00ebrdrejt\u00eb n\u00eb raportet vjetore t\u00eb Komisionit Evropian.<\/p>\n<p>Secili takim i n\u00ebn-komitetit monitoron dhe shoq\u00ebron rezultatet e Kosov\u00ebs n\u00eb reforma dhe identifikon si mundet BE-ja t\u00eb ndihmoj\u00eb n\u00eb k\u00ebt\u00eb proces.<\/p>\n<p>Jan\u00eb shtat\u00eb fusha t\u00eb mbuluara p\u00ebrmes takimeve sektoriale t\u00eb n\u00ebn-komiteteve p\u00ebrkat\u00ebse: Drejt\u00ebsia, Liria dhe Siguria; Inovacioni, Shoq\u00ebria e Informacionit, Politikat Sociale, Arsimi dhe Kultura; Tregtia, Industria, Doganat dhe Tatimet; Tregu i Brendsh\u00ebm, Konkurrenca, Mbrojtja e Konsumatorit dhe Sh\u00ebndetit; Bujq\u00ebsia, Peshkimi, Pylltaria, Siguria Ushqimore; Transporti, Mjedisi, Energjia, Ndryshimet klimatike dhe Zhvillimi Rajonal; \u00c7\u00ebshtjet Ekonomike dhe Financiare, Statistikat.<\/p>\n<p>&#8220;Dy fusha t\u00eb tjera, t\u00eb mbuluara p\u00ebrmes takimeve t\u00eb grupeve t\u00eb posa\u00e7me, jan\u00eb reforma n\u00eb administrat\u00ebn publike dhe normalizimi i marr\u00ebdh\u00ebnieve nd\u00ebrmjet Kosov\u00ebs dhe Serbis\u00eb. Takimet e Komitetit dhe n\u00ebn-Komiteteve t\u00eb MSA-s\u00eb bashk\u00eb-kryesohen nga Komisioni Evropian dhe Kosova. Secili takim rezulton n\u00eb veprime vijuese t\u00eb dakorduara bashk\u00ebrisht q\u00eb do t\u00eb nd\u00ebrmerren nga autoritetet e Kosov\u00ebs. Koha nd\u00ebrmjet takimeve lejon zbatimin e rekomandimeve dhe veprimeve t\u00eb m\u00ebvonshme t\u00eb dakorduara&#8221;, thuhet n\u00eb njoftimin e Zyr\u00ebs s\u00eb Bashkimit Evropian n\u00eb Kosov\u00eb.<\/p>\n","protected":false},"excerpt":{"rendered":"<p>Prishtin\u00eb 14 N\u00ebntor 2025 14:15 Gresa Selimaj Bytyqi, U.d. Drejtore e Zyr\u00ebs p\u00ebr Kritere Politike n\u00eb Zyr\u00ebn e Kryeministrit, dhe Jiri Plecity, Udh\u00ebheq\u00ebs i Nj\u00ebsis\u00eb<\/p>\n","protected":false},"author":6,"featured_media":20317,"comment_status":"open","ping_status":"open","sticky":false,"template":"","format":"standard","meta":{"footnotes":""},"categories":[93],"tags":[],"class_list":["post-20316","post","type-post","status-publish","format-standard","has-post-thumbnail","hentry","category-politika-sq"],"yoast_head":"<!-- This site is optimized with the Yoast SEO plugin v25.3.1 - https:\/\/yoast.com\/wordpress\/plugins\/seo\/ -->\n<title>Kosov\u00eb\u2013BE mbahet takimi i Marr\u00ebveshjes p\u00ebr Stabilizim dhe Asociim -<\/title>\n<meta name=\"robots\" content=\"index, follow, max-snippet:-1, max-image-preview:large, max-video-preview:-1\" \/>\n<link rel=\"canonical\" href=\"https:\/\/veritasinfo.org\/?p=20316\" \/>\n<meta property=\"og:locale\" content=\"en_US\" \/>\n<meta property=\"og:type\" content=\"article\" \/>\n<meta property=\"og:title\" content=\"Kosov\u00eb\u2013BE mbahet takimi i Marr\u00ebveshjes p\u00ebr Stabilizim dhe Asociim -\" \/>\n<meta property=\"og:description\" content=\"Prishtin\u00eb 14 N\u00ebntor 2025 14:15 Gresa Selimaj Bytyqi, U.d. Drejtore e Zyr\u00ebs p\u00ebr Kritere Politike n\u00eb Zyr\u00ebn e Kryeministrit, dhe Jiri Plecity, Udh\u00ebheq\u00ebs i Nj\u00ebsis\u00eb\" \/>\n<meta property=\"og:url\" content=\"https:\/\/veritasinfo.org\/?p=20316\" \/>\n<meta property=\"article:published_time\" content=\"2025-11-14T13:14:11+00:00\" \/>\n<meta property=\"article:modified_time\" content=\"2025-11-14T13:17:40+00:00\" \/>\n<meta property=\"og:image\" content=\"https:\/\/veritasinfo.org\/wp-content\/uploads\/2025\/11\/709515-N1zArpulUV.jpg\" \/>\n\t<meta property=\"og:image:width\" content=\"780\" \/>\n\t<meta property=\"og:image:height\" content=\"500\" \/>\n\t<meta property=\"og:image:type\" content=\"image\/jpeg\" \/>\n<meta name=\"author\" content=\"US5\" \/>\n<meta name=\"twitter:card\" content=\"summary_large_image\" \/>\n<meta name=\"twitter:label1\" content=\"Written by\" \/>\n\t<meta name=\"twitter:data1\" content=\"US5\" \/>\n\t<meta name=\"twitter:label2\" content=\"Est. reading time\" \/>\n\t<meta name=\"twitter:data2\" content=\"1 minute\" \/>\n<script type=\"application\/ld+json\" class=\"yoast-schema-graph\">{\"@context\":\"https:\/\/schema.org\",\"@graph\":[{\"@type\":\"WebPage\",\"@id\":\"https:\/\/veritasinfo.org\/?p=20316\",\"url\":\"https:\/\/veritasinfo.org\/?p=20316\",\"name\":\"Kosov\u00eb\u2013BE mbahet takimi i Marr\u00ebveshjes p\u00ebr Stabilizim dhe Asociim -\",\"isPartOf\":{\"@id\":\"https:\/\/veritasinfo.org\/#website\"},\"primaryImageOfPage\":{\"@id\":\"https:\/\/veritasinfo.org\/?p=20316#primaryimage\"},\"image\":{\"@id\":\"https:\/\/veritasinfo.org\/?p=20316#primaryimage\"},\"thumbnailUrl\":\"https:\/\/veritasinfo.org\/wp-content\/uploads\/2025\/11\/709515-N1zArpulUV.jpg\",\"datePublished\":\"2025-11-14T13:14:11+00:00\",\"dateModified\":\"2025-11-14T13:17:40+00:00\",\"author\":{\"@id\":\"https:\/\/veritasinfo.org\/#\/schema\/person\/bc442336e35414d04494ab8fb45db4c6\"},\"breadcrumb\":{\"@id\":\"https:\/\/veritasinfo.org\/?p=20316#breadcrumb\"},\"inLanguage\":\"en-US\",\"potentialAction\":[{\"@type\":\"ReadAction\",\"target\":[\"https:\/\/veritasinfo.org\/?p=20316\"]}]},{\"@type\":\"ImageObject\",\"inLanguage\":\"en-US\",\"@id\":\"https:\/\/veritasinfo.org\/?p=20316#primaryimage\",\"url\":\"https:\/\/veritasinfo.org\/wp-content\/uploads\/2025\/11\/709515-N1zArpulUV.jpg\",\"contentUrl\":\"https:\/\/veritasinfo.org\/wp-content\/uploads\/2025\/11\/709515-N1zArpulUV.jpg\",\"width\":780,\"height\":500},{\"@type\":\"BreadcrumbList\",\"@id\":\"https:\/\/veritasinfo.org\/?p=20316#breadcrumb\",\"itemListElement\":[{\"@type\":\"ListItem\",\"position\":1,\"name\":\"Home\",\"item\":\"https:\/\/veritasinfo.org\/\"},{\"@type\":\"ListItem\",\"position\":2,\"name\":\"Kosov\u00eb\u2013BE mbahet takimi i Marr\u00ebveshjes p\u00ebr Stabilizim dhe Asociim\"}]},{\"@type\":\"WebSite\",\"@id\":\"https:\/\/veritasinfo.org\/#website\",\"url\":\"https:\/\/veritasinfo.org\/\",\"name\":\"\",\"description\":\"\",\"potentialAction\":[{\"@type\":\"SearchAction\",\"target\":{\"@type\":\"EntryPoint\",\"urlTemplate\":\"https:\/\/veritasinfo.org\/?s={search_term_string}\"},\"query-input\":{\"@type\":\"PropertyValueSpecification\",\"valueRequired\":true,\"valueName\":\"search_term_string\"}}],\"inLanguage\":\"en-US\"},{\"@type\":\"Person\",\"@id\":\"https:\/\/veritasinfo.org\/#\/schema\/person\/bc442336e35414d04494ab8fb45db4c6\",\"name\":\"US5\",\"image\":{\"@type\":\"ImageObject\",\"inLanguage\":\"en-US\",\"@id\":\"https:\/\/veritasinfo.org\/#\/schema\/person\/image\/\",\"url\":\"https:\/\/secure.gravatar.com\/avatar\/16a61e7272a0c5d001121ebb9e60e925d5816e4ac1e443ed3e640d9a6ae55d0c?s=96&d=mm&r=g\",\"contentUrl\":\"https:\/\/secure.gravatar.com\/avatar\/16a61e7272a0c5d001121ebb9e60e925d5816e4ac1e443ed3e640d9a6ae55d0c?s=96&d=mm&r=g\",\"caption\":\"US5\"},\"url\":\"https:\/\/veritasinfo.org\/?author=6\"}]}<\/script>\n<!-- \/ Yoast SEO plugin. -->","yoast_head_json":{"title":"Kosov\u00eb\u2013BE mbahet takimi i Marr\u00ebveshjes p\u00ebr Stabilizim dhe Asociim -","robots":{"index":"index","follow":"follow","max-snippet":"max-snippet:-1","max-image-preview":"max-image-preview:large","max-video-preview":"max-video-preview:-1"},"canonical":"https:\/\/veritasinfo.org\/?p=20316","og_locale":"en_US","og_type":"article","og_title":"Kosov\u00eb\u2013BE mbahet takimi i Marr\u00ebveshjes p\u00ebr Stabilizim dhe Asociim -","og_description":"Prishtin\u00eb 14 N\u00ebntor 2025 14:15 Gresa Selimaj Bytyqi, U.d. Drejtore e Zyr\u00ebs p\u00ebr Kritere Politike n\u00eb Zyr\u00ebn e Kryeministrit, dhe Jiri Plecity, Udh\u00ebheq\u00ebs i Nj\u00ebsis\u00eb","og_url":"https:\/\/veritasinfo.org\/?p=20316","article_published_time":"2025-11-14T13:14:11+00:00","article_modified_time":"2025-11-14T13:17:40+00:00","og_image":[{"width":780,"height":500,"url":"https:\/\/veritasinfo.org\/wp-content\/uploads\/2025\/11\/709515-N1zArpulUV.jpg","type":"image\/jpeg"}],"author":"US5","twitter_card":"summary_large_image","twitter_misc":{"Written by":"US5","Est. reading time":"1 minute"},"schema":{"@context":"https:\/\/schema.org","@graph":[{"@type":"WebPage","@id":"https:\/\/veritasinfo.org\/?p=20316","url":"https:\/\/veritasinfo.org\/?p=20316","name":"Kosov\u00eb\u2013BE mbahet takimi i Marr\u00ebveshjes p\u00ebr Stabilizim dhe Asociim -","isPartOf":{"@id":"https:\/\/veritasinfo.org\/#website"},"primaryImageOfPage":{"@id":"https:\/\/veritasinfo.org\/?p=20316#primaryimage"},"image":{"@id":"https:\/\/veritasinfo.org\/?p=20316#primaryimage"},"thumbnailUrl":"https:\/\/veritasinfo.org\/wp-content\/uploads\/2025\/11\/709515-N1zArpulUV.jpg","datePublished":"2025-11-14T13:14:11+00:00","dateModified":"2025-11-14T13:17:40+00:00","author":{"@id":"https:\/\/veritasinfo.org\/#\/schema\/person\/bc442336e35414d04494ab8fb45db4c6"},"breadcrumb":{"@id":"https:\/\/veritasinfo.org\/?p=20316#breadcrumb"},"inLanguage":"en-US","potentialAction":[{"@type":"ReadAction","target":["https:\/\/veritasinfo.org\/?p=20316"]}]},{"@type":"ImageObject","inLanguage":"en-US","@id":"https:\/\/veritasinfo.org\/?p=20316#primaryimage","url":"https:\/\/veritasinfo.org\/wp-content\/uploads\/2025\/11\/709515-N1zArpulUV.jpg","contentUrl":"https:\/\/veritasinfo.org\/wp-content\/uploads\/2025\/11\/709515-N1zArpulUV.jpg","width":780,"height":500},{"@type":"BreadcrumbList","@id":"https:\/\/veritasinfo.org\/?p=20316#breadcrumb","itemListElement":[{"@type":"ListItem","position":1,"name":"Home","item":"https:\/\/veritasinfo.org\/"},{"@type":"ListItem","position":2,"name":"Kosov\u00eb\u2013BE mbahet takimi i Marr\u00ebveshjes p\u00ebr Stabilizim dhe Asociim"}]},{"@type":"WebSite","@id":"https:\/\/veritasinfo.org\/#website","url":"https:\/\/veritasinfo.org\/","name":"","description":"","potentialAction":[{"@type":"SearchAction","target":{"@type":"EntryPoint","urlTemplate":"https:\/\/veritasinfo.org\/?s={search_term_string}"},"query-input":{"@type":"PropertyValueSpecification","valueRequired":true,"valueName":"search_term_string"}}],"inLanguage":"en-US"},{"@type":"Person","@id":"https:\/\/veritasinfo.org\/#\/schema\/person\/bc442336e35414d04494ab8fb45db4c6","name":"US5","image":{"@type":"ImageObject","inLanguage":"en-US","@id":"https:\/\/veritasinfo.org\/#\/schema\/person\/image\/","url":"https:\/\/secure.gravatar.com\/avatar\/16a61e7272a0c5d001121ebb9e60e925d5816e4ac1e443ed3e640d9a6ae55d0c?s=96&d=mm&r=g","contentUrl":"https:\/\/secure.gravatar.com\/avatar\/16a61e7272a0c5d001121ebb9e60e925d5816e4ac1e443ed3e640d9a6ae55d0c?s=96&d=mm&r=g","caption":"US5"},"url":"https:\/\/veritasinfo.org\/?author=6"}]}},"featured_image_urls":{"full":["https:\/\/veritasinfo.org\/wp-content\/uploads\/2025\/11\/709515-N1zArpulUV.jpg",780,500,false],"thumbnail":["https:\/\/veritasinfo.org\/wp-content\/uploads\/2025\/11\/709515-N1zArpulUV-150x150.jpg",150,150,true],"medium":["https:\/\/veritasinfo.org\/wp-content\/uploads\/2025\/11\/709515-N1zArpulUV-300x192.jpg",300,192,true],"medium_large":["https:\/\/veritasinfo.org\/wp-content\/uploads\/2025\/11\/709515-N1zArpulUV-768x492.jpg",640,410,true],"large":["https:\/\/veritasinfo.org\/wp-content\/uploads\/2025\/11\/709515-N1zArpulUV.jpg",640,410,false],"1536x1536":["https:\/\/veritasinfo.org\/wp-content\/uploads\/2025\/11\/709515-N1zArpulUV.jpg",780,500,false],"2048x2048":["https:\/\/veritasinfo.org\/wp-content\/uploads\/2025\/11\/709515-N1zArpulUV.jpg",780,500,false],"kreeti-slider-full":["https:\/\/veritasinfo.org\/wp-content\/uploads\/2025\/11\/709515-N1zArpulUV.jpg",780,500,false],"kreeti-featured":["https:\/\/veritasinfo.org\/wp-content\/uploads\/2025\/11\/709515-N1zArpulUV.jpg",780,500,false],"kreeti-medium":["https:\/\/veritasinfo.org\/wp-content\/uploads\/2025\/11\/709515-N1zArpulUV.jpg",720,462,false],"kreeti-medium-square":["https:\/\/veritasinfo.org\/wp-content\/uploads\/2025\/11\/709515-N1zArpulUV.jpg",350,224,false]},"author_info":{"info":["US5"]},"category_info":"<a href=\"https:\/\/veritasinfo.org\/?cat=93\" rel=\"category\">Politika<\/a>","tag_info":"Politika","comment_count":"0","_links":{"self":[{"href":"https:\/\/veritasinfo.org\/index.php?rest_route=\/wp\/v2\/posts\/20316","targetHints":{"allow":["GET"]}}],"collection":[{"href":"https:\/\/veritasinfo.org\/index.php?rest_route=\/wp\/v2\/posts"}],"about":[{"href":"https:\/\/veritasinfo.org\/index.php?rest_route=\/wp\/v2\/types\/post"}],"author":[{"embeddable":true,"href":"https:\/\/veritasinfo.org\/index.php?rest_route=\/wp\/v2\/users\/6"}],"replies":[{"embeddable":true,"href":"https:\/\/veritasinfo.org\/index.php?rest_route=%2Fwp%2Fv2%2Fcomments&post=20316"}],"version-history":[{"count":2,"href":"https:\/\/veritasinfo.org\/index.php?rest_route=\/wp\/v2\/posts\/20316\/revisions"}],"predecessor-version":[{"id":20321,"href":"https:\/\/veritasinfo.org\/index.php?rest_route=\/wp\/v2\/posts\/20316\/revisions\/20321"}],"wp:featuredmedia":[{"embeddable":true,"href":"https:\/\/veritasinfo.org\/index.php?rest_route=\/wp\/v2\/media\/20317"}],"wp:attachment":[{"href":"https:\/\/veritasinfo.org\/index.php?rest_route=%2Fwp%2Fv2%2Fmedia&parent=20316"}],"wp:term":[{"taxonomy":"category","embeddable":true,"href":"https:\/\/veritasinfo.org\/index.php?rest_route=%2Fwp%2Fv2%2Fcategories&post=20316"},{"taxonomy":"post_tag","embeddable":true,"href":"https:\/\/veritasinfo.org\/index.php?rest_route=%2Fwp%2Fv2%2Ftags&post=20316"}],"curies":[{"name":"wp","href":"https:\/\/api.w.org\/{rel}","templated":true}]}}