{"id":20305,"date":"2025-11-14T13:50:05","date_gmt":"2025-11-14T12:50:05","guid":{"rendered":"https:\/\/veritasinfo.org\/?p=20305"},"modified":"2025-11-14T13:50:05","modified_gmt":"2025-11-14T12:50:05","slug":"dijana-hrka-vazhdon-greven-e-urise-para-parlamentit-te-serbise","status":"publish","type":"post","link":"https:\/\/veritasinfo.org\/?p=20305","title":{"rendered":"Dijana Hrka vazhdon grev\u00ebn e uris\u00eb para Parlamentit t\u00eb Serbis\u00eb"},"content":{"rendered":"<p>Prishtin\u00eb 14 N\u00ebntor 2025. 13:50<br \/>\nDijana Hrka, n\u00ebna e Stefanit, i cili humbi jet\u00ebn nga shembja e nj\u00eb tende n\u00eb Novi Sad, vazhdon grev\u00ebn e uris\u00eb. Gjendja e saj, pas 13 dit\u00ebsh grev\u00eb, \u00ebsht\u00eb e q\u00ebndrueshme.<\/p>\n<p>Velibor Mikiq, i cili foli n\u00eb em\u00ebr t\u00eb saj tha se Hrka ndihet e dob\u00ebt dhe ka v\u00ebshtir\u00ebsi n\u00eb t\u00eb folur, por \u00ebsht\u00eb mir\u00eb mend\u00ebrisht dhe e vendosur t\u00eb vazhdoj\u00eb q\u00ebllimin e saj.<\/p>\n<p>Sipas tij, Hrka u s\u00ebmur papritur t\u00eb m\u00ebrkur\u00ebn dhe u trajtua n\u00eb Spitalin Medigroup, ku mori nj\u00eb infuzion.<\/p>\n<p>Ai theksoi gjithashtu se Hrka u shqet\u00ebsua nga nj\u00eb telefonat\u00eb e dyshimt\u00eb nga nj\u00eb person q\u00eb pretendonte t\u00eb ishte djali i saj dhe po k\u00ebrkonte ta ndikonte. Ajo ka k\u00ebrkuar informacion nga policia lidhur me k\u00ebt\u00eb ngacmim, raportojn\u00eb mesiat serbe.<\/p>\n<p>Dijana Hrka nisi grev\u00ebn e uris\u00eb m\u00eb 2 n\u00ebntor, duke k\u00ebrkuar zbardhjen e ngjarjeve q\u00eb \u00e7uan n\u00eb vdekjen e djalit t\u00eb saj dhe 15 t\u00eb tjer\u00ebve n\u00eb shembjen e tend\u00ebs, lirimin e student\u00ebve t\u00eb arrestuar gjat\u00eb protestave dhe shpalljen e zgjedhjeve t\u00eb parakohshme parlamentare.<\/p>\n<p>Nd\u00ebrkoh\u00eb, n\u00eb an\u00ebn tjet\u00ebr t\u00eb gardhit nuk ka tubime t\u00eb mb\u00ebshtet\u00ebsve t\u00eb qeveris\u00eb, dhe policia vazhdon t\u00eb q\u00ebndroj\u00eb pran\u00eb vendit ku ajo proteston.<\/p>\n","protected":false},"excerpt":{"rendered":"<p>Prishtin\u00eb 14 N\u00ebntor 2025. 13:50 Dijana Hrka, n\u00ebna e Stefanit, i cili humbi jet\u00ebn nga shembja e nj\u00eb tende n\u00eb Novi Sad, vazhdon grev\u00ebn e<\/p>\n","protected":false},"author":6,"featured_media":20306,"comment_status":"open","ping_status":"open","sticky":false,"template":"","format":"standard","meta":{"footnotes":""},"categories":[60],"tags":[],"class_list":["post-20305","post","type-post","status-publish","format-standard","has-post-thumbnail","hentry","category-shoqerore-sq"],"yoast_head":"<!-- This site is optimized with the Yoast SEO plugin v25.3.1 - https:\/\/yoast.com\/wordpress\/plugins\/seo\/ -->\n<title>Dijana Hrka vazhdon grev\u00ebn e uris\u00eb para Parlamentit t\u00eb Serbis\u00eb -<\/title>\n<meta name=\"robots\" content=\"index, follow, max-snippet:-1, max-image-preview:large, max-video-preview:-1\" \/>\n<link rel=\"canonical\" href=\"https:\/\/veritasinfo.org\/?p=20305\" \/>\n<meta property=\"og:locale\" content=\"en_US\" \/>\n<meta property=\"og:type\" content=\"article\" \/>\n<meta property=\"og:title\" content=\"Dijana Hrka vazhdon grev\u00ebn e uris\u00eb para Parlamentit t\u00eb Serbis\u00eb -\" \/>\n<meta property=\"og:description\" content=\"Prishtin\u00eb 14 N\u00ebntor 2025. 13:50 Dijana Hrka, n\u00ebna e Stefanit, i cili humbi jet\u00ebn nga shembja e nj\u00eb tende n\u00eb Novi Sad, vazhdon grev\u00ebn e\" \/>\n<meta property=\"og:url\" content=\"https:\/\/veritasinfo.org\/?p=20305\" \/>\n<meta property=\"article:published_time\" content=\"2025-11-14T12:50:05+00:00\" \/>\n<meta property=\"og:image\" content=\"https:\/\/veritasinfo.org\/wp-content\/uploads\/2025\/11\/709489-0nFAEgmDL9.jpg\" \/>\n\t<meta property=\"og:image:width\" content=\"780\" \/>\n\t<meta property=\"og:image:height\" content=\"500\" \/>\n\t<meta property=\"og:image:type\" content=\"image\/jpeg\" \/>\n<meta name=\"author\" content=\"US5\" \/>\n<meta name=\"twitter:card\" content=\"summary_large_image\" \/>\n<meta name=\"twitter:label1\" content=\"Written by\" \/>\n\t<meta name=\"twitter:data1\" content=\"US5\" \/>\n<script type=\"application\/ld+json\" class=\"yoast-schema-graph\">{\"@context\":\"https:\/\/schema.org\",\"@graph\":[{\"@type\":\"WebPage\",\"@id\":\"https:\/\/veritasinfo.org\/?p=20305\",\"url\":\"https:\/\/veritasinfo.org\/?p=20305\",\"name\":\"Dijana Hrka vazhdon grev\u00ebn e uris\u00eb para Parlamentit t\u00eb Serbis\u00eb -\",\"isPartOf\":{\"@id\":\"https:\/\/veritasinfo.org\/#website\"},\"primaryImageOfPage\":{\"@id\":\"https:\/\/veritasinfo.org\/?p=20305#primaryimage\"},\"image\":{\"@id\":\"https:\/\/veritasinfo.org\/?p=20305#primaryimage\"},\"thumbnailUrl\":\"https:\/\/veritasinfo.org\/wp-content\/uploads\/2025\/11\/709489-0nFAEgmDL9.jpg\",\"datePublished\":\"2025-11-14T12:50:05+00:00\",\"author\":{\"@id\":\"https:\/\/veritasinfo.org\/#\/schema\/person\/bc442336e35414d04494ab8fb45db4c6\"},\"breadcrumb\":{\"@id\":\"https:\/\/veritasinfo.org\/?p=20305#breadcrumb\"},\"inLanguage\":\"en-US\",\"potentialAction\":[{\"@type\":\"ReadAction\",\"target\":[\"https:\/\/veritasinfo.org\/?p=20305\"]}]},{\"@type\":\"ImageObject\",\"inLanguage\":\"en-US\",\"@id\":\"https:\/\/veritasinfo.org\/?p=20305#primaryimage\",\"url\":\"https:\/\/veritasinfo.org\/wp-content\/uploads\/2025\/11\/709489-0nFAEgmDL9.jpg\",\"contentUrl\":\"https:\/\/veritasinfo.org\/wp-content\/uploads\/2025\/11\/709489-0nFAEgmDL9.jpg\",\"width\":780,\"height\":500},{\"@type\":\"BreadcrumbList\",\"@id\":\"https:\/\/veritasinfo.org\/?p=20305#breadcrumb\",\"itemListElement\":[{\"@type\":\"ListItem\",\"position\":1,\"name\":\"Home\",\"item\":\"https:\/\/veritasinfo.org\/\"},{\"@type\":\"ListItem\",\"position\":2,\"name\":\"Dijana Hrka vazhdon grev\u00ebn e uris\u00eb para Parlamentit t\u00eb Serbis\u00eb\"}]},{\"@type\":\"WebSite\",\"@id\":\"https:\/\/veritasinfo.org\/#website\",\"url\":\"https:\/\/veritasinfo.org\/\",\"name\":\"\",\"description\":\"\",\"potentialAction\":[{\"@type\":\"SearchAction\",\"target\":{\"@type\":\"EntryPoint\",\"urlTemplate\":\"https:\/\/veritasinfo.org\/?s={search_term_string}\"},\"query-input\":{\"@type\":\"PropertyValueSpecification\",\"valueRequired\":true,\"valueName\":\"search_term_string\"}}],\"inLanguage\":\"en-US\"},{\"@type\":\"Person\",\"@id\":\"https:\/\/veritasinfo.org\/#\/schema\/person\/bc442336e35414d04494ab8fb45db4c6\",\"name\":\"US5\",\"image\":{\"@type\":\"ImageObject\",\"inLanguage\":\"en-US\",\"@id\":\"https:\/\/veritasinfo.org\/#\/schema\/person\/image\/\",\"url\":\"https:\/\/secure.gravatar.com\/avatar\/16a61e7272a0c5d001121ebb9e60e925d5816e4ac1e443ed3e640d9a6ae55d0c?s=96&d=mm&r=g\",\"contentUrl\":\"https:\/\/secure.gravatar.com\/avatar\/16a61e7272a0c5d001121ebb9e60e925d5816e4ac1e443ed3e640d9a6ae55d0c?s=96&d=mm&r=g\",\"caption\":\"US5\"},\"url\":\"https:\/\/veritasinfo.org\/?author=6\"}]}<\/script>\n<!-- \/ Yoast SEO plugin. -->","yoast_head_json":{"title":"Dijana Hrka vazhdon grev\u00ebn e uris\u00eb para Parlamentit t\u00eb Serbis\u00eb -","robots":{"index":"index","follow":"follow","max-snippet":"max-snippet:-1","max-image-preview":"max-image-preview:large","max-video-preview":"max-video-preview:-1"},"canonical":"https:\/\/veritasinfo.org\/?p=20305","og_locale":"en_US","og_type":"article","og_title":"Dijana Hrka vazhdon grev\u00ebn e uris\u00eb para Parlamentit t\u00eb Serbis\u00eb -","og_description":"Prishtin\u00eb 14 N\u00ebntor 2025. 13:50 Dijana Hrka, n\u00ebna e Stefanit, i cili humbi jet\u00ebn nga shembja e nj\u00eb tende n\u00eb Novi Sad, vazhdon grev\u00ebn e","og_url":"https:\/\/veritasinfo.org\/?p=20305","article_published_time":"2025-11-14T12:50:05+00:00","og_image":[{"width":780,"height":500,"url":"https:\/\/veritasinfo.org\/wp-content\/uploads\/2025\/11\/709489-0nFAEgmDL9.jpg","type":"image\/jpeg"}],"author":"US5","twitter_card":"summary_large_image","twitter_misc":{"Written by":"US5"},"schema":{"@context":"https:\/\/schema.org","@graph":[{"@type":"WebPage","@id":"https:\/\/veritasinfo.org\/?p=20305","url":"https:\/\/veritasinfo.org\/?p=20305","name":"Dijana Hrka vazhdon grev\u00ebn e uris\u00eb para Parlamentit t\u00eb Serbis\u00eb -","isPartOf":{"@id":"https:\/\/veritasinfo.org\/#website"},"primaryImageOfPage":{"@id":"https:\/\/veritasinfo.org\/?p=20305#primaryimage"},"image":{"@id":"https:\/\/veritasinfo.org\/?p=20305#primaryimage"},"thumbnailUrl":"https:\/\/veritasinfo.org\/wp-content\/uploads\/2025\/11\/709489-0nFAEgmDL9.jpg","datePublished":"2025-11-14T12:50:05+00:00","author":{"@id":"https:\/\/veritasinfo.org\/#\/schema\/person\/bc442336e35414d04494ab8fb45db4c6"},"breadcrumb":{"@id":"https:\/\/veritasinfo.org\/?p=20305#breadcrumb"},"inLanguage":"en-US","potentialAction":[{"@type":"ReadAction","target":["https:\/\/veritasinfo.org\/?p=20305"]}]},{"@type":"ImageObject","inLanguage":"en-US","@id":"https:\/\/veritasinfo.org\/?p=20305#primaryimage","url":"https:\/\/veritasinfo.org\/wp-content\/uploads\/2025\/11\/709489-0nFAEgmDL9.jpg","contentUrl":"https:\/\/veritasinfo.org\/wp-content\/uploads\/2025\/11\/709489-0nFAEgmDL9.jpg","width":780,"height":500},{"@type":"BreadcrumbList","@id":"https:\/\/veritasinfo.org\/?p=20305#breadcrumb","itemListElement":[{"@type":"ListItem","position":1,"name":"Home","item":"https:\/\/veritasinfo.org\/"},{"@type":"ListItem","position":2,"name":"Dijana Hrka vazhdon grev\u00ebn e uris\u00eb para Parlamentit t\u00eb Serbis\u00eb"}]},{"@type":"WebSite","@id":"https:\/\/veritasinfo.org\/#website","url":"https:\/\/veritasinfo.org\/","name":"","description":"","potentialAction":[{"@type":"SearchAction","target":{"@type":"EntryPoint","urlTemplate":"https:\/\/veritasinfo.org\/?s={search_term_string}"},"query-input":{"@type":"PropertyValueSpecification","valueRequired":true,"valueName":"search_term_string"}}],"inLanguage":"en-US"},{"@type":"Person","@id":"https:\/\/veritasinfo.org\/#\/schema\/person\/bc442336e35414d04494ab8fb45db4c6","name":"US5","image":{"@type":"ImageObject","inLanguage":"en-US","@id":"https:\/\/veritasinfo.org\/#\/schema\/person\/image\/","url":"https:\/\/secure.gravatar.com\/avatar\/16a61e7272a0c5d001121ebb9e60e925d5816e4ac1e443ed3e640d9a6ae55d0c?s=96&d=mm&r=g","contentUrl":"https:\/\/secure.gravatar.com\/avatar\/16a61e7272a0c5d001121ebb9e60e925d5816e4ac1e443ed3e640d9a6ae55d0c?s=96&d=mm&r=g","caption":"US5"},"url":"https:\/\/veritasinfo.org\/?author=6"}]}},"featured_image_urls":{"full":["https:\/\/veritasinfo.org\/wp-content\/uploads\/2025\/11\/709489-0nFAEgmDL9.jpg",780,500,false],"thumbnail":["https:\/\/veritasinfo.org\/wp-content\/uploads\/2025\/11\/709489-0nFAEgmDL9-150x150.jpg",150,150,true],"medium":["https:\/\/veritasinfo.org\/wp-content\/uploads\/2025\/11\/709489-0nFAEgmDL9-300x192.jpg",300,192,true],"medium_large":["https:\/\/veritasinfo.org\/wp-content\/uploads\/2025\/11\/709489-0nFAEgmDL9-768x492.jpg",640,410,true],"large":["https:\/\/veritasinfo.org\/wp-content\/uploads\/2025\/11\/709489-0nFAEgmDL9.jpg",640,410,false],"1536x1536":["https:\/\/veritasinfo.org\/wp-content\/uploads\/2025\/11\/709489-0nFAEgmDL9.jpg",780,500,false],"2048x2048":["https:\/\/veritasinfo.org\/wp-content\/uploads\/2025\/11\/709489-0nFAEgmDL9.jpg",780,500,false],"kreeti-slider-full":["https:\/\/veritasinfo.org\/wp-content\/uploads\/2025\/11\/709489-0nFAEgmDL9.jpg",780,500,false],"kreeti-featured":["https:\/\/veritasinfo.org\/wp-content\/uploads\/2025\/11\/709489-0nFAEgmDL9.jpg",780,500,false],"kreeti-medium":["https:\/\/veritasinfo.org\/wp-content\/uploads\/2025\/11\/709489-0nFAEgmDL9.jpg",720,462,false],"kreeti-medium-square":["https:\/\/veritasinfo.org\/wp-content\/uploads\/2025\/11\/709489-0nFAEgmDL9.jpg",350,224,false]},"author_info":{"info":["US5"]},"category_info":"<a href=\"https:\/\/veritasinfo.org\/?cat=60\" rel=\"category\">Shoq\u00ebrore<\/a>","tag_info":"Shoq\u00ebrore","comment_count":"0","_links":{"self":[{"href":"https:\/\/veritasinfo.org\/index.php?rest_route=\/wp\/v2\/posts\/20305","targetHints":{"allow":["GET"]}}],"collection":[{"href":"https:\/\/veritasinfo.org\/index.php?rest_route=\/wp\/v2\/posts"}],"about":[{"href":"https:\/\/veritasinfo.org\/index.php?rest_route=\/wp\/v2\/types\/post"}],"author":[{"embeddable":true,"href":"https:\/\/veritasinfo.org\/index.php?rest_route=\/wp\/v2\/users\/6"}],"replies":[{"embeddable":true,"href":"https:\/\/veritasinfo.org\/index.php?rest_route=%2Fwp%2Fv2%2Fcomments&post=20305"}],"version-history":[{"count":1,"href":"https:\/\/veritasinfo.org\/index.php?rest_route=\/wp\/v2\/posts\/20305\/revisions"}],"predecessor-version":[{"id":20307,"href":"https:\/\/veritasinfo.org\/index.php?rest_route=\/wp\/v2\/posts\/20305\/revisions\/20307"}],"wp:featuredmedia":[{"embeddable":true,"href":"https:\/\/veritasinfo.org\/index.php?rest_route=\/wp\/v2\/media\/20306"}],"wp:attachment":[{"href":"https:\/\/veritasinfo.org\/index.php?rest_route=%2Fwp%2Fv2%2Fmedia&parent=20305"}],"wp:term":[{"taxonomy":"category","embeddable":true,"href":"https:\/\/veritasinfo.org\/index.php?rest_route=%2Fwp%2Fv2%2Fcategories&post=20305"},{"taxonomy":"post_tag","embeddable":true,"href":"https:\/\/veritasinfo.org\/index.php?rest_route=%2Fwp%2Fv2%2Ftags&post=20305"}],"curies":[{"name":"wp","href":"https:\/\/api.w.org\/{rel}","templated":true}]}}