{"id":20256,"date":"2025-11-14T09:33:46","date_gmt":"2025-11-14T08:33:46","guid":{"rendered":"https:\/\/veritasinfo.org\/?p=20256"},"modified":"2025-11-14T09:33:46","modified_gmt":"2025-11-14T08:33:46","slug":"ish-ambasadori-holandez-nese-ka-proces-te-drejte-ish-kreret-e-uck-se-do-te-shpallen-te-pafajshem","status":"publish","type":"post","link":"https:\/\/veritasinfo.org\/?p=20256","title":{"rendered":"Ish-ambasadori holandez: N\u00ebse ka proces t\u00eb drejt\u00eb, ish- krer\u00ebt e U\u00c7K-s\u00eb do t\u00eb shpallen t\u00eb pafajsh\u00ebm"},"content":{"rendered":"<p>Prishtin\u00eb 14 N\u00ebntor 2025 09:33<\/p>\n<p>Ish-ambasadori holandez, Robert Bosch, ka zhvilluar nj\u00eb vizit\u00eb n\u00eb nj\u00eb kolegj n\u00eb Kosov\u00eb, ku n\u00eb fjalimin e tij u p\u00ebrqendrua kryesisht tek procesi gjyq\u00ebsor n\u00eb Hag\u00eb, ku po gjykohen ish-krer\u00ebt e Ushtris\u00eb \u00c7lirimtare t\u00eb Kosov\u00ebs p\u00ebr krime lufte.<\/p>\n<p>Bosch fillimisht u shpreh tejet kritik p\u00ebr m\u00ebnyr\u00ebn se si e kishte shkruar raportin p\u00ebr trafikim organesh ish-senatori zviceran, Dick Marty.<\/p>\n<p>\u201cE mbaj mend se kam qen\u00eb jasht\u00ebzakonisht i irrituar kur u mb\u00ebshtet raporti i Dick Martyt, sepse n\u00eb vler\u00ebsimin tim ai p\u00ebrmban shum\u00eb mang\u00ebsi. P\u00ebr k\u00ebt\u00eb \u00e7\u00ebshtje kam pasur polemika edhe me zyrtar\u00eb t\u00eb tjer\u00eb evropian\u00eb dhe jam habitur kur ata e mb\u00ebshtet\u00ebn raportin e Martyt, n\u00eb t\u00eb cilin pretendohet se ka pasur trafikim organesh t\u00eb kryera nga udh\u00ebheq\u00ebs t\u00eb U\u00c7K-s\u00eb\u201d, ka th\u00ebn\u00eb Bosch.<\/p>\n<p>Ish-ambasadori holandez beson se ish-krer\u00ebt e U\u00c7K-s\u00eb do t\u00eb shpallen t\u00eb pafajsh\u00ebm n\u00eb fund t\u00eb procesit.<\/p>\n<p>\u201cUNMIK-u dhe EULEX-i kan\u00eb pasur mandat t\u00eb plot\u00eb p\u00ebr hetimin e krimeve t\u00eb luft\u00ebs, prandaj lind pyetja pse ishte e nevojshme krijimi i nj\u00eb Gjykate tjet\u00ebr. Fatkeq\u00ebsisht, presioni nd\u00ebrkomb\u00ebtar mbi Kosov\u00ebn p\u00ebr themelimin e Gjykat\u00ebs Speciale ishte shum\u00eb i madh. \u00cbsht\u00eb me t\u00eb v\u00ebrtet\u00eb e ve\u00e7ant\u00eb q\u00eb Tha\u00e7i dhe t\u00eb tjer\u00ebt u dor\u00ebzuan vullnetarisht n\u00eb Hag\u00eb, dhe kjo duhet t\u00eb vler\u00ebsohet. N\u00ebse zhvillohet nj\u00eb proces i drejt\u00eb gjyq\u00ebsor, besoj se k\u00ebta njer\u00ebz do t\u00eb shpallen t\u00eb pafajsh\u00ebm nga kjo Gjykat\u00eb\u201d, tha ai.<\/p>\n","protected":false},"excerpt":{"rendered":"<p>Prishtin\u00eb 14 N\u00ebntor 2025 09:33 Ish-ambasadori holandez, Robert Bosch, ka zhvilluar nj\u00eb vizit\u00eb n\u00eb nj\u00eb kolegj n\u00eb Kosov\u00eb, ku n\u00eb fjalimin e tij u p\u00ebrqendrua<\/p>\n","protected":false},"author":6,"featured_media":20257,"comment_status":"open","ping_status":"open","sticky":false,"template":"","format":"standard","meta":{"footnotes":""},"categories":[58],"tags":[],"class_list":["post-20256","post","type-post","status-publish","format-standard","has-post-thumbnail","hentry","category-politike-sq"],"yoast_head":"<!-- This site is optimized with the Yoast SEO plugin v25.3.1 - https:\/\/yoast.com\/wordpress\/plugins\/seo\/ -->\n<title>Ish-ambasadori holandez: N\u00ebse ka proces t\u00eb drejt\u00eb, ish- krer\u00ebt e U\u00c7K-s\u00eb do t\u00eb shpallen t\u00eb pafajsh\u00ebm -<\/title>\n<meta name=\"robots\" content=\"index, follow, max-snippet:-1, max-image-preview:large, max-video-preview:-1\" \/>\n<link rel=\"canonical\" href=\"https:\/\/veritasinfo.org\/?p=20256\" \/>\n<meta property=\"og:locale\" content=\"en_US\" \/>\n<meta property=\"og:type\" content=\"article\" \/>\n<meta property=\"og:title\" content=\"Ish-ambasadori holandez: N\u00ebse ka proces t\u00eb drejt\u00eb, ish- krer\u00ebt e U\u00c7K-s\u00eb do t\u00eb shpallen t\u00eb pafajsh\u00ebm -\" \/>\n<meta property=\"og:description\" content=\"Prishtin\u00eb 14 N\u00ebntor 2025 09:33 Ish-ambasadori holandez, Robert Bosch, ka zhvilluar nj\u00eb vizit\u00eb n\u00eb nj\u00eb kolegj n\u00eb Kosov\u00eb, ku n\u00eb fjalimin e tij u p\u00ebrqendrua\" \/>\n<meta property=\"og:url\" content=\"https:\/\/veritasinfo.org\/?p=20256\" \/>\n<meta property=\"article:published_time\" content=\"2025-11-14T08:33:46+00:00\" \/>\n<meta property=\"og:image\" content=\"https:\/\/veritasinfo.org\/wp-content\/uploads\/2025\/11\/Robert-Bosch.jpg\" \/>\n\t<meta property=\"og:image:width\" content=\"780\" \/>\n\t<meta property=\"og:image:height\" content=\"439\" \/>\n\t<meta property=\"og:image:type\" content=\"image\/jpeg\" \/>\n<meta name=\"author\" content=\"US5\" \/>\n<meta name=\"twitter:card\" content=\"summary_large_image\" \/>\n<meta name=\"twitter:label1\" content=\"Written by\" \/>\n\t<meta name=\"twitter:data1\" content=\"US5\" \/>\n\t<meta name=\"twitter:label2\" content=\"Est. reading time\" \/>\n\t<meta name=\"twitter:data2\" content=\"1 minute\" \/>\n<script type=\"application\/ld+json\" class=\"yoast-schema-graph\">{\"@context\":\"https:\/\/schema.org\",\"@graph\":[{\"@type\":\"WebPage\",\"@id\":\"https:\/\/veritasinfo.org\/?p=20256\",\"url\":\"https:\/\/veritasinfo.org\/?p=20256\",\"name\":\"Ish-ambasadori holandez: N\u00ebse ka proces t\u00eb drejt\u00eb, ish- krer\u00ebt e U\u00c7K-s\u00eb do t\u00eb shpallen t\u00eb pafajsh\u00ebm -\",\"isPartOf\":{\"@id\":\"https:\/\/veritasinfo.org\/#website\"},\"primaryImageOfPage\":{\"@id\":\"https:\/\/veritasinfo.org\/?p=20256#primaryimage\"},\"image\":{\"@id\":\"https:\/\/veritasinfo.org\/?p=20256#primaryimage\"},\"thumbnailUrl\":\"https:\/\/veritasinfo.org\/wp-content\/uploads\/2025\/11\/Robert-Bosch.jpg\",\"datePublished\":\"2025-11-14T08:33:46+00:00\",\"author\":{\"@id\":\"https:\/\/veritasinfo.org\/#\/schema\/person\/bc442336e35414d04494ab8fb45db4c6\"},\"breadcrumb\":{\"@id\":\"https:\/\/veritasinfo.org\/?p=20256#breadcrumb\"},\"inLanguage\":\"en-US\",\"potentialAction\":[{\"@type\":\"ReadAction\",\"target\":[\"https:\/\/veritasinfo.org\/?p=20256\"]}]},{\"@type\":\"ImageObject\",\"inLanguage\":\"en-US\",\"@id\":\"https:\/\/veritasinfo.org\/?p=20256#primaryimage\",\"url\":\"https:\/\/veritasinfo.org\/wp-content\/uploads\/2025\/11\/Robert-Bosch.jpg\",\"contentUrl\":\"https:\/\/veritasinfo.org\/wp-content\/uploads\/2025\/11\/Robert-Bosch.jpg\",\"width\":780,\"height\":439},{\"@type\":\"BreadcrumbList\",\"@id\":\"https:\/\/veritasinfo.org\/?p=20256#breadcrumb\",\"itemListElement\":[{\"@type\":\"ListItem\",\"position\":1,\"name\":\"Home\",\"item\":\"https:\/\/veritasinfo.org\/\"},{\"@type\":\"ListItem\",\"position\":2,\"name\":\"Ish-ambasadori holandez: N\u00ebse ka proces t\u00eb drejt\u00eb, ish- krer\u00ebt e U\u00c7K-s\u00eb do t\u00eb shpallen t\u00eb pafajsh\u00ebm\"}]},{\"@type\":\"WebSite\",\"@id\":\"https:\/\/veritasinfo.org\/#website\",\"url\":\"https:\/\/veritasinfo.org\/\",\"name\":\"\",\"description\":\"\",\"potentialAction\":[{\"@type\":\"SearchAction\",\"target\":{\"@type\":\"EntryPoint\",\"urlTemplate\":\"https:\/\/veritasinfo.org\/?s={search_term_string}\"},\"query-input\":{\"@type\":\"PropertyValueSpecification\",\"valueRequired\":true,\"valueName\":\"search_term_string\"}}],\"inLanguage\":\"en-US\"},{\"@type\":\"Person\",\"@id\":\"https:\/\/veritasinfo.org\/#\/schema\/person\/bc442336e35414d04494ab8fb45db4c6\",\"name\":\"US5\",\"image\":{\"@type\":\"ImageObject\",\"inLanguage\":\"en-US\",\"@id\":\"https:\/\/veritasinfo.org\/#\/schema\/person\/image\/\",\"url\":\"https:\/\/secure.gravatar.com\/avatar\/16a61e7272a0c5d001121ebb9e60e925d5816e4ac1e443ed3e640d9a6ae55d0c?s=96&d=mm&r=g\",\"contentUrl\":\"https:\/\/secure.gravatar.com\/avatar\/16a61e7272a0c5d001121ebb9e60e925d5816e4ac1e443ed3e640d9a6ae55d0c?s=96&d=mm&r=g\",\"caption\":\"US5\"},\"url\":\"https:\/\/veritasinfo.org\/?author=6\"}]}<\/script>\n<!-- \/ Yoast SEO plugin. -->","yoast_head_json":{"title":"Ish-ambasadori holandez: N\u00ebse ka proces t\u00eb drejt\u00eb, ish- krer\u00ebt e U\u00c7K-s\u00eb do t\u00eb shpallen t\u00eb pafajsh\u00ebm -","robots":{"index":"index","follow":"follow","max-snippet":"max-snippet:-1","max-image-preview":"max-image-preview:large","max-video-preview":"max-video-preview:-1"},"canonical":"https:\/\/veritasinfo.org\/?p=20256","og_locale":"en_US","og_type":"article","og_title":"Ish-ambasadori holandez: N\u00ebse ka proces t\u00eb drejt\u00eb, ish- krer\u00ebt e U\u00c7K-s\u00eb do t\u00eb shpallen t\u00eb pafajsh\u00ebm -","og_description":"Prishtin\u00eb 14 N\u00ebntor 2025 09:33 Ish-ambasadori holandez, Robert Bosch, ka zhvilluar nj\u00eb vizit\u00eb n\u00eb nj\u00eb kolegj n\u00eb Kosov\u00eb, ku n\u00eb fjalimin e tij u p\u00ebrqendrua","og_url":"https:\/\/veritasinfo.org\/?p=20256","article_published_time":"2025-11-14T08:33:46+00:00","og_image":[{"width":780,"height":439,"url":"https:\/\/veritasinfo.org\/wp-content\/uploads\/2025\/11\/Robert-Bosch.jpg","type":"image\/jpeg"}],"author":"US5","twitter_card":"summary_large_image","twitter_misc":{"Written by":"US5","Est. reading time":"1 minute"},"schema":{"@context":"https:\/\/schema.org","@graph":[{"@type":"WebPage","@id":"https:\/\/veritasinfo.org\/?p=20256","url":"https:\/\/veritasinfo.org\/?p=20256","name":"Ish-ambasadori holandez: N\u00ebse ka proces t\u00eb drejt\u00eb, ish- krer\u00ebt e U\u00c7K-s\u00eb do t\u00eb shpallen t\u00eb pafajsh\u00ebm -","isPartOf":{"@id":"https:\/\/veritasinfo.org\/#website"},"primaryImageOfPage":{"@id":"https:\/\/veritasinfo.org\/?p=20256#primaryimage"},"image":{"@id":"https:\/\/veritasinfo.org\/?p=20256#primaryimage"},"thumbnailUrl":"https:\/\/veritasinfo.org\/wp-content\/uploads\/2025\/11\/Robert-Bosch.jpg","datePublished":"2025-11-14T08:33:46+00:00","author":{"@id":"https:\/\/veritasinfo.org\/#\/schema\/person\/bc442336e35414d04494ab8fb45db4c6"},"breadcrumb":{"@id":"https:\/\/veritasinfo.org\/?p=20256#breadcrumb"},"inLanguage":"en-US","potentialAction":[{"@type":"ReadAction","target":["https:\/\/veritasinfo.org\/?p=20256"]}]},{"@type":"ImageObject","inLanguage":"en-US","@id":"https:\/\/veritasinfo.org\/?p=20256#primaryimage","url":"https:\/\/veritasinfo.org\/wp-content\/uploads\/2025\/11\/Robert-Bosch.jpg","contentUrl":"https:\/\/veritasinfo.org\/wp-content\/uploads\/2025\/11\/Robert-Bosch.jpg","width":780,"height":439},{"@type":"BreadcrumbList","@id":"https:\/\/veritasinfo.org\/?p=20256#breadcrumb","itemListElement":[{"@type":"ListItem","position":1,"name":"Home","item":"https:\/\/veritasinfo.org\/"},{"@type":"ListItem","position":2,"name":"Ish-ambasadori holandez: N\u00ebse ka proces t\u00eb drejt\u00eb, ish- krer\u00ebt e U\u00c7K-s\u00eb do t\u00eb shpallen t\u00eb pafajsh\u00ebm"}]},{"@type":"WebSite","@id":"https:\/\/veritasinfo.org\/#website","url":"https:\/\/veritasinfo.org\/","name":"","description":"","potentialAction":[{"@type":"SearchAction","target":{"@type":"EntryPoint","urlTemplate":"https:\/\/veritasinfo.org\/?s={search_term_string}"},"query-input":{"@type":"PropertyValueSpecification","valueRequired":true,"valueName":"search_term_string"}}],"inLanguage":"en-US"},{"@type":"Person","@id":"https:\/\/veritasinfo.org\/#\/schema\/person\/bc442336e35414d04494ab8fb45db4c6","name":"US5","image":{"@type":"ImageObject","inLanguage":"en-US","@id":"https:\/\/veritasinfo.org\/#\/schema\/person\/image\/","url":"https:\/\/secure.gravatar.com\/avatar\/16a61e7272a0c5d001121ebb9e60e925d5816e4ac1e443ed3e640d9a6ae55d0c?s=96&d=mm&r=g","contentUrl":"https:\/\/secure.gravatar.com\/avatar\/16a61e7272a0c5d001121ebb9e60e925d5816e4ac1e443ed3e640d9a6ae55d0c?s=96&d=mm&r=g","caption":"US5"},"url":"https:\/\/veritasinfo.org\/?author=6"}]}},"featured_image_urls":{"full":["https:\/\/veritasinfo.org\/wp-content\/uploads\/2025\/11\/Robert-Bosch.jpg",780,439,false],"thumbnail":["https:\/\/veritasinfo.org\/wp-content\/uploads\/2025\/11\/Robert-Bosch-150x150.jpg",150,150,true],"medium":["https:\/\/veritasinfo.org\/wp-content\/uploads\/2025\/11\/Robert-Bosch-300x169.jpg",300,169,true],"medium_large":["https:\/\/veritasinfo.org\/wp-content\/uploads\/2025\/11\/Robert-Bosch-768x432.jpg",640,360,true],"large":["https:\/\/veritasinfo.org\/wp-content\/uploads\/2025\/11\/Robert-Bosch.jpg",640,360,false],"1536x1536":["https:\/\/veritasinfo.org\/wp-content\/uploads\/2025\/11\/Robert-Bosch.jpg",780,439,false],"2048x2048":["https:\/\/veritasinfo.org\/wp-content\/uploads\/2025\/11\/Robert-Bosch.jpg",780,439,false],"kreeti-slider-full":["https:\/\/veritasinfo.org\/wp-content\/uploads\/2025\/11\/Robert-Bosch.jpg",780,439,false],"kreeti-featured":["https:\/\/veritasinfo.org\/wp-content\/uploads\/2025\/11\/Robert-Bosch.jpg",780,439,false],"kreeti-medium":["https:\/\/veritasinfo.org\/wp-content\/uploads\/2025\/11\/Robert-Bosch.jpg",720,405,false],"kreeti-medium-square":["https:\/\/veritasinfo.org\/wp-content\/uploads\/2025\/11\/Robert-Bosch.jpg",350,197,false]},"author_info":{"info":["US5"]},"category_info":"<a href=\"https:\/\/veritasinfo.org\/?cat=58\" rel=\"category\">Politik\u00eb<\/a>","tag_info":"Politik\u00eb","comment_count":"0","_links":{"self":[{"href":"https:\/\/veritasinfo.org\/index.php?rest_route=\/wp\/v2\/posts\/20256","targetHints":{"allow":["GET"]}}],"collection":[{"href":"https:\/\/veritasinfo.org\/index.php?rest_route=\/wp\/v2\/posts"}],"about":[{"href":"https:\/\/veritasinfo.org\/index.php?rest_route=\/wp\/v2\/types\/post"}],"author":[{"embeddable":true,"href":"https:\/\/veritasinfo.org\/index.php?rest_route=\/wp\/v2\/users\/6"}],"replies":[{"embeddable":true,"href":"https:\/\/veritasinfo.org\/index.php?rest_route=%2Fwp%2Fv2%2Fcomments&post=20256"}],"version-history":[{"count":1,"href":"https:\/\/veritasinfo.org\/index.php?rest_route=\/wp\/v2\/posts\/20256\/revisions"}],"predecessor-version":[{"id":20258,"href":"https:\/\/veritasinfo.org\/index.php?rest_route=\/wp\/v2\/posts\/20256\/revisions\/20258"}],"wp:featuredmedia":[{"embeddable":true,"href":"https:\/\/veritasinfo.org\/index.php?rest_route=\/wp\/v2\/media\/20257"}],"wp:attachment":[{"href":"https:\/\/veritasinfo.org\/index.php?rest_route=%2Fwp%2Fv2%2Fmedia&parent=20256"}],"wp:term":[{"taxonomy":"category","embeddable":true,"href":"https:\/\/veritasinfo.org\/index.php?rest_route=%2Fwp%2Fv2%2Fcategories&post=20256"},{"taxonomy":"post_tag","embeddable":true,"href":"https:\/\/veritasinfo.org\/index.php?rest_route=%2Fwp%2Fv2%2Ftags&post=20256"}],"curies":[{"name":"wp","href":"https:\/\/api.w.org\/{rel}","templated":true}]}}