{"id":20239,"date":"2025-11-14T08:44:58","date_gmt":"2025-11-14T07:44:58","guid":{"rendered":"https:\/\/veritasinfo.org\/?p=20239"},"modified":"2025-11-14T08:49:22","modified_gmt":"2025-11-14T07:49:22","slug":"plenumi-rajonal-lufta-kunder-botes-serbe-eshte-nje-lufte-per-demokraci-dhe-sovranitet","status":"publish","type":"post","link":"https:\/\/veritasinfo.org\/?p=20239","title":{"rendered":"Plenumi rajonal: Lufta kund\u00ebr bot\u00ebs serbe \u00ebsht\u00eb nj\u00eb luft\u00eb p\u00ebr demokraci dhe sovranitet"},"content":{"rendered":"<p><strong>Podgoric\u00eb, 14 n\u00ebntor 2025, 08:45<\/strong><\/p>\n<p>Ideologjia e &#8220;bot\u00ebs serbe&#8221; \u00ebsht\u00eb nj\u00eb vazhdim i projekteve t\u00eb Serbis\u00eb s\u00eb Madhe nga shekulli i 19-t\u00eb deri n\u00eb dit\u00ebt e sotme, dhe p\u00ebr t\u00eb luftuar kund\u00ebr k\u00ebsaj ideje n\u00eb Mal t\u00eb Zi, \u00ebsht\u00eb e nevojshme t\u00eb theksohet \u00e7\u00ebshtja komb\u00ebtare malazeze dhe t\u00eb ngrihet \u00e7\u00ebshtja e funksionimit t\u00eb kish\u00ebs si nj\u00eb nga parakushtet themelore p\u00ebr stabilitet. Kjo u tha, nd\u00ebr t\u00eb tjera, n\u00eb panelin &#8220;Kuptimi i &#8220;bot\u00ebs serbe&#8221;: k\u00ebrc\u00ebnime p\u00ebr demokracin\u00eb dhe identitetet&#8221; gjat\u00eb pjes\u00ebs s\u00eb dyt\u00eb t\u00eb plenumit rajonal &#8220;\u00c7arje n\u00eb demokraci: nacionalizmi dhe klerikalizmi n\u00eb Ballkanin Per\u00ebndimor&#8221;, t\u00eb organizuar bashk\u00ebrisht nga Qendra p\u00ebr Edukim Qytetar (CGO), Akademia Rajonale p\u00ebr Zhvillimin e Demokracis\u00eb (ADD) nga Novi Sadi, Fakulteti i Shkencave Politike i Universitetit t\u00eb Sarajev\u00ebs (FPN) dhe Fondacioni Gjerman Friedrich Ebert (FES).<\/p>\n<p>Drejtori i Rrjetit t\u00eb Ballkanit Per\u00ebndimor, Dr. Boban Batriqevi1, kujtoi se gjenialiteti i s\u00eb keqes s\u00eb Holokaustit u reflektua n\u00eb faktin se Gjermania naziste doli me nj\u00eb m\u00ebnyr\u00eb p\u00ebr t\u00eb organizuar q\u00eb njer\u00ebzit q\u00eb u \u00e7uan n\u00eb furra t\u00eb vuanin duke financuar gjith\u00e7ka vet\u00eb &#8211; shkuarjen n\u00eb kampe, akomodimin dhe ushqimin, sepse ata punonin, kishin nj\u00eb rrog\u00eb dhe paguheshin p\u00ebr t&#8217;u shkat\u00ebrruar.<\/p>\n<p>Batriqeviq theksoi se nuk \u00ebsht\u00eb e mundur t\u00eb p\u00ebrgatitet terreni paraprakisht p\u00ebr luft\u00ebn kund\u00ebr ideologjis\u00eb s\u00eb &#8220;bot\u00ebs serbe&#8221; sepse \u00ebsht\u00eb nj\u00eb koncept apatik. Sipas tij, kjo ideologji n\u00eb Bosnj\u00eb dhe Hercegovin\u00eb (BiH) kontrollon 49 p\u00ebrqind t\u00eb territorit, n\u00eb Mal t\u00eb Zi ka nj\u00eb pik\u00ebmb\u00ebshtetje historike dhe mund t\u00eb sundoj\u00eb t\u00eb gjith\u00eb aparatin shtet\u00ebror, gj\u00eb q\u00eb nuk mund ta b\u00ebj\u00eb n\u00eb BiH, dhe n\u00eb Kosov\u00eb sot \u00ebsht\u00eb e pranishme vet\u00ebm simbolikisht.<\/p>\n<p>\u201cUn\u00eb besoj se \u201cbota serbe\u201d \u00ebsht\u00eb e organizuar mir\u00eb, sepse mb\u00ebshtetet n\u00eb nj\u00eb paradigm\u00eb inteligjence, ekonomike, mediatike dhe kulturore, e cila i lejon Serbis\u00eb t\u00eb nd\u00ebrhyj\u00eb n\u00eb vendet e pavarura n\u00eb fqinj\u00ebsi\u201d, tha ai, duke shtuar se \u00ebsht\u00eb problematike q\u00eb partner\u00ebt per\u00ebndimor\u00eb nuk e shohin sa e sofistikuar \u00ebsht\u00eb kjo ide, n\u00eb shembullin e Malit t\u00eb Zi\u201d, theksoi ai.<\/p>\n<p>Historiani nga Serbia, Dr. Milivoj Beshlin, tha se nga pik\u00ebpamja e Serbis\u00eb, ideja e &#8220;bot\u00ebs serbe&#8221; nuk \u00ebsht\u00eb e re, por vet\u00ebm nj\u00eb term i ri, i cili \u00ebsht\u00eb marr\u00eb nga propaganda shtet\u00ebrore ruse, dhe koncepti \u00ebsht\u00eb i njohur q\u00eb nga shekulli i 19-t\u00eb n\u00ebn emrin Serbia e Madhe.<\/p>\n<p>&#8220;Kjo ide e &#8220;bot\u00ebs serbe&#8221;, e cila dikur quhej &#8220;atdheu yn\u00eb i zgjeruar&#8221; kur mbret\u00ebria e Serb\u00ebve, Kroat\u00ebve dhe Slloven\u00ebve dhe &#8220;Serbia Homogjene&#8221; u krijua gjat\u00eb l\u00ebvizjes \u00e7etnike, dhe dikur Serbia e zgjeruar, n\u00eb thelb ka nj\u00eb territor dhe n\u00eb thelb p\u00ebrfshin t\u00eb gjitha territoret ku jetojn\u00eb Serb\u00ebt, prandaj \u00e7\u00ebshtja serbe n\u00eb rajon shihet si nj\u00eb \u00e7\u00ebshtje territoriale. Territori \u00ebsht\u00eb ajo q\u00eb ishte thelb\u00ebsore p\u00ebr ta&#8221;, shpjegoi ai.<\/p>\n<p>Profesori i Fakultetit t\u00eb Shkencave Politike t\u00eb Universitetit t\u00eb Sarajev\u00ebs, Dr. Shaqir Filandra, tha se BiH ka qen\u00eb nj\u00eb objekt i &#8220;bot\u00ebs serbe&#8221; p\u00ebr 150 vitet e fundit n\u00eb nj\u00eb kuptim efektiv. Megjithat\u00eb, sipas mendimit t\u00eb tij, &#8220;bota serbe&#8221; dhe Serbia e Madhe nuk jan\u00eb sinonime.<\/p>\n<p>&#8220;Projekti i Serbis\u00eb s\u00eb Madhe ka d\u00ebshtuar padyshim si nj\u00eb projekt shtet\u00ebror, \u00ebsht\u00eb e v\u00ebshtir\u00eb p\u00ebr mbajt\u00ebsit e k\u00ebtij projekti ta pranojn\u00eb, por ka d\u00ebshtuar. &#8220;Bota serbe&#8221; shfaqet si nj\u00eb z\u00ebvend\u00ebsim kulturor q\u00eb p\u00ebrshtatet me rrethanat e reja gjeopolitike t\u00eb Evrop\u00ebs dhe \u00ebsht\u00eb rezultat i disfat\u00ebs s\u00eb Serbis\u00eb s\u00eb Madhe&#8221;, tha Filandra.<\/p>\n<p>Shkrimtari, gazetari, politikani dhe aktivisti i shoq\u00ebris\u00eb civile nga Kosova, Veton Surroi, beson se Serbia \u00ebsht\u00eb m\u00eb af\u00ebr Rusis\u00eb sot sesa kur u b\u00eb kandidate p\u00ebr an\u00ebtar\u00ebsim n\u00eb BE.<\/p>\n<p>&#8220;Paradoksi i dyt\u00eb \u00ebsht\u00eb se sot Serbia \u00ebsht\u00eb n\u00eb nj\u00eb situat\u00eb shum\u00eb m\u00eb t\u00eb keqe sesa ishte at\u00ebher\u00eb, dhe n\u00eb nj\u00eb pjes\u00eb t\u00eb kritereve t\u00eb Kopenhagenit&#8221;, tha Surroi.<\/p>\n<p>Ai gjithashtu deklaroi se sot Serbia \u00ebsht\u00eb n\u00eb nj\u00eb mas\u00eb m\u00eb t\u00eb madhe nj\u00eb faktor destabilizues n\u00eb rajon sesa ishte kur hapi negociatat. &#8220;Negociatat me BE-n\u00eb nuk do t\u00eb thot\u00eb domosdoshm\u00ebrisht se ato do t\u00eb ndryshojn\u00eb situat\u00ebn n\u00eb Serbi&#8221;, tha Surroi.<\/p>\n<p>Ai theksoi se problemi kryesor i &#8220;bot\u00ebs serbe&#8221; \u00ebsht\u00eb se rajoni jeton n\u00eb luft\u00ebra t\u00eb pap\u00ebrfunduara dhe shtete t\u00eb pap\u00ebrfunduara. &#8220;Luft\u00ebrat jan\u00eb t\u00eb pap\u00ebrfunduara n\u00eb BiH dhe Kosov\u00eb. Bosnja ka jetuar me Dejtonin, i cili \u00ebsht\u00eb nj\u00eb marr\u00ebveshje arm\u00ebpushimi, p\u00ebr 30 vjet, Kosova dhe Serbia po jetojn\u00eb n\u00eb nj\u00eb luft\u00eb t\u00eb pap\u00ebrfunduar me Marr\u00ebveshjen e Kumanov\u00ebs, e cila i jep fund armiq\u00ebsive, por nuk \u00ebsht\u00eb paqe. Tani lufta po zhvillohet me mjete t\u00eb tjera&#8221;, tha Surroi.<\/p>\n<p>Konsulentja e komunikimit strategjik dhe ish-k\u00ebshilltarja e Kryeministres s\u00eb Maqedonis\u00eb s\u00eb Veriut, Svetlana Siljanoska, tha se n\u00eb Maqedonin\u00eb e Veriut nuk d\u00ebgjojn\u00eb shum\u00eb p\u00ebr &#8220;bot\u00ebn serbe&#8221; dhe se aktualisht narrativa ruse \u00ebsht\u00eb shum\u00eb m\u00eb e pranishme. &#8220;Miq\u00ebsia midis Maqedonis\u00eb, Serbis\u00eb dhe Hungaris\u00eb komentohet shum\u00eb m\u00eb tep\u00ebr n\u00eb shoq\u00ebrin\u00eb ton\u00eb, p\u00ebr shkak t\u00eb Qeveris\u00eb s\u00eb re dhe p\u00ebr shkak t\u00eb Hungaris\u00eb, e cila pati implikime t\u00eb drejtp\u00ebrdrejta p\u00ebr shoq\u00ebrin\u00eb&#8221;, tha Siljanoska.<\/p>\n","protected":false},"excerpt":{"rendered":"<p>Podgoric\u00eb, 14 n\u00ebntor 2025, 08:45 Ideologjia e &#8220;bot\u00ebs serbe&#8221; \u00ebsht\u00eb nj\u00eb vazhdim i projekteve t\u00eb Serbis\u00eb s\u00eb Madhe nga shekulli i 19-t\u00eb deri n\u00eb dit\u00ebt<\/p>\n","protected":false},"author":2,"featured_media":20240,"comment_status":"open","ping_status":"open","sticky":false,"template":"","format":"standard","meta":{"footnotes":""},"categories":[58],"tags":[],"class_list":["post-20239","post","type-post","status-publish","format-standard","has-post-thumbnail","hentry","category-politike-sq"],"yoast_head":"<!-- This site is optimized with the Yoast SEO plugin v25.3.1 - https:\/\/yoast.com\/wordpress\/plugins\/seo\/ -->\n<title>Plenumi rajonal: Lufta kund\u00ebr bot\u00ebs serbe \u00ebsht\u00eb nj\u00eb luft\u00eb p\u00ebr demokraci dhe sovranitet -<\/title>\n<meta name=\"robots\" content=\"index, follow, max-snippet:-1, max-image-preview:large, max-video-preview:-1\" \/>\n<link rel=\"canonical\" href=\"https:\/\/veritasinfo.org\/?p=20239\" \/>\n<meta property=\"og:locale\" content=\"en_US\" \/>\n<meta property=\"og:type\" content=\"article\" \/>\n<meta property=\"og:title\" content=\"Plenumi rajonal: Lufta kund\u00ebr bot\u00ebs serbe \u00ebsht\u00eb nj\u00eb luft\u00eb p\u00ebr demokraci dhe sovranitet -\" \/>\n<meta property=\"og:description\" content=\"Podgoric\u00eb, 14 n\u00ebntor 2025, 08:45 Ideologjia e &#8220;bot\u00ebs serbe&#8221; \u00ebsht\u00eb nj\u00eb vazhdim i projekteve t\u00eb Serbis\u00eb s\u00eb Madhe nga shekulli i 19-t\u00eb deri n\u00eb dit\u00ebt\" \/>\n<meta property=\"og:url\" content=\"https:\/\/veritasinfo.org\/?p=20239\" \/>\n<meta property=\"article:published_time\" content=\"2025-11-14T07:44:58+00:00\" \/>\n<meta property=\"article:modified_time\" content=\"2025-11-14T07:49:22+00:00\" \/>\n<meta property=\"og:image\" content=\"https:\/\/veritasinfo.org\/wp-content\/uploads\/2025\/11\/paneli.webp\" \/>\n\t<meta property=\"og:image:width\" content=\"1068\" \/>\n\t<meta property=\"og:image:height\" content=\"712\" \/>\n\t<meta property=\"og:image:type\" content=\"image\/webp\" \/>\n<meta name=\"author\" content=\"US1\" \/>\n<meta name=\"twitter:card\" content=\"summary_large_image\" \/>\n<meta name=\"twitter:label1\" content=\"Written by\" \/>\n\t<meta name=\"twitter:data1\" content=\"US1\" \/>\n\t<meta name=\"twitter:label2\" content=\"Est. reading time\" \/>\n\t<meta name=\"twitter:data2\" content=\"4 minutes\" \/>\n<script type=\"application\/ld+json\" class=\"yoast-schema-graph\">{\"@context\":\"https:\/\/schema.org\",\"@graph\":[{\"@type\":\"WebPage\",\"@id\":\"https:\/\/veritasinfo.org\/?p=20239\",\"url\":\"https:\/\/veritasinfo.org\/?p=20239\",\"name\":\"Plenumi rajonal: Lufta kund\u00ebr bot\u00ebs serbe \u00ebsht\u00eb nj\u00eb luft\u00eb p\u00ebr demokraci dhe sovranitet -\",\"isPartOf\":{\"@id\":\"https:\/\/veritasinfo.org\/#website\"},\"primaryImageOfPage\":{\"@id\":\"https:\/\/veritasinfo.org\/?p=20239#primaryimage\"},\"image\":{\"@id\":\"https:\/\/veritasinfo.org\/?p=20239#primaryimage\"},\"thumbnailUrl\":\"https:\/\/veritasinfo.org\/wp-content\/uploads\/2025\/11\/paneli.webp\",\"datePublished\":\"2025-11-14T07:44:58+00:00\",\"dateModified\":\"2025-11-14T07:49:22+00:00\",\"author\":{\"@id\":\"https:\/\/veritasinfo.org\/#\/schema\/person\/c2b8be262ea994d0995addca692c5e98\"},\"breadcrumb\":{\"@id\":\"https:\/\/veritasinfo.org\/?p=20239#breadcrumb\"},\"inLanguage\":\"en-US\",\"potentialAction\":[{\"@type\":\"ReadAction\",\"target\":[\"https:\/\/veritasinfo.org\/?p=20239\"]}]},{\"@type\":\"ImageObject\",\"inLanguage\":\"en-US\",\"@id\":\"https:\/\/veritasinfo.org\/?p=20239#primaryimage\",\"url\":\"https:\/\/veritasinfo.org\/wp-content\/uploads\/2025\/11\/paneli.webp\",\"contentUrl\":\"https:\/\/veritasinfo.org\/wp-content\/uploads\/2025\/11\/paneli.webp\",\"width\":1068,\"height\":712},{\"@type\":\"BreadcrumbList\",\"@id\":\"https:\/\/veritasinfo.org\/?p=20239#breadcrumb\",\"itemListElement\":[{\"@type\":\"ListItem\",\"position\":1,\"name\":\"Home\",\"item\":\"https:\/\/veritasinfo.org\/\"},{\"@type\":\"ListItem\",\"position\":2,\"name\":\"Plenumi rajonal: Lufta kund\u00ebr bot\u00ebs serbe \u00ebsht\u00eb nj\u00eb luft\u00eb p\u00ebr demokraci dhe sovranitet\"}]},{\"@type\":\"WebSite\",\"@id\":\"https:\/\/veritasinfo.org\/#website\",\"url\":\"https:\/\/veritasinfo.org\/\",\"name\":\"\",\"description\":\"\",\"potentialAction\":[{\"@type\":\"SearchAction\",\"target\":{\"@type\":\"EntryPoint\",\"urlTemplate\":\"https:\/\/veritasinfo.org\/?s={search_term_string}\"},\"query-input\":{\"@type\":\"PropertyValueSpecification\",\"valueRequired\":true,\"valueName\":\"search_term_string\"}}],\"inLanguage\":\"en-US\"},{\"@type\":\"Person\",\"@id\":\"https:\/\/veritasinfo.org\/#\/schema\/person\/c2b8be262ea994d0995addca692c5e98\",\"name\":\"US1\",\"image\":{\"@type\":\"ImageObject\",\"inLanguage\":\"en-US\",\"@id\":\"https:\/\/veritasinfo.org\/#\/schema\/person\/image\/\",\"url\":\"https:\/\/secure.gravatar.com\/avatar\/4e96a59bd256abf9956eb9963ac891a47461ffb364d47b0e9aab113328fdb75b?s=96&d=mm&r=g\",\"contentUrl\":\"https:\/\/secure.gravatar.com\/avatar\/4e96a59bd256abf9956eb9963ac891a47461ffb364d47b0e9aab113328fdb75b?s=96&d=mm&r=g\",\"caption\":\"US1\"},\"url\":\"https:\/\/veritasinfo.org\/?author=2\"}]}<\/script>\n<!-- \/ Yoast SEO plugin. -->","yoast_head_json":{"title":"Plenumi rajonal: Lufta kund\u00ebr bot\u00ebs serbe \u00ebsht\u00eb nj\u00eb luft\u00eb p\u00ebr demokraci dhe sovranitet -","robots":{"index":"index","follow":"follow","max-snippet":"max-snippet:-1","max-image-preview":"max-image-preview:large","max-video-preview":"max-video-preview:-1"},"canonical":"https:\/\/veritasinfo.org\/?p=20239","og_locale":"en_US","og_type":"article","og_title":"Plenumi rajonal: Lufta kund\u00ebr bot\u00ebs serbe \u00ebsht\u00eb nj\u00eb luft\u00eb p\u00ebr demokraci dhe sovranitet -","og_description":"Podgoric\u00eb, 14 n\u00ebntor 2025, 08:45 Ideologjia e &#8220;bot\u00ebs serbe&#8221; \u00ebsht\u00eb nj\u00eb vazhdim i projekteve t\u00eb Serbis\u00eb s\u00eb Madhe nga shekulli i 19-t\u00eb deri n\u00eb dit\u00ebt","og_url":"https:\/\/veritasinfo.org\/?p=20239","article_published_time":"2025-11-14T07:44:58+00:00","article_modified_time":"2025-11-14T07:49:22+00:00","og_image":[{"width":1068,"height":712,"url":"https:\/\/veritasinfo.org\/wp-content\/uploads\/2025\/11\/paneli.webp","type":"image\/webp"}],"author":"US1","twitter_card":"summary_large_image","twitter_misc":{"Written by":"US1","Est. reading time":"4 minutes"},"schema":{"@context":"https:\/\/schema.org","@graph":[{"@type":"WebPage","@id":"https:\/\/veritasinfo.org\/?p=20239","url":"https:\/\/veritasinfo.org\/?p=20239","name":"Plenumi rajonal: Lufta kund\u00ebr bot\u00ebs serbe \u00ebsht\u00eb nj\u00eb luft\u00eb p\u00ebr demokraci dhe sovranitet -","isPartOf":{"@id":"https:\/\/veritasinfo.org\/#website"},"primaryImageOfPage":{"@id":"https:\/\/veritasinfo.org\/?p=20239#primaryimage"},"image":{"@id":"https:\/\/veritasinfo.org\/?p=20239#primaryimage"},"thumbnailUrl":"https:\/\/veritasinfo.org\/wp-content\/uploads\/2025\/11\/paneli.webp","datePublished":"2025-11-14T07:44:58+00:00","dateModified":"2025-11-14T07:49:22+00:00","author":{"@id":"https:\/\/veritasinfo.org\/#\/schema\/person\/c2b8be262ea994d0995addca692c5e98"},"breadcrumb":{"@id":"https:\/\/veritasinfo.org\/?p=20239#breadcrumb"},"inLanguage":"en-US","potentialAction":[{"@type":"ReadAction","target":["https:\/\/veritasinfo.org\/?p=20239"]}]},{"@type":"ImageObject","inLanguage":"en-US","@id":"https:\/\/veritasinfo.org\/?p=20239#primaryimage","url":"https:\/\/veritasinfo.org\/wp-content\/uploads\/2025\/11\/paneli.webp","contentUrl":"https:\/\/veritasinfo.org\/wp-content\/uploads\/2025\/11\/paneli.webp","width":1068,"height":712},{"@type":"BreadcrumbList","@id":"https:\/\/veritasinfo.org\/?p=20239#breadcrumb","itemListElement":[{"@type":"ListItem","position":1,"name":"Home","item":"https:\/\/veritasinfo.org\/"},{"@type":"ListItem","position":2,"name":"Plenumi rajonal: Lufta kund\u00ebr bot\u00ebs serbe \u00ebsht\u00eb nj\u00eb luft\u00eb p\u00ebr demokraci dhe sovranitet"}]},{"@type":"WebSite","@id":"https:\/\/veritasinfo.org\/#website","url":"https:\/\/veritasinfo.org\/","name":"","description":"","potentialAction":[{"@type":"SearchAction","target":{"@type":"EntryPoint","urlTemplate":"https:\/\/veritasinfo.org\/?s={search_term_string}"},"query-input":{"@type":"PropertyValueSpecification","valueRequired":true,"valueName":"search_term_string"}}],"inLanguage":"en-US"},{"@type":"Person","@id":"https:\/\/veritasinfo.org\/#\/schema\/person\/c2b8be262ea994d0995addca692c5e98","name":"US1","image":{"@type":"ImageObject","inLanguage":"en-US","@id":"https:\/\/veritasinfo.org\/#\/schema\/person\/image\/","url":"https:\/\/secure.gravatar.com\/avatar\/4e96a59bd256abf9956eb9963ac891a47461ffb364d47b0e9aab113328fdb75b?s=96&d=mm&r=g","contentUrl":"https:\/\/secure.gravatar.com\/avatar\/4e96a59bd256abf9956eb9963ac891a47461ffb364d47b0e9aab113328fdb75b?s=96&d=mm&r=g","caption":"US1"},"url":"https:\/\/veritasinfo.org\/?author=2"}]}},"featured_image_urls":{"full":["https:\/\/veritasinfo.org\/wp-content\/uploads\/2025\/11\/paneli.webp",1068,712,false],"thumbnail":["https:\/\/veritasinfo.org\/wp-content\/uploads\/2025\/11\/paneli-150x150.webp",150,150,true],"medium":["https:\/\/veritasinfo.org\/wp-content\/uploads\/2025\/11\/paneli-300x200.webp",300,200,true],"medium_large":["https:\/\/veritasinfo.org\/wp-content\/uploads\/2025\/11\/paneli-768x512.webp",640,427,true],"large":["https:\/\/veritasinfo.org\/wp-content\/uploads\/2025\/11\/paneli-1024x683.webp",640,427,true],"1536x1536":["https:\/\/veritasinfo.org\/wp-content\/uploads\/2025\/11\/paneli.webp",1068,712,false],"2048x2048":["https:\/\/veritasinfo.org\/wp-content\/uploads\/2025\/11\/paneli.webp",1068,712,false],"kreeti-slider-full":["https:\/\/veritasinfo.org\/wp-content\/uploads\/2025\/11\/paneli.webp",1068,712,false],"kreeti-featured":["https:\/\/veritasinfo.org\/wp-content\/uploads\/2025\/11\/paneli.webp",1024,683,false],"kreeti-medium":["https:\/\/veritasinfo.org\/wp-content\/uploads\/2025\/11\/paneli.webp",720,480,false],"kreeti-medium-square":["https:\/\/veritasinfo.org\/wp-content\/uploads\/2025\/11\/paneli.webp",350,233,false]},"author_info":{"info":["US1"]},"category_info":"<a href=\"https:\/\/veritasinfo.org\/?cat=58\" rel=\"category\">Politik\u00eb<\/a>","tag_info":"Politik\u00eb","comment_count":"0","_links":{"self":[{"href":"https:\/\/veritasinfo.org\/index.php?rest_route=\/wp\/v2\/posts\/20239","targetHints":{"allow":["GET"]}}],"collection":[{"href":"https:\/\/veritasinfo.org\/index.php?rest_route=\/wp\/v2\/posts"}],"about":[{"href":"https:\/\/veritasinfo.org\/index.php?rest_route=\/wp\/v2\/types\/post"}],"author":[{"embeddable":true,"href":"https:\/\/veritasinfo.org\/index.php?rest_route=\/wp\/v2\/users\/2"}],"replies":[{"embeddable":true,"href":"https:\/\/veritasinfo.org\/index.php?rest_route=%2Fwp%2Fv2%2Fcomments&post=20239"}],"version-history":[{"count":2,"href":"https:\/\/veritasinfo.org\/index.php?rest_route=\/wp\/v2\/posts\/20239\/revisions"}],"predecessor-version":[{"id":20244,"href":"https:\/\/veritasinfo.org\/index.php?rest_route=\/wp\/v2\/posts\/20239\/revisions\/20244"}],"wp:featuredmedia":[{"embeddable":true,"href":"https:\/\/veritasinfo.org\/index.php?rest_route=\/wp\/v2\/media\/20240"}],"wp:attachment":[{"href":"https:\/\/veritasinfo.org\/index.php?rest_route=%2Fwp%2Fv2%2Fmedia&parent=20239"}],"wp:term":[{"taxonomy":"category","embeddable":true,"href":"https:\/\/veritasinfo.org\/index.php?rest_route=%2Fwp%2Fv2%2Fcategories&post=20239"},{"taxonomy":"post_tag","embeddable":true,"href":"https:\/\/veritasinfo.org\/index.php?rest_route=%2Fwp%2Fv2%2Ftags&post=20239"}],"curies":[{"name":"wp","href":"https:\/\/api.w.org\/{rel}","templated":true}]}}