{"id":20224,"date":"2025-11-14T08:13:33","date_gmt":"2025-11-14T07:13:33","guid":{"rendered":"https:\/\/veritasinfo.org\/?p=20224"},"modified":"2025-11-14T08:13:33","modified_gmt":"2025-11-14T07:13:33","slug":"nena-e-serbit-nga-kosova-qe-dyshohet-u-plagos-e-u-rrembye-nga-xhandarmeria-serbe-kerkon-ndihme-nga-eulex-i-dhe-kfor-i","status":"publish","type":"post","link":"https:\/\/veritasinfo.org\/?p=20224","title":{"rendered":"N\u00ebna e serbit nga Kosova q\u00eb dyshohet  u plagos e u rr\u00ebmbye nga xhandarm\u00ebria serbe, k\u00ebrkon ndihm\u00eb nga EULEX- i dhe KFOR \u2013 i"},"content":{"rendered":"<p>Prishtin\u00eb 14 n\u00eb N\u00ebntor 2025  08:12<\/p>\n<p>Nga Leposaviqi erdhi n\u00eb Prishtin\u00eb m\u00ebngjesin e s\u00eb enjtes.<\/p>\n<p>N\u00ebna e Millan Vukashinoviq, serbit nga Kosova i cili dyshohet  u plagos dhe m\u00eb par u rr\u00ebmbye nga xhandarm\u00ebria serbe, erdhi n\u00eb selin\u00eb e EULEX-it p\u00ebr t\u00eb k\u00ebrkuar ndihm\u00eb p\u00ebr t\u00eb birin e saj.<\/p>\n<p>N\u00eb nj\u00eb deklarat\u00eb p\u00ebr T\u00ebv\u00eb1, n\u00ebna e Vukashinoviqit tha nuk ka fare besim n\u00eb institucionet n\u00eb Beograd, andaj po k\u00ebrkon ndihm\u00eb nga nd\u00ebrkomb\u00ebtar\u00ebt.<\/p>\n<p>\u201cKam ardhur t\u00eb k\u00ebrkoj ndihm\u00eb nga EULEX-i, n\u00ebse mund t\u00eb m\u00eb takojn\u00eb, t\u00eb m\u00eb marrin birin tim sepse nuk kam besim n\u00eb institucionet e Serbis\u00eb. Dita e 13-t\u00eb dhe un\u00eb ose nuk marr informata, ose i marr informatat q\u00eb jan\u00eb kontradiktore. Vizitat nuk jan\u00eb t\u00eb lejuara, nuk e kam par\u00eb q\u00eb 13 dit\u00eb, nuk m\u00eb lejojn\u00eb as mua, as avokatin\u201d, u shpreh ajo.<\/p>\n<p>Ajo shkon edhe m\u00eb tutje, duke aluduar se i biri nuk \u00ebsht\u00eb fare duke u trajtuar n\u00eb spitalin e Nishit.<\/p>\n<p>\u201cNuk kam besim se \u00ebsht\u00eb duke u sh\u00ebruar atje, kam frik\u00eb nga m\u00eb e keqja. P\u00ebr k\u00ebt\u00eb arsye kam ardhur t\u00eb k\u00ebrkoj ndihm\u00eb nga EULEX-i dhe KFOR-i. Nuk e di, sepse \u00e7do dit\u00eb m\u00eb japin informata m\u00eb ndryshe. \u00c7do dit\u00eb ndryshojn\u00eb. Dit\u00ebn e 9t\u00eb m\u00eb kan\u00eb th\u00ebn\u00eb se duhet operim n\u00eb nyj\u00ebn e k\u00ebmb\u00ebs. N\u00eb fillim as nuk e kan\u00eb p\u00ebrmendur\u201d, tha ajo.<\/p>\n<p>E n\u00eb nj\u00eb p\u00ebrgjigje p\u00ebr T\u00ebv\u00eb1, EULEX ka konfirmuar se jan\u00eb duke e monitoruar rastin.<\/p>\n<p>Sipas z\u00ebdh\u00ebn\u00ebses, Nicolle Miller, EULEX \u00ebsht\u00eb i gatsh\u00ebm t\u00eb leht\u00ebsoi shk\u00ebmbimin e informacioneve midis Serbis\u00eb dhe Kosov\u00ebs n\u00ebse i k\u00ebrkohet nga institucionet e vendit.<\/p>\n<p>\u201cN\u00eb p\u00ebrputhje me mandatin ton\u00eb aktual, EULEX-i po e monitoron k\u00ebt\u00eb rast. P\u00ebr m\u00eb tep\u00ebr, EULEX-i \u00ebsht\u00eb i gatsh\u00ebm t\u00eb mb\u00ebshtes\u00eb hetimin duke leht\u00ebsuar shk\u00ebmbimin e informacionit policor midis Policis\u00eb s\u00eb Kosov\u00ebs dhe Interpolit, Europolit dhe Ministris\u00eb s\u00eb Brendshme t\u00eb Serbis\u00eb, n\u00ebse nj\u00eb ndihm\u00eb e till\u00eb k\u00ebrkohet nga institucionet p\u00ebrkat\u00ebse t\u00eb Kosov\u00ebs q\u00eb mbajn\u00eb p\u00ebrgjegj\u00ebsin\u00eb p\u00ebr t\u00eb hetuar rastin n\u00eb m\u00ebnyr\u00eb efektive dhe t\u00eb paanshme\u201d, u tha ajo.<\/p>\n<p>M\u00eb 1 n\u00ebntor, Millan Vukashinoviq shkoi p\u00ebr t\u00eb bler\u00eb mjalt\u00eb nga nj\u00eb shok i tij, ku m\u00eb pas dyshohet se  xhandarm\u00ebria serbe plagosi dhe m\u00eb pas e rr\u00ebmbeu pes\u00eb metra brenda territorit t\u00eb Kosov\u00ebs n\u00eb pik\u00ebn zero t\u00eb fshatit Jellack\u00eb t\u00eb komun\u00ebs s\u00eb Leposaviqit.<\/p>\n","protected":false},"excerpt":{"rendered":"<p>Prishtin\u00eb 14 n\u00eb N\u00ebntor 2025 08:12 Nga Leposaviqi erdhi n\u00eb Prishtin\u00eb m\u00ebngjesin e s\u00eb enjtes. N\u00ebna e Millan Vukashinoviq, serbit nga Kosova i cili dyshohet<\/p>\n","protected":false},"author":6,"featured_media":20225,"comment_status":"open","ping_status":"open","sticky":false,"template":"","format":"standard","meta":{"footnotes":""},"categories":[58],"tags":[],"class_list":["post-20224","post","type-post","status-publish","format-standard","has-post-thumbnail","hentry","category-politike-sq"],"yoast_head":"<!-- This site is optimized with the Yoast SEO plugin v25.3.1 - https:\/\/yoast.com\/wordpress\/plugins\/seo\/ -->\n<title>N\u00ebna e serbit nga Kosova q\u00eb dyshohet u plagos e u rr\u00ebmbye nga xhandarm\u00ebria serbe, k\u00ebrkon ndihm\u00eb nga EULEX- i dhe KFOR \u2013 i -<\/title>\n<meta name=\"robots\" content=\"index, follow, max-snippet:-1, max-image-preview:large, max-video-preview:-1\" \/>\n<link rel=\"canonical\" href=\"https:\/\/veritasinfo.org\/?p=20224\" \/>\n<meta property=\"og:locale\" content=\"en_US\" \/>\n<meta property=\"og:type\" content=\"article\" \/>\n<meta property=\"og:title\" content=\"N\u00ebna e serbit nga Kosova q\u00eb dyshohet u plagos e u rr\u00ebmbye nga xhandarm\u00ebria serbe, k\u00ebrkon ndihm\u00eb nga EULEX- i dhe KFOR \u2013 i -\" \/>\n<meta property=\"og:description\" content=\"Prishtin\u00eb 14 n\u00eb N\u00ebntor 2025 08:12 Nga Leposaviqi erdhi n\u00eb Prishtin\u00eb m\u00ebngjesin e s\u00eb enjtes. N\u00ebna e Millan Vukashinoviq, serbit nga Kosova i cili dyshohet\" \/>\n<meta property=\"og:url\" content=\"https:\/\/veritasinfo.org\/?p=20224\" \/>\n<meta property=\"article:published_time\" content=\"2025-11-14T07:13:33+00:00\" \/>\n<meta property=\"og:image\" content=\"https:\/\/veritasinfo.org\/wp-content\/uploads\/2025\/11\/640-0-milan-vukashinovic-1762294117-600x336-1.jpg\" \/>\n\t<meta property=\"og:image:width\" content=\"600\" \/>\n\t<meta property=\"og:image:height\" content=\"336\" \/>\n\t<meta property=\"og:image:type\" content=\"image\/jpeg\" \/>\n<meta name=\"author\" content=\"US5\" \/>\n<meta name=\"twitter:card\" content=\"summary_large_image\" \/>\n<meta name=\"twitter:label1\" content=\"Written by\" \/>\n\t<meta name=\"twitter:data1\" content=\"US5\" \/>\n\t<meta name=\"twitter:label2\" content=\"Est. reading time\" \/>\n\t<meta name=\"twitter:data2\" content=\"1 minute\" \/>\n<script type=\"application\/ld+json\" class=\"yoast-schema-graph\">{\"@context\":\"https:\/\/schema.org\",\"@graph\":[{\"@type\":\"WebPage\",\"@id\":\"https:\/\/veritasinfo.org\/?p=20224\",\"url\":\"https:\/\/veritasinfo.org\/?p=20224\",\"name\":\"N\u00ebna e serbit nga Kosova q\u00eb dyshohet u plagos e u rr\u00ebmbye nga xhandarm\u00ebria serbe, k\u00ebrkon ndihm\u00eb nga EULEX- i dhe KFOR \u2013 i -\",\"isPartOf\":{\"@id\":\"https:\/\/veritasinfo.org\/#website\"},\"primaryImageOfPage\":{\"@id\":\"https:\/\/veritasinfo.org\/?p=20224#primaryimage\"},\"image\":{\"@id\":\"https:\/\/veritasinfo.org\/?p=20224#primaryimage\"},\"thumbnailUrl\":\"https:\/\/veritasinfo.org\/wp-content\/uploads\/2025\/11\/640-0-milan-vukashinovic-1762294117-600x336-1.jpg\",\"datePublished\":\"2025-11-14T07:13:33+00:00\",\"author\":{\"@id\":\"https:\/\/veritasinfo.org\/#\/schema\/person\/bc442336e35414d04494ab8fb45db4c6\"},\"breadcrumb\":{\"@id\":\"https:\/\/veritasinfo.org\/?p=20224#breadcrumb\"},\"inLanguage\":\"en-US\",\"potentialAction\":[{\"@type\":\"ReadAction\",\"target\":[\"https:\/\/veritasinfo.org\/?p=20224\"]}]},{\"@type\":\"ImageObject\",\"inLanguage\":\"en-US\",\"@id\":\"https:\/\/veritasinfo.org\/?p=20224#primaryimage\",\"url\":\"https:\/\/veritasinfo.org\/wp-content\/uploads\/2025\/11\/640-0-milan-vukashinovic-1762294117-600x336-1.jpg\",\"contentUrl\":\"https:\/\/veritasinfo.org\/wp-content\/uploads\/2025\/11\/640-0-milan-vukashinovic-1762294117-600x336-1.jpg\",\"width\":600,\"height\":336},{\"@type\":\"BreadcrumbList\",\"@id\":\"https:\/\/veritasinfo.org\/?p=20224#breadcrumb\",\"itemListElement\":[{\"@type\":\"ListItem\",\"position\":1,\"name\":\"Home\",\"item\":\"https:\/\/veritasinfo.org\/\"},{\"@type\":\"ListItem\",\"position\":2,\"name\":\"N\u00ebna e serbit nga Kosova q\u00eb dyshohet u plagos e u rr\u00ebmbye nga xhandarm\u00ebria serbe, k\u00ebrkon ndihm\u00eb nga EULEX- i dhe KFOR \u2013 i\"}]},{\"@type\":\"WebSite\",\"@id\":\"https:\/\/veritasinfo.org\/#website\",\"url\":\"https:\/\/veritasinfo.org\/\",\"name\":\"\",\"description\":\"\",\"potentialAction\":[{\"@type\":\"SearchAction\",\"target\":{\"@type\":\"EntryPoint\",\"urlTemplate\":\"https:\/\/veritasinfo.org\/?s={search_term_string}\"},\"query-input\":{\"@type\":\"PropertyValueSpecification\",\"valueRequired\":true,\"valueName\":\"search_term_string\"}}],\"inLanguage\":\"en-US\"},{\"@type\":\"Person\",\"@id\":\"https:\/\/veritasinfo.org\/#\/schema\/person\/bc442336e35414d04494ab8fb45db4c6\",\"name\":\"US5\",\"image\":{\"@type\":\"ImageObject\",\"inLanguage\":\"en-US\",\"@id\":\"https:\/\/veritasinfo.org\/#\/schema\/person\/image\/\",\"url\":\"https:\/\/secure.gravatar.com\/avatar\/16a61e7272a0c5d001121ebb9e60e925d5816e4ac1e443ed3e640d9a6ae55d0c?s=96&d=mm&r=g\",\"contentUrl\":\"https:\/\/secure.gravatar.com\/avatar\/16a61e7272a0c5d001121ebb9e60e925d5816e4ac1e443ed3e640d9a6ae55d0c?s=96&d=mm&r=g\",\"caption\":\"US5\"},\"url\":\"https:\/\/veritasinfo.org\/?author=6\"}]}<\/script>\n<!-- \/ Yoast SEO plugin. -->","yoast_head_json":{"title":"N\u00ebna e serbit nga Kosova q\u00eb dyshohet u plagos e u rr\u00ebmbye nga xhandarm\u00ebria serbe, k\u00ebrkon ndihm\u00eb nga EULEX- i dhe KFOR \u2013 i -","robots":{"index":"index","follow":"follow","max-snippet":"max-snippet:-1","max-image-preview":"max-image-preview:large","max-video-preview":"max-video-preview:-1"},"canonical":"https:\/\/veritasinfo.org\/?p=20224","og_locale":"en_US","og_type":"article","og_title":"N\u00ebna e serbit nga Kosova q\u00eb dyshohet u plagos e u rr\u00ebmbye nga xhandarm\u00ebria serbe, k\u00ebrkon ndihm\u00eb nga EULEX- i dhe KFOR \u2013 i -","og_description":"Prishtin\u00eb 14 n\u00eb N\u00ebntor 2025 08:12 Nga Leposaviqi erdhi n\u00eb Prishtin\u00eb m\u00ebngjesin e s\u00eb enjtes. N\u00ebna e Millan Vukashinoviq, serbit nga Kosova i cili dyshohet","og_url":"https:\/\/veritasinfo.org\/?p=20224","article_published_time":"2025-11-14T07:13:33+00:00","og_image":[{"width":600,"height":336,"url":"https:\/\/veritasinfo.org\/wp-content\/uploads\/2025\/11\/640-0-milan-vukashinovic-1762294117-600x336-1.jpg","type":"image\/jpeg"}],"author":"US5","twitter_card":"summary_large_image","twitter_misc":{"Written by":"US5","Est. reading time":"1 minute"},"schema":{"@context":"https:\/\/schema.org","@graph":[{"@type":"WebPage","@id":"https:\/\/veritasinfo.org\/?p=20224","url":"https:\/\/veritasinfo.org\/?p=20224","name":"N\u00ebna e serbit nga Kosova q\u00eb dyshohet u plagos e u rr\u00ebmbye nga xhandarm\u00ebria serbe, k\u00ebrkon ndihm\u00eb nga EULEX- i dhe KFOR \u2013 i -","isPartOf":{"@id":"https:\/\/veritasinfo.org\/#website"},"primaryImageOfPage":{"@id":"https:\/\/veritasinfo.org\/?p=20224#primaryimage"},"image":{"@id":"https:\/\/veritasinfo.org\/?p=20224#primaryimage"},"thumbnailUrl":"https:\/\/veritasinfo.org\/wp-content\/uploads\/2025\/11\/640-0-milan-vukashinovic-1762294117-600x336-1.jpg","datePublished":"2025-11-14T07:13:33+00:00","author":{"@id":"https:\/\/veritasinfo.org\/#\/schema\/person\/bc442336e35414d04494ab8fb45db4c6"},"breadcrumb":{"@id":"https:\/\/veritasinfo.org\/?p=20224#breadcrumb"},"inLanguage":"en-US","potentialAction":[{"@type":"ReadAction","target":["https:\/\/veritasinfo.org\/?p=20224"]}]},{"@type":"ImageObject","inLanguage":"en-US","@id":"https:\/\/veritasinfo.org\/?p=20224#primaryimage","url":"https:\/\/veritasinfo.org\/wp-content\/uploads\/2025\/11\/640-0-milan-vukashinovic-1762294117-600x336-1.jpg","contentUrl":"https:\/\/veritasinfo.org\/wp-content\/uploads\/2025\/11\/640-0-milan-vukashinovic-1762294117-600x336-1.jpg","width":600,"height":336},{"@type":"BreadcrumbList","@id":"https:\/\/veritasinfo.org\/?p=20224#breadcrumb","itemListElement":[{"@type":"ListItem","position":1,"name":"Home","item":"https:\/\/veritasinfo.org\/"},{"@type":"ListItem","position":2,"name":"N\u00ebna e serbit nga Kosova q\u00eb dyshohet u plagos e u rr\u00ebmbye nga xhandarm\u00ebria serbe, k\u00ebrkon ndihm\u00eb nga EULEX- i dhe KFOR \u2013 i"}]},{"@type":"WebSite","@id":"https:\/\/veritasinfo.org\/#website","url":"https:\/\/veritasinfo.org\/","name":"","description":"","potentialAction":[{"@type":"SearchAction","target":{"@type":"EntryPoint","urlTemplate":"https:\/\/veritasinfo.org\/?s={search_term_string}"},"query-input":{"@type":"PropertyValueSpecification","valueRequired":true,"valueName":"search_term_string"}}],"inLanguage":"en-US"},{"@type":"Person","@id":"https:\/\/veritasinfo.org\/#\/schema\/person\/bc442336e35414d04494ab8fb45db4c6","name":"US5","image":{"@type":"ImageObject","inLanguage":"en-US","@id":"https:\/\/veritasinfo.org\/#\/schema\/person\/image\/","url":"https:\/\/secure.gravatar.com\/avatar\/16a61e7272a0c5d001121ebb9e60e925d5816e4ac1e443ed3e640d9a6ae55d0c?s=96&d=mm&r=g","contentUrl":"https:\/\/secure.gravatar.com\/avatar\/16a61e7272a0c5d001121ebb9e60e925d5816e4ac1e443ed3e640d9a6ae55d0c?s=96&d=mm&r=g","caption":"US5"},"url":"https:\/\/veritasinfo.org\/?author=6"}]}},"featured_image_urls":{"full":["https:\/\/veritasinfo.org\/wp-content\/uploads\/2025\/11\/640-0-milan-vukashinovic-1762294117-600x336-1.jpg",600,336,false],"thumbnail":["https:\/\/veritasinfo.org\/wp-content\/uploads\/2025\/11\/640-0-milan-vukashinovic-1762294117-600x336-1-150x150.jpg",150,150,true],"medium":["https:\/\/veritasinfo.org\/wp-content\/uploads\/2025\/11\/640-0-milan-vukashinovic-1762294117-600x336-1-300x168.jpg",300,168,true],"medium_large":["https:\/\/veritasinfo.org\/wp-content\/uploads\/2025\/11\/640-0-milan-vukashinovic-1762294117-600x336-1.jpg",600,336,false],"large":["https:\/\/veritasinfo.org\/wp-content\/uploads\/2025\/11\/640-0-milan-vukashinovic-1762294117-600x336-1.jpg",600,336,false],"1536x1536":["https:\/\/veritasinfo.org\/wp-content\/uploads\/2025\/11\/640-0-milan-vukashinovic-1762294117-600x336-1.jpg",600,336,false],"2048x2048":["https:\/\/veritasinfo.org\/wp-content\/uploads\/2025\/11\/640-0-milan-vukashinovic-1762294117-600x336-1.jpg",600,336,false],"kreeti-slider-full":["https:\/\/veritasinfo.org\/wp-content\/uploads\/2025\/11\/640-0-milan-vukashinovic-1762294117-600x336-1.jpg",600,336,false],"kreeti-featured":["https:\/\/veritasinfo.org\/wp-content\/uploads\/2025\/11\/640-0-milan-vukashinovic-1762294117-600x336-1.jpg",600,336,false],"kreeti-medium":["https:\/\/veritasinfo.org\/wp-content\/uploads\/2025\/11\/640-0-milan-vukashinovic-1762294117-600x336-1.jpg",600,336,false],"kreeti-medium-square":["https:\/\/veritasinfo.org\/wp-content\/uploads\/2025\/11\/640-0-milan-vukashinovic-1762294117-600x336-1.jpg",350,196,false]},"author_info":{"info":["US5"]},"category_info":"<a href=\"https:\/\/veritasinfo.org\/?cat=58\" rel=\"category\">Politik\u00eb<\/a>","tag_info":"Politik\u00eb","comment_count":"0","_links":{"self":[{"href":"https:\/\/veritasinfo.org\/index.php?rest_route=\/wp\/v2\/posts\/20224","targetHints":{"allow":["GET"]}}],"collection":[{"href":"https:\/\/veritasinfo.org\/index.php?rest_route=\/wp\/v2\/posts"}],"about":[{"href":"https:\/\/veritasinfo.org\/index.php?rest_route=\/wp\/v2\/types\/post"}],"author":[{"embeddable":true,"href":"https:\/\/veritasinfo.org\/index.php?rest_route=\/wp\/v2\/users\/6"}],"replies":[{"embeddable":true,"href":"https:\/\/veritasinfo.org\/index.php?rest_route=%2Fwp%2Fv2%2Fcomments&post=20224"}],"version-history":[{"count":1,"href":"https:\/\/veritasinfo.org\/index.php?rest_route=\/wp\/v2\/posts\/20224\/revisions"}],"predecessor-version":[{"id":20226,"href":"https:\/\/veritasinfo.org\/index.php?rest_route=\/wp\/v2\/posts\/20224\/revisions\/20226"}],"wp:featuredmedia":[{"embeddable":true,"href":"https:\/\/veritasinfo.org\/index.php?rest_route=\/wp\/v2\/media\/20225"}],"wp:attachment":[{"href":"https:\/\/veritasinfo.org\/index.php?rest_route=%2Fwp%2Fv2%2Fmedia&parent=20224"}],"wp:term":[{"taxonomy":"category","embeddable":true,"href":"https:\/\/veritasinfo.org\/index.php?rest_route=%2Fwp%2Fv2%2Fcategories&post=20224"},{"taxonomy":"post_tag","embeddable":true,"href":"https:\/\/veritasinfo.org\/index.php?rest_route=%2Fwp%2Fv2%2Ftags&post=20224"}],"curies":[{"name":"wp","href":"https:\/\/api.w.org\/{rel}","templated":true}]}}