{"id":2021,"date":"2025-06-30T07:41:13","date_gmt":"2025-06-30T05:41:13","guid":{"rendered":"https:\/\/veritasinfo.org\/?p=2021"},"modified":"2025-06-30T07:41:13","modified_gmt":"2025-06-30T05:41:13","slug":"pozivi-na-jos-protesta-barikade-na-raskrsnicama-u-zemunu-uhapsiti-vucica","status":"publish","type":"post","link":"https:\/\/veritasinfo.org\/?p=2021&lang=sr","title":{"rendered":"Pozivi na jo\u0161 protesta \u2013 barikade na raskrsnicama u Zemunu: Uhapsiti Vu\u010dic\u0301a!"},"content":{"rendered":"<p><strong>Beograd, 30. jun 2025<\/strong><\/p>\n<p>Srpski studenti u blokadi pozvali su ljude da do\u0111u na protest ispred Vi\u0161eg javnog tu\u017eila\u0161tva u Beogradu ve\u010deras u osam sati uve\u010de.<\/p>\n<p>\u201eJu\u010de smo videli brutalno policijsko nasilje. Na\u0161i prijatelji i drugovi su pretu\u010deni do gubitka svesti, policija nije dozvolila ni ambulantnom vozilu da pro\u0111e. Uhap\u0161en je veliki broj gra\u0111ana, me\u0111u kojima je mnogo studenata. Danas imamo protest ispred Vi\u0161eg javnog tu\u017eila\u0161tva u osam sati i molimo sve gra\u0111ane da ustanu i podr\u017ee borbu do kraja.<\/p>\n<p>Ovo nije vreme za povla\u010denje. Va\u0161e prisustvo zna\u010di bezbednost, podr\u0161ku, \u0161ansu za slobodu za nekoga. Zato vas pozivamo da budete uz nas\u201c, napisali su studenti u blokadi.<\/p>\n<p>Srpska policija je danas uhapsila dvojicu studenata pod optu\u017ebom da su planirali napad na dr\u017eavne institucije.<\/p>\n<p>Studenti su po\u010deli da se okupljaju ispred Poljoprivrednog fakulteta u Zemunu nakon \u0161to je objavljena informacija da su dvojica njihovih kolega privedena. Blokirali su centar Zemuna postavljanjem metalnih ograda, kontejnera, guma i pozivali na hap\u0161enje predsednika Aleksandra Vu\u010dic\u0301a, javlja KosovaPres.<\/p>\n<p>Glavni javni tu\u017eilac Vi\u0161eg javnog tu\u017eila\u0161tva u Beogradu, Nenad Stefanovic\u0301, najavio je da c\u0301e svi koji su napali policajce i srpske institucije tokom protesta u Beogradu u subotu biti identifikovani i procesuirani u skladu sa zakonom.<\/p>\n<p>Studenti u blokadi protestuju od uru\u0161avanja \u017eelezni\u010dkog \u0161atora 1. novembra pro\u0161le godine u Novom Sadu, u kojem je poginulo \u0161esnaest ljudi. Vu\u010dic\u0301u su sinoc\u0301 postavili ultimatum da raspi\u0161e prevremene izbore do 21 \u010das, ali je ovaj odbio njihove zahteve.<\/p>\n<p>Marinika Tepic\u0301, zamenica lidera Stranke za slobodu i pravdu (SSP), najavila je da svi gra\u0111ani koji se na\u0111u na udaru re\u017eima mogu da se obrate pravnom timu SSP.<\/p>\n<p>\u201eRe\u017eim lovi studente na ulicama i hapsi ih pod optu\u017ebom za najte\u017ea krivi\u010dna dela ru\u0161enja ustavnog poretka, kao da su najgori teroristi. Najo\u0161trije osu\u0111ujemo ove poteze diktatora\u201c, rekla je ona.<\/p>\n","protected":false},"excerpt":{"rendered":"<p>Beograd, 30. jun 2025 Srpski studenti u blokadi pozvali su ljude da do\u0111u na protest ispred Vi\u0161eg javnog tu\u017eila\u0161tva u Beogradu ve\u010deras u osam sati<\/p>\n","protected":false},"author":2,"featured_media":2011,"comment_status":"open","ping_status":"open","sticky":false,"template":"","format":"standard","meta":{"footnotes":""},"categories":[74],"tags":[],"class_list":["post-2021","post","type-post","status-publish","format-standard","has-post-thumbnail","hentry","category-svet"],"yoast_head":"<!-- This site is optimized with the Yoast SEO plugin v25.3.1 - https:\/\/yoast.com\/wordpress\/plugins\/seo\/ -->\n<title>Pozivi na jo\u0161 protesta \u2013 barikade na raskrsnicama u Zemunu: Uhapsiti Vu\u010dic\u0301a! -<\/title>\n<meta name=\"robots\" content=\"index, follow, max-snippet:-1, max-image-preview:large, max-video-preview:-1\" \/>\n<link rel=\"canonical\" href=\"https:\/\/veritasinfo.org\/?p=2021&lang=sr\" \/>\n<meta property=\"og:locale\" content=\"en_US\" \/>\n<meta property=\"og:type\" content=\"article\" \/>\n<meta property=\"og:title\" content=\"Pozivi na jo\u0161 protesta \u2013 barikade na raskrsnicama u Zemunu: Uhapsiti Vu\u010dic\u0301a! -\" \/>\n<meta property=\"og:description\" content=\"Beograd, 30. jun 2025 Srpski studenti u blokadi pozvali su ljude da do\u0111u na protest ispred Vi\u0161eg javnog tu\u017eila\u0161tva u Beogradu ve\u010deras u osam sati\" \/>\n<meta property=\"og:url\" content=\"https:\/\/veritasinfo.org\/?p=2021&amp;lang=sr\" \/>\n<meta property=\"article:published_time\" content=\"2025-06-30T05:41:13+00:00\" \/>\n<meta property=\"og:image\" content=\"https:\/\/veritasinfo.org\/wp-content\/uploads\/2025\/06\/IMG_1626.webp\" \/>\n\t<meta property=\"og:image:width\" content=\"600\" \/>\n\t<meta property=\"og:image:height\" content=\"360\" \/>\n\t<meta property=\"og:image:type\" content=\"image\/webp\" \/>\n<meta name=\"author\" content=\"US1\" \/>\n<meta name=\"twitter:card\" content=\"summary_large_image\" \/>\n<meta name=\"twitter:label1\" content=\"Written by\" \/>\n\t<meta name=\"twitter:data1\" content=\"US1\" \/>\n\t<meta name=\"twitter:label2\" content=\"Est. reading time\" \/>\n\t<meta name=\"twitter:data2\" content=\"2 minutes\" \/>\n<script type=\"application\/ld+json\" class=\"yoast-schema-graph\">{\"@context\":\"https:\/\/schema.org\",\"@graph\":[{\"@type\":\"WebPage\",\"@id\":\"https:\/\/veritasinfo.org\/?p=2021&lang=sr\",\"url\":\"https:\/\/veritasinfo.org\/?p=2021&lang=sr\",\"name\":\"Pozivi na jo\u0161 protesta \u2013 barikade na raskrsnicama u Zemunu: Uhapsiti Vu\u010dic\u0301a! -\",\"isPartOf\":{\"@id\":\"https:\/\/veritasinfo.org\/#website\"},\"primaryImageOfPage\":{\"@id\":\"https:\/\/veritasinfo.org\/?p=2021&lang=sr#primaryimage\"},\"image\":{\"@id\":\"https:\/\/veritasinfo.org\/?p=2021&lang=sr#primaryimage\"},\"thumbnailUrl\":\"https:\/\/veritasinfo.org\/wp-content\/uploads\/2025\/06\/IMG_1626.webp\",\"datePublished\":\"2025-06-30T05:41:13+00:00\",\"author\":{\"@id\":\"https:\/\/veritasinfo.org\/#\/schema\/person\/c2b8be262ea994d0995addca692c5e98\"},\"breadcrumb\":{\"@id\":\"https:\/\/veritasinfo.org\/?p=2021&lang=sr#breadcrumb\"},\"inLanguage\":\"en-US\",\"potentialAction\":[{\"@type\":\"ReadAction\",\"target\":[\"https:\/\/veritasinfo.org\/?p=2021&lang=sr\"]}]},{\"@type\":\"ImageObject\",\"inLanguage\":\"en-US\",\"@id\":\"https:\/\/veritasinfo.org\/?p=2021&lang=sr#primaryimage\",\"url\":\"https:\/\/veritasinfo.org\/wp-content\/uploads\/2025\/06\/IMG_1626.webp\",\"contentUrl\":\"https:\/\/veritasinfo.org\/wp-content\/uploads\/2025\/06\/IMG_1626.webp\",\"width\":600,\"height\":360},{\"@type\":\"BreadcrumbList\",\"@id\":\"https:\/\/veritasinfo.org\/?p=2021&lang=sr#breadcrumb\",\"itemListElement\":[{\"@type\":\"ListItem\",\"position\":1,\"name\":\"Home\",\"item\":\"https:\/\/veritasinfo.org\/\"},{\"@type\":\"ListItem\",\"position\":2,\"name\":\"Pozivi na jo\u0161 protesta \u2013 barikade na raskrsnicama u Zemunu: Uhapsiti Vu\u010dic\u0301a!\"}]},{\"@type\":\"WebSite\",\"@id\":\"https:\/\/veritasinfo.org\/#website\",\"url\":\"https:\/\/veritasinfo.org\/\",\"name\":\"\",\"description\":\"\",\"potentialAction\":[{\"@type\":\"SearchAction\",\"target\":{\"@type\":\"EntryPoint\",\"urlTemplate\":\"https:\/\/veritasinfo.org\/?s={search_term_string}\"},\"query-input\":{\"@type\":\"PropertyValueSpecification\",\"valueRequired\":true,\"valueName\":\"search_term_string\"}}],\"inLanguage\":\"en-US\"},{\"@type\":\"Person\",\"@id\":\"https:\/\/veritasinfo.org\/#\/schema\/person\/c2b8be262ea994d0995addca692c5e98\",\"name\":\"US1\",\"image\":{\"@type\":\"ImageObject\",\"inLanguage\":\"en-US\",\"@id\":\"https:\/\/veritasinfo.org\/#\/schema\/person\/image\/\",\"url\":\"https:\/\/secure.gravatar.com\/avatar\/4e96a59bd256abf9956eb9963ac891a47461ffb364d47b0e9aab113328fdb75b?s=96&d=mm&r=g\",\"contentUrl\":\"https:\/\/secure.gravatar.com\/avatar\/4e96a59bd256abf9956eb9963ac891a47461ffb364d47b0e9aab113328fdb75b?s=96&d=mm&r=g\",\"caption\":\"US1\"},\"url\":\"https:\/\/veritasinfo.org\/?author=2\"}]}<\/script>\n<!-- \/ Yoast SEO plugin. -->","yoast_head_json":{"title":"Pozivi na jo\u0161 protesta \u2013 barikade na raskrsnicama u Zemunu: Uhapsiti Vu\u010dic\u0301a! -","robots":{"index":"index","follow":"follow","max-snippet":"max-snippet:-1","max-image-preview":"max-image-preview:large","max-video-preview":"max-video-preview:-1"},"canonical":"https:\/\/veritasinfo.org\/?p=2021&lang=sr","og_locale":"en_US","og_type":"article","og_title":"Pozivi na jo\u0161 protesta \u2013 barikade na raskrsnicama u Zemunu: Uhapsiti Vu\u010dic\u0301a! -","og_description":"Beograd, 30. jun 2025 Srpski studenti u blokadi pozvali su ljude da do\u0111u na protest ispred Vi\u0161eg javnog tu\u017eila\u0161tva u Beogradu ve\u010deras u osam sati","og_url":"https:\/\/veritasinfo.org\/?p=2021&lang=sr","article_published_time":"2025-06-30T05:41:13+00:00","og_image":[{"width":600,"height":360,"url":"https:\/\/veritasinfo.org\/wp-content\/uploads\/2025\/06\/IMG_1626.webp","type":"image\/webp"}],"author":"US1","twitter_card":"summary_large_image","twitter_misc":{"Written by":"US1","Est. reading time":"2 minutes"},"schema":{"@context":"https:\/\/schema.org","@graph":[{"@type":"WebPage","@id":"https:\/\/veritasinfo.org\/?p=2021&lang=sr","url":"https:\/\/veritasinfo.org\/?p=2021&lang=sr","name":"Pozivi na jo\u0161 protesta \u2013 barikade na raskrsnicama u Zemunu: Uhapsiti Vu\u010dic\u0301a! -","isPartOf":{"@id":"https:\/\/veritasinfo.org\/#website"},"primaryImageOfPage":{"@id":"https:\/\/veritasinfo.org\/?p=2021&lang=sr#primaryimage"},"image":{"@id":"https:\/\/veritasinfo.org\/?p=2021&lang=sr#primaryimage"},"thumbnailUrl":"https:\/\/veritasinfo.org\/wp-content\/uploads\/2025\/06\/IMG_1626.webp","datePublished":"2025-06-30T05:41:13+00:00","author":{"@id":"https:\/\/veritasinfo.org\/#\/schema\/person\/c2b8be262ea994d0995addca692c5e98"},"breadcrumb":{"@id":"https:\/\/veritasinfo.org\/?p=2021&lang=sr#breadcrumb"},"inLanguage":"en-US","potentialAction":[{"@type":"ReadAction","target":["https:\/\/veritasinfo.org\/?p=2021&lang=sr"]}]},{"@type":"ImageObject","inLanguage":"en-US","@id":"https:\/\/veritasinfo.org\/?p=2021&lang=sr#primaryimage","url":"https:\/\/veritasinfo.org\/wp-content\/uploads\/2025\/06\/IMG_1626.webp","contentUrl":"https:\/\/veritasinfo.org\/wp-content\/uploads\/2025\/06\/IMG_1626.webp","width":600,"height":360},{"@type":"BreadcrumbList","@id":"https:\/\/veritasinfo.org\/?p=2021&lang=sr#breadcrumb","itemListElement":[{"@type":"ListItem","position":1,"name":"Home","item":"https:\/\/veritasinfo.org\/"},{"@type":"ListItem","position":2,"name":"Pozivi na jo\u0161 protesta \u2013 barikade na raskrsnicama u Zemunu: Uhapsiti Vu\u010dic\u0301a!"}]},{"@type":"WebSite","@id":"https:\/\/veritasinfo.org\/#website","url":"https:\/\/veritasinfo.org\/","name":"","description":"","potentialAction":[{"@type":"SearchAction","target":{"@type":"EntryPoint","urlTemplate":"https:\/\/veritasinfo.org\/?s={search_term_string}"},"query-input":{"@type":"PropertyValueSpecification","valueRequired":true,"valueName":"search_term_string"}}],"inLanguage":"en-US"},{"@type":"Person","@id":"https:\/\/veritasinfo.org\/#\/schema\/person\/c2b8be262ea994d0995addca692c5e98","name":"US1","image":{"@type":"ImageObject","inLanguage":"en-US","@id":"https:\/\/veritasinfo.org\/#\/schema\/person\/image\/","url":"https:\/\/secure.gravatar.com\/avatar\/4e96a59bd256abf9956eb9963ac891a47461ffb364d47b0e9aab113328fdb75b?s=96&d=mm&r=g","contentUrl":"https:\/\/secure.gravatar.com\/avatar\/4e96a59bd256abf9956eb9963ac891a47461ffb364d47b0e9aab113328fdb75b?s=96&d=mm&r=g","caption":"US1"},"url":"https:\/\/veritasinfo.org\/?author=2"}]}},"featured_image_urls":{"full":["https:\/\/veritasinfo.org\/wp-content\/uploads\/2025\/06\/IMG_1626.webp",600,360,false],"thumbnail":["https:\/\/veritasinfo.org\/wp-content\/uploads\/2025\/06\/IMG_1626-150x150.webp",150,150,true],"medium":["https:\/\/veritasinfo.org\/wp-content\/uploads\/2025\/06\/IMG_1626-300x180.webp",300,180,true],"medium_large":["https:\/\/veritasinfo.org\/wp-content\/uploads\/2025\/06\/IMG_1626.webp",600,360,false],"large":["https:\/\/veritasinfo.org\/wp-content\/uploads\/2025\/06\/IMG_1626.webp",600,360,false],"1536x1536":["https:\/\/veritasinfo.org\/wp-content\/uploads\/2025\/06\/IMG_1626.webp",600,360,false],"2048x2048":["https:\/\/veritasinfo.org\/wp-content\/uploads\/2025\/06\/IMG_1626.webp",600,360,false],"kreeti-slider-full":["https:\/\/veritasinfo.org\/wp-content\/uploads\/2025\/06\/IMG_1626.webp",600,360,false],"kreeti-featured":["https:\/\/veritasinfo.org\/wp-content\/uploads\/2025\/06\/IMG_1626.webp",600,360,false],"kreeti-medium":["https:\/\/veritasinfo.org\/wp-content\/uploads\/2025\/06\/IMG_1626.webp",600,360,false],"kreeti-medium-square":["https:\/\/veritasinfo.org\/wp-content\/uploads\/2025\/06\/IMG_1626.webp",350,210,false]},"author_info":{"info":["US1"]},"category_info":"<a href=\"https:\/\/veritasinfo.org\/?cat=74&#038;lang=sr\" rel=\"category\">Svet<\/a>","tag_info":"Svet","comment_count":"0","_links":{"self":[{"href":"https:\/\/veritasinfo.org\/index.php?rest_route=\/wp\/v2\/posts\/2021","targetHints":{"allow":["GET"]}}],"collection":[{"href":"https:\/\/veritasinfo.org\/index.php?rest_route=\/wp\/v2\/posts"}],"about":[{"href":"https:\/\/veritasinfo.org\/index.php?rest_route=\/wp\/v2\/types\/post"}],"author":[{"embeddable":true,"href":"https:\/\/veritasinfo.org\/index.php?rest_route=\/wp\/v2\/users\/2"}],"replies":[{"embeddable":true,"href":"https:\/\/veritasinfo.org\/index.php?rest_route=%2Fwp%2Fv2%2Fcomments&post=2021"}],"version-history":[{"count":1,"href":"https:\/\/veritasinfo.org\/index.php?rest_route=\/wp\/v2\/posts\/2021\/revisions"}],"predecessor-version":[{"id":2024,"href":"https:\/\/veritasinfo.org\/index.php?rest_route=\/wp\/v2\/posts\/2021\/revisions\/2024"}],"wp:featuredmedia":[{"embeddable":true,"href":"https:\/\/veritasinfo.org\/index.php?rest_route=\/wp\/v2\/media\/2011"}],"wp:attachment":[{"href":"https:\/\/veritasinfo.org\/index.php?rest_route=%2Fwp%2Fv2%2Fmedia&parent=2021"}],"wp:term":[{"taxonomy":"category","embeddable":true,"href":"https:\/\/veritasinfo.org\/index.php?rest_route=%2Fwp%2Fv2%2Fcategories&post=2021"},{"taxonomy":"post_tag","embeddable":true,"href":"https:\/\/veritasinfo.org\/index.php?rest_route=%2Fwp%2Fv2%2Ftags&post=2021"}],"curies":[{"name":"wp","href":"https:\/\/api.w.org\/{rel}","templated":true}]}}