{"id":20192,"date":"2025-11-13T18:36:16","date_gmt":"2025-11-13T17:36:16","guid":{"rendered":"https:\/\/veritasinfo.org\/?p=20192"},"modified":"2025-11-13T18:36:16","modified_gmt":"2025-11-13T17:36:16","slug":"bedri-hamza-zyrtarisht-kandidat-per-kryetar-te-pdk-se","status":"publish","type":"post","link":"https:\/\/veritasinfo.org\/?p=20192","title":{"rendered":"Bedri Hamza zyrtarisht kandidat p\u00ebr kryetar t\u00eb PDK-s\u00eb"},"content":{"rendered":"<p>Prishtin\u00eb, 13 n\u00ebntor 2025 18:35<\/p>\n<p>Bedri Hamza zyrtarisht ka shpallur kandidatur\u00ebn p\u00ebr t\u2019u b\u00ebr\u00eb kryetar i Partis\u00eb Demokratike t\u00eb Kosov\u00ebs, nj\u00eb dit\u00eb pas dor\u00ebheqjes s\u00eb Memli Krasniqit.<\/p>\n<p>N\u00eb nj\u00eb shkrim n\u00eb Facebook, tek njoftoi p\u00ebr shpalljen e kandidatur\u00ebs, Hamza ka th\u00ebn\u00eb se beson q\u00eb PDK-ja e ka \u201cforc\u00ebn p\u00ebr t\u2019u unifikuar, reformuar dhe rikthyer si partia kryesore n\u00eb vend\u201d.<\/p>\n<p>\u201cNga lufta p\u00ebr liri, deri te shtetnd\u00ebrtimi, demokratizimi dhe integrimi, PDK-ja ka l\u00ebn\u00eb gjurm\u00eb t\u00eb pashlyeshme n\u00eb historin\u00eb e Kosov\u00ebs. Me mir\u00ebnjohje t\u00eb thell\u00eb p\u00ebr themeluesit tan\u00eb, Hashim Tha\u00e7in, Kadri Veselin e Jakup Krasniqin, t\u00eb cil\u00ebt uroj t\u00eb jen\u00eb s\u00eb shpejti mes nesh, un\u00eb angazhohem p\u00ebr nj\u00eb PDK q\u00eb ruan vlerat dhe krijon rrug\u00eb p\u00ebr gjeneratat e reja. Fal\u00ebnderim i ve\u00e7ant\u00eb edhe p\u00ebr dy miqt\u00eb e mi, Enver Hoxhajn dhe Memli Krasniqin, p\u00ebr udh\u00ebheqjen e tyre me dinjitet n\u00eb koh\u00eb sfidash. Tani \u00ebsht\u00eb koha p\u00ebr nj\u00eb PDK t\u00eb bashkuar, q\u00eb lufton p\u00ebr drejt\u00ebsi, zhvillim dhe nj\u00eb Kosov\u00eb evropiane. PDK \u00ebsht\u00eb familja jon\u00eb dhe s\u00eb bashku do ta hapim kapitullin e ri t\u00eb fitoreve\u201d, ka shkruar ai.<\/p>\n<p>Nj\u00eb dit\u00eb m\u00eb par\u00eb, Krasniqi njoftoi p\u00ebr dor\u00ebheqjen. Ai po ashtu b\u00ebri t\u00eb ditur se ka ftuar konvent\u00ebn e partis\u00eb p\u00ebr 17 n\u00ebntor. E Krasniqi edhe ka shprehur p\u00eblqimin q\u00eb Hamza t\u00eb kandidoj\u00eb p\u00ebr kryetar t\u00eb partis\u00eb.<\/p>\n<p>Hamza n\u00eb zgjedhjet e fundit ka qen\u00eb kandidat i PDK-s\u00eb p\u00ebr kryeminist\u00ebr. Deri tash ka qen\u00eb kryetar i Mitrovic\u00ebs.<\/p>\n","protected":false},"excerpt":{"rendered":"<p>Prishtin\u00eb, 13 n\u00ebntor 2025 18:35 Bedri Hamza zyrtarisht ka shpallur kandidatur\u00ebn p\u00ebr t\u2019u b\u00ebr\u00eb kryetar i Partis\u00eb Demokratike t\u00eb Kosov\u00ebs, nj\u00eb dit\u00eb pas dor\u00ebheqjes s\u00eb<\/p>\n","protected":false},"author":7,"featured_media":20193,"comment_status":"open","ping_status":"open","sticky":false,"template":"","format":"standard","meta":{"footnotes":""},"categories":[58],"tags":[],"class_list":["post-20192","post","type-post","status-publish","format-standard","has-post-thumbnail","hentry","category-politike-sq"],"yoast_head":"<!-- This site is optimized with the Yoast SEO plugin v25.3.1 - https:\/\/yoast.com\/wordpress\/plugins\/seo\/ -->\n<title>Bedri Hamza zyrtarisht kandidat p\u00ebr kryetar t\u00eb PDK-s\u00eb -<\/title>\n<meta name=\"robots\" content=\"index, follow, max-snippet:-1, max-image-preview:large, max-video-preview:-1\" \/>\n<link rel=\"canonical\" href=\"https:\/\/veritasinfo.org\/?p=20192\" \/>\n<meta property=\"og:locale\" content=\"en_US\" \/>\n<meta property=\"og:type\" content=\"article\" \/>\n<meta property=\"og:title\" content=\"Bedri Hamza zyrtarisht kandidat p\u00ebr kryetar t\u00eb PDK-s\u00eb -\" \/>\n<meta property=\"og:description\" content=\"Prishtin\u00eb, 13 n\u00ebntor 2025 18:35 Bedri Hamza zyrtarisht ka shpallur kandidatur\u00ebn p\u00ebr t\u2019u b\u00ebr\u00eb kryetar i Partis\u00eb Demokratike t\u00eb Kosov\u00ebs, nj\u00eb dit\u00eb pas dor\u00ebheqjes s\u00eb\" \/>\n<meta property=\"og:url\" content=\"https:\/\/veritasinfo.org\/?p=20192\" \/>\n<meta property=\"article:published_time\" content=\"2025-11-13T17:36:16+00:00\" \/>\n<meta property=\"og:image\" content=\"https:\/\/veritasinfo.org\/wp-content\/uploads\/2025\/11\/557304678_1175202384496924_821953750560939686_n.jpg\" \/>\n\t<meta property=\"og:image:width\" content=\"1280\" \/>\n\t<meta property=\"og:image:height\" content=\"853\" \/>\n\t<meta property=\"og:image:type\" content=\"image\/jpeg\" \/>\n<meta name=\"author\" content=\"US6\" \/>\n<meta name=\"twitter:card\" content=\"summary_large_image\" \/>\n<meta name=\"twitter:label1\" content=\"Written by\" \/>\n\t<meta name=\"twitter:data1\" content=\"US6\" \/>\n\t<meta name=\"twitter:label2\" content=\"Est. reading time\" \/>\n\t<meta name=\"twitter:data2\" content=\"2 minutes\" \/>\n<script type=\"application\/ld+json\" class=\"yoast-schema-graph\">{\"@context\":\"https:\/\/schema.org\",\"@graph\":[{\"@type\":\"WebPage\",\"@id\":\"https:\/\/veritasinfo.org\/?p=20192\",\"url\":\"https:\/\/veritasinfo.org\/?p=20192\",\"name\":\"Bedri Hamza zyrtarisht kandidat p\u00ebr kryetar t\u00eb PDK-s\u00eb -\",\"isPartOf\":{\"@id\":\"https:\/\/veritasinfo.org\/#website\"},\"primaryImageOfPage\":{\"@id\":\"https:\/\/veritasinfo.org\/?p=20192#primaryimage\"},\"image\":{\"@id\":\"https:\/\/veritasinfo.org\/?p=20192#primaryimage\"},\"thumbnailUrl\":\"https:\/\/veritasinfo.org\/wp-content\/uploads\/2025\/11\/557304678_1175202384496924_821953750560939686_n.jpg\",\"datePublished\":\"2025-11-13T17:36:16+00:00\",\"author\":{\"@id\":\"https:\/\/veritasinfo.org\/#\/schema\/person\/fe199eede04c3937362892b7444747cc\"},\"breadcrumb\":{\"@id\":\"https:\/\/veritasinfo.org\/?p=20192#breadcrumb\"},\"inLanguage\":\"en-US\",\"potentialAction\":[{\"@type\":\"ReadAction\",\"target\":[\"https:\/\/veritasinfo.org\/?p=20192\"]}]},{\"@type\":\"ImageObject\",\"inLanguage\":\"en-US\",\"@id\":\"https:\/\/veritasinfo.org\/?p=20192#primaryimage\",\"url\":\"https:\/\/veritasinfo.org\/wp-content\/uploads\/2025\/11\/557304678_1175202384496924_821953750560939686_n.jpg\",\"contentUrl\":\"https:\/\/veritasinfo.org\/wp-content\/uploads\/2025\/11\/557304678_1175202384496924_821953750560939686_n.jpg\",\"width\":1280,\"height\":853},{\"@type\":\"BreadcrumbList\",\"@id\":\"https:\/\/veritasinfo.org\/?p=20192#breadcrumb\",\"itemListElement\":[{\"@type\":\"ListItem\",\"position\":1,\"name\":\"Home\",\"item\":\"https:\/\/veritasinfo.org\/\"},{\"@type\":\"ListItem\",\"position\":2,\"name\":\"Bedri Hamza zyrtarisht kandidat p\u00ebr kryetar t\u00eb PDK-s\u00eb\"}]},{\"@type\":\"WebSite\",\"@id\":\"https:\/\/veritasinfo.org\/#website\",\"url\":\"https:\/\/veritasinfo.org\/\",\"name\":\"\",\"description\":\"\",\"potentialAction\":[{\"@type\":\"SearchAction\",\"target\":{\"@type\":\"EntryPoint\",\"urlTemplate\":\"https:\/\/veritasinfo.org\/?s={search_term_string}\"},\"query-input\":{\"@type\":\"PropertyValueSpecification\",\"valueRequired\":true,\"valueName\":\"search_term_string\"}}],\"inLanguage\":\"en-US\"},{\"@type\":\"Person\",\"@id\":\"https:\/\/veritasinfo.org\/#\/schema\/person\/fe199eede04c3937362892b7444747cc\",\"name\":\"US6\",\"image\":{\"@type\":\"ImageObject\",\"inLanguage\":\"en-US\",\"@id\":\"https:\/\/veritasinfo.org\/#\/schema\/person\/image\/\",\"url\":\"https:\/\/secure.gravatar.com\/avatar\/cb16c3c31c9d23b9b8c705964598220b3014e42ff51eb540ff23cefa3ae8c15f?s=96&d=mm&r=g\",\"contentUrl\":\"https:\/\/secure.gravatar.com\/avatar\/cb16c3c31c9d23b9b8c705964598220b3014e42ff51eb540ff23cefa3ae8c15f?s=96&d=mm&r=g\",\"caption\":\"US6\"},\"url\":\"https:\/\/veritasinfo.org\/?author=7\"}]}<\/script>\n<!-- \/ Yoast SEO plugin. -->","yoast_head_json":{"title":"Bedri Hamza zyrtarisht kandidat p\u00ebr kryetar t\u00eb PDK-s\u00eb -","robots":{"index":"index","follow":"follow","max-snippet":"max-snippet:-1","max-image-preview":"max-image-preview:large","max-video-preview":"max-video-preview:-1"},"canonical":"https:\/\/veritasinfo.org\/?p=20192","og_locale":"en_US","og_type":"article","og_title":"Bedri Hamza zyrtarisht kandidat p\u00ebr kryetar t\u00eb PDK-s\u00eb -","og_description":"Prishtin\u00eb, 13 n\u00ebntor 2025 18:35 Bedri Hamza zyrtarisht ka shpallur kandidatur\u00ebn p\u00ebr t\u2019u b\u00ebr\u00eb kryetar i Partis\u00eb Demokratike t\u00eb Kosov\u00ebs, nj\u00eb dit\u00eb pas dor\u00ebheqjes s\u00eb","og_url":"https:\/\/veritasinfo.org\/?p=20192","article_published_time":"2025-11-13T17:36:16+00:00","og_image":[{"width":1280,"height":853,"url":"https:\/\/veritasinfo.org\/wp-content\/uploads\/2025\/11\/557304678_1175202384496924_821953750560939686_n.jpg","type":"image\/jpeg"}],"author":"US6","twitter_card":"summary_large_image","twitter_misc":{"Written by":"US6","Est. reading time":"2 minutes"},"schema":{"@context":"https:\/\/schema.org","@graph":[{"@type":"WebPage","@id":"https:\/\/veritasinfo.org\/?p=20192","url":"https:\/\/veritasinfo.org\/?p=20192","name":"Bedri Hamza zyrtarisht kandidat p\u00ebr kryetar t\u00eb PDK-s\u00eb -","isPartOf":{"@id":"https:\/\/veritasinfo.org\/#website"},"primaryImageOfPage":{"@id":"https:\/\/veritasinfo.org\/?p=20192#primaryimage"},"image":{"@id":"https:\/\/veritasinfo.org\/?p=20192#primaryimage"},"thumbnailUrl":"https:\/\/veritasinfo.org\/wp-content\/uploads\/2025\/11\/557304678_1175202384496924_821953750560939686_n.jpg","datePublished":"2025-11-13T17:36:16+00:00","author":{"@id":"https:\/\/veritasinfo.org\/#\/schema\/person\/fe199eede04c3937362892b7444747cc"},"breadcrumb":{"@id":"https:\/\/veritasinfo.org\/?p=20192#breadcrumb"},"inLanguage":"en-US","potentialAction":[{"@type":"ReadAction","target":["https:\/\/veritasinfo.org\/?p=20192"]}]},{"@type":"ImageObject","inLanguage":"en-US","@id":"https:\/\/veritasinfo.org\/?p=20192#primaryimage","url":"https:\/\/veritasinfo.org\/wp-content\/uploads\/2025\/11\/557304678_1175202384496924_821953750560939686_n.jpg","contentUrl":"https:\/\/veritasinfo.org\/wp-content\/uploads\/2025\/11\/557304678_1175202384496924_821953750560939686_n.jpg","width":1280,"height":853},{"@type":"BreadcrumbList","@id":"https:\/\/veritasinfo.org\/?p=20192#breadcrumb","itemListElement":[{"@type":"ListItem","position":1,"name":"Home","item":"https:\/\/veritasinfo.org\/"},{"@type":"ListItem","position":2,"name":"Bedri Hamza zyrtarisht kandidat p\u00ebr kryetar t\u00eb PDK-s\u00eb"}]},{"@type":"WebSite","@id":"https:\/\/veritasinfo.org\/#website","url":"https:\/\/veritasinfo.org\/","name":"","description":"","potentialAction":[{"@type":"SearchAction","target":{"@type":"EntryPoint","urlTemplate":"https:\/\/veritasinfo.org\/?s={search_term_string}"},"query-input":{"@type":"PropertyValueSpecification","valueRequired":true,"valueName":"search_term_string"}}],"inLanguage":"en-US"},{"@type":"Person","@id":"https:\/\/veritasinfo.org\/#\/schema\/person\/fe199eede04c3937362892b7444747cc","name":"US6","image":{"@type":"ImageObject","inLanguage":"en-US","@id":"https:\/\/veritasinfo.org\/#\/schema\/person\/image\/","url":"https:\/\/secure.gravatar.com\/avatar\/cb16c3c31c9d23b9b8c705964598220b3014e42ff51eb540ff23cefa3ae8c15f?s=96&d=mm&r=g","contentUrl":"https:\/\/secure.gravatar.com\/avatar\/cb16c3c31c9d23b9b8c705964598220b3014e42ff51eb540ff23cefa3ae8c15f?s=96&d=mm&r=g","caption":"US6"},"url":"https:\/\/veritasinfo.org\/?author=7"}]}},"featured_image_urls":{"full":["https:\/\/veritasinfo.org\/wp-content\/uploads\/2025\/11\/557304678_1175202384496924_821953750560939686_n.jpg",1280,853,false],"thumbnail":["https:\/\/veritasinfo.org\/wp-content\/uploads\/2025\/11\/557304678_1175202384496924_821953750560939686_n-150x150.jpg",150,150,true],"medium":["https:\/\/veritasinfo.org\/wp-content\/uploads\/2025\/11\/557304678_1175202384496924_821953750560939686_n-300x200.jpg",300,200,true],"medium_large":["https:\/\/veritasinfo.org\/wp-content\/uploads\/2025\/11\/557304678_1175202384496924_821953750560939686_n-768x512.jpg",640,427,true],"large":["https:\/\/veritasinfo.org\/wp-content\/uploads\/2025\/11\/557304678_1175202384496924_821953750560939686_n-1024x682.jpg",640,426,true],"1536x1536":["https:\/\/veritasinfo.org\/wp-content\/uploads\/2025\/11\/557304678_1175202384496924_821953750560939686_n.jpg",1280,853,false],"2048x2048":["https:\/\/veritasinfo.org\/wp-content\/uploads\/2025\/11\/557304678_1175202384496924_821953750560939686_n.jpg",1280,853,false],"kreeti-slider-full":["https:\/\/veritasinfo.org\/wp-content\/uploads\/2025\/11\/557304678_1175202384496924_821953750560939686_n.jpg",1080,720,false],"kreeti-featured":["https:\/\/veritasinfo.org\/wp-content\/uploads\/2025\/11\/557304678_1175202384496924_821953750560939686_n.jpg",1024,682,false],"kreeti-medium":["https:\/\/veritasinfo.org\/wp-content\/uploads\/2025\/11\/557304678_1175202384496924_821953750560939686_n.jpg",720,480,false],"kreeti-medium-square":["https:\/\/veritasinfo.org\/wp-content\/uploads\/2025\/11\/557304678_1175202384496924_821953750560939686_n.jpg",350,233,false]},"author_info":{"info":["US6"]},"category_info":"<a href=\"https:\/\/veritasinfo.org\/?cat=58\" rel=\"category\">Politik\u00eb<\/a>","tag_info":"Politik\u00eb","comment_count":"0","_links":{"self":[{"href":"https:\/\/veritasinfo.org\/index.php?rest_route=\/wp\/v2\/posts\/20192","targetHints":{"allow":["GET"]}}],"collection":[{"href":"https:\/\/veritasinfo.org\/index.php?rest_route=\/wp\/v2\/posts"}],"about":[{"href":"https:\/\/veritasinfo.org\/index.php?rest_route=\/wp\/v2\/types\/post"}],"author":[{"embeddable":true,"href":"https:\/\/veritasinfo.org\/index.php?rest_route=\/wp\/v2\/users\/7"}],"replies":[{"embeddable":true,"href":"https:\/\/veritasinfo.org\/index.php?rest_route=%2Fwp%2Fv2%2Fcomments&post=20192"}],"version-history":[{"count":1,"href":"https:\/\/veritasinfo.org\/index.php?rest_route=\/wp\/v2\/posts\/20192\/revisions"}],"predecessor-version":[{"id":20194,"href":"https:\/\/veritasinfo.org\/index.php?rest_route=\/wp\/v2\/posts\/20192\/revisions\/20194"}],"wp:featuredmedia":[{"embeddable":true,"href":"https:\/\/veritasinfo.org\/index.php?rest_route=\/wp\/v2\/media\/20193"}],"wp:attachment":[{"href":"https:\/\/veritasinfo.org\/index.php?rest_route=%2Fwp%2Fv2%2Fmedia&parent=20192"}],"wp:term":[{"taxonomy":"category","embeddable":true,"href":"https:\/\/veritasinfo.org\/index.php?rest_route=%2Fwp%2Fv2%2Fcategories&post=20192"},{"taxonomy":"post_tag","embeddable":true,"href":"https:\/\/veritasinfo.org\/index.php?rest_route=%2Fwp%2Fv2%2Ftags&post=20192"}],"curies":[{"name":"wp","href":"https:\/\/api.w.org\/{rel}","templated":true}]}}