{"id":20141,"date":"2025-11-13T14:13:07","date_gmt":"2025-11-13T13:13:07","guid":{"rendered":"https:\/\/veritasinfo.org\/?p=20141"},"modified":"2025-11-13T14:16:01","modified_gmt":"2025-11-13T13:16:01","slug":"hulumtimi-nga-krik-terroristi-i-banjskes-simbol-i-mbrojtesve-te-vuciqit","status":"publish","type":"post","link":"https:\/\/veritasinfo.org\/?p=20141","title":{"rendered":"Hulumtimi nga KRIK: Terroristi i Banjsk\u00ebs, simbol i \u2018mbrojt\u00ebsve\u2019 t\u00eb Vu\u00e7iqit"},"content":{"rendered":"<p>Prishtin\u00eb, 13 n\u00ebntor 2025 14:13<\/p>\n<p>Portali investigativ serb KRIK ka publikuar nj\u00eb hetim t\u00eb gjer\u00eb q\u00eb zbulon se dhjet\u00ebra persona me dosje t\u00eb r\u00ebnda kriminale \u2013 t\u00eb d\u00ebnuar p\u00ebr vrasje, trafik droge, dhun\u00eb dhe k\u00ebrc\u00ebnime \u2013 kan\u00eb marr\u00eb pjes\u00eb n\u00eb protesta n\u00eb mb\u00ebshtetje t\u00eb pushtetit t\u00eb Aleksandar Vu\u00e7iqit dhe partis\u00eb s\u00eb tij SNS, shpeshher\u00eb duke sulmuar qytetar\u00eb dhe student\u00eb q\u00eb protestonin kund\u00ebr regjimit.<\/p>\n<p>Sipas t\u00eb dh\u00ebnave q\u00eb KRIK ka mbledhur p\u00ebrmes dokumenteve zyrtare dhe burimeve n\u00eb terren, shum\u00eb nga k\u00ebta persona jan\u00eb par\u00eb n\u00eb kampin e quajtur \u201cCacilend\u201d \u2013 ngritur p\u00ebrpara Presidenc\u00ebs n\u00eb Beograd \u2013 q\u00eb \u00ebsht\u00eb shnd\u00ebrruar n\u00eb qend\u00ebr t\u00eb mb\u00ebshtet\u00ebsve t\u00eb Vu\u00e7iqit dhe strukturave t\u00eb tij.<\/p>\n<p>N\u00eb krye t\u00eb list\u00ebs q\u00eb zbulon KRIK \u00ebsht\u00eb Vladimir Vu\u00e7etiq, nj\u00eb nga t\u00eb akuzuarit p\u00ebr sulmin terrorist n\u00eb Banjsk\u00eb t\u00eb Kosov\u00ebs n\u00eb shtator 2023, ku u vra nj\u00eb polic kosovar dhe tre sulmues. Vu\u00e7etiq ishte pjes\u00eb e grupit t\u00eb armatosur q\u00eb drejtohej nga Milan Radoi\u00e7iq, nj\u00eb figur\u00eb e njohur kriminale dhe bashk\u00ebpun\u00ebtor i ngusht\u00eb i presidentit Vu\u00e7iq.<\/p>\n<p>Sipas KRIK, Vu\u00e7etiq \u00ebsht\u00eb par\u00eb m\u00eb 28 qershor 2025 n\u00eb kampin \u201cCacilend\u201d, n\u00eb dit\u00ebn e protest\u00ebs studentore t\u00eb Vidovdanit. Ndaj tij ekziston urdh\u00ebr arresti nd\u00ebrkomb\u00ebtar p\u00ebr terroriz\u00ebm l\u00ebshuar p\u00ebrmes Interpolit, por ai l\u00ebviz lirisht n\u00eb Beograd n\u00ebn mbrojtjen e pushtetit.<\/p>\n<p>N\u00eb t\u00eb nj\u00ebjtin kamp \u00ebsht\u00eb par\u00eb edhe Petar Paniq, i njohur si \u201cPana\u201d, nj\u00eb em\u00ebr i vjet\u00ebr i bot\u00ebs s\u00eb krimit q\u00eb dikur ishte pjes\u00eb e klanit t\u00eb Zemun-it. Ai \u00ebsht\u00eb d\u00ebnuar dhe hetuar p\u00ebr shum\u00eb vepra penale, p\u00ebrfshir\u00eb dhun\u00eb, zhvatje dhe arm\u00ebmbajtje pa leje.<\/p>\n<p>Paniq ka lidhje t\u00eb ngushta me strukturat e pushtetit \u2013 ka qen\u00eb truproj\u00eb e Vojislav Shesheljit dhe mik personal i Aleksandar Vu\u00e7iqit, si dhe i zyrtar\u00ebve t\u00eb lart\u00eb t\u00eb SNS-it si Darko Gli\u0161i\u0107 e Goran Vesic. N\u00eb protest\u00ebn e 15 marsit 2025 ai u pa n\u00eb \u201cCacilend\u201d, duke \u201cmbrojtur\u201d nd\u00ebrtes\u00ebn e presidenc\u00ebs.<\/p>\n<p>Nj\u00eb tjet\u00ebr figur\u00eb e njohur q\u00eb u shfaq n\u00eb kamp ishte Dijana Hrkaloviq, ish-sekretare shtet\u00ebrore n\u00eb Ministrin\u00eb e Brendshme, e d\u00ebnuar p\u00ebr tregti ndikimi dhe e lidhur me grupin e Veljko Belivukut dhe kriminelin boshnjak Darko Elez.<\/p>\n<p>E veshur me t\u00eb bardha dhe e shoq\u00ebruar nga sigurimi personal, Hrkaloviq vizitoi \u201cCacilendin\u201d n\u00eb Vidovdan 2025, duke treguar hapur p\u00ebrkrahjen e saj p\u00ebr Vu\u00e7iqin, t\u00eb cilin e quan \u201cdielli im\u201d.<\/p>\n<p>KRIK identifikoi edhe Djorgje Preliqin, ish-liderin e grupit huligan \u201cAlkatraz\u201d, i d\u00ebnuar p\u00ebr vrasjen brutale t\u00eb tifozit francez Brice Taton n\u00eb vitin 2009. Ai \u00ebsht\u00eb par\u00eb n\u00eb \u201cCacilend\u201d n\u00eb gusht 2025, ku deklaroi se ndodhej \u201cp\u00ebr arsye patriotike\u201d dhe se \u201cnuk do t\u00eb lejonte q\u00eb Vu\u00e7iqi t\u00eb bie n\u00eb duart e tradhtar\u00ebve\u201d.<\/p>\n<p>N\u00eb mesin e \u201crojtar\u00ebve\u201d t\u00eb pushtetit \u00ebsht\u00eb edhe Vladimir Mandiq, ish-hendbollist dhe an\u00ebtar i SNS-it, i cili \u00ebsht\u00eb par\u00eb duke shtyr\u00eb e goditur student\u00eb n\u00eb protesta m\u00eb 1 maj 2025. Ai ka qen\u00eb m\u00eb par\u00eb i akuzuar p\u00ebr tentativ\u00eb vrasjeje, i hetuar p\u00ebr pastrim parash dhe i lidhur me manipulime zgjedhore.<\/p>\n<p>N\u00eb qytetet e tjera, dhuna ndaj protestuesve ka pasur fytyra t\u00eb ngjashme.<\/p>\n<p>N\u00eb Novi Sad, m\u00eb 12 gusht 2025, jan\u00eb identifikuar Jovan Kecman, i d\u00ebnuar p\u00ebr tentativ\u00eb vrasjeje dhe trafik droge, si dhe Jovo e Milenko Stanareviq, persona me dosje p\u00ebr dhun\u00eb dhe plagosje. Ata u pan\u00eb duke sulmuar protestues dhe mbrojtur selin\u00eb e SNS-it.<\/p>\n<p>N\u00eb Nish, protest\u00ebn e po asaj date e \u201cruante\u201d Nikola Radonjiq, i d\u00ebnuar p\u00ebr plagosje me thik\u00eb t\u00eb nj\u00eb t\u00eb riu q\u00eb mbante nj\u00eb bluz\u00eb antifashiste.<\/p>\n<p>N\u00eb Pan\u00e7ev\u00eb, \u201cmbrojt\u00ebs\u201d ishte Dejan Simeunoviq, nj\u00eb ish-truproj\u00eb e akuzuar m\u00eb her\u00ebt p\u00ebr vrasje me arm\u00eb zjarri.<\/p>\n<p>N\u00eb list\u00ebn e gjat\u00eb t\u00eb KRIK-ut gjenden edhe emra si Bojan Vujosheviq (i njohur si \u201cMrvica\u201d), Bojan Mihajloviq (ish-MMA luft\u00ebtar), Bojan Rai\u00e7eviq (i af\u00ebrt me v\u00ebllain e Vu\u00e7iqit, Andrej Vu\u00e7iq), si dhe Nina Shobota, e cila ka qen\u00eb e lidhur me kriminel\u00eb t\u00eb njohur si Filip Koraq e Velibor Dunjiq.<\/p>\n<p>K\u00ebta persona, sipas d\u00ebshmive dhe dokumenteve t\u00eb KRIK-ut, kan\u00eb qen\u00eb t\u00eb pranish\u00ebm n\u00eb protestat proqeveritare, duke sulmuar qytetar\u00ebt, k\u00ebrc\u00ebnuar student\u00ebt dhe mbrojtur selit\u00eb e pushtetit n\u00eb Beograd dhe qytete t\u00eb tjera.<\/p>\n<p>Hetimi i KRIK tregon nj\u00eb pamje t\u00eb frikshme: kampi \u201cCacilend\u201d, q\u00eb qeveria e paraqet si \u201cqend\u00ebr mb\u00ebshtetjeje p\u00ebr Vu\u00e7iqin\u201d, \u00ebsht\u00eb n\u00eb t\u00eb v\u00ebrtet\u00eb nj\u00eb rrjet njer\u00ebzish me t\u00eb kaluar kriminale, t\u00eb lidhur me pushtetin dhe aparatin shtet\u00ebror.<\/p>\n<p>Nd\u00ebrsa Vu\u00e7iq paraqitet si \u201cgarant i rendit dhe siguris\u00eb\u201d, realiteti, sipas k\u00ebtij hetimi, \u00ebsht\u00eb krejt i kund\u00ebrt \u2013 krimi i organizuar \u00ebsht\u00eb b\u00ebr\u00eb mburoj\u00eb e regjimit, nd\u00ebrsa qytetar\u00ebt dhe student\u00ebt q\u00eb k\u00ebrkojn\u00eb drejt\u00ebsi p\u00ebrballen me dhun\u00eb, frik\u00ebsim dhe mosnd\u00ebshkueshm\u00ebri.<\/p>\n<p>Prokuroria Speciale e Kosov\u00ebs m\u00eb 11 shtator 2024 ka ngritur aktakuz\u00eb kund\u00ebr Milan Radoi\u00e7iq dhe 44 t\u00eb tjer\u00ebve p\u00ebr sulmin terrorist t\u00eb 24 shtatorit 2023 n\u00eb Banjska t\u00eb Zve\u00e7anit, ku mbeti i vrar\u00eb rreshteri policor Afrim Bunjaku.<\/p>\n<p>T\u00eb pandehurit ngarkohen p\u00ebr veprat penale kryerja e vepr\u00ebs terroriste, veprat e r\u00ebnda kund\u00ebr rendit kushtetues dhe siguris\u00eb s\u00eb Republik\u00ebs s\u00eb Kosov\u00ebs, leht\u00ebsimi dhe financimi n\u00eb kryerjen e terrorizmit dhe shp\u00eblarja e parave.<\/p>\n<p>42 t\u00eb akuzuar, p\u00ebrfshir\u00eb edhe Milan Radoi\u00e7iq, q\u00eb e pranoi publikisht se udh\u00ebhoqi sulmin n\u00eb Banjsk\u00eb, jan\u00eb n\u00eb arrati.<\/p>\n","protected":false},"excerpt":{"rendered":"<p>Prishtin\u00eb, 13 n\u00ebntor 2025 14:13 Portali investigativ serb KRIK ka publikuar nj\u00eb hetim t\u00eb gjer\u00eb q\u00eb zbulon se dhjet\u00ebra persona me dosje t\u00eb r\u00ebnda kriminale<\/p>\n","protected":false},"author":7,"featured_media":20145,"comment_status":"open","ping_status":"open","sticky":false,"template":"","format":"standard","meta":{"footnotes":""},"categories":[58],"tags":[],"class_list":["post-20141","post","type-post","status-publish","format-standard","has-post-thumbnail","hentry","category-politike-sq"],"yoast_head":"<!-- This site is optimized with the Yoast SEO plugin v25.3.1 - https:\/\/yoast.com\/wordpress\/plugins\/seo\/ -->\n<title>Hulumtimi nga KRIK: Terroristi i Banjsk\u00ebs, simbol i \u2018mbrojt\u00ebsve\u2019 t\u00eb Vu\u00e7iqit -<\/title>\n<meta name=\"robots\" content=\"index, follow, max-snippet:-1, max-image-preview:large, max-video-preview:-1\" \/>\n<link rel=\"canonical\" href=\"https:\/\/veritasinfo.org\/?p=20141\" \/>\n<meta property=\"og:locale\" content=\"en_US\" \/>\n<meta property=\"og:type\" content=\"article\" \/>\n<meta property=\"og:title\" content=\"Hulumtimi nga KRIK: Terroristi i Banjsk\u00ebs, simbol i \u2018mbrojt\u00ebsve\u2019 t\u00eb Vu\u00e7iqit -\" \/>\n<meta property=\"og:description\" content=\"Prishtin\u00eb, 13 n\u00ebntor 2025 14:13 Portali investigativ serb KRIK ka publikuar nj\u00eb hetim t\u00eb gjer\u00eb q\u00eb zbulon se dhjet\u00ebra persona me dosje t\u00eb r\u00ebnda kriminale\" \/>\n<meta property=\"og:url\" content=\"https:\/\/veritasinfo.org\/?p=20141\" \/>\n<meta property=\"article:published_time\" content=\"2025-11-13T13:13:07+00:00\" \/>\n<meta property=\"article:modified_time\" content=\"2025-11-13T13:16:01+00:00\" \/>\n<meta property=\"og:image\" content=\"https:\/\/veritasinfo.org\/wp-content\/uploads\/2025\/11\/Screenshot-2025-11-13-141211.jpg\" \/>\n\t<meta property=\"og:image:width\" content=\"535\" \/>\n\t<meta property=\"og:image:height\" content=\"545\" \/>\n\t<meta property=\"og:image:type\" content=\"image\/jpeg\" \/>\n<meta name=\"author\" content=\"US6\" \/>\n<meta name=\"twitter:card\" content=\"summary_large_image\" \/>\n<meta name=\"twitter:label1\" content=\"Written by\" \/>\n\t<meta name=\"twitter:data1\" content=\"US6\" \/>\n\t<meta name=\"twitter:label2\" content=\"Est. reading time\" \/>\n\t<meta name=\"twitter:data2\" content=\"4 minutes\" \/>\n<script type=\"application\/ld+json\" class=\"yoast-schema-graph\">{\"@context\":\"https:\/\/schema.org\",\"@graph\":[{\"@type\":\"WebPage\",\"@id\":\"https:\/\/veritasinfo.org\/?p=20141\",\"url\":\"https:\/\/veritasinfo.org\/?p=20141\",\"name\":\"Hulumtimi nga KRIK: Terroristi i Banjsk\u00ebs, simbol i \u2018mbrojt\u00ebsve\u2019 t\u00eb Vu\u00e7iqit -\",\"isPartOf\":{\"@id\":\"https:\/\/veritasinfo.org\/#website\"},\"primaryImageOfPage\":{\"@id\":\"https:\/\/veritasinfo.org\/?p=20141#primaryimage\"},\"image\":{\"@id\":\"https:\/\/veritasinfo.org\/?p=20141#primaryimage\"},\"thumbnailUrl\":\"https:\/\/veritasinfo.org\/wp-content\/uploads\/2025\/11\/Screenshot-2025-11-13-141211.jpg\",\"datePublished\":\"2025-11-13T13:13:07+00:00\",\"dateModified\":\"2025-11-13T13:16:01+00:00\",\"author\":{\"@id\":\"https:\/\/veritasinfo.org\/#\/schema\/person\/fe199eede04c3937362892b7444747cc\"},\"breadcrumb\":{\"@id\":\"https:\/\/veritasinfo.org\/?p=20141#breadcrumb\"},\"inLanguage\":\"en-US\",\"potentialAction\":[{\"@type\":\"ReadAction\",\"target\":[\"https:\/\/veritasinfo.org\/?p=20141\"]}]},{\"@type\":\"ImageObject\",\"inLanguage\":\"en-US\",\"@id\":\"https:\/\/veritasinfo.org\/?p=20141#primaryimage\",\"url\":\"https:\/\/veritasinfo.org\/wp-content\/uploads\/2025\/11\/Screenshot-2025-11-13-141211.jpg\",\"contentUrl\":\"https:\/\/veritasinfo.org\/wp-content\/uploads\/2025\/11\/Screenshot-2025-11-13-141211.jpg\",\"width\":535,\"height\":545},{\"@type\":\"BreadcrumbList\",\"@id\":\"https:\/\/veritasinfo.org\/?p=20141#breadcrumb\",\"itemListElement\":[{\"@type\":\"ListItem\",\"position\":1,\"name\":\"Home\",\"item\":\"https:\/\/veritasinfo.org\/\"},{\"@type\":\"ListItem\",\"position\":2,\"name\":\"Hulumtimi nga KRIK: Terroristi i Banjsk\u00ebs, simbol i \u2018mbrojt\u00ebsve\u2019 t\u00eb Vu\u00e7iqit\"}]},{\"@type\":\"WebSite\",\"@id\":\"https:\/\/veritasinfo.org\/#website\",\"url\":\"https:\/\/veritasinfo.org\/\",\"name\":\"\",\"description\":\"\",\"potentialAction\":[{\"@type\":\"SearchAction\",\"target\":{\"@type\":\"EntryPoint\",\"urlTemplate\":\"https:\/\/veritasinfo.org\/?s={search_term_string}\"},\"query-input\":{\"@type\":\"PropertyValueSpecification\",\"valueRequired\":true,\"valueName\":\"search_term_string\"}}],\"inLanguage\":\"en-US\"},{\"@type\":\"Person\",\"@id\":\"https:\/\/veritasinfo.org\/#\/schema\/person\/fe199eede04c3937362892b7444747cc\",\"name\":\"US6\",\"image\":{\"@type\":\"ImageObject\",\"inLanguage\":\"en-US\",\"@id\":\"https:\/\/veritasinfo.org\/#\/schema\/person\/image\/\",\"url\":\"https:\/\/secure.gravatar.com\/avatar\/cb16c3c31c9d23b9b8c705964598220b3014e42ff51eb540ff23cefa3ae8c15f?s=96&d=mm&r=g\",\"contentUrl\":\"https:\/\/secure.gravatar.com\/avatar\/cb16c3c31c9d23b9b8c705964598220b3014e42ff51eb540ff23cefa3ae8c15f?s=96&d=mm&r=g\",\"caption\":\"US6\"},\"url\":\"https:\/\/veritasinfo.org\/?author=7\"}]}<\/script>\n<!-- \/ Yoast SEO plugin. -->","yoast_head_json":{"title":"Hulumtimi nga KRIK: Terroristi i Banjsk\u00ebs, simbol i \u2018mbrojt\u00ebsve\u2019 t\u00eb Vu\u00e7iqit -","robots":{"index":"index","follow":"follow","max-snippet":"max-snippet:-1","max-image-preview":"max-image-preview:large","max-video-preview":"max-video-preview:-1"},"canonical":"https:\/\/veritasinfo.org\/?p=20141","og_locale":"en_US","og_type":"article","og_title":"Hulumtimi nga KRIK: Terroristi i Banjsk\u00ebs, simbol i \u2018mbrojt\u00ebsve\u2019 t\u00eb Vu\u00e7iqit -","og_description":"Prishtin\u00eb, 13 n\u00ebntor 2025 14:13 Portali investigativ serb KRIK ka publikuar nj\u00eb hetim t\u00eb gjer\u00eb q\u00eb zbulon se dhjet\u00ebra persona me dosje t\u00eb r\u00ebnda kriminale","og_url":"https:\/\/veritasinfo.org\/?p=20141","article_published_time":"2025-11-13T13:13:07+00:00","article_modified_time":"2025-11-13T13:16:01+00:00","og_image":[{"width":535,"height":545,"url":"https:\/\/veritasinfo.org\/wp-content\/uploads\/2025\/11\/Screenshot-2025-11-13-141211.jpg","type":"image\/jpeg"}],"author":"US6","twitter_card":"summary_large_image","twitter_misc":{"Written by":"US6","Est. reading time":"4 minutes"},"schema":{"@context":"https:\/\/schema.org","@graph":[{"@type":"WebPage","@id":"https:\/\/veritasinfo.org\/?p=20141","url":"https:\/\/veritasinfo.org\/?p=20141","name":"Hulumtimi nga KRIK: Terroristi i Banjsk\u00ebs, simbol i \u2018mbrojt\u00ebsve\u2019 t\u00eb Vu\u00e7iqit -","isPartOf":{"@id":"https:\/\/veritasinfo.org\/#website"},"primaryImageOfPage":{"@id":"https:\/\/veritasinfo.org\/?p=20141#primaryimage"},"image":{"@id":"https:\/\/veritasinfo.org\/?p=20141#primaryimage"},"thumbnailUrl":"https:\/\/veritasinfo.org\/wp-content\/uploads\/2025\/11\/Screenshot-2025-11-13-141211.jpg","datePublished":"2025-11-13T13:13:07+00:00","dateModified":"2025-11-13T13:16:01+00:00","author":{"@id":"https:\/\/veritasinfo.org\/#\/schema\/person\/fe199eede04c3937362892b7444747cc"},"breadcrumb":{"@id":"https:\/\/veritasinfo.org\/?p=20141#breadcrumb"},"inLanguage":"en-US","potentialAction":[{"@type":"ReadAction","target":["https:\/\/veritasinfo.org\/?p=20141"]}]},{"@type":"ImageObject","inLanguage":"en-US","@id":"https:\/\/veritasinfo.org\/?p=20141#primaryimage","url":"https:\/\/veritasinfo.org\/wp-content\/uploads\/2025\/11\/Screenshot-2025-11-13-141211.jpg","contentUrl":"https:\/\/veritasinfo.org\/wp-content\/uploads\/2025\/11\/Screenshot-2025-11-13-141211.jpg","width":535,"height":545},{"@type":"BreadcrumbList","@id":"https:\/\/veritasinfo.org\/?p=20141#breadcrumb","itemListElement":[{"@type":"ListItem","position":1,"name":"Home","item":"https:\/\/veritasinfo.org\/"},{"@type":"ListItem","position":2,"name":"Hulumtimi nga KRIK: Terroristi i Banjsk\u00ebs, simbol i \u2018mbrojt\u00ebsve\u2019 t\u00eb Vu\u00e7iqit"}]},{"@type":"WebSite","@id":"https:\/\/veritasinfo.org\/#website","url":"https:\/\/veritasinfo.org\/","name":"","description":"","potentialAction":[{"@type":"SearchAction","target":{"@type":"EntryPoint","urlTemplate":"https:\/\/veritasinfo.org\/?s={search_term_string}"},"query-input":{"@type":"PropertyValueSpecification","valueRequired":true,"valueName":"search_term_string"}}],"inLanguage":"en-US"},{"@type":"Person","@id":"https:\/\/veritasinfo.org\/#\/schema\/person\/fe199eede04c3937362892b7444747cc","name":"US6","image":{"@type":"ImageObject","inLanguage":"en-US","@id":"https:\/\/veritasinfo.org\/#\/schema\/person\/image\/","url":"https:\/\/secure.gravatar.com\/avatar\/cb16c3c31c9d23b9b8c705964598220b3014e42ff51eb540ff23cefa3ae8c15f?s=96&d=mm&r=g","contentUrl":"https:\/\/secure.gravatar.com\/avatar\/cb16c3c31c9d23b9b8c705964598220b3014e42ff51eb540ff23cefa3ae8c15f?s=96&d=mm&r=g","caption":"US6"},"url":"https:\/\/veritasinfo.org\/?author=7"}]}},"featured_image_urls":{"full":["https:\/\/veritasinfo.org\/wp-content\/uploads\/2025\/11\/Screenshot-2025-11-13-141211.jpg",535,545,false],"thumbnail":["https:\/\/veritasinfo.org\/wp-content\/uploads\/2025\/11\/Screenshot-2025-11-13-141211-150x150.jpg",150,150,true],"medium":["https:\/\/veritasinfo.org\/wp-content\/uploads\/2025\/11\/Screenshot-2025-11-13-141211-294x300.jpg",294,300,true],"medium_large":["https:\/\/veritasinfo.org\/wp-content\/uploads\/2025\/11\/Screenshot-2025-11-13-141211.jpg",535,545,false],"large":["https:\/\/veritasinfo.org\/wp-content\/uploads\/2025\/11\/Screenshot-2025-11-13-141211.jpg",535,545,false],"1536x1536":["https:\/\/veritasinfo.org\/wp-content\/uploads\/2025\/11\/Screenshot-2025-11-13-141211.jpg",535,545,false],"2048x2048":["https:\/\/veritasinfo.org\/wp-content\/uploads\/2025\/11\/Screenshot-2025-11-13-141211.jpg",535,545,false],"kreeti-slider-full":["https:\/\/veritasinfo.org\/wp-content\/uploads\/2025\/11\/Screenshot-2025-11-13-141211.jpg",535,545,false],"kreeti-featured":["https:\/\/veritasinfo.org\/wp-content\/uploads\/2025\/11\/Screenshot-2025-11-13-141211.jpg",535,545,false],"kreeti-medium":["https:\/\/veritasinfo.org\/wp-content\/uploads\/2025\/11\/Screenshot-2025-11-13-141211.jpg",520,530,false],"kreeti-medium-square":["https:\/\/veritasinfo.org\/wp-content\/uploads\/2025\/11\/Screenshot-2025-11-13-141211.jpg",344,350,false]},"author_info":{"info":["US6"]},"category_info":"<a href=\"https:\/\/veritasinfo.org\/?cat=58\" rel=\"category\">Politik\u00eb<\/a>","tag_info":"Politik\u00eb","comment_count":"0","_links":{"self":[{"href":"https:\/\/veritasinfo.org\/index.php?rest_route=\/wp\/v2\/posts\/20141","targetHints":{"allow":["GET"]}}],"collection":[{"href":"https:\/\/veritasinfo.org\/index.php?rest_route=\/wp\/v2\/posts"}],"about":[{"href":"https:\/\/veritasinfo.org\/index.php?rest_route=\/wp\/v2\/types\/post"}],"author":[{"embeddable":true,"href":"https:\/\/veritasinfo.org\/index.php?rest_route=\/wp\/v2\/users\/7"}],"replies":[{"embeddable":true,"href":"https:\/\/veritasinfo.org\/index.php?rest_route=%2Fwp%2Fv2%2Fcomments&post=20141"}],"version-history":[{"count":1,"href":"https:\/\/veritasinfo.org\/index.php?rest_route=\/wp\/v2\/posts\/20141\/revisions"}],"predecessor-version":[{"id":20142,"href":"https:\/\/veritasinfo.org\/index.php?rest_route=\/wp\/v2\/posts\/20141\/revisions\/20142"}],"wp:featuredmedia":[{"embeddable":true,"href":"https:\/\/veritasinfo.org\/index.php?rest_route=\/wp\/v2\/media\/20145"}],"wp:attachment":[{"href":"https:\/\/veritasinfo.org\/index.php?rest_route=%2Fwp%2Fv2%2Fmedia&parent=20141"}],"wp:term":[{"taxonomy":"category","embeddable":true,"href":"https:\/\/veritasinfo.org\/index.php?rest_route=%2Fwp%2Fv2%2Fcategories&post=20141"},{"taxonomy":"post_tag","embeddable":true,"href":"https:\/\/veritasinfo.org\/index.php?rest_route=%2Fwp%2Fv2%2Ftags&post=20141"}],"curies":[{"name":"wp","href":"https:\/\/api.w.org\/{rel}","templated":true}]}}