{"id":201,"date":"2025-06-09T16:47:01","date_gmt":"2025-06-09T16:47:01","guid":{"rendered":"https:\/\/veritasinfo.org\/?p=201"},"modified":"2025-06-09T17:16:57","modified_gmt":"2025-06-09T17:16:57","slug":"pocelo-saslusanje-svedoka-u-slucaju-banjska","status":"publish","type":"post","link":"https:\/\/veritasinfo.org\/?p=201&lang=sr","title":{"rendered":"Po\u010delo saslu\u0161anje svedoka u slu\u010daju Banjska"},"content":{"rendered":"<p><strong>Pri<\/strong><strong>\u0161<\/strong><strong>tina, 09 jun<\/strong><\/p>\n<p>U osnovnom sudu u Pri\u0161tini po\u010delo je izvo\u0111enje dokaza protiv Vladimira Toli\u0107a, Blagoja Spasojevi\u0107a i Du\u0161ana Maksimovi\u0107a, trojice od 45 Srba, optu\u017eenih za terorizam, finansiranje terorizma i te\u0161ka krivi\u010dna dela u slu\u010daju \u201cBanjska\u201d, u septembru 2023 godine.<\/p>\n<p><img fetchpriority=\"high\" decoding=\"async\" class=\"alignnone size-medium wp-image-202\" src=\"https:\/\/veritasinfo.org\/wp-content\/uploads\/2025\/06\/foto-Banjska-300x168.jpg\" alt=\"\" width=\"300\" height=\"168\" srcset=\"https:\/\/veritasinfo.org\/wp-content\/uploads\/2025\/06\/foto-Banjska-300x168.jpg 300w, https:\/\/veritasinfo.org\/wp-content\/uploads\/2025\/06\/foto-Banjska-768x431.jpg 768w, https:\/\/veritasinfo.org\/wp-content\/uploads\/2025\/06\/foto-Banjska.jpg 850w\" sizes=\"(max-width: 300px) 100vw, 300px\" \/>Na dana\u0161njem ro\u010di\u0161tu saslu\u0161avan je policajac Aljban Ra\u0161iti. Govorio je o zbivanjima u no\u0107i kada je u razmeni vatre bio ranjen. U njegovoj blizini ubijen je policajac Afrim Bunjaku. U svom kazivanju nije identifikovao osumnji\u010dene Srbe.<\/p>\n<p>Branilac Blagoja Spasojevi\u0107a, advokat Ljubomir Pantovi\u0107, rekao je da svedok nije imao konkretne informacije prema optu\u017eenima, kao i da je &#8220;govorio o op\u0161tem kontekstu doga\u0111aja u Banjskoj od 23. septembra 2023. godine&#8221;.<\/p>\n<p>&#8220;Ni\u0161ta konkretno nije rekao u odnosu ni prema jednom od okrivljenih. Zato i nismo, mi iz odbrane, imali pitanja. Mislim da \u0107e naredni svedoci svedo\u010diti na istovetan na\u010din. Hteo bih da pomenem i ocenu koju sam dao u mom izlaganju \u2013 da je optu\u017enica apsolutno uop\u0161tena, jedan generalizovani opis, bez toga da je opisana ijedna radnja bilo kog od trojice okrivljenih. To tu optu\u017enicu \u010dini vrlo manjkavom i, ja bih rekao, lo\u0161om. Sumnjam da \u0107e neko od svedoka ne\u0161to re\u0107i protiv okrivljenih, tako da \u0107e biti identi\u010dna svedo\u010denja u narednim danima&#8221;, naveo je Pantovi\u0107.<\/p>\n","protected":false},"excerpt":{"rendered":"<p>Pri\u0161tina, 09 jun U osnovnom sudu u Pri\u0161tini po\u010delo je izvo\u0111enje dokaza protiv Vladimira Toli\u0107a, Blagoja Spasojevi\u0107a i Du\u0161ana Maksimovi\u0107a, trojice od 45 Srba, optu\u017eenih<\/p>\n","protected":false},"author":2,"featured_media":202,"comment_status":"open","ping_status":"open","sticky":false,"template":"","format":"standard","meta":{"footnotes":""},"categories":[24],"tags":[],"class_list":["post-201","post","type-post","status-publish","format-standard","has-post-thumbnail","hentry","category-uncategorized-sr"],"yoast_head":"<!-- This site is optimized with the Yoast SEO plugin v25.3.1 - https:\/\/yoast.com\/wordpress\/plugins\/seo\/ -->\n<title>Po\u010delo saslu\u0161anje svedoka u slu\u010daju Banjska -<\/title>\n<meta name=\"robots\" content=\"index, follow, max-snippet:-1, max-image-preview:large, max-video-preview:-1\" \/>\n<link rel=\"canonical\" href=\"https:\/\/veritasinfo.org\/?p=201&lang=sr\" \/>\n<meta property=\"og:locale\" content=\"en_US\" \/>\n<meta property=\"og:type\" content=\"article\" \/>\n<meta property=\"og:title\" content=\"Po\u010delo saslu\u0161anje svedoka u slu\u010daju Banjska -\" \/>\n<meta property=\"og:description\" content=\"Pri\u0161tina, 09 jun U osnovnom sudu u Pri\u0161tini po\u010delo je izvo\u0111enje dokaza protiv Vladimira Toli\u0107a, Blagoja Spasojevi\u0107a i Du\u0161ana Maksimovi\u0107a, trojice od 45 Srba, optu\u017eenih\" \/>\n<meta property=\"og:url\" content=\"https:\/\/veritasinfo.org\/?p=201&amp;lang=sr\" \/>\n<meta property=\"article:published_time\" content=\"2025-06-09T16:47:01+00:00\" \/>\n<meta property=\"article:modified_time\" content=\"2025-06-09T17:16:57+00:00\" \/>\n<meta property=\"og:image\" content=\"https:\/\/veritasinfo.org\/wp-content\/uploads\/2025\/06\/foto-Banjska.jpg\" \/>\n\t<meta property=\"og:image:width\" content=\"850\" \/>\n\t<meta property=\"og:image:height\" content=\"477\" \/>\n\t<meta property=\"og:image:type\" content=\"image\/jpeg\" \/>\n<meta name=\"author\" content=\"US1\" \/>\n<meta name=\"twitter:card\" content=\"summary_large_image\" \/>\n<meta name=\"twitter:label1\" content=\"Written by\" \/>\n\t<meta name=\"twitter:data1\" content=\"US1\" \/>\n\t<meta name=\"twitter:label2\" content=\"Est. reading time\" \/>\n\t<meta name=\"twitter:data2\" content=\"2 minutes\" \/>\n<script type=\"application\/ld+json\" class=\"yoast-schema-graph\">{\"@context\":\"https:\/\/schema.org\",\"@graph\":[{\"@type\":\"WebPage\",\"@id\":\"https:\/\/veritasinfo.org\/?p=201&lang=sr\",\"url\":\"https:\/\/veritasinfo.org\/?p=201&lang=sr\",\"name\":\"Po\u010delo saslu\u0161anje svedoka u slu\u010daju Banjska -\",\"isPartOf\":{\"@id\":\"https:\/\/veritasinfo.org\/#website\"},\"primaryImageOfPage\":{\"@id\":\"https:\/\/veritasinfo.org\/?p=201&lang=sr#primaryimage\"},\"image\":{\"@id\":\"https:\/\/veritasinfo.org\/?p=201&lang=sr#primaryimage\"},\"thumbnailUrl\":\"https:\/\/veritasinfo.org\/wp-content\/uploads\/2025\/06\/foto-Banjska.jpg\",\"datePublished\":\"2025-06-09T16:47:01+00:00\",\"dateModified\":\"2025-06-09T17:16:57+00:00\",\"author\":{\"@id\":\"https:\/\/veritasinfo.org\/#\/schema\/person\/c2b8be262ea994d0995addca692c5e98\"},\"breadcrumb\":{\"@id\":\"https:\/\/veritasinfo.org\/?p=201&lang=sr#breadcrumb\"},\"inLanguage\":\"en-US\",\"potentialAction\":[{\"@type\":\"ReadAction\",\"target\":[\"https:\/\/veritasinfo.org\/?p=201&lang=sr\"]}]},{\"@type\":\"ImageObject\",\"inLanguage\":\"en-US\",\"@id\":\"https:\/\/veritasinfo.org\/?p=201&lang=sr#primaryimage\",\"url\":\"https:\/\/veritasinfo.org\/wp-content\/uploads\/2025\/06\/foto-Banjska.jpg\",\"contentUrl\":\"https:\/\/veritasinfo.org\/wp-content\/uploads\/2025\/06\/foto-Banjska.jpg\",\"width\":850,\"height\":477,\"caption\":\".\"},{\"@type\":\"BreadcrumbList\",\"@id\":\"https:\/\/veritasinfo.org\/?p=201&lang=sr#breadcrumb\",\"itemListElement\":[{\"@type\":\"ListItem\",\"position\":1,\"name\":\"Home\",\"item\":\"https:\/\/veritasinfo.org\/\"},{\"@type\":\"ListItem\",\"position\":2,\"name\":\"Po\u010delo saslu\u0161anje svedoka u slu\u010daju Banjska\"}]},{\"@type\":\"WebSite\",\"@id\":\"https:\/\/veritasinfo.org\/#website\",\"url\":\"https:\/\/veritasinfo.org\/\",\"name\":\"\",\"description\":\"\",\"potentialAction\":[{\"@type\":\"SearchAction\",\"target\":{\"@type\":\"EntryPoint\",\"urlTemplate\":\"https:\/\/veritasinfo.org\/?s={search_term_string}\"},\"query-input\":{\"@type\":\"PropertyValueSpecification\",\"valueRequired\":true,\"valueName\":\"search_term_string\"}}],\"inLanguage\":\"en-US\"},{\"@type\":\"Person\",\"@id\":\"https:\/\/veritasinfo.org\/#\/schema\/person\/c2b8be262ea994d0995addca692c5e98\",\"name\":\"US1\",\"image\":{\"@type\":\"ImageObject\",\"inLanguage\":\"en-US\",\"@id\":\"https:\/\/veritasinfo.org\/#\/schema\/person\/image\/\",\"url\":\"https:\/\/secure.gravatar.com\/avatar\/4e96a59bd256abf9956eb9963ac891a47461ffb364d47b0e9aab113328fdb75b?s=96&d=mm&r=g\",\"contentUrl\":\"https:\/\/secure.gravatar.com\/avatar\/4e96a59bd256abf9956eb9963ac891a47461ffb364d47b0e9aab113328fdb75b?s=96&d=mm&r=g\",\"caption\":\"US1\"},\"url\":\"https:\/\/veritasinfo.org\/?author=2\"}]}<\/script>\n<!-- \/ Yoast SEO plugin. -->","yoast_head_json":{"title":"Po\u010delo saslu\u0161anje svedoka u slu\u010daju Banjska -","robots":{"index":"index","follow":"follow","max-snippet":"max-snippet:-1","max-image-preview":"max-image-preview:large","max-video-preview":"max-video-preview:-1"},"canonical":"https:\/\/veritasinfo.org\/?p=201&lang=sr","og_locale":"en_US","og_type":"article","og_title":"Po\u010delo saslu\u0161anje svedoka u slu\u010daju Banjska -","og_description":"Pri\u0161tina, 09 jun U osnovnom sudu u Pri\u0161tini po\u010delo je izvo\u0111enje dokaza protiv Vladimira Toli\u0107a, Blagoja Spasojevi\u0107a i Du\u0161ana Maksimovi\u0107a, trojice od 45 Srba, optu\u017eenih","og_url":"https:\/\/veritasinfo.org\/?p=201&lang=sr","article_published_time":"2025-06-09T16:47:01+00:00","article_modified_time":"2025-06-09T17:16:57+00:00","og_image":[{"width":850,"height":477,"url":"https:\/\/veritasinfo.org\/wp-content\/uploads\/2025\/06\/foto-Banjska.jpg","type":"image\/jpeg"}],"author":"US1","twitter_card":"summary_large_image","twitter_misc":{"Written by":"US1","Est. reading time":"2 minutes"},"schema":{"@context":"https:\/\/schema.org","@graph":[{"@type":"WebPage","@id":"https:\/\/veritasinfo.org\/?p=201&lang=sr","url":"https:\/\/veritasinfo.org\/?p=201&lang=sr","name":"Po\u010delo saslu\u0161anje svedoka u slu\u010daju Banjska -","isPartOf":{"@id":"https:\/\/veritasinfo.org\/#website"},"primaryImageOfPage":{"@id":"https:\/\/veritasinfo.org\/?p=201&lang=sr#primaryimage"},"image":{"@id":"https:\/\/veritasinfo.org\/?p=201&lang=sr#primaryimage"},"thumbnailUrl":"https:\/\/veritasinfo.org\/wp-content\/uploads\/2025\/06\/foto-Banjska.jpg","datePublished":"2025-06-09T16:47:01+00:00","dateModified":"2025-06-09T17:16:57+00:00","author":{"@id":"https:\/\/veritasinfo.org\/#\/schema\/person\/c2b8be262ea994d0995addca692c5e98"},"breadcrumb":{"@id":"https:\/\/veritasinfo.org\/?p=201&lang=sr#breadcrumb"},"inLanguage":"en-US","potentialAction":[{"@type":"ReadAction","target":["https:\/\/veritasinfo.org\/?p=201&lang=sr"]}]},{"@type":"ImageObject","inLanguage":"en-US","@id":"https:\/\/veritasinfo.org\/?p=201&lang=sr#primaryimage","url":"https:\/\/veritasinfo.org\/wp-content\/uploads\/2025\/06\/foto-Banjska.jpg","contentUrl":"https:\/\/veritasinfo.org\/wp-content\/uploads\/2025\/06\/foto-Banjska.jpg","width":850,"height":477,"caption":"."},{"@type":"BreadcrumbList","@id":"https:\/\/veritasinfo.org\/?p=201&lang=sr#breadcrumb","itemListElement":[{"@type":"ListItem","position":1,"name":"Home","item":"https:\/\/veritasinfo.org\/"},{"@type":"ListItem","position":2,"name":"Po\u010delo saslu\u0161anje svedoka u slu\u010daju Banjska"}]},{"@type":"WebSite","@id":"https:\/\/veritasinfo.org\/#website","url":"https:\/\/veritasinfo.org\/","name":"","description":"","potentialAction":[{"@type":"SearchAction","target":{"@type":"EntryPoint","urlTemplate":"https:\/\/veritasinfo.org\/?s={search_term_string}"},"query-input":{"@type":"PropertyValueSpecification","valueRequired":true,"valueName":"search_term_string"}}],"inLanguage":"en-US"},{"@type":"Person","@id":"https:\/\/veritasinfo.org\/#\/schema\/person\/c2b8be262ea994d0995addca692c5e98","name":"US1","image":{"@type":"ImageObject","inLanguage":"en-US","@id":"https:\/\/veritasinfo.org\/#\/schema\/person\/image\/","url":"https:\/\/secure.gravatar.com\/avatar\/4e96a59bd256abf9956eb9963ac891a47461ffb364d47b0e9aab113328fdb75b?s=96&d=mm&r=g","contentUrl":"https:\/\/secure.gravatar.com\/avatar\/4e96a59bd256abf9956eb9963ac891a47461ffb364d47b0e9aab113328fdb75b?s=96&d=mm&r=g","caption":"US1"},"url":"https:\/\/veritasinfo.org\/?author=2"}]}},"featured_image_urls":{"full":["https:\/\/veritasinfo.org\/wp-content\/uploads\/2025\/06\/foto-Banjska.jpg",850,477,false],"thumbnail":["https:\/\/veritasinfo.org\/wp-content\/uploads\/2025\/06\/foto-Banjska-150x150.jpg",150,150,true],"medium":["https:\/\/veritasinfo.org\/wp-content\/uploads\/2025\/06\/foto-Banjska-300x168.jpg",300,168,true],"medium_large":["https:\/\/veritasinfo.org\/wp-content\/uploads\/2025\/06\/foto-Banjska-768x431.jpg",640,359,true],"large":["https:\/\/veritasinfo.org\/wp-content\/uploads\/2025\/06\/foto-Banjska.jpg",640,359,false],"1536x1536":["https:\/\/veritasinfo.org\/wp-content\/uploads\/2025\/06\/foto-Banjska.jpg",850,477,false],"2048x2048":["https:\/\/veritasinfo.org\/wp-content\/uploads\/2025\/06\/foto-Banjska.jpg",850,477,false],"kreeti-slider-full":["https:\/\/veritasinfo.org\/wp-content\/uploads\/2025\/06\/foto-Banjska.jpg",850,477,false],"kreeti-featured":["https:\/\/veritasinfo.org\/wp-content\/uploads\/2025\/06\/foto-Banjska.jpg",850,477,false],"kreeti-medium":["https:\/\/veritasinfo.org\/wp-content\/uploads\/2025\/06\/foto-Banjska.jpg",720,404,false],"kreeti-medium-square":["https:\/\/veritasinfo.org\/wp-content\/uploads\/2025\/06\/foto-Banjska.jpg",350,196,false]},"author_info":{"info":["US1"]},"category_info":"<a href=\"https:\/\/veritasinfo.org\/?cat=24&#038;lang=sr\" rel=\"category\">Uncategorized<\/a>","tag_info":"Uncategorized","comment_count":"0","_links":{"self":[{"href":"https:\/\/veritasinfo.org\/index.php?rest_route=\/wp\/v2\/posts\/201","targetHints":{"allow":["GET"]}}],"collection":[{"href":"https:\/\/veritasinfo.org\/index.php?rest_route=\/wp\/v2\/posts"}],"about":[{"href":"https:\/\/veritasinfo.org\/index.php?rest_route=\/wp\/v2\/types\/post"}],"author":[{"embeddable":true,"href":"https:\/\/veritasinfo.org\/index.php?rest_route=\/wp\/v2\/users\/2"}],"replies":[{"embeddable":true,"href":"https:\/\/veritasinfo.org\/index.php?rest_route=%2Fwp%2Fv2%2Fcomments&post=201"}],"version-history":[{"count":1,"href":"https:\/\/veritasinfo.org\/index.php?rest_route=\/wp\/v2\/posts\/201\/revisions"}],"predecessor-version":[{"id":203,"href":"https:\/\/veritasinfo.org\/index.php?rest_route=\/wp\/v2\/posts\/201\/revisions\/203"}],"wp:featuredmedia":[{"embeddable":true,"href":"https:\/\/veritasinfo.org\/index.php?rest_route=\/wp\/v2\/media\/202"}],"wp:attachment":[{"href":"https:\/\/veritasinfo.org\/index.php?rest_route=%2Fwp%2Fv2%2Fmedia&parent=201"}],"wp:term":[{"taxonomy":"category","embeddable":true,"href":"https:\/\/veritasinfo.org\/index.php?rest_route=%2Fwp%2Fv2%2Fcategories&post=201"},{"taxonomy":"post_tag","embeddable":true,"href":"https:\/\/veritasinfo.org\/index.php?rest_route=%2Fwp%2Fv2%2Ftags&post=201"}],"curies":[{"name":"wp","href":"https:\/\/api.w.org\/{rel}","templated":true}]}}