{"id":20081,"date":"2025-11-12T21:52:04","date_gmt":"2025-11-12T20:52:04","guid":{"rendered":"https:\/\/veritasinfo.org\/?p=20081"},"modified":"2025-11-12T21:52:04","modified_gmt":"2025-11-12T20:52:04","slug":"mbrojtesi-slloven-para-sfides-me-kosoven-do-te-luajme-per-fitore-edhe-per-seskon","status":"publish","type":"post","link":"https:\/\/veritasinfo.org\/?p=20081","title":{"rendered":"Mbrojt\u00ebsi slloven para sfid\u00ebs me Kosov\u00ebn: Do t\u00eb luajm\u00eb p\u00ebr fitore, edhe p\u00ebr Seskon"},"content":{"rendered":"<p>Prishtin\u00eb, 12 n\u00ebntor 2025 21:51<\/p>\n<p>Komb\u00ebtarja e Sllovenis\u00eb ka vazhduar p\u00ebrgatitjet n\u00eb Qendr\u00ebn Komb\u00ebtare t\u00eb Futbollit Brdo, n\u00eb prag t\u00eb p\u00ebrballjes s\u00eb s\u00eb shtun\u00ebs kund\u00ebr Kosov\u00ebs, q\u00eb do t\u00eb zhvillohet n\u00eb stadiumin \u201cStozice\u201d t\u00eb Lubjan\u00ebs.<\/p>\n<p>Mbrojt\u00ebsi Vanja Drkusic, q\u00eb luan n\u00eb kampionatin rus me Zenitin, ka deklaruar se atmosfera n\u00eb komb\u00ebtaren sllovene \u00ebsht\u00eb shum\u00eb pozitive dhe se skuadra \u00ebsht\u00eb e fokusuar p\u00ebr t\u00eb fituar gjasht\u00eb pik\u00ebt maksimale n\u00eb dy ndeshjet e ardhshme.<\/p>\n<p>\u201cP\u00ebrgatitjet nuk ndryshojn\u00eb nga her\u00ebt e kaluara. E dim\u00eb \u00e7far\u00eb duhet t\u00eb b\u00ebjm\u00eb \u2013 t\u00eb fitojm\u00eb gjasht\u00eb pik\u00eb. Atmosfera \u00ebsht\u00eb e shk\u00eblqyer, t\u00eb gjith\u00eb jemi t\u00eb motivuar dhe mezi presim ndeshjet q\u00eb vijn\u00eb\u201d, ka th\u00ebn\u00eb Drkusic.<\/p>\n<p>Ai ka theksuar se mbrojtja e fort\u00eb do t\u00eb jet\u00eb \u00e7el\u00ebsi i suksesit, ashtu si n\u00eb Kampionatin Evropian, nd\u00ebrsa ka pranuar se mungesa e Benjamin Seskos, sulmuesit t\u00eb Manchester Unitedit, \u00ebsht\u00eb nj\u00eb humbje e madhe p\u00ebr ekipin.<\/p>\n<p>\u201cGjith\u00e7ka fillon nga mbrojtja e mir\u00eb. K\u00ebshtu arrit\u00ebm rezultatet n\u00eb Evropian. Duhet t\u00eb besojm\u00eb n\u00eb at\u00eb q\u00eb po b\u00ebjm\u00eb dhe golat do t\u00eb vijn\u00eb. Mungesa e Benjaminit \u00ebsht\u00eb nj\u00eb hendikep i madh, por kjo \u00ebsht\u00eb pjes\u00eb e futbollit \u2013 do t\u00eb duhet t\u00eb ia dalim pa t\u00eb. Do t\u00eb luajm\u00eb edhe p\u00ebr t\u00eb\u201d, ka shtuar 26-vje\u00e7ari.<\/p>\n<p>Drkusic e kujton mir\u00eb ndeshjen e par\u00eb n\u00eb Prishtin\u00eb, e cila p\u00ebrfundoi 0-0, dhe beson se k\u00ebt\u00eb her\u00eb n\u00eb sht\u00ebpi Sllovenia do t\u00eb k\u00ebrkoj\u00eb fitoren me \u00e7do kusht.<\/p>\n<p>\u201cN\u00eb Kosov\u00eb luajt\u00ebm mir\u00eb dhe, sipas mendimit tim, e merituam fitoren. K\u00ebt\u00eb her\u00eb luajm\u00eb para tifoz\u00ebve tan\u00eb dhe duhet t\u00eb jemi t\u00eb p\u00ebrqendruar. Kosova ka lojtar\u00eb t\u00eb mir\u00eb dhe do t\u00eb vij\u00eb e motivuar, por edhe ne jemi gati p\u00ebr sfid\u00ebn\u201d, p\u00ebrfundoi ai.<\/p>\n<p>Deri m\u00eb tani, Sllovenia dhe Kosova jan\u00eb p\u00ebrballur tri her\u00eb, me bilanc q\u00eb shkon n\u00eb dy fitore p\u00ebr slloven\u00ebt dhe nj\u00eb barazim.<\/p>\n<p>&nbsp;<\/p>\n<p>&nbsp;<\/p>\n","protected":false},"excerpt":{"rendered":"<p>Prishtin\u00eb, 12 n\u00ebntor 2025 21:51 Komb\u00ebtarja e Sllovenis\u00eb ka vazhduar p\u00ebrgatitjet n\u00eb Qendr\u00ebn Komb\u00ebtare t\u00eb Futbollit Brdo, n\u00eb prag t\u00eb p\u00ebrballjes s\u00eb s\u00eb shtun\u00ebs kund\u00ebr<\/p>\n","protected":false},"author":7,"featured_media":20082,"comment_status":"open","ping_status":"open","sticky":false,"template":"","format":"standard","meta":{"footnotes":""},"categories":[5],"tags":[],"class_list":["post-20081","post","type-post","status-publish","format-standard","has-post-thumbnail","hentry","category-sport-sq"],"yoast_head":"<!-- This site is optimized with the Yoast SEO plugin v25.3.1 - https:\/\/yoast.com\/wordpress\/plugins\/seo\/ -->\n<title>Mbrojt\u00ebsi slloven para sfid\u00ebs me Kosov\u00ebn: Do t\u00eb luajm\u00eb p\u00ebr fitore, edhe p\u00ebr Seskon -<\/title>\n<meta name=\"robots\" content=\"index, follow, max-snippet:-1, max-image-preview:large, max-video-preview:-1\" \/>\n<link rel=\"canonical\" href=\"https:\/\/veritasinfo.org\/?p=20081\" \/>\n<meta property=\"og:locale\" content=\"en_US\" \/>\n<meta property=\"og:type\" content=\"article\" \/>\n<meta property=\"og:title\" content=\"Mbrojt\u00ebsi slloven para sfid\u00ebs me Kosov\u00ebn: Do t\u00eb luajm\u00eb p\u00ebr fitore, edhe p\u00ebr Seskon -\" \/>\n<meta property=\"og:description\" content=\"Prishtin\u00eb, 12 n\u00ebntor 2025 21:51 Komb\u00ebtarja e Sllovenis\u00eb ka vazhduar p\u00ebrgatitjet n\u00eb Qendr\u00ebn Komb\u00ebtare t\u00eb Futbollit Brdo, n\u00eb prag t\u00eb p\u00ebrballjes s\u00eb s\u00eb shtun\u00ebs kund\u00ebr\" \/>\n<meta property=\"og:url\" content=\"https:\/\/veritasinfo.org\/?p=20081\" \/>\n<meta property=\"article:published_time\" content=\"2025-11-12T20:52:04+00:00\" \/>\n<meta property=\"og:image\" content=\"https:\/\/veritasinfo.org\/wp-content\/uploads\/2025\/11\/image-5-1.webp\" \/>\n\t<meta property=\"og:image:width\" content=\"700\" \/>\n\t<meta property=\"og:image:height\" content=\"435\" \/>\n\t<meta property=\"og:image:type\" content=\"image\/webp\" \/>\n<meta name=\"author\" content=\"US6\" \/>\n<meta name=\"twitter:card\" content=\"summary_large_image\" \/>\n<meta name=\"twitter:label1\" content=\"Written by\" \/>\n\t<meta name=\"twitter:data1\" content=\"US6\" \/>\n\t<meta name=\"twitter:label2\" content=\"Est. reading time\" \/>\n\t<meta name=\"twitter:data2\" content=\"2 minutes\" \/>\n<script type=\"application\/ld+json\" class=\"yoast-schema-graph\">{\"@context\":\"https:\/\/schema.org\",\"@graph\":[{\"@type\":\"WebPage\",\"@id\":\"https:\/\/veritasinfo.org\/?p=20081\",\"url\":\"https:\/\/veritasinfo.org\/?p=20081\",\"name\":\"Mbrojt\u00ebsi slloven para sfid\u00ebs me Kosov\u00ebn: Do t\u00eb luajm\u00eb p\u00ebr fitore, edhe p\u00ebr Seskon -\",\"isPartOf\":{\"@id\":\"https:\/\/veritasinfo.org\/#website\"},\"primaryImageOfPage\":{\"@id\":\"https:\/\/veritasinfo.org\/?p=20081#primaryimage\"},\"image\":{\"@id\":\"https:\/\/veritasinfo.org\/?p=20081#primaryimage\"},\"thumbnailUrl\":\"https:\/\/veritasinfo.org\/wp-content\/uploads\/2025\/11\/image-5-1.webp\",\"datePublished\":\"2025-11-12T20:52:04+00:00\",\"author\":{\"@id\":\"https:\/\/veritasinfo.org\/#\/schema\/person\/fe199eede04c3937362892b7444747cc\"},\"breadcrumb\":{\"@id\":\"https:\/\/veritasinfo.org\/?p=20081#breadcrumb\"},\"inLanguage\":\"en-US\",\"potentialAction\":[{\"@type\":\"ReadAction\",\"target\":[\"https:\/\/veritasinfo.org\/?p=20081\"]}]},{\"@type\":\"ImageObject\",\"inLanguage\":\"en-US\",\"@id\":\"https:\/\/veritasinfo.org\/?p=20081#primaryimage\",\"url\":\"https:\/\/veritasinfo.org\/wp-content\/uploads\/2025\/11\/image-5-1.webp\",\"contentUrl\":\"https:\/\/veritasinfo.org\/wp-content\/uploads\/2025\/11\/image-5-1.webp\",\"width\":700,\"height\":435},{\"@type\":\"BreadcrumbList\",\"@id\":\"https:\/\/veritasinfo.org\/?p=20081#breadcrumb\",\"itemListElement\":[{\"@type\":\"ListItem\",\"position\":1,\"name\":\"Home\",\"item\":\"https:\/\/veritasinfo.org\/\"},{\"@type\":\"ListItem\",\"position\":2,\"name\":\"Mbrojt\u00ebsi slloven para sfid\u00ebs me Kosov\u00ebn: Do t\u00eb luajm\u00eb p\u00ebr fitore, edhe p\u00ebr Seskon\"}]},{\"@type\":\"WebSite\",\"@id\":\"https:\/\/veritasinfo.org\/#website\",\"url\":\"https:\/\/veritasinfo.org\/\",\"name\":\"\",\"description\":\"\",\"potentialAction\":[{\"@type\":\"SearchAction\",\"target\":{\"@type\":\"EntryPoint\",\"urlTemplate\":\"https:\/\/veritasinfo.org\/?s={search_term_string}\"},\"query-input\":{\"@type\":\"PropertyValueSpecification\",\"valueRequired\":true,\"valueName\":\"search_term_string\"}}],\"inLanguage\":\"en-US\"},{\"@type\":\"Person\",\"@id\":\"https:\/\/veritasinfo.org\/#\/schema\/person\/fe199eede04c3937362892b7444747cc\",\"name\":\"US6\",\"image\":{\"@type\":\"ImageObject\",\"inLanguage\":\"en-US\",\"@id\":\"https:\/\/veritasinfo.org\/#\/schema\/person\/image\/\",\"url\":\"https:\/\/secure.gravatar.com\/avatar\/cb16c3c31c9d23b9b8c705964598220b3014e42ff51eb540ff23cefa3ae8c15f?s=96&d=mm&r=g\",\"contentUrl\":\"https:\/\/secure.gravatar.com\/avatar\/cb16c3c31c9d23b9b8c705964598220b3014e42ff51eb540ff23cefa3ae8c15f?s=96&d=mm&r=g\",\"caption\":\"US6\"},\"url\":\"https:\/\/veritasinfo.org\/?author=7\"}]}<\/script>\n<!-- \/ Yoast SEO plugin. -->","yoast_head_json":{"title":"Mbrojt\u00ebsi slloven para sfid\u00ebs me Kosov\u00ebn: Do t\u00eb luajm\u00eb p\u00ebr fitore, edhe p\u00ebr Seskon -","robots":{"index":"index","follow":"follow","max-snippet":"max-snippet:-1","max-image-preview":"max-image-preview:large","max-video-preview":"max-video-preview:-1"},"canonical":"https:\/\/veritasinfo.org\/?p=20081","og_locale":"en_US","og_type":"article","og_title":"Mbrojt\u00ebsi slloven para sfid\u00ebs me Kosov\u00ebn: Do t\u00eb luajm\u00eb p\u00ebr fitore, edhe p\u00ebr Seskon -","og_description":"Prishtin\u00eb, 12 n\u00ebntor 2025 21:51 Komb\u00ebtarja e Sllovenis\u00eb ka vazhduar p\u00ebrgatitjet n\u00eb Qendr\u00ebn Komb\u00ebtare t\u00eb Futbollit Brdo, n\u00eb prag t\u00eb p\u00ebrballjes s\u00eb s\u00eb shtun\u00ebs kund\u00ebr","og_url":"https:\/\/veritasinfo.org\/?p=20081","article_published_time":"2025-11-12T20:52:04+00:00","og_image":[{"width":700,"height":435,"url":"https:\/\/veritasinfo.org\/wp-content\/uploads\/2025\/11\/image-5-1.webp","type":"image\/webp"}],"author":"US6","twitter_card":"summary_large_image","twitter_misc":{"Written by":"US6","Est. reading time":"2 minutes"},"schema":{"@context":"https:\/\/schema.org","@graph":[{"@type":"WebPage","@id":"https:\/\/veritasinfo.org\/?p=20081","url":"https:\/\/veritasinfo.org\/?p=20081","name":"Mbrojt\u00ebsi slloven para sfid\u00ebs me Kosov\u00ebn: Do t\u00eb luajm\u00eb p\u00ebr fitore, edhe p\u00ebr Seskon -","isPartOf":{"@id":"https:\/\/veritasinfo.org\/#website"},"primaryImageOfPage":{"@id":"https:\/\/veritasinfo.org\/?p=20081#primaryimage"},"image":{"@id":"https:\/\/veritasinfo.org\/?p=20081#primaryimage"},"thumbnailUrl":"https:\/\/veritasinfo.org\/wp-content\/uploads\/2025\/11\/image-5-1.webp","datePublished":"2025-11-12T20:52:04+00:00","author":{"@id":"https:\/\/veritasinfo.org\/#\/schema\/person\/fe199eede04c3937362892b7444747cc"},"breadcrumb":{"@id":"https:\/\/veritasinfo.org\/?p=20081#breadcrumb"},"inLanguage":"en-US","potentialAction":[{"@type":"ReadAction","target":["https:\/\/veritasinfo.org\/?p=20081"]}]},{"@type":"ImageObject","inLanguage":"en-US","@id":"https:\/\/veritasinfo.org\/?p=20081#primaryimage","url":"https:\/\/veritasinfo.org\/wp-content\/uploads\/2025\/11\/image-5-1.webp","contentUrl":"https:\/\/veritasinfo.org\/wp-content\/uploads\/2025\/11\/image-5-1.webp","width":700,"height":435},{"@type":"BreadcrumbList","@id":"https:\/\/veritasinfo.org\/?p=20081#breadcrumb","itemListElement":[{"@type":"ListItem","position":1,"name":"Home","item":"https:\/\/veritasinfo.org\/"},{"@type":"ListItem","position":2,"name":"Mbrojt\u00ebsi slloven para sfid\u00ebs me Kosov\u00ebn: Do t\u00eb luajm\u00eb p\u00ebr fitore, edhe p\u00ebr Seskon"}]},{"@type":"WebSite","@id":"https:\/\/veritasinfo.org\/#website","url":"https:\/\/veritasinfo.org\/","name":"","description":"","potentialAction":[{"@type":"SearchAction","target":{"@type":"EntryPoint","urlTemplate":"https:\/\/veritasinfo.org\/?s={search_term_string}"},"query-input":{"@type":"PropertyValueSpecification","valueRequired":true,"valueName":"search_term_string"}}],"inLanguage":"en-US"},{"@type":"Person","@id":"https:\/\/veritasinfo.org\/#\/schema\/person\/fe199eede04c3937362892b7444747cc","name":"US6","image":{"@type":"ImageObject","inLanguage":"en-US","@id":"https:\/\/veritasinfo.org\/#\/schema\/person\/image\/","url":"https:\/\/secure.gravatar.com\/avatar\/cb16c3c31c9d23b9b8c705964598220b3014e42ff51eb540ff23cefa3ae8c15f?s=96&d=mm&r=g","contentUrl":"https:\/\/secure.gravatar.com\/avatar\/cb16c3c31c9d23b9b8c705964598220b3014e42ff51eb540ff23cefa3ae8c15f?s=96&d=mm&r=g","caption":"US6"},"url":"https:\/\/veritasinfo.org\/?author=7"}]}},"featured_image_urls":{"full":["https:\/\/veritasinfo.org\/wp-content\/uploads\/2025\/11\/image-5-1.webp",700,435,false],"thumbnail":["https:\/\/veritasinfo.org\/wp-content\/uploads\/2025\/11\/image-5-1-150x150.webp",150,150,true],"medium":["https:\/\/veritasinfo.org\/wp-content\/uploads\/2025\/11\/image-5-1-300x186.webp",300,186,true],"medium_large":["https:\/\/veritasinfo.org\/wp-content\/uploads\/2025\/11\/image-5-1.webp",640,398,false],"large":["https:\/\/veritasinfo.org\/wp-content\/uploads\/2025\/11\/image-5-1.webp",640,398,false],"1536x1536":["https:\/\/veritasinfo.org\/wp-content\/uploads\/2025\/11\/image-5-1.webp",700,435,false],"2048x2048":["https:\/\/veritasinfo.org\/wp-content\/uploads\/2025\/11\/image-5-1.webp",700,435,false],"kreeti-slider-full":["https:\/\/veritasinfo.org\/wp-content\/uploads\/2025\/11\/image-5-1.webp",700,435,false],"kreeti-featured":["https:\/\/veritasinfo.org\/wp-content\/uploads\/2025\/11\/image-5-1.webp",700,435,false],"kreeti-medium":["https:\/\/veritasinfo.org\/wp-content\/uploads\/2025\/11\/image-5-1.webp",700,435,false],"kreeti-medium-square":["https:\/\/veritasinfo.org\/wp-content\/uploads\/2025\/11\/image-5-1.webp",350,218,false]},"author_info":{"info":["US6"]},"category_info":"<a href=\"https:\/\/veritasinfo.org\/?cat=5\" rel=\"category\">Sport<\/a>","tag_info":"Sport","comment_count":"0","_links":{"self":[{"href":"https:\/\/veritasinfo.org\/index.php?rest_route=\/wp\/v2\/posts\/20081","targetHints":{"allow":["GET"]}}],"collection":[{"href":"https:\/\/veritasinfo.org\/index.php?rest_route=\/wp\/v2\/posts"}],"about":[{"href":"https:\/\/veritasinfo.org\/index.php?rest_route=\/wp\/v2\/types\/post"}],"author":[{"embeddable":true,"href":"https:\/\/veritasinfo.org\/index.php?rest_route=\/wp\/v2\/users\/7"}],"replies":[{"embeddable":true,"href":"https:\/\/veritasinfo.org\/index.php?rest_route=%2Fwp%2Fv2%2Fcomments&post=20081"}],"version-history":[{"count":1,"href":"https:\/\/veritasinfo.org\/index.php?rest_route=\/wp\/v2\/posts\/20081\/revisions"}],"predecessor-version":[{"id":20083,"href":"https:\/\/veritasinfo.org\/index.php?rest_route=\/wp\/v2\/posts\/20081\/revisions\/20083"}],"wp:featuredmedia":[{"embeddable":true,"href":"https:\/\/veritasinfo.org\/index.php?rest_route=\/wp\/v2\/media\/20082"}],"wp:attachment":[{"href":"https:\/\/veritasinfo.org\/index.php?rest_route=%2Fwp%2Fv2%2Fmedia&parent=20081"}],"wp:term":[{"taxonomy":"category","embeddable":true,"href":"https:\/\/veritasinfo.org\/index.php?rest_route=%2Fwp%2Fv2%2Fcategories&post=20081"},{"taxonomy":"post_tag","embeddable":true,"href":"https:\/\/veritasinfo.org\/index.php?rest_route=%2Fwp%2Fv2%2Ftags&post=20081"}],"curies":[{"name":"wp","href":"https:\/\/api.w.org\/{rel}","templated":true}]}}