{"id":20029,"date":"2025-11-12T15:59:55","date_gmt":"2025-11-12T14:59:55","guid":{"rendered":"https:\/\/veritasinfo.org\/?p=20029"},"modified":"2025-11-12T16:02:25","modified_gmt":"2025-11-12T15:02:25","slug":"memli-krasniqi-jep-doreheqje-nga-pozita-e-kryetarit-te-pdk-se","status":"publish","type":"post","link":"https:\/\/veritasinfo.org\/?p=20029","title":{"rendered":"Memli Krasniqi jep dor\u00ebheqje nga pozita e kryetarit t\u00eb PDK-s\u00eb"},"content":{"rendered":"<p>Prishtin\u00eb, 12 n\u00ebntor 2025 15:59<\/p>\n<p>Memli Krasniqi ka dh\u00ebn\u00eb dor\u00ebheqje nga pozita e kryetarit t\u00eb Partis\u00eb Demokratike t\u00eb Kosov\u00ebs.<\/p>\n<p>Krasniqi k\u00ebt\u00eb e b\u00ebri t\u00eb ditur n\u00eb nj\u00eb konferenc\u00eb p\u00ebr media, pas mbledhjes q\u00eb ka pasur Kryesia e PDK-s\u00eb.<\/p>\n<p>&#8220;Ka qen\u00eb nder t\u00eb udh\u00ebheq Partin\u00eb Demokratike t\u00eb Kosov\u00ebs&#8221;, tha ai, duke shtuar q\u00eb s\u00eb bashku kan\u00eb kaluar shum\u00eb sfida.<\/p>\n<p>Duke reflektuar p\u00ebr periudh\u00ebn kat\u00ebrvje\u00e7are t\u00eb udh\u00ebheqjes s\u00eb tij, Krasniqi vler\u00ebsoi se PDK \u00ebsht\u00eb forcuar dhe rritur ndjesh\u00ebm n\u00eb sken\u00ebn politike, megjithat\u00eb theksoi se \u00e7do organizat\u00eb e madhe politike ka nevoj\u00eb p\u00ebr rip\u00ebrt\u00ebritje.<\/p>\n<p>\u201cNj\u00eb parti q\u00eb beson n\u00eb zhvillim, duhet t\u00eb besoj\u00eb edhe n\u00eb rip\u00ebrt\u00ebritje. Nj\u00eb lidership q\u00eb k\u00ebrkon ndryshim p\u00ebr Kosov\u00ebn, duhet t\u00eb ket\u00eb guximin t\u00eb krijoj\u00eb hap\u00ebsir\u00eb p\u00ebr ndryshim brenda vetes. Prandaj, kam vendosur t\u00eb jap dor\u00ebheqje nga pozita e Kryetarit t\u00eb Partis\u00eb Demokratike t\u00eb Kosov\u00ebs\u201d, ka potencuar Krasniqi.<\/p>\n","protected":false},"excerpt":{"rendered":"<p>Prishtin\u00eb, 12 n\u00ebntor 2025 15:59 Memli Krasniqi ka dh\u00ebn\u00eb dor\u00ebheqje nga pozita e kryetarit t\u00eb Partis\u00eb Demokratike t\u00eb Kosov\u00ebs. Krasniqi k\u00ebt\u00eb e b\u00ebri t\u00eb ditur<\/p>\n","protected":false},"author":7,"featured_media":20030,"comment_status":"open","ping_status":"open","sticky":false,"template":"","format":"standard","meta":{"footnotes":""},"categories":[58],"tags":[],"class_list":["post-20029","post","type-post","status-publish","format-standard","has-post-thumbnail","hentry","category-politike-sq"],"yoast_head":"<!-- This site is optimized with the Yoast SEO plugin v25.3.1 - https:\/\/yoast.com\/wordpress\/plugins\/seo\/ -->\n<title>Memli Krasniqi jep dor\u00ebheqje nga pozita e kryetarit t\u00eb PDK-s\u00eb -<\/title>\n<meta name=\"robots\" content=\"index, follow, max-snippet:-1, max-image-preview:large, max-video-preview:-1\" \/>\n<link rel=\"canonical\" href=\"https:\/\/veritasinfo.org\/?p=20029\" \/>\n<meta property=\"og:locale\" content=\"en_US\" \/>\n<meta property=\"og:type\" content=\"article\" \/>\n<meta property=\"og:title\" content=\"Memli Krasniqi jep dor\u00ebheqje nga pozita e kryetarit t\u00eb PDK-s\u00eb -\" \/>\n<meta property=\"og:description\" content=\"Prishtin\u00eb, 12 n\u00ebntor 2025 15:59 Memli Krasniqi ka dh\u00ebn\u00eb dor\u00ebheqje nga pozita e kryetarit t\u00eb Partis\u00eb Demokratike t\u00eb Kosov\u00ebs. Krasniqi k\u00ebt\u00eb e b\u00ebri t\u00eb ditur\" \/>\n<meta property=\"og:url\" content=\"https:\/\/veritasinfo.org\/?p=20029\" \/>\n<meta property=\"article:published_time\" content=\"2025-11-12T14:59:55+00:00\" \/>\n<meta property=\"article:modified_time\" content=\"2025-11-12T15:02:25+00:00\" \/>\n<meta property=\"og:image\" content=\"https:\/\/veritasinfo.org\/wp-content\/uploads\/2025\/11\/memli-850x501-1.png\" \/>\n\t<meta property=\"og:image:width\" content=\"850\" \/>\n\t<meta property=\"og:image:height\" content=\"501\" \/>\n\t<meta property=\"og:image:type\" content=\"image\/png\" \/>\n<meta name=\"author\" content=\"US6\" \/>\n<meta name=\"twitter:card\" content=\"summary_large_image\" \/>\n<meta name=\"twitter:label1\" content=\"Written by\" \/>\n\t<meta name=\"twitter:data1\" content=\"US6\" \/>\n\t<meta name=\"twitter:label2\" content=\"Est. reading time\" \/>\n\t<meta name=\"twitter:data2\" content=\"1 minute\" \/>\n<script type=\"application\/ld+json\" class=\"yoast-schema-graph\">{\"@context\":\"https:\/\/schema.org\",\"@graph\":[{\"@type\":\"WebPage\",\"@id\":\"https:\/\/veritasinfo.org\/?p=20029\",\"url\":\"https:\/\/veritasinfo.org\/?p=20029\",\"name\":\"Memli Krasniqi jep dor\u00ebheqje nga pozita e kryetarit t\u00eb PDK-s\u00eb -\",\"isPartOf\":{\"@id\":\"https:\/\/veritasinfo.org\/#website\"},\"primaryImageOfPage\":{\"@id\":\"https:\/\/veritasinfo.org\/?p=20029#primaryimage\"},\"image\":{\"@id\":\"https:\/\/veritasinfo.org\/?p=20029#primaryimage\"},\"thumbnailUrl\":\"https:\/\/veritasinfo.org\/wp-content\/uploads\/2025\/11\/memli-850x501-1.png\",\"datePublished\":\"2025-11-12T14:59:55+00:00\",\"dateModified\":\"2025-11-12T15:02:25+00:00\",\"author\":{\"@id\":\"https:\/\/veritasinfo.org\/#\/schema\/person\/fe199eede04c3937362892b7444747cc\"},\"breadcrumb\":{\"@id\":\"https:\/\/veritasinfo.org\/?p=20029#breadcrumb\"},\"inLanguage\":\"en-US\",\"potentialAction\":[{\"@type\":\"ReadAction\",\"target\":[\"https:\/\/veritasinfo.org\/?p=20029\"]}]},{\"@type\":\"ImageObject\",\"inLanguage\":\"en-US\",\"@id\":\"https:\/\/veritasinfo.org\/?p=20029#primaryimage\",\"url\":\"https:\/\/veritasinfo.org\/wp-content\/uploads\/2025\/11\/memli-850x501-1.png\",\"contentUrl\":\"https:\/\/veritasinfo.org\/wp-content\/uploads\/2025\/11\/memli-850x501-1.png\",\"width\":850,\"height\":501},{\"@type\":\"BreadcrumbList\",\"@id\":\"https:\/\/veritasinfo.org\/?p=20029#breadcrumb\",\"itemListElement\":[{\"@type\":\"ListItem\",\"position\":1,\"name\":\"Home\",\"item\":\"https:\/\/veritasinfo.org\/\"},{\"@type\":\"ListItem\",\"position\":2,\"name\":\"Memli Krasniqi jep dor\u00ebheqje nga pozita e kryetarit t\u00eb PDK-s\u00eb\"}]},{\"@type\":\"WebSite\",\"@id\":\"https:\/\/veritasinfo.org\/#website\",\"url\":\"https:\/\/veritasinfo.org\/\",\"name\":\"\",\"description\":\"\",\"potentialAction\":[{\"@type\":\"SearchAction\",\"target\":{\"@type\":\"EntryPoint\",\"urlTemplate\":\"https:\/\/veritasinfo.org\/?s={search_term_string}\"},\"query-input\":{\"@type\":\"PropertyValueSpecification\",\"valueRequired\":true,\"valueName\":\"search_term_string\"}}],\"inLanguage\":\"en-US\"},{\"@type\":\"Person\",\"@id\":\"https:\/\/veritasinfo.org\/#\/schema\/person\/fe199eede04c3937362892b7444747cc\",\"name\":\"US6\",\"image\":{\"@type\":\"ImageObject\",\"inLanguage\":\"en-US\",\"@id\":\"https:\/\/veritasinfo.org\/#\/schema\/person\/image\/\",\"url\":\"https:\/\/secure.gravatar.com\/avatar\/cb16c3c31c9d23b9b8c705964598220b3014e42ff51eb540ff23cefa3ae8c15f?s=96&d=mm&r=g\",\"contentUrl\":\"https:\/\/secure.gravatar.com\/avatar\/cb16c3c31c9d23b9b8c705964598220b3014e42ff51eb540ff23cefa3ae8c15f?s=96&d=mm&r=g\",\"caption\":\"US6\"},\"url\":\"https:\/\/veritasinfo.org\/?author=7\"}]}<\/script>\n<!-- \/ Yoast SEO plugin. -->","yoast_head_json":{"title":"Memli Krasniqi jep dor\u00ebheqje nga pozita e kryetarit t\u00eb PDK-s\u00eb -","robots":{"index":"index","follow":"follow","max-snippet":"max-snippet:-1","max-image-preview":"max-image-preview:large","max-video-preview":"max-video-preview:-1"},"canonical":"https:\/\/veritasinfo.org\/?p=20029","og_locale":"en_US","og_type":"article","og_title":"Memli Krasniqi jep dor\u00ebheqje nga pozita e kryetarit t\u00eb PDK-s\u00eb -","og_description":"Prishtin\u00eb, 12 n\u00ebntor 2025 15:59 Memli Krasniqi ka dh\u00ebn\u00eb dor\u00ebheqje nga pozita e kryetarit t\u00eb Partis\u00eb Demokratike t\u00eb Kosov\u00ebs. Krasniqi k\u00ebt\u00eb e b\u00ebri t\u00eb ditur","og_url":"https:\/\/veritasinfo.org\/?p=20029","article_published_time":"2025-11-12T14:59:55+00:00","article_modified_time":"2025-11-12T15:02:25+00:00","og_image":[{"width":850,"height":501,"url":"https:\/\/veritasinfo.org\/wp-content\/uploads\/2025\/11\/memli-850x501-1.png","type":"image\/png"}],"author":"US6","twitter_card":"summary_large_image","twitter_misc":{"Written by":"US6","Est. reading time":"1 minute"},"schema":{"@context":"https:\/\/schema.org","@graph":[{"@type":"WebPage","@id":"https:\/\/veritasinfo.org\/?p=20029","url":"https:\/\/veritasinfo.org\/?p=20029","name":"Memli Krasniqi jep dor\u00ebheqje nga pozita e kryetarit t\u00eb PDK-s\u00eb -","isPartOf":{"@id":"https:\/\/veritasinfo.org\/#website"},"primaryImageOfPage":{"@id":"https:\/\/veritasinfo.org\/?p=20029#primaryimage"},"image":{"@id":"https:\/\/veritasinfo.org\/?p=20029#primaryimage"},"thumbnailUrl":"https:\/\/veritasinfo.org\/wp-content\/uploads\/2025\/11\/memli-850x501-1.png","datePublished":"2025-11-12T14:59:55+00:00","dateModified":"2025-11-12T15:02:25+00:00","author":{"@id":"https:\/\/veritasinfo.org\/#\/schema\/person\/fe199eede04c3937362892b7444747cc"},"breadcrumb":{"@id":"https:\/\/veritasinfo.org\/?p=20029#breadcrumb"},"inLanguage":"en-US","potentialAction":[{"@type":"ReadAction","target":["https:\/\/veritasinfo.org\/?p=20029"]}]},{"@type":"ImageObject","inLanguage":"en-US","@id":"https:\/\/veritasinfo.org\/?p=20029#primaryimage","url":"https:\/\/veritasinfo.org\/wp-content\/uploads\/2025\/11\/memli-850x501-1.png","contentUrl":"https:\/\/veritasinfo.org\/wp-content\/uploads\/2025\/11\/memli-850x501-1.png","width":850,"height":501},{"@type":"BreadcrumbList","@id":"https:\/\/veritasinfo.org\/?p=20029#breadcrumb","itemListElement":[{"@type":"ListItem","position":1,"name":"Home","item":"https:\/\/veritasinfo.org\/"},{"@type":"ListItem","position":2,"name":"Memli Krasniqi jep dor\u00ebheqje nga pozita e kryetarit t\u00eb PDK-s\u00eb"}]},{"@type":"WebSite","@id":"https:\/\/veritasinfo.org\/#website","url":"https:\/\/veritasinfo.org\/","name":"","description":"","potentialAction":[{"@type":"SearchAction","target":{"@type":"EntryPoint","urlTemplate":"https:\/\/veritasinfo.org\/?s={search_term_string}"},"query-input":{"@type":"PropertyValueSpecification","valueRequired":true,"valueName":"search_term_string"}}],"inLanguage":"en-US"},{"@type":"Person","@id":"https:\/\/veritasinfo.org\/#\/schema\/person\/fe199eede04c3937362892b7444747cc","name":"US6","image":{"@type":"ImageObject","inLanguage":"en-US","@id":"https:\/\/veritasinfo.org\/#\/schema\/person\/image\/","url":"https:\/\/secure.gravatar.com\/avatar\/cb16c3c31c9d23b9b8c705964598220b3014e42ff51eb540ff23cefa3ae8c15f?s=96&d=mm&r=g","contentUrl":"https:\/\/secure.gravatar.com\/avatar\/cb16c3c31c9d23b9b8c705964598220b3014e42ff51eb540ff23cefa3ae8c15f?s=96&d=mm&r=g","caption":"US6"},"url":"https:\/\/veritasinfo.org\/?author=7"}]}},"featured_image_urls":{"full":["https:\/\/veritasinfo.org\/wp-content\/uploads\/2025\/11\/memli-850x501-1.png",850,501,false],"thumbnail":["https:\/\/veritasinfo.org\/wp-content\/uploads\/2025\/11\/memli-850x501-1-150x150.png",150,150,true],"medium":["https:\/\/veritasinfo.org\/wp-content\/uploads\/2025\/11\/memli-850x501-1-300x177.png",300,177,true],"medium_large":["https:\/\/veritasinfo.org\/wp-content\/uploads\/2025\/11\/memli-850x501-1-768x453.png",640,378,true],"large":["https:\/\/veritasinfo.org\/wp-content\/uploads\/2025\/11\/memli-850x501-1.png",640,377,false],"1536x1536":["https:\/\/veritasinfo.org\/wp-content\/uploads\/2025\/11\/memli-850x501-1.png",850,501,false],"2048x2048":["https:\/\/veritasinfo.org\/wp-content\/uploads\/2025\/11\/memli-850x501-1.png",850,501,false],"kreeti-slider-full":["https:\/\/veritasinfo.org\/wp-content\/uploads\/2025\/11\/memli-850x501-1.png",850,501,false],"kreeti-featured":["https:\/\/veritasinfo.org\/wp-content\/uploads\/2025\/11\/memli-850x501-1.png",850,501,false],"kreeti-medium":["https:\/\/veritasinfo.org\/wp-content\/uploads\/2025\/11\/memli-850x501-1.png",720,424,false],"kreeti-medium-square":["https:\/\/veritasinfo.org\/wp-content\/uploads\/2025\/11\/memli-850x501-1.png",350,206,false]},"author_info":{"info":["US6"]},"category_info":"<a href=\"https:\/\/veritasinfo.org\/?cat=58\" rel=\"category\">Politik\u00eb<\/a>","tag_info":"Politik\u00eb","comment_count":"0","_links":{"self":[{"href":"https:\/\/veritasinfo.org\/index.php?rest_route=\/wp\/v2\/posts\/20029","targetHints":{"allow":["GET"]}}],"collection":[{"href":"https:\/\/veritasinfo.org\/index.php?rest_route=\/wp\/v2\/posts"}],"about":[{"href":"https:\/\/veritasinfo.org\/index.php?rest_route=\/wp\/v2\/types\/post"}],"author":[{"embeddable":true,"href":"https:\/\/veritasinfo.org\/index.php?rest_route=\/wp\/v2\/users\/7"}],"replies":[{"embeddable":true,"href":"https:\/\/veritasinfo.org\/index.php?rest_route=%2Fwp%2Fv2%2Fcomments&post=20029"}],"version-history":[{"count":2,"href":"https:\/\/veritasinfo.org\/index.php?rest_route=\/wp\/v2\/posts\/20029\/revisions"}],"predecessor-version":[{"id":20034,"href":"https:\/\/veritasinfo.org\/index.php?rest_route=\/wp\/v2\/posts\/20029\/revisions\/20034"}],"wp:featuredmedia":[{"embeddable":true,"href":"https:\/\/veritasinfo.org\/index.php?rest_route=\/wp\/v2\/media\/20030"}],"wp:attachment":[{"href":"https:\/\/veritasinfo.org\/index.php?rest_route=%2Fwp%2Fv2%2Fmedia&parent=20029"}],"wp:term":[{"taxonomy":"category","embeddable":true,"href":"https:\/\/veritasinfo.org\/index.php?rest_route=%2Fwp%2Fv2%2Fcategories&post=20029"},{"taxonomy":"post_tag","embeddable":true,"href":"https:\/\/veritasinfo.org\/index.php?rest_route=%2Fwp%2Fv2%2Ftags&post=20029"}],"curies":[{"name":"wp","href":"https:\/\/api.w.org\/{rel}","templated":true}]}}