{"id":19917,"date":"2025-11-12T08:45:52","date_gmt":"2025-11-12T07:45:52","guid":{"rendered":"https:\/\/veritasinfo.org\/?p=19917"},"modified":"2025-11-12T08:45:52","modified_gmt":"2025-11-12T07:45:52","slug":"be-ja-hesht-per-plagosjen-e-rrembimin-e-vukashinoviqit","status":"publish","type":"post","link":"https:\/\/veritasinfo.org\/?p=19917","title":{"rendered":"BE-ja hesht p\u00ebr plagosjen e rr\u00ebmbimin e Vukashinoviqit"},"content":{"rendered":"<p>Prishtin\u00eb, 12 n\u00ebntor 2025 08:45<\/p>\n<p>Dhjet\u00eb dit\u00eb pas sulmit me arm\u00eb brenda territorit ku u q\u00ebllua shtetasi i Kosov\u00ebs, Milan Vukashinoviq, as Zyra Nd\u00ebrlidh\u00ebse e Kosov\u00ebs n\u00eb Serbi e as familja e tij nuk jan\u00eb lejuar ta vizitonin at\u00eb n\u00eb spitalin e Nishit n\u00eb Serbi.<\/p>\n<p>P\u00ebrfaq\u00ebsuesi ligjor i familjes s\u00eb tij, Ivan Niniq, i cili e ka quajtur incidentin \u201cBanjska 2\u201d, ka th\u00ebn\u00eb se tash edhe vet\u00eb ai \u00ebsht\u00eb duke marr\u00eb k\u00ebrc\u00ebnime nga persona t\u00eb panjohur n\u00eb Serbi.<\/p>\n<p>\u201cT\u00eb pakt\u00ebn 23 g\u00ebzhoja jan\u00eb gjetur pran\u00eb vetur\u00ebs q\u00eb drejtonte Milani dhe fotot e makin\u00ebs s\u00eb shkat\u00ebrruar konfirmojn\u00eb se Milani u q\u00ebllua n\u00eb nj\u00eb prit\u00eb. Di\u00e7ka e till\u00eb nuk ka guxuar t\u00eb ndodhte n\u00eb Evrop\u00eb, e kan\u00eb q\u00eblluar njeriun pas shpine. Jam i shokuar nga ky veprim si person dhe si avokat dhe \u00ebsht\u00eb e qart\u00eb p\u00ebr mua se ky \u00ebsht\u00eb rezultat i forcave t\u00eb siguris\u00eb s\u00eb vendit tim dhe kjo \u00ebsht\u00eb arsyeja pse po fshihet e v\u00ebrteta e plot\u00eb. Pavar\u00ebsisht faktit se k\u00ebto dit\u00eb po marr k\u00ebrc\u00ebnime se do t\u00eb p\u00ebsoj nj\u00ebjt\u00eb si Milan Vukashinoviqi, do t\u00eb vazhdoj t\u00eb k\u00ebrkoj q\u00eb t\u00eb gjith\u00eb t\u00eb p\u00ebrfshir\u00ebt t\u00eb identifikohen dhe t\u00eb dalin para drejt\u00ebsis\u00eb\u201d, ka th\u00ebn\u00eb Niniq n\u00eb nj\u00eb p\u00ebrgjigje p\u00ebr KOH\u00cbN.<\/p>\n<p>Avokati ka th\u00ebn\u00eb se Vukashinoviqi vazhdon t\u00eb jet\u00eb n\u00eb gjendje t\u00eb r\u00ebnd\u00eb dhe se ende nuk i \u00ebsht\u00eb hequr nj\u00eb plumb nga shtylla kurrizore.<\/p>\n<p>\u201cGjendja sh\u00ebndet\u00ebsore e Milan Vukashinoviqit \u00ebsht\u00eb shum\u00eb e r\u00ebnd\u00eb. Plumbi ende nuk i \u00ebsht\u00eb hequr nga shtylla kurrizore e tij, pasi mjek\u00ebt po vonojn\u00eb t\u00eb nd\u00ebrmarrin veprime t\u00eb tilla. Familja e Milanit e ka t\u00eb ndaluar ta vizitoj\u00eb Qendr\u00ebn Klinike t\u00eb Nishit dhe t\u00eb gjitha informacionet nga mjek\u00ebt jan\u00eb shum\u00eb t\u00eb kufizuara dhe vijn\u00eb vet\u00ebm me telefon. Askush nga organet zyrtare t\u00eb Serbis\u00eb nuk ka shpjeguar se \u00e7far\u00eb ndodhi m\u00eb 1 n\u00ebntor dhe askush nuk e ka kontaktuar familjen e Milanit\u201d, \u00ebsht\u00eb shprehur Niniq.<\/p>\n<p>Burime n\u00eb Ministrin\u00eb e Pun\u00ebve t\u00eb Jashtme dhe Diaspor\u00ebs kan\u00eb b\u00ebr\u00eb t\u00eb ditur se p\u00ebrfaq\u00ebsuesit nga Zyra nd\u00ebrlidh\u00ebse e Kosov\u00ebs n\u00eb Beograd m\u00eb shum\u00eb se nj\u00eb her\u00eb kan\u00eb b\u00ebr\u00eb p\u00ebrpjekje p\u00ebr ta vizituar Vukashinoviqin, porse kjo nuk u \u00ebsht\u00eb lejuar, derisa nga spitali nuk u jan\u00eb dh\u00ebn\u00eb informacione t\u00eb tjera p\u00ebrve\u00e7q\u00eb ai ndodhet n\u00eb trajtim intensiv.<\/p>\n<p>E presidentja Vjosa Osmani ka th\u00ebn\u00eb t\u00eb mart\u00ebn se sulmi ndaj shtetasit t\u00eb Kosov\u00ebs n\u00eb af\u00ebrsi t\u00eb kufirit me Serbin\u00eb \u00ebsht\u00eb prishje e paqes nga Serbia.<\/p>\n<p>\u201cPavar\u00ebsisht se ku ka ndodhur, \u00ebsht\u00eb krim, provokim i r\u00ebnd\u00eb dhe tentim vrasje e institucioneve shtet\u00ebrore t\u00eb Serbis\u00eb ndaj nj\u00eb qytetari t\u00eb Republik\u00ebs s\u00eb Kosov\u00ebs. Edhe po t\u00eb kishte ndodhur brenda territorit t\u00eb Serbis\u00eb, p\u00ebrs\u00ebri \u00ebsht\u00eb provokim i r\u00ebnd\u00eb p\u00ebr paqe dhe stabilitet n\u00eb rajonin ton\u00eb\u201d, ka th\u00ebn\u00eb Osmani.<\/p>\n<p>P\u00ebr rastin nuk ka pasur reagime deri m\u00eb tash nga MPJD-ja dhe Bashkimi Evropian e as nga shoq\u00ebria civile n\u00eb veri t\u00eb vendit. Kan\u00eb heshtur edhe nga Lista Serbe dhe autoritetet e Serbis\u00eb.<\/p>\n<p>Nikola Gaon, z\u00ebdh\u00ebn\u00ebs i Zyr\u00ebs s\u00eb BE-s\u00eb n\u00eb Kosov\u00eb, n\u00eb pyetjet e KOH\u00cbS \u00ebsht\u00eb p\u00ebrgjigjur, duke e referuar redaksin\u00eb te konferenca ku ambasadori Aivo Orav deklaroi se ende po mbledhin informacione p\u00ebr rastin.<\/p>\n<p>E drejtori i OJQ-s\u00eb \u201cACDC\u201d n\u00eb veri, Dushan Radakoviq, ka deklaruar se nuk ka reaguar meq\u00eb ka shum\u00eb informata p\u00ebr rastin.<\/p>\n<p>\u201cNuk kam shum\u00eb informata p\u00ebr at\u00eb rast, sepse kam qen\u00eb n\u00eb pushim dhe tash jam kthyer nga pushimi dhe nuk e njoh t\u00ebr\u00ebsisht. Nuk po shoh ndonj\u00eb reflektim sot n\u00eb situat\u00ebn e siguris\u00eb\u2026N\u00eb rastet q\u00eb ndodhin n\u00eb qend\u00ebr t\u00eb qytetit ke m\u00eb shum\u00eb informata e kjo ka ndodhur n\u00eb kufi dhe nuk kemi shum\u00eb informata. Kjo \u00ebsht\u00eb arsyeja e vetme\u201d, ka th\u00ebn\u00eb Radakoviq.<\/p>\n<p>Drejtori i OJQ-s\u00eb \u201cAktiv\u201d, po ashtu me qend\u00ebr n\u00eb veri, Miodrag Mili\u00e7eviq, ka theksuar se qytetar\u00ebt n\u00eb veri kan\u00eb paqart\u00ebsi sa i p\u00ebrket rastit. Sipas tij, nuk kan\u00eb pasur informata t\u00eb mjaftueshme p\u00ebr t\u00eb reaguar publikisht si organizat\u00eb.<\/p>\n<p>Mili\u00e7eviq ka th\u00ebn\u00eb se jan\u00eb n\u00eb pritje t\u00eb konfirmimit zyrtar nga institucionet e Serbis\u00eb sa i p\u00ebrket k\u00ebtij incidenti.<\/p>\n<p>\u201cQ\u00eb t\u00eb jem plot\u00ebsisht i qart\u00eb nuk i shmangemi k\u00ebrkimit t\u00eb llogaridh\u00ebnies as nga pala e Kosov\u00ebs e as nga ajo e Serbis\u00eb, p\u00ebrfshir\u00eb edhe bashk\u00ebsin\u00eb nd\u00ebrkomb\u00ebtare, por ne donim t\u00eb dinim m\u00eb shum\u00eb sa i p\u00ebrket vet\u00eb incidentit n\u00eb m\u00ebnyr\u00eb q\u00eb t\u00eb k\u00ebrkojm\u00eb llogaridh\u00ebnie t\u00eb plot\u00eb t\u00eb cil\u00ebsdo pal\u00eb n\u00eb k\u00ebt\u00eb proces. M\u00eb duhet t\u00eb them q\u00eb ne k\u00ebrkojm\u00eb llogaridh\u00ebnie kur b\u00ebhet fjal\u00eb p\u00ebr Banjsk\u00ebn p\u00ebr shembull dhe ai ishte rast tejet m\u00eb serioz, por kjo nuk e p\u00ebrjashton zot\u00ebrin\u00eb Vukashinoviq q\u00eb u plagos, n\u00ebse burimet e pakonfirmuara dhe jozyrtare po e thon\u00eb t\u00eb v\u00ebrtet\u00ebn, sigurisht q\u00eb ai \u00ebsht\u00eb pjes\u00eb e komunitetit dhe me t\u00eb v\u00ebrtet\u00eb na duhet t\u00eb dim\u00eb t\u00eb pakt\u00ebn statusin e z. Vukashinoviq\u201d, ka th\u00ebn\u00eb Mili\u00e7eviq.<\/p>\n<p>Avokati Niniq e institucionet e Kosov\u00ebs besojn\u00eb se motivi i sulmit ndaj \u00a0Vukashinoviqit ishte sepse ai nuk i \u00ebsht\u00eb bindur List\u00ebs Serbe, duke mos e braktisur pun\u00ebn n\u00eb Byron\u00eb Kosovare t\u00eb Sigurimit, pavar\u00ebsisht se n\u00eb vitin 2022 i \u00ebsht\u00eb b\u00ebr\u00eb presion p\u00ebr k\u00ebt\u00eb.<\/p>\n<p>Tabloidi i af\u00ebrt me pushtetin e Serbis\u00eb, \u201cVe\u00e7ernje Novosti\u201d, m\u00eb 8 n\u00ebntor ka nxjerr\u00eb n\u00eb ballin\u00ebn e saj titullin \u201cSpiunonte kund\u00ebr ushtris\u00eb son\u00eb, kishte lidhje me Kurtin\u201d, duke e publikuar edhe fotografin\u00eb e Vukashinoviqit.<\/p>\n<p>Prokuroria Themelore n\u00eb Mitrovic\u00eb po e heton k\u00ebt\u00eb rast si tentativ\u00eb vrasje.<\/p>\n<p>Vukashinoviq, sipas autoriteteve t\u00eb Kosov\u00ebs, \u00ebsht\u00eb plagosur e m\u00eb pas \u00ebsht\u00eb rr\u00ebmbyer nga xhandarm\u00ebria e Serbis\u00eb, e cila ishte futur n\u00eb territorin e Kosov\u00ebs.<\/p>\n<p>&nbsp;<\/p>\n","protected":false},"excerpt":{"rendered":"<p>Prishtin\u00eb, 12 n\u00ebntor 2025 08:45 Dhjet\u00eb dit\u00eb pas sulmit me arm\u00eb brenda territorit ku u q\u00ebllua shtetasi i Kosov\u00ebs, Milan Vukashinoviq, as Zyra Nd\u00ebrlidh\u00ebse e<\/p>\n","protected":false},"author":7,"featured_media":19918,"comment_status":"open","ping_status":"open","sticky":false,"template":"","format":"standard","meta":{"footnotes":""},"categories":[58],"tags":[],"class_list":["post-19917","post","type-post","status-publish","format-standard","has-post-thumbnail","hentry","category-politike-sq"],"yoast_head":"<!-- This site is optimized with the Yoast SEO plugin v25.3.1 - https:\/\/yoast.com\/wordpress\/plugins\/seo\/ -->\n<title>BE-ja hesht p\u00ebr plagosjen e rr\u00ebmbimin e Vukashinoviqit -<\/title>\n<meta name=\"robots\" content=\"index, follow, max-snippet:-1, max-image-preview:large, max-video-preview:-1\" \/>\n<link rel=\"canonical\" href=\"https:\/\/veritasinfo.org\/?p=19917\" \/>\n<meta property=\"og:locale\" content=\"en_US\" \/>\n<meta property=\"og:type\" content=\"article\" \/>\n<meta property=\"og:title\" content=\"BE-ja hesht p\u00ebr plagosjen e rr\u00ebmbimin e Vukashinoviqit -\" \/>\n<meta property=\"og:description\" content=\"Prishtin\u00eb, 12 n\u00ebntor 2025 08:45 Dhjet\u00eb dit\u00eb pas sulmit me arm\u00eb brenda territorit ku u q\u00ebllua shtetasi i Kosov\u00ebs, Milan Vukashinoviq, as Zyra Nd\u00ebrlidh\u00ebse e\" \/>\n<meta property=\"og:url\" content=\"https:\/\/veritasinfo.org\/?p=19917\" \/>\n<meta property=\"article:published_time\" content=\"2025-11-12T07:45:52+00:00\" \/>\n<meta property=\"og:image\" content=\"https:\/\/veritasinfo.org\/wp-content\/uploads\/2025\/11\/Screenshot-2025-11-12-084445.jpg\" \/>\n\t<meta property=\"og:image:width\" content=\"704\" \/>\n\t<meta property=\"og:image:height\" content=\"365\" \/>\n\t<meta property=\"og:image:type\" content=\"image\/jpeg\" \/>\n<meta name=\"author\" content=\"US6\" \/>\n<meta name=\"twitter:card\" content=\"summary_large_image\" \/>\n<meta name=\"twitter:label1\" content=\"Written by\" \/>\n\t<meta name=\"twitter:data1\" content=\"US6\" \/>\n\t<meta name=\"twitter:label2\" content=\"Est. reading time\" \/>\n\t<meta name=\"twitter:data2\" content=\"5 minutes\" \/>\n<script type=\"application\/ld+json\" class=\"yoast-schema-graph\">{\"@context\":\"https:\/\/schema.org\",\"@graph\":[{\"@type\":\"WebPage\",\"@id\":\"https:\/\/veritasinfo.org\/?p=19917\",\"url\":\"https:\/\/veritasinfo.org\/?p=19917\",\"name\":\"BE-ja hesht p\u00ebr plagosjen e rr\u00ebmbimin e Vukashinoviqit -\",\"isPartOf\":{\"@id\":\"https:\/\/veritasinfo.org\/#website\"},\"primaryImageOfPage\":{\"@id\":\"https:\/\/veritasinfo.org\/?p=19917#primaryimage\"},\"image\":{\"@id\":\"https:\/\/veritasinfo.org\/?p=19917#primaryimage\"},\"thumbnailUrl\":\"https:\/\/veritasinfo.org\/wp-content\/uploads\/2025\/11\/Screenshot-2025-11-12-084445.jpg\",\"datePublished\":\"2025-11-12T07:45:52+00:00\",\"author\":{\"@id\":\"https:\/\/veritasinfo.org\/#\/schema\/person\/fe199eede04c3937362892b7444747cc\"},\"breadcrumb\":{\"@id\":\"https:\/\/veritasinfo.org\/?p=19917#breadcrumb\"},\"inLanguage\":\"en-US\",\"potentialAction\":[{\"@type\":\"ReadAction\",\"target\":[\"https:\/\/veritasinfo.org\/?p=19917\"]}]},{\"@type\":\"ImageObject\",\"inLanguage\":\"en-US\",\"@id\":\"https:\/\/veritasinfo.org\/?p=19917#primaryimage\",\"url\":\"https:\/\/veritasinfo.org\/wp-content\/uploads\/2025\/11\/Screenshot-2025-11-12-084445.jpg\",\"contentUrl\":\"https:\/\/veritasinfo.org\/wp-content\/uploads\/2025\/11\/Screenshot-2025-11-12-084445.jpg\",\"width\":704,\"height\":365},{\"@type\":\"BreadcrumbList\",\"@id\":\"https:\/\/veritasinfo.org\/?p=19917#breadcrumb\",\"itemListElement\":[{\"@type\":\"ListItem\",\"position\":1,\"name\":\"Home\",\"item\":\"https:\/\/veritasinfo.org\/\"},{\"@type\":\"ListItem\",\"position\":2,\"name\":\"BE-ja hesht p\u00ebr plagosjen e rr\u00ebmbimin e Vukashinoviqit\"}]},{\"@type\":\"WebSite\",\"@id\":\"https:\/\/veritasinfo.org\/#website\",\"url\":\"https:\/\/veritasinfo.org\/\",\"name\":\"\",\"description\":\"\",\"potentialAction\":[{\"@type\":\"SearchAction\",\"target\":{\"@type\":\"EntryPoint\",\"urlTemplate\":\"https:\/\/veritasinfo.org\/?s={search_term_string}\"},\"query-input\":{\"@type\":\"PropertyValueSpecification\",\"valueRequired\":true,\"valueName\":\"search_term_string\"}}],\"inLanguage\":\"en-US\"},{\"@type\":\"Person\",\"@id\":\"https:\/\/veritasinfo.org\/#\/schema\/person\/fe199eede04c3937362892b7444747cc\",\"name\":\"US6\",\"image\":{\"@type\":\"ImageObject\",\"inLanguage\":\"en-US\",\"@id\":\"https:\/\/veritasinfo.org\/#\/schema\/person\/image\/\",\"url\":\"https:\/\/secure.gravatar.com\/avatar\/cb16c3c31c9d23b9b8c705964598220b3014e42ff51eb540ff23cefa3ae8c15f?s=96&d=mm&r=g\",\"contentUrl\":\"https:\/\/secure.gravatar.com\/avatar\/cb16c3c31c9d23b9b8c705964598220b3014e42ff51eb540ff23cefa3ae8c15f?s=96&d=mm&r=g\",\"caption\":\"US6\"},\"url\":\"https:\/\/veritasinfo.org\/?author=7\"}]}<\/script>\n<!-- \/ Yoast SEO plugin. -->","yoast_head_json":{"title":"BE-ja hesht p\u00ebr plagosjen e rr\u00ebmbimin e Vukashinoviqit -","robots":{"index":"index","follow":"follow","max-snippet":"max-snippet:-1","max-image-preview":"max-image-preview:large","max-video-preview":"max-video-preview:-1"},"canonical":"https:\/\/veritasinfo.org\/?p=19917","og_locale":"en_US","og_type":"article","og_title":"BE-ja hesht p\u00ebr plagosjen e rr\u00ebmbimin e Vukashinoviqit -","og_description":"Prishtin\u00eb, 12 n\u00ebntor 2025 08:45 Dhjet\u00eb dit\u00eb pas sulmit me arm\u00eb brenda territorit ku u q\u00ebllua shtetasi i Kosov\u00ebs, Milan Vukashinoviq, as Zyra Nd\u00ebrlidh\u00ebse e","og_url":"https:\/\/veritasinfo.org\/?p=19917","article_published_time":"2025-11-12T07:45:52+00:00","og_image":[{"width":704,"height":365,"url":"https:\/\/veritasinfo.org\/wp-content\/uploads\/2025\/11\/Screenshot-2025-11-12-084445.jpg","type":"image\/jpeg"}],"author":"US6","twitter_card":"summary_large_image","twitter_misc":{"Written by":"US6","Est. reading time":"5 minutes"},"schema":{"@context":"https:\/\/schema.org","@graph":[{"@type":"WebPage","@id":"https:\/\/veritasinfo.org\/?p=19917","url":"https:\/\/veritasinfo.org\/?p=19917","name":"BE-ja hesht p\u00ebr plagosjen e rr\u00ebmbimin e Vukashinoviqit -","isPartOf":{"@id":"https:\/\/veritasinfo.org\/#website"},"primaryImageOfPage":{"@id":"https:\/\/veritasinfo.org\/?p=19917#primaryimage"},"image":{"@id":"https:\/\/veritasinfo.org\/?p=19917#primaryimage"},"thumbnailUrl":"https:\/\/veritasinfo.org\/wp-content\/uploads\/2025\/11\/Screenshot-2025-11-12-084445.jpg","datePublished":"2025-11-12T07:45:52+00:00","author":{"@id":"https:\/\/veritasinfo.org\/#\/schema\/person\/fe199eede04c3937362892b7444747cc"},"breadcrumb":{"@id":"https:\/\/veritasinfo.org\/?p=19917#breadcrumb"},"inLanguage":"en-US","potentialAction":[{"@type":"ReadAction","target":["https:\/\/veritasinfo.org\/?p=19917"]}]},{"@type":"ImageObject","inLanguage":"en-US","@id":"https:\/\/veritasinfo.org\/?p=19917#primaryimage","url":"https:\/\/veritasinfo.org\/wp-content\/uploads\/2025\/11\/Screenshot-2025-11-12-084445.jpg","contentUrl":"https:\/\/veritasinfo.org\/wp-content\/uploads\/2025\/11\/Screenshot-2025-11-12-084445.jpg","width":704,"height":365},{"@type":"BreadcrumbList","@id":"https:\/\/veritasinfo.org\/?p=19917#breadcrumb","itemListElement":[{"@type":"ListItem","position":1,"name":"Home","item":"https:\/\/veritasinfo.org\/"},{"@type":"ListItem","position":2,"name":"BE-ja hesht p\u00ebr plagosjen e rr\u00ebmbimin e Vukashinoviqit"}]},{"@type":"WebSite","@id":"https:\/\/veritasinfo.org\/#website","url":"https:\/\/veritasinfo.org\/","name":"","description":"","potentialAction":[{"@type":"SearchAction","target":{"@type":"EntryPoint","urlTemplate":"https:\/\/veritasinfo.org\/?s={search_term_string}"},"query-input":{"@type":"PropertyValueSpecification","valueRequired":true,"valueName":"search_term_string"}}],"inLanguage":"en-US"},{"@type":"Person","@id":"https:\/\/veritasinfo.org\/#\/schema\/person\/fe199eede04c3937362892b7444747cc","name":"US6","image":{"@type":"ImageObject","inLanguage":"en-US","@id":"https:\/\/veritasinfo.org\/#\/schema\/person\/image\/","url":"https:\/\/secure.gravatar.com\/avatar\/cb16c3c31c9d23b9b8c705964598220b3014e42ff51eb540ff23cefa3ae8c15f?s=96&d=mm&r=g","contentUrl":"https:\/\/secure.gravatar.com\/avatar\/cb16c3c31c9d23b9b8c705964598220b3014e42ff51eb540ff23cefa3ae8c15f?s=96&d=mm&r=g","caption":"US6"},"url":"https:\/\/veritasinfo.org\/?author=7"}]}},"featured_image_urls":{"full":["https:\/\/veritasinfo.org\/wp-content\/uploads\/2025\/11\/Screenshot-2025-11-12-084445.jpg",704,365,false],"thumbnail":["https:\/\/veritasinfo.org\/wp-content\/uploads\/2025\/11\/Screenshot-2025-11-12-084445-150x150.jpg",150,150,true],"medium":["https:\/\/veritasinfo.org\/wp-content\/uploads\/2025\/11\/Screenshot-2025-11-12-084445-300x156.jpg",300,156,true],"medium_large":["https:\/\/veritasinfo.org\/wp-content\/uploads\/2025\/11\/Screenshot-2025-11-12-084445.jpg",640,332,false],"large":["https:\/\/veritasinfo.org\/wp-content\/uploads\/2025\/11\/Screenshot-2025-11-12-084445.jpg",640,332,false],"1536x1536":["https:\/\/veritasinfo.org\/wp-content\/uploads\/2025\/11\/Screenshot-2025-11-12-084445.jpg",704,365,false],"2048x2048":["https:\/\/veritasinfo.org\/wp-content\/uploads\/2025\/11\/Screenshot-2025-11-12-084445.jpg",704,365,false],"kreeti-slider-full":["https:\/\/veritasinfo.org\/wp-content\/uploads\/2025\/11\/Screenshot-2025-11-12-084445.jpg",704,365,false],"kreeti-featured":["https:\/\/veritasinfo.org\/wp-content\/uploads\/2025\/11\/Screenshot-2025-11-12-084445.jpg",704,365,false],"kreeti-medium":["https:\/\/veritasinfo.org\/wp-content\/uploads\/2025\/11\/Screenshot-2025-11-12-084445.jpg",704,365,false],"kreeti-medium-square":["https:\/\/veritasinfo.org\/wp-content\/uploads\/2025\/11\/Screenshot-2025-11-12-084445.jpg",350,181,false]},"author_info":{"info":["US6"]},"category_info":"<a href=\"https:\/\/veritasinfo.org\/?cat=58\" rel=\"category\">Politik\u00eb<\/a>","tag_info":"Politik\u00eb","comment_count":"0","_links":{"self":[{"href":"https:\/\/veritasinfo.org\/index.php?rest_route=\/wp\/v2\/posts\/19917","targetHints":{"allow":["GET"]}}],"collection":[{"href":"https:\/\/veritasinfo.org\/index.php?rest_route=\/wp\/v2\/posts"}],"about":[{"href":"https:\/\/veritasinfo.org\/index.php?rest_route=\/wp\/v2\/types\/post"}],"author":[{"embeddable":true,"href":"https:\/\/veritasinfo.org\/index.php?rest_route=\/wp\/v2\/users\/7"}],"replies":[{"embeddable":true,"href":"https:\/\/veritasinfo.org\/index.php?rest_route=%2Fwp%2Fv2%2Fcomments&post=19917"}],"version-history":[{"count":1,"href":"https:\/\/veritasinfo.org\/index.php?rest_route=\/wp\/v2\/posts\/19917\/revisions"}],"predecessor-version":[{"id":19919,"href":"https:\/\/veritasinfo.org\/index.php?rest_route=\/wp\/v2\/posts\/19917\/revisions\/19919"}],"wp:featuredmedia":[{"embeddable":true,"href":"https:\/\/veritasinfo.org\/index.php?rest_route=\/wp\/v2\/media\/19918"}],"wp:attachment":[{"href":"https:\/\/veritasinfo.org\/index.php?rest_route=%2Fwp%2Fv2%2Fmedia&parent=19917"}],"wp:term":[{"taxonomy":"category","embeddable":true,"href":"https:\/\/veritasinfo.org\/index.php?rest_route=%2Fwp%2Fv2%2Fcategories&post=19917"},{"taxonomy":"post_tag","embeddable":true,"href":"https:\/\/veritasinfo.org\/index.php?rest_route=%2Fwp%2Fv2%2Ftags&post=19917"}],"curies":[{"name":"wp","href":"https:\/\/api.w.org\/{rel}","templated":true}]}}