{"id":19907,"date":"2025-11-12T08:06:52","date_gmt":"2025-11-12T07:06:52","guid":{"rendered":"https:\/\/veritasinfo.org\/?p=19907"},"modified":"2025-11-12T08:11:15","modified_gmt":"2025-11-12T07:11:15","slug":"serbia-shperblen-ata-qe-minojne-shtetin-e-kosoves","status":"publish","type":"post","link":"https:\/\/veritasinfo.org\/?p=19907","title":{"rendered":"Serbia shp\u00ebrblen ata q\u00eb minojn\u00eb shtetin e Kosov\u00ebs"},"content":{"rendered":"<p>Prishtin\u00eb 12 N\u00ebntor 2025 08:07<\/p>\n<p>Sreqko Spasiq, i cili u t\u00ebrhoq nga gara e balotazhit vet\u00ebm disa dit\u00eb para zgjedhjeve \u00ebsht\u00eb shp\u00ebrblyer me post nga qeveria e Serbis\u00eb. Pasi b\u00ebri thirrje q\u00eb t\u00eb mb\u00ebshtetet kandidati i List\u00ebs Serbe, Bozhidar Dejanoviq p\u00ebr kryetar t\u00eb Kllokotit, t\u00eb h\u00ebn\u00ebn Beogradi e ka em\u00ebruar Spasiqin kryetar t\u00eb t\u00eb ashtuquajturit Organ i P\u00ebrkohsh\u00ebm Komunal i Komun\u00ebs s\u00eb Vitis\u00eb, ani se kjo struktur\u00eb paralele \u00ebsht\u00eb mbyllur nga autoritetet e Kosov\u00ebs n\u00eb fillim t\u00eb k\u00ebtij viti<br \/>\nKandidati q\u00eb u t\u00ebrhoq nga gara e balotazhit p\u00ebr kryetar t\u00eb Kllokotit, Sreqko Spasiq, \u00ebsht\u00eb shp\u00ebrblyer me pozit\u00eb nga qeveria e Serbis\u00eb. Spasiq \u00ebsht\u00eb em\u00ebruar t\u00eb h\u00ebn\u00ebn n\u00eb krye t\u00eb t\u00eb ashtuquajturit Organ i P\u00ebrkohsh\u00ebm Komunal i Komun\u00ebs s\u00eb Vitis\u00eb, ani se kjo struktur\u00eb paralele \u00ebsht\u00eb mbyllur nga autoritetet e Kosov\u00ebs n\u00eb fillim t\u00eb k\u00ebtij viti. <\/p>\n<p>Beogradi deri tash ka refuzuar shuarjen e k\u00ebtyre strukturave duke i zhvendosur brenda territorit t\u00eb Serbis\u00eb. <\/p>\n<p>Vendimi u mor disa dit\u00eb dit\u00eb pasi Spasiqi u largua nga gara dhe u b\u00ebri thirrje mb\u00ebshtet\u00ebsve t\u00eb tij ta votojn\u00eb kund\u00ebrshtarin nga Lista Serbe, Bozhidar Dejanoviq, i cili m\u00eb 9 n\u00ebntor u zgjodh kryetar, duke e \u00e7uar n\u00eb 10 numrin e komunave t\u00eb fituara nga subjekti i cili mb\u00ebshtetet nga Beogradi zyrtar.<br \/>\nSpasiqi ka qen\u00eb m\u00eb her\u00ebt kryetar i Kllokotit nga Lista Serbe, por ishte larguar nga kjo parti n\u00eb vitin 2017, pasi Lista Serbe ishte distancuar nga kandidati i saj, Strahinja Spasiq q\u00eb ishte djali i Spasiqit dhe e kishte mb\u00ebshtetur kund\u00ebrkandidatin Bozhidar Dejanoviq nga Nisma Qytetare Kllokot\u2013V\u00ebrbovc.<br \/>\nKryetari i zgjedhur i Kllokotit, n\u00eb vitin 2022 ishte d\u00ebnuar me nj\u00eb vit burgim me kusht p\u00ebr vepr\u00ebn penale \u201cndikim mbi vullnetin e lir\u00eb t\u00eb votuesve\u201d. Dejanoviq, n\u00eb cil\u00ebsin\u00eb e kryetarit t\u00eb komun\u00ebs kishte siguruar n\u00eb m\u00ebnyr\u00eb t\u00eb jasht\u00ebligjshme vota p\u00ebr List\u00ebn Serbe. <\/p>\n<p>E drejtori i Zyr\u00ebs p\u00ebr Kosov\u00eb n\u00eb Qeverin\u00eb e Serbis\u00eb, Petar Petkoviq, ka th\u00ebn\u00eb se fitorja bind\u00ebse e List\u00ebs Serbe n\u00eb Kllokot \u00ebsht\u00eb triumf i harmonis\u00eb dhe unitetit serb.<\/p>\n<p>\u201cM\u00eb e r\u00ebnd\u00ebsishmja, komunat serbe do t\u00eb qeverisen nga kryetar\u00eb komunash serb\u00eb, me mb\u00ebshtetjen e k\u00ebshilltar\u00ebve t\u00eb List\u00ebs Serbe, t\u00eb cil\u00ebt kan\u00eb shumic\u00ebn e nevojshme n\u00eb t\u00eb gjitha kuvendet lokale. Ky rezultat historik mbart edhe p\u00ebrgjegj\u00ebsin\u00eb e List\u00ebs Serbe p\u00ebr t\u00eb luftuar edhe m\u00eb fort dhe me vendosm\u00ebri p\u00ebr interesat e popullit ton\u00eb n\u00eb k\u00ebto zona, dhe n\u00eb k\u00ebt\u00eb ata do t\u00eb ken\u00eb mb\u00ebshtetje edhe m\u00eb t\u00eb theksuar nga shteti i Serbis\u00eb, Presidenti Aleksandar Vu\u00e7i\u00e7 dhe Zyra p\u00ebr Kosov\u00ebn, n\u00eb m\u00ebnyr\u00eb q\u00eb s\u00eb bashku t\u00eb sigurojm\u00eb nj\u00eb t\u00eb ardhme m\u00eb t\u00eb mir\u00eb p\u00ebr popullin ton\u00eb n\u00eb k\u00ebto zona\u201d, ka th\u00ebn\u00eb ai.<br \/>\nKjo nuk \u00ebsht\u00eb hera q\u00eb rival\u00eb t\u00eb List\u00ebs Serbe k\u00ebrc\u00ebnohen dhe t\u00ebrhiqen nga gara n\u00eb momentet e fundit nga gara. Nj\u00ebsoj kishte vepruar kandidati p\u00ebr kryetar t\u00eb Leposaviqit, Aleksand\u00ebr Jabllanoviq, n\u00eb zgjedhjet e jasht\u00ebzakonshme t\u00eb mbajtura m\u00eb 23 prill 2023. T\u00ebrheqjen e kishte arsyetuar me, si\u00e7 pati th\u00ebn\u00eb \u201cmunges\u00ebn e kushteve t\u00eb siguris\u00eb p\u00ebr mbajtje t\u00eb zgjedhjeve\u201d. Ai pati p\u00ebrmendur faktin se zgjedhjet mbaheshin n\u00eb kontejner\u00eb dhe se siguria do t\u00eb garantohet nga Policia e Kosov\u00ebs.<br \/>\nJabllnoviq pati refuzuar se ka pasur presion p\u00ebr pjes\u00ebmarrje n\u00eb zgjedhje, tek u pati b\u00ebr\u00eb thirrje t\u00eb gjith\u00eb p\u00ebrkrah\u00ebsve q\u00eb t\u00eb mos dalin n\u00eb zgjedhje, t\u00eb cilat ishin organizuar pas dor\u00ebheqjes s\u00eb kryetar\u00ebve serb\u00eb n\u00eb komunat veriore. <\/p>\n<p>At\u00ebkoh\u00eb Beogradi zyrtar pati intensifikuar p\u00ebrndjekjen ndaj serb\u00ebve t\u00eb Kosov\u00ebs, t\u00eb cil\u00ebt nuk u jan\u00eb bindur urdhrave t\u00eb List\u00ebs Serbe p\u00ebr bojkotimin e zgjedhjeve t\u00eb jasht\u00ebzakonshme. <\/p>\n<p>K\u00ebsisoj, ish-pjes\u00ebtari i Policis\u00eb s\u00eb Kosov\u00ebs, Dragan Nikoliq nga Leposaviqi dhe Dushan Tomoviq nga Zubin Potoku ishin arrestuar nga Policia e Serbis\u00eb me akuz\u00ebn se bashk\u00eb me kat\u00ebr serb\u00eb t\u00eb tjer\u00eb kan\u00eb punuar intesivisht p\u00ebr ta shkat\u00ebrruar rendin kushtetues dhe sigurin\u00eb e Serbis\u00eb. Avokati i t\u00eb akuzuarve, Ivan Niniq kishte th\u00ebn\u00eb se arrestimi i Dragan Nikoliqit \u00ebsht\u00eb hakmarrje nga Beogradi, pasi q\u00eb bashk\u00ebshortja e tij, Ivana Nikoliq, ka qen\u00eb kandidate p\u00ebr k\u00ebshilltare n\u00eb list\u00ebn e Partis\u00eb s\u00eb Serb\u00ebve t\u00eb Kosov\u00ebs p\u00ebr Leposaviq.<\/p>\n<p>Nd\u00ebrhyrjet e Serbis\u00eb n\u00eb Kosov\u00eb jan\u00eb konfirmuar edhe nga Misioni i V\u00ebzhguesve t\u00eb Bashkimit Evropian, lidhur me zgjedhjet e fundit parlamentare t\u00eb mbajtura m\u00eb 9 shkurt. <\/p>\n<p>\u201cNe e kuptojm\u00eb se autoritetet e Serbis\u00eb kan\u00eb nd\u00ebrhyr\u00eb seriozisht duke mb\u00ebshtetur nj\u00eb nga gjasht\u00eb partit\u00eb serbe. Bashk\u00ebbiseduesit tan\u00eb kan\u00eb raportuar se ka pasur presion mbi votuesit serb\u00eb. Mungesa e pluralizmit t\u00eb mir\u00ebfillt\u00eb politik n\u00eb komunitetin serb nuk \u00ebsht\u00eb e sh\u00ebndosh\u00eb\u201d, pati deklaruar shefja e delegacionit t\u00eb an\u00ebtar\u00ebve t\u00eb Parlamentit t\u00eb Evropian, Marta Temido.<\/p>\n<p>Q\u00eb prej themelimit t\u00eb List\u00ebs Serbe si derivat i dialogut t\u00eb Brukselit n\u00eb vitin 2013, t\u00eb gjith\u00eb kund\u00ebrshtar\u00ebt q\u00eb guxuan ta sfidojn\u00eb at\u00eb jan\u00eb ballafaquar me shantazhe e k\u00ebrc\u00ebnime.<br \/>\nN\u00eb janarin e vitit 2018 ishte vrar\u00eb para zyr\u00ebs s\u00eb tij politikani i njohur serb, lideri i nism\u00ebs qytetare \u201cLiria, Demokracia dhe Drejt\u00ebsia\u201d, Oliver Ivanoviq. <\/p>\n<p>E disa dit\u00eb para rundit t\u00eb fundit t\u00eb balotazhit \u00ebsht\u00eb plagosur dhe m\u00eb pas \u00ebsht\u00eb rr\u00ebmbyer Milan Vukashinoviq, punonj\u00ebs i nj\u00eb kompanie kosovare t\u00eb sigurimit. Sipas autoriteteve t\u00eb Kosov\u00ebs, Vukashinoviq \u00ebsht\u00eb q\u00eblluar nga xhandarm\u00ebria e Serbis\u00eb brenda territorit t\u00eb Kosov\u00ebs. <\/p>\n<p>Ish-z\u00ebvend\u00ebsministri n\u00eb qeverin\u00eb e Kosov\u00ebs, Radoica Radomiroviq, i cili \u00ebsht\u00eb interesuar p\u00ebr gjendjen e Vukashinoviqit, me k\u00ebrkes\u00eb t\u00eb familjes, ka th\u00ebn\u00eb se Serbia e pati n\u00eb sy t\u00eb keq Vukashinoviqin meq\u00eb ai nuk hoqi dor\u00eb nga puna e tij n\u00eb Byron\u00eb Kosovare t\u00eb Sigurimeve as m\u00eb 2022, kur persona t\u00eb panjohur i vendos\u00ebn eksploziv\u00eb n\u00eb vetur\u00eb. Ky nuk \u00ebsht\u00eb k\u00ebrc\u00ebnimi i par\u00eb q\u00eb ai e mori, pasi n\u00eb janar t\u00eb 2020-s, u pat arrestuar n\u00eb Serbi vet\u00ebm pse punonte n\u00eb nj\u00eb kompani an\u00ebtare t\u00eb Byros\u00eb s\u00eb Sigurimeve.<\/p>\n","protected":false},"excerpt":{"rendered":"<p>Prishtin\u00eb 12 N\u00ebntor 2025 08:07 Sreqko Spasiq, i cili u t\u00ebrhoq nga gara e balotazhit vet\u00ebm disa dit\u00eb para zgjedhjeve \u00ebsht\u00eb shp\u00ebrblyer me post nga<\/p>\n","protected":false},"author":6,"featured_media":19908,"comment_status":"open","ping_status":"open","sticky":false,"template":"","format":"standard","meta":{"footnotes":""},"categories":[58],"tags":[],"class_list":["post-19907","post","type-post","status-publish","format-standard","has-post-thumbnail","hentry","category-politike-sq"],"yoast_head":"<!-- This site is optimized with the Yoast SEO plugin v25.3.1 - https:\/\/yoast.com\/wordpress\/plugins\/seo\/ -->\n<title>Serbia shp\u00ebrblen ata q\u00eb minojn\u00eb shtetin e Kosov\u00ebs -<\/title>\n<meta name=\"robots\" content=\"index, follow, max-snippet:-1, max-image-preview:large, max-video-preview:-1\" \/>\n<link rel=\"canonical\" href=\"https:\/\/veritasinfo.org\/?p=19907\" \/>\n<meta property=\"og:locale\" content=\"en_US\" \/>\n<meta property=\"og:type\" content=\"article\" \/>\n<meta property=\"og:title\" content=\"Serbia shp\u00ebrblen ata q\u00eb minojn\u00eb shtetin e Kosov\u00ebs -\" \/>\n<meta property=\"og:description\" content=\"Prishtin\u00eb 12 N\u00ebntor 2025 08:07 Sreqko Spasiq, i cili u t\u00ebrhoq nga gara e balotazhit vet\u00ebm disa dit\u00eb para zgjedhjeve \u00ebsht\u00eb shp\u00ebrblyer me post nga\" \/>\n<meta property=\"og:url\" content=\"https:\/\/veritasinfo.org\/?p=19907\" \/>\n<meta property=\"article:published_time\" content=\"2025-11-12T07:06:52+00:00\" \/>\n<meta property=\"article:modified_time\" content=\"2025-11-12T07:11:15+00:00\" \/>\n<meta property=\"og:image\" content=\"https:\/\/veritasinfo.org\/wp-content\/uploads\/2025\/11\/IMG-20251112-WA0002.jpg\" \/>\n\t<meta property=\"og:image:width\" content=\"1267\" \/>\n\t<meta property=\"og:image:height\" content=\"845\" \/>\n\t<meta property=\"og:image:type\" content=\"image\/jpeg\" \/>\n<meta name=\"author\" content=\"US5\" \/>\n<meta name=\"twitter:card\" content=\"summary_large_image\" \/>\n<meta name=\"twitter:label1\" content=\"Written by\" \/>\n\t<meta name=\"twitter:data1\" content=\"US5\" \/>\n\t<meta name=\"twitter:label2\" content=\"Est. reading time\" \/>\n\t<meta name=\"twitter:data2\" content=\"2 minutes\" \/>\n<script type=\"application\/ld+json\" class=\"yoast-schema-graph\">{\"@context\":\"https:\/\/schema.org\",\"@graph\":[{\"@type\":\"WebPage\",\"@id\":\"https:\/\/veritasinfo.org\/?p=19907\",\"url\":\"https:\/\/veritasinfo.org\/?p=19907\",\"name\":\"Serbia shp\u00ebrblen ata q\u00eb minojn\u00eb shtetin e Kosov\u00ebs -\",\"isPartOf\":{\"@id\":\"https:\/\/veritasinfo.org\/#website\"},\"primaryImageOfPage\":{\"@id\":\"https:\/\/veritasinfo.org\/?p=19907#primaryimage\"},\"image\":{\"@id\":\"https:\/\/veritasinfo.org\/?p=19907#primaryimage\"},\"thumbnailUrl\":\"https:\/\/veritasinfo.org\/wp-content\/uploads\/2025\/11\/IMG-20251112-WA0002.jpg\",\"datePublished\":\"2025-11-12T07:06:52+00:00\",\"dateModified\":\"2025-11-12T07:11:15+00:00\",\"author\":{\"@id\":\"https:\/\/veritasinfo.org\/#\/schema\/person\/bc442336e35414d04494ab8fb45db4c6\"},\"breadcrumb\":{\"@id\":\"https:\/\/veritasinfo.org\/?p=19907#breadcrumb\"},\"inLanguage\":\"en-US\",\"potentialAction\":[{\"@type\":\"ReadAction\",\"target\":[\"https:\/\/veritasinfo.org\/?p=19907\"]}]},{\"@type\":\"ImageObject\",\"inLanguage\":\"en-US\",\"@id\":\"https:\/\/veritasinfo.org\/?p=19907#primaryimage\",\"url\":\"https:\/\/veritasinfo.org\/wp-content\/uploads\/2025\/11\/IMG-20251112-WA0002.jpg\",\"contentUrl\":\"https:\/\/veritasinfo.org\/wp-content\/uploads\/2025\/11\/IMG-20251112-WA0002.jpg\",\"width\":1267,\"height\":845},{\"@type\":\"BreadcrumbList\",\"@id\":\"https:\/\/veritasinfo.org\/?p=19907#breadcrumb\",\"itemListElement\":[{\"@type\":\"ListItem\",\"position\":1,\"name\":\"Home\",\"item\":\"https:\/\/veritasinfo.org\/\"},{\"@type\":\"ListItem\",\"position\":2,\"name\":\"Serbia shp\u00ebrblen ata q\u00eb minojn\u00eb shtetin e Kosov\u00ebs\"}]},{\"@type\":\"WebSite\",\"@id\":\"https:\/\/veritasinfo.org\/#website\",\"url\":\"https:\/\/veritasinfo.org\/\",\"name\":\"\",\"description\":\"\",\"potentialAction\":[{\"@type\":\"SearchAction\",\"target\":{\"@type\":\"EntryPoint\",\"urlTemplate\":\"https:\/\/veritasinfo.org\/?s={search_term_string}\"},\"query-input\":{\"@type\":\"PropertyValueSpecification\",\"valueRequired\":true,\"valueName\":\"search_term_string\"}}],\"inLanguage\":\"en-US\"},{\"@type\":\"Person\",\"@id\":\"https:\/\/veritasinfo.org\/#\/schema\/person\/bc442336e35414d04494ab8fb45db4c6\",\"name\":\"US5\",\"image\":{\"@type\":\"ImageObject\",\"inLanguage\":\"en-US\",\"@id\":\"https:\/\/veritasinfo.org\/#\/schema\/person\/image\/\",\"url\":\"https:\/\/secure.gravatar.com\/avatar\/16a61e7272a0c5d001121ebb9e60e925d5816e4ac1e443ed3e640d9a6ae55d0c?s=96&d=mm&r=g\",\"contentUrl\":\"https:\/\/secure.gravatar.com\/avatar\/16a61e7272a0c5d001121ebb9e60e925d5816e4ac1e443ed3e640d9a6ae55d0c?s=96&d=mm&r=g\",\"caption\":\"US5\"},\"url\":\"https:\/\/veritasinfo.org\/?author=6\"}]}<\/script>\n<!-- \/ Yoast SEO plugin. -->","yoast_head_json":{"title":"Serbia shp\u00ebrblen ata q\u00eb minojn\u00eb shtetin e Kosov\u00ebs -","robots":{"index":"index","follow":"follow","max-snippet":"max-snippet:-1","max-image-preview":"max-image-preview:large","max-video-preview":"max-video-preview:-1"},"canonical":"https:\/\/veritasinfo.org\/?p=19907","og_locale":"en_US","og_type":"article","og_title":"Serbia shp\u00ebrblen ata q\u00eb minojn\u00eb shtetin e Kosov\u00ebs -","og_description":"Prishtin\u00eb 12 N\u00ebntor 2025 08:07 Sreqko Spasiq, i cili u t\u00ebrhoq nga gara e balotazhit vet\u00ebm disa dit\u00eb para zgjedhjeve \u00ebsht\u00eb shp\u00ebrblyer me post nga","og_url":"https:\/\/veritasinfo.org\/?p=19907","article_published_time":"2025-11-12T07:06:52+00:00","article_modified_time":"2025-11-12T07:11:15+00:00","og_image":[{"width":1267,"height":845,"url":"https:\/\/veritasinfo.org\/wp-content\/uploads\/2025\/11\/IMG-20251112-WA0002.jpg","type":"image\/jpeg"}],"author":"US5","twitter_card":"summary_large_image","twitter_misc":{"Written by":"US5","Est. reading time":"2 minutes"},"schema":{"@context":"https:\/\/schema.org","@graph":[{"@type":"WebPage","@id":"https:\/\/veritasinfo.org\/?p=19907","url":"https:\/\/veritasinfo.org\/?p=19907","name":"Serbia shp\u00ebrblen ata q\u00eb minojn\u00eb shtetin e Kosov\u00ebs -","isPartOf":{"@id":"https:\/\/veritasinfo.org\/#website"},"primaryImageOfPage":{"@id":"https:\/\/veritasinfo.org\/?p=19907#primaryimage"},"image":{"@id":"https:\/\/veritasinfo.org\/?p=19907#primaryimage"},"thumbnailUrl":"https:\/\/veritasinfo.org\/wp-content\/uploads\/2025\/11\/IMG-20251112-WA0002.jpg","datePublished":"2025-11-12T07:06:52+00:00","dateModified":"2025-11-12T07:11:15+00:00","author":{"@id":"https:\/\/veritasinfo.org\/#\/schema\/person\/bc442336e35414d04494ab8fb45db4c6"},"breadcrumb":{"@id":"https:\/\/veritasinfo.org\/?p=19907#breadcrumb"},"inLanguage":"en-US","potentialAction":[{"@type":"ReadAction","target":["https:\/\/veritasinfo.org\/?p=19907"]}]},{"@type":"ImageObject","inLanguage":"en-US","@id":"https:\/\/veritasinfo.org\/?p=19907#primaryimage","url":"https:\/\/veritasinfo.org\/wp-content\/uploads\/2025\/11\/IMG-20251112-WA0002.jpg","contentUrl":"https:\/\/veritasinfo.org\/wp-content\/uploads\/2025\/11\/IMG-20251112-WA0002.jpg","width":1267,"height":845},{"@type":"BreadcrumbList","@id":"https:\/\/veritasinfo.org\/?p=19907#breadcrumb","itemListElement":[{"@type":"ListItem","position":1,"name":"Home","item":"https:\/\/veritasinfo.org\/"},{"@type":"ListItem","position":2,"name":"Serbia shp\u00ebrblen ata q\u00eb minojn\u00eb shtetin e Kosov\u00ebs"}]},{"@type":"WebSite","@id":"https:\/\/veritasinfo.org\/#website","url":"https:\/\/veritasinfo.org\/","name":"","description":"","potentialAction":[{"@type":"SearchAction","target":{"@type":"EntryPoint","urlTemplate":"https:\/\/veritasinfo.org\/?s={search_term_string}"},"query-input":{"@type":"PropertyValueSpecification","valueRequired":true,"valueName":"search_term_string"}}],"inLanguage":"en-US"},{"@type":"Person","@id":"https:\/\/veritasinfo.org\/#\/schema\/person\/bc442336e35414d04494ab8fb45db4c6","name":"US5","image":{"@type":"ImageObject","inLanguage":"en-US","@id":"https:\/\/veritasinfo.org\/#\/schema\/person\/image\/","url":"https:\/\/secure.gravatar.com\/avatar\/16a61e7272a0c5d001121ebb9e60e925d5816e4ac1e443ed3e640d9a6ae55d0c?s=96&d=mm&r=g","contentUrl":"https:\/\/secure.gravatar.com\/avatar\/16a61e7272a0c5d001121ebb9e60e925d5816e4ac1e443ed3e640d9a6ae55d0c?s=96&d=mm&r=g","caption":"US5"},"url":"https:\/\/veritasinfo.org\/?author=6"}]}},"featured_image_urls":{"full":["https:\/\/veritasinfo.org\/wp-content\/uploads\/2025\/11\/IMG-20251112-WA0002.jpg",1267,845,false],"thumbnail":["https:\/\/veritasinfo.org\/wp-content\/uploads\/2025\/11\/IMG-20251112-WA0002-150x150.jpg",150,150,true],"medium":["https:\/\/veritasinfo.org\/wp-content\/uploads\/2025\/11\/IMG-20251112-WA0002-300x200.jpg",300,200,true],"medium_large":["https:\/\/veritasinfo.org\/wp-content\/uploads\/2025\/11\/IMG-20251112-WA0002-768x512.jpg",640,427,true],"large":["https:\/\/veritasinfo.org\/wp-content\/uploads\/2025\/11\/IMG-20251112-WA0002-1024x683.jpg",640,427,true],"1536x1536":["https:\/\/veritasinfo.org\/wp-content\/uploads\/2025\/11\/IMG-20251112-WA0002.jpg",1267,845,false],"2048x2048":["https:\/\/veritasinfo.org\/wp-content\/uploads\/2025\/11\/IMG-20251112-WA0002.jpg",1267,845,false],"kreeti-slider-full":["https:\/\/veritasinfo.org\/wp-content\/uploads\/2025\/11\/IMG-20251112-WA0002.jpg",1080,720,false],"kreeti-featured":["https:\/\/veritasinfo.org\/wp-content\/uploads\/2025\/11\/IMG-20251112-WA0002.jpg",1024,683,false],"kreeti-medium":["https:\/\/veritasinfo.org\/wp-content\/uploads\/2025\/11\/IMG-20251112-WA0002.jpg",720,480,false],"kreeti-medium-square":["https:\/\/veritasinfo.org\/wp-content\/uploads\/2025\/11\/IMG-20251112-WA0002.jpg",350,233,false]},"author_info":{"info":["US5"]},"category_info":"<a href=\"https:\/\/veritasinfo.org\/?cat=58\" rel=\"category\">Politik\u00eb<\/a>","tag_info":"Politik\u00eb","comment_count":"0","_links":{"self":[{"href":"https:\/\/veritasinfo.org\/index.php?rest_route=\/wp\/v2\/posts\/19907","targetHints":{"allow":["GET"]}}],"collection":[{"href":"https:\/\/veritasinfo.org\/index.php?rest_route=\/wp\/v2\/posts"}],"about":[{"href":"https:\/\/veritasinfo.org\/index.php?rest_route=\/wp\/v2\/types\/post"}],"author":[{"embeddable":true,"href":"https:\/\/veritasinfo.org\/index.php?rest_route=\/wp\/v2\/users\/6"}],"replies":[{"embeddable":true,"href":"https:\/\/veritasinfo.org\/index.php?rest_route=%2Fwp%2Fv2%2Fcomments&post=19907"}],"version-history":[{"count":3,"href":"https:\/\/veritasinfo.org\/index.php?rest_route=\/wp\/v2\/posts\/19907\/revisions"}],"predecessor-version":[{"id":19912,"href":"https:\/\/veritasinfo.org\/index.php?rest_route=\/wp\/v2\/posts\/19907\/revisions\/19912"}],"wp:featuredmedia":[{"embeddable":true,"href":"https:\/\/veritasinfo.org\/index.php?rest_route=\/wp\/v2\/media\/19908"}],"wp:attachment":[{"href":"https:\/\/veritasinfo.org\/index.php?rest_route=%2Fwp%2Fv2%2Fmedia&parent=19907"}],"wp:term":[{"taxonomy":"category","embeddable":true,"href":"https:\/\/veritasinfo.org\/index.php?rest_route=%2Fwp%2Fv2%2Fcategories&post=19907"},{"taxonomy":"post_tag","embeddable":true,"href":"https:\/\/veritasinfo.org\/index.php?rest_route=%2Fwp%2Fv2%2Ftags&post=19907"}],"curies":[{"name":"wp","href":"https:\/\/api.w.org\/{rel}","templated":true}]}}