{"id":1988,"date":"2025-06-29T18:40:22","date_gmt":"2025-06-29T16:40:22","guid":{"rendered":"https:\/\/veritasinfo.org\/?p=1988"},"modified":"2025-06-29T18:46:31","modified_gmt":"2025-06-29T16:46:31","slug":"te-akuzuarit-per-sulmin-ne-banjske-shfaqen-ne-beograd-ruajne-presidencen-serbe-gjate-protestes-masive","status":"publish","type":"post","link":"https:\/\/veritasinfo.org\/?p=1988","title":{"rendered":"T\u00eb akuzuarit p\u00ebr sulmin n\u00eb Banjsk\u00eb shfaqen n\u00eb Beograd, ruajn\u00eb presidenc\u00ebn serbe gjat\u00eb protest\u00ebs masive"},"content":{"rendered":"<p>Beograd, 29 Qershor 2025<\/p>\n<p><strong>Nj\u00eb protest\u00eb masive \u00ebsht\u00eb mbajtur dje n\u00eb Beograd, ku sipas t\u00eb dh\u00ebnave preliminare t\u00eb Arkivit t\u00eb Tubimeve Publike, jan\u00eb mbledhur 140.000 persona.<\/strong><\/p>\n<p>Ministria e Brendshme serbe i ka minimizuar ato duke th\u00ebn\u00eb se n\u00eb protest\u00eb kan\u00eb marr\u00eb pjes\u00eb 36.000 persona, raporton Express.<\/p>\n<p>Presidenti i Serbis\u00eb, Aleksandar Vu\u00e7iq i ka akuzuar t\u00eb diel\u00ebn student\u00ebt protestues se kan\u00eb b\u00ebr\u00eb \u201cthirrje t\u00eb drejtp\u00ebrdrejt\u00eb p\u00ebr konflikt civil dhe sulme ndaj policis\u00eb\u201d, si referenc\u00eb p\u00ebr zhvillimet n\u00eb fund t\u00eb nj\u00eb proteste t\u00eb mbajtur n\u00eb sheshin Sllavija t\u00eb Beogradit m\u00eb 28 qershor.<\/p>\n<div class=\"des-adv jashtshteti\">\n<p>&nbsp;<\/p>\n<div id=\"beacon_3039a504a4\"><img decoding=\"async\" src=\"https:\/\/insajderi.org\/ads\/www\/delivery\/lg.php?bannerid=0&amp;campaignid=0&amp;zoneid=2&amp;loc=https%3A%2F%2Finsajderi.org%2Fte-akuzuarit-per-sulmin-ne-banjske-shfaqen-ne-beograd-ruajne-presidencen-serbe-gjate-protestes-masive%2F%3Ffbclid%3DIwQ0xDSwLOQgRleHRuA2FlbQIxMQABHk1lfZSRXDmTB6z6UGbfHMEQob1zm_LlvbBPdOPoK2LOtsJqXCD0O9V1tQRj_aem_n9gYNAPyBsnkf2XvVh-Ceg&amp;cb=3039a504a4\" alt=\"\" width=\"0\" height=\"0\" \/><\/div>\n<p>&nbsp;<\/p>\n<\/div>\n<p>N\u00eb nj\u00eb konferenc\u00eb t\u00eb p\u00ebrbashk\u00ebt me ministrin e Brendsh\u00ebm serb, Ivica Da\u00e7iq, ai ka k\u00ebrkuar nga zyrat kompetente t\u00eb prokuroris\u00eb q\u00eb \u201ct\u00eb b\u00ebjn\u00eb pun\u00ebn e tyre\u201d dhe \u201ct\u00eb mos sillen si t\u00eb paaft\u00eb dhe naiv\u00eb.<\/p>\n<p>Por, Vu\u00e7iq si duket p\u00ebrve\u00e7 organeve shtet\u00ebrore \u00ebsht\u00eb kujdesur edhe p\u00ebr \u201csigurim\u201d tjet\u00ebr.<\/p>\n<p>P\u00ebr ta siguruar Presidenc\u00ebn e Serbis\u00eb jan\u00eb angazhuar edhe persona t\u00eb angazhuar n\u00eb sulmin e 24 shtatorit n\u00eb Banjsk\u00eb.<br \/>\nSipas fotografive t\u00eb siguruara p\u00ebr t\u2019i ofruar siguri Vu\u00e7iqit jan\u00eb angazhuar Milorad Jevtic, me nofk\u00ebn \u201cMicko, Zarko Cvetkovic ( q\u00eb shihet me radio-lidhje), Vladimir Vucetic dhe Vukasin Jaredic, vella i Ugljesa Jaredic.<\/p>\n<p>Milorad Jevtic (Micko) \u00ebsht\u00eb \u201dan\u00ebtar i organizates terroriste \u201cMbrojtja Civile\u201d dhe pjes\u00ebmarr\u00ebs n\u00eb sulmin terrorist n\u00eb fshatin Banjsk\u00eb t\u00eb Zve\u00e7anit.<\/p>\n<p>Let\u00ebrnjoftimi i tij \u00ebsht\u00eb sekuestruar nga Policia e Kosov\u00ebs dhe nj\u00eb automjet i p\u00ebrdorur gjat\u00eb sulmit terrorist, ka qen\u00eb i regjistruar ne emer t\u00eb tij.<\/p>\n<p>N\u00eb fotografi ai shihet i kamufluar si punonj\u00ebs i \u201cKryqit t\u00eb kuq\u201d.<br \/>\nZarko Cvetkovic ka qen\u00eb shum\u00eb i af\u00ebrt i Milun Milenkovic \u201cLune\u201d. Ai \u00ebsht\u00eb po ashtu an\u00ebtar i organizat\u00ebs terroriste \u201cMbrojtja Civile\u201d dhe pjes\u00ebmarr\u00ebs n\u00eb sulmin terrorist n\u00eb fshatin Banjsk\u00eb. N\u00eb muajin qershor 2024, kur Policia e Kosov\u00ebs kishte sekuestruar nj\u00eb sasi armatimi n\u00eb veri t\u00eb Mitrovices, z\u00ebvend\u00ebsdrejtori i Policis\u00eb n\u00eb rajonin e Veriut, Veton Elshani, gjat\u00eb nj\u00eb konference p\u00ebr media e ka p\u00ebrmendur si t\u00eb dyshuar Zarko Cvetkovicin. Ai po ashtu shihet n\u00eb fotografi i kamufluar me uniform\u00eb t\u00eb nj\u00ebsive t\u00eb k\u00ebrkim-shp\u00ebtimit.<\/p>\n<p>Vladimir Vucetic dhe Vukasin Jaredic (v\u00ebllai i Ugljesa Jaredic), po ashtu kan\u00eb qen\u00eb t\u00eb perfshir\u00eb n\u00eb rastin Banjska.<\/p>\n<p>Prania e tyre aty, \u00ebsht\u00eb identifikuar nga aktivist\u00eb t\u00eb shoq\u00ebris\u00eb civil\u00eb serbe dhe politikan\u00eb opozitar\u00eb serb\u00eb, t\u00eb cil\u00ebt kan\u00eb shkruar se pjes\u00ebmarr\u00ebsit e sulmit n\u00eb Banjsk\u00eb jan\u00eb shnd\u00ebrruar n\u00eb mbrojtje personale t\u00eb presidentit serb Vu\u00e7iq.<\/p>\n<p>Kujtojm\u00eb se t\u00eb gjith\u00eb k\u00ebta jan\u00eb pjes\u00eb e organizat\u00eb terroriste \u201cMrojtja Civile\u201d dhe jan\u00eb t\u00eb p\u00ebrfshir\u00eb n\u00eb aktakuz\u00ebn e Prokuroris\u00eb Speciale t\u00eb Republik\u00ebs s\u00eb Kosov\u00ebs.<\/p>\n","protected":false},"excerpt":{"rendered":"<p>Beograd, 29 Qershor 2025 Nj\u00eb protest\u00eb masive \u00ebsht\u00eb mbajtur dje n\u00eb Beograd, ku sipas t\u00eb dh\u00ebnave preliminare t\u00eb Arkivit t\u00eb Tubimeve Publike, jan\u00eb mbledhur 140.000<\/p>\n","protected":false},"author":1,"featured_media":1989,"comment_status":"open","ping_status":"open","sticky":false,"template":"","format":"standard","meta":{"footnotes":""},"categories":[58],"tags":[],"class_list":["post-1988","post","type-post","status-publish","format-standard","has-post-thumbnail","hentry","category-politike-sq"],"yoast_head":"<!-- This site is optimized with the Yoast SEO plugin v25.3.1 - https:\/\/yoast.com\/wordpress\/plugins\/seo\/ -->\n<title>T\u00eb akuzuarit p\u00ebr sulmin n\u00eb Banjsk\u00eb shfaqen n\u00eb Beograd, ruajn\u00eb presidenc\u00ebn serbe gjat\u00eb protest\u00ebs masive -<\/title>\n<meta name=\"robots\" content=\"index, follow, max-snippet:-1, max-image-preview:large, max-video-preview:-1\" \/>\n<link rel=\"canonical\" href=\"https:\/\/veritasinfo.org\/?p=1988\" \/>\n<meta property=\"og:locale\" content=\"en_US\" \/>\n<meta property=\"og:type\" content=\"article\" \/>\n<meta property=\"og:title\" content=\"T\u00eb akuzuarit p\u00ebr sulmin n\u00eb Banjsk\u00eb shfaqen n\u00eb Beograd, ruajn\u00eb presidenc\u00ebn serbe gjat\u00eb protest\u00ebs masive -\" \/>\n<meta property=\"og:description\" content=\"Beograd, 29 Qershor 2025 Nj\u00eb protest\u00eb masive \u00ebsht\u00eb mbajtur dje n\u00eb Beograd, ku sipas t\u00eb dh\u00ebnave preliminare t\u00eb Arkivit t\u00eb Tubimeve Publike, jan\u00eb mbledhur 140.000\" \/>\n<meta property=\"og:url\" content=\"https:\/\/veritasinfo.org\/?p=1988\" \/>\n<meta property=\"article:published_time\" content=\"2025-06-29T16:40:22+00:00\" \/>\n<meta property=\"article:modified_time\" content=\"2025-06-29T16:46:31+00:00\" \/>\n<meta property=\"og:image\" content=\"https:\/\/veritasinfo.org\/wp-content\/uploads\/2025\/06\/IMG_1611.webp\" \/>\n\t<meta property=\"og:image:width\" content=\"1036\" \/>\n\t<meta property=\"og:image:height\" content=\"786\" \/>\n\t<meta property=\"og:image:type\" content=\"image\/webp\" \/>\n<meta name=\"author\" content=\"admin\" \/>\n<meta name=\"twitter:card\" content=\"summary_large_image\" \/>\n<meta name=\"twitter:label1\" content=\"Written by\" \/>\n\t<meta name=\"twitter:data1\" content=\"admin\" \/>\n\t<meta name=\"twitter:label2\" content=\"Est. reading time\" \/>\n\t<meta name=\"twitter:data2\" content=\"3 minutes\" \/>\n<script type=\"application\/ld+json\" class=\"yoast-schema-graph\">{\"@context\":\"https:\/\/schema.org\",\"@graph\":[{\"@type\":\"WebPage\",\"@id\":\"https:\/\/veritasinfo.org\/?p=1988\",\"url\":\"https:\/\/veritasinfo.org\/?p=1988\",\"name\":\"T\u00eb akuzuarit p\u00ebr sulmin n\u00eb Banjsk\u00eb shfaqen n\u00eb Beograd, ruajn\u00eb presidenc\u00ebn serbe gjat\u00eb protest\u00ebs masive -\",\"isPartOf\":{\"@id\":\"https:\/\/veritasinfo.org\/#website\"},\"primaryImageOfPage\":{\"@id\":\"https:\/\/veritasinfo.org\/?p=1988#primaryimage\"},\"image\":{\"@id\":\"https:\/\/veritasinfo.org\/?p=1988#primaryimage\"},\"thumbnailUrl\":\"https:\/\/veritasinfo.org\/wp-content\/uploads\/2025\/06\/IMG_1611.webp\",\"datePublished\":\"2025-06-29T16:40:22+00:00\",\"dateModified\":\"2025-06-29T16:46:31+00:00\",\"author\":{\"@id\":\"https:\/\/veritasinfo.org\/#\/schema\/person\/7701f8c088bece422266b100a712374f\"},\"breadcrumb\":{\"@id\":\"https:\/\/veritasinfo.org\/?p=1988#breadcrumb\"},\"inLanguage\":\"en-US\",\"potentialAction\":[{\"@type\":\"ReadAction\",\"target\":[\"https:\/\/veritasinfo.org\/?p=1988\"]}]},{\"@type\":\"ImageObject\",\"inLanguage\":\"en-US\",\"@id\":\"https:\/\/veritasinfo.org\/?p=1988#primaryimage\",\"url\":\"https:\/\/veritasinfo.org\/wp-content\/uploads\/2025\/06\/IMG_1611.webp\",\"contentUrl\":\"https:\/\/veritasinfo.org\/wp-content\/uploads\/2025\/06\/IMG_1611.webp\",\"width\":1036,\"height\":786},{\"@type\":\"BreadcrumbList\",\"@id\":\"https:\/\/veritasinfo.org\/?p=1988#breadcrumb\",\"itemListElement\":[{\"@type\":\"ListItem\",\"position\":1,\"name\":\"Home\",\"item\":\"https:\/\/veritasinfo.org\/\"},{\"@type\":\"ListItem\",\"position\":2,\"name\":\"T\u00eb akuzuarit p\u00ebr sulmin n\u00eb Banjsk\u00eb shfaqen n\u00eb Beograd, ruajn\u00eb presidenc\u00ebn serbe gjat\u00eb protest\u00ebs masive\"}]},{\"@type\":\"WebSite\",\"@id\":\"https:\/\/veritasinfo.org\/#website\",\"url\":\"https:\/\/veritasinfo.org\/\",\"name\":\"\",\"description\":\"\",\"potentialAction\":[{\"@type\":\"SearchAction\",\"target\":{\"@type\":\"EntryPoint\",\"urlTemplate\":\"https:\/\/veritasinfo.org\/?s={search_term_string}\"},\"query-input\":{\"@type\":\"PropertyValueSpecification\",\"valueRequired\":true,\"valueName\":\"search_term_string\"}}],\"inLanguage\":\"en-US\"},{\"@type\":\"Person\",\"@id\":\"https:\/\/veritasinfo.org\/#\/schema\/person\/7701f8c088bece422266b100a712374f\",\"name\":\"admin\",\"image\":{\"@type\":\"ImageObject\",\"inLanguage\":\"en-US\",\"@id\":\"https:\/\/veritasinfo.org\/#\/schema\/person\/image\/\",\"url\":\"https:\/\/secure.gravatar.com\/avatar\/ea53aa3bf6c9a12d5fde8ce4deff43fef3885ae33cf60184161a50d6987cfd2f?s=96&d=mm&r=g\",\"contentUrl\":\"https:\/\/secure.gravatar.com\/avatar\/ea53aa3bf6c9a12d5fde8ce4deff43fef3885ae33cf60184161a50d6987cfd2f?s=96&d=mm&r=g\",\"caption\":\"admin\"},\"sameAs\":[\"https:\/\/veritasinfo.org\"],\"url\":\"https:\/\/veritasinfo.org\/?author=1\"}]}<\/script>\n<!-- \/ Yoast SEO plugin. -->","yoast_head_json":{"title":"T\u00eb akuzuarit p\u00ebr sulmin n\u00eb Banjsk\u00eb shfaqen n\u00eb Beograd, ruajn\u00eb presidenc\u00ebn serbe gjat\u00eb protest\u00ebs masive -","robots":{"index":"index","follow":"follow","max-snippet":"max-snippet:-1","max-image-preview":"max-image-preview:large","max-video-preview":"max-video-preview:-1"},"canonical":"https:\/\/veritasinfo.org\/?p=1988","og_locale":"en_US","og_type":"article","og_title":"T\u00eb akuzuarit p\u00ebr sulmin n\u00eb Banjsk\u00eb shfaqen n\u00eb Beograd, ruajn\u00eb presidenc\u00ebn serbe gjat\u00eb protest\u00ebs masive -","og_description":"Beograd, 29 Qershor 2025 Nj\u00eb protest\u00eb masive \u00ebsht\u00eb mbajtur dje n\u00eb Beograd, ku sipas t\u00eb dh\u00ebnave preliminare t\u00eb Arkivit t\u00eb Tubimeve Publike, jan\u00eb mbledhur 140.000","og_url":"https:\/\/veritasinfo.org\/?p=1988","article_published_time":"2025-06-29T16:40:22+00:00","article_modified_time":"2025-06-29T16:46:31+00:00","og_image":[{"width":1036,"height":786,"url":"https:\/\/veritasinfo.org\/wp-content\/uploads\/2025\/06\/IMG_1611.webp","type":"image\/webp"}],"author":"admin","twitter_card":"summary_large_image","twitter_misc":{"Written by":"admin","Est. reading time":"3 minutes"},"schema":{"@context":"https:\/\/schema.org","@graph":[{"@type":"WebPage","@id":"https:\/\/veritasinfo.org\/?p=1988","url":"https:\/\/veritasinfo.org\/?p=1988","name":"T\u00eb akuzuarit p\u00ebr sulmin n\u00eb Banjsk\u00eb shfaqen n\u00eb Beograd, ruajn\u00eb presidenc\u00ebn serbe gjat\u00eb protest\u00ebs masive -","isPartOf":{"@id":"https:\/\/veritasinfo.org\/#website"},"primaryImageOfPage":{"@id":"https:\/\/veritasinfo.org\/?p=1988#primaryimage"},"image":{"@id":"https:\/\/veritasinfo.org\/?p=1988#primaryimage"},"thumbnailUrl":"https:\/\/veritasinfo.org\/wp-content\/uploads\/2025\/06\/IMG_1611.webp","datePublished":"2025-06-29T16:40:22+00:00","dateModified":"2025-06-29T16:46:31+00:00","author":{"@id":"https:\/\/veritasinfo.org\/#\/schema\/person\/7701f8c088bece422266b100a712374f"},"breadcrumb":{"@id":"https:\/\/veritasinfo.org\/?p=1988#breadcrumb"},"inLanguage":"en-US","potentialAction":[{"@type":"ReadAction","target":["https:\/\/veritasinfo.org\/?p=1988"]}]},{"@type":"ImageObject","inLanguage":"en-US","@id":"https:\/\/veritasinfo.org\/?p=1988#primaryimage","url":"https:\/\/veritasinfo.org\/wp-content\/uploads\/2025\/06\/IMG_1611.webp","contentUrl":"https:\/\/veritasinfo.org\/wp-content\/uploads\/2025\/06\/IMG_1611.webp","width":1036,"height":786},{"@type":"BreadcrumbList","@id":"https:\/\/veritasinfo.org\/?p=1988#breadcrumb","itemListElement":[{"@type":"ListItem","position":1,"name":"Home","item":"https:\/\/veritasinfo.org\/"},{"@type":"ListItem","position":2,"name":"T\u00eb akuzuarit p\u00ebr sulmin n\u00eb Banjsk\u00eb shfaqen n\u00eb Beograd, ruajn\u00eb presidenc\u00ebn serbe gjat\u00eb protest\u00ebs masive"}]},{"@type":"WebSite","@id":"https:\/\/veritasinfo.org\/#website","url":"https:\/\/veritasinfo.org\/","name":"","description":"","potentialAction":[{"@type":"SearchAction","target":{"@type":"EntryPoint","urlTemplate":"https:\/\/veritasinfo.org\/?s={search_term_string}"},"query-input":{"@type":"PropertyValueSpecification","valueRequired":true,"valueName":"search_term_string"}}],"inLanguage":"en-US"},{"@type":"Person","@id":"https:\/\/veritasinfo.org\/#\/schema\/person\/7701f8c088bece422266b100a712374f","name":"admin","image":{"@type":"ImageObject","inLanguage":"en-US","@id":"https:\/\/veritasinfo.org\/#\/schema\/person\/image\/","url":"https:\/\/secure.gravatar.com\/avatar\/ea53aa3bf6c9a12d5fde8ce4deff43fef3885ae33cf60184161a50d6987cfd2f?s=96&d=mm&r=g","contentUrl":"https:\/\/secure.gravatar.com\/avatar\/ea53aa3bf6c9a12d5fde8ce4deff43fef3885ae33cf60184161a50d6987cfd2f?s=96&d=mm&r=g","caption":"admin"},"sameAs":["https:\/\/veritasinfo.org"],"url":"https:\/\/veritasinfo.org\/?author=1"}]}},"featured_image_urls":{"full":["https:\/\/veritasinfo.org\/wp-content\/uploads\/2025\/06\/IMG_1611.webp",1036,786,false],"thumbnail":["https:\/\/veritasinfo.org\/wp-content\/uploads\/2025\/06\/IMG_1611-150x150.webp",150,150,true],"medium":["https:\/\/veritasinfo.org\/wp-content\/uploads\/2025\/06\/IMG_1611-300x228.webp",300,228,true],"medium_large":["https:\/\/veritasinfo.org\/wp-content\/uploads\/2025\/06\/IMG_1611-768x583.webp",640,486,true],"large":["https:\/\/veritasinfo.org\/wp-content\/uploads\/2025\/06\/IMG_1611-1024x777.webp",640,486,true],"1536x1536":["https:\/\/veritasinfo.org\/wp-content\/uploads\/2025\/06\/IMG_1611.webp",1036,786,false],"2048x2048":["https:\/\/veritasinfo.org\/wp-content\/uploads\/2025\/06\/IMG_1611.webp",1036,786,false],"kreeti-slider-full":["https:\/\/veritasinfo.org\/wp-content\/uploads\/2025\/06\/IMG_1611.webp",949,720,false],"kreeti-featured":["https:\/\/veritasinfo.org\/wp-content\/uploads\/2025\/06\/IMG_1611.webp",1024,777,false],"kreeti-medium":["https:\/\/veritasinfo.org\/wp-content\/uploads\/2025\/06\/IMG_1611.webp",699,530,false],"kreeti-medium-square":["https:\/\/veritasinfo.org\/wp-content\/uploads\/2025\/06\/IMG_1611.webp",350,266,false]},"author_info":{"info":["admin"]},"category_info":"<a href=\"https:\/\/veritasinfo.org\/?cat=58\" rel=\"category\">Politik\u00eb<\/a>","tag_info":"Politik\u00eb","comment_count":"0","_links":{"self":[{"href":"https:\/\/veritasinfo.org\/index.php?rest_route=\/wp\/v2\/posts\/1988","targetHints":{"allow":["GET"]}}],"collection":[{"href":"https:\/\/veritasinfo.org\/index.php?rest_route=\/wp\/v2\/posts"}],"about":[{"href":"https:\/\/veritasinfo.org\/index.php?rest_route=\/wp\/v2\/types\/post"}],"author":[{"embeddable":true,"href":"https:\/\/veritasinfo.org\/index.php?rest_route=\/wp\/v2\/users\/1"}],"replies":[{"embeddable":true,"href":"https:\/\/veritasinfo.org\/index.php?rest_route=%2Fwp%2Fv2%2Fcomments&post=1988"}],"version-history":[{"count":2,"href":"https:\/\/veritasinfo.org\/index.php?rest_route=\/wp\/v2\/posts\/1988\/revisions"}],"predecessor-version":[{"id":1993,"href":"https:\/\/veritasinfo.org\/index.php?rest_route=\/wp\/v2\/posts\/1988\/revisions\/1993"}],"wp:featuredmedia":[{"embeddable":true,"href":"https:\/\/veritasinfo.org\/index.php?rest_route=\/wp\/v2\/media\/1989"}],"wp:attachment":[{"href":"https:\/\/veritasinfo.org\/index.php?rest_route=%2Fwp%2Fv2%2Fmedia&parent=1988"}],"wp:term":[{"taxonomy":"category","embeddable":true,"href":"https:\/\/veritasinfo.org\/index.php?rest_route=%2Fwp%2Fv2%2Fcategories&post=1988"},{"taxonomy":"post_tag","embeddable":true,"href":"https:\/\/veritasinfo.org\/index.php?rest_route=%2Fwp%2Fv2%2Ftags&post=1988"}],"curies":[{"name":"wp","href":"https:\/\/api.w.org\/{rel}","templated":true}]}}