{"id":19765,"date":"2025-11-10T18:34:11","date_gmt":"2025-11-10T17:34:11","guid":{"rendered":"https:\/\/veritasinfo.org\/?p=19765"},"modified":"2025-11-10T18:40:03","modified_gmt":"2025-11-10T17:40:03","slug":"zgjedhjet-ne-kllokot-nen-polemika-kandidati-shqiptar-kerkon-hetim-per-lidhje-me-strukturat-paralele-serbe","status":"publish","type":"post","link":"https:\/\/veritasinfo.org\/?p=19765","title":{"rendered":"Zgjedhjet n\u00eb Kllokot n\u00ebn polemika \u2013 kandidati shqiptar k\u00ebrkon hetim p\u00ebr lidhje me strukturat paralele serbe"},"content":{"rendered":"<p>Kllokot, 10 n\u00ebntor 2025 18:34<\/p>\n<p>Kandidati i pavarur p\u00ebr kryetar t\u00eb Komun\u00ebs s\u00eb Kllokotit, Arb\u00ebr Emini, ka paraqitur ankes\u00eb n\u00eb Panelin p\u00ebr Ankesa dhe Parashtresa (PZAP), duke pretenduar se lejimi i pjes\u00ebmarrjes s\u00eb kandidatit Sre\u00e7ko Spasiq n\u00eb zgjedhjet lokale n\u00eb k\u00ebt\u00eb komun\u00eb \u00ebsht\u00eb b\u00ebr\u00eb n\u00eb kund\u00ebrshtim me ligjin, pasi \u2013 sipas tij \u2013 Spasiq nuk i ka plot\u00ebsuar kushtet ligjore p\u00ebr kandidim.<\/p>\n<p>Sipas Eminit, me k\u00ebt\u00eb veprim \u00ebsht\u00eb cenuar integriteti kushtetues, ligjshm\u00ebria dhe procesi zgjedhor n\u00eb t\u00ebr\u00ebsi.<\/p>\n<p>\u201cKjo ankes\u00eb paraqitet me q\u00ebllim t\u00eb mbrojtjes s\u00eb sovranitetit dhe demokracis\u00eb s\u00eb Republik\u00ebs s\u00eb Kosov\u00ebs nga veprimet e kund\u00ebrligjshme t\u00eb dy kandidat\u00ebve p\u00ebr kryetar komune gjat\u00eb raundit t\u00eb dyt\u00eb t\u00eb zgjedhjeve n\u00eb Komun\u00ebn e Kllokotit, t\u00eb cil\u00ebt minojn\u00eb \u00e7do parim kushtetues mbi t\u00eb cilin \u00ebsht\u00eb nd\u00ebrtuar Kushtetuta e Republik\u00ebs s\u00eb Kosov\u00ebs, si pasoj\u00eb e shkeljes s\u00eb neneve 1, 2 dhe 4 t\u00eb saj\u201d, thuhet n\u00eb ankes\u00ebn e Eminit drejtuar PZAP-s\u00eb.<\/p>\n<p>Ai thekson se pas p\u00ebrfundimit t\u00eb raundit t\u00eb par\u00eb t\u00eb zgjedhjeve, kan\u00eb ndodhur zhvillime q\u00eb, sipas tij, e kan\u00eb deformuar t\u00ebr\u00ebsisht procesin demokratik dhe kan\u00eb cenuar ligjshm\u00ebrin\u00eb e raundit t\u00eb dyt\u00eb.<\/p>\n<p>N\u00eb k\u00ebt\u00eb kuad\u00ebr, Emini pretendon se n\u00eb m\u00ebnyr\u00eb t\u00eb koordinuar dhe t\u00eb paracaktuar, Sre\u00e7ko Spasiq ka njoftuar publikisht se i bashkohet List\u00ebs Serbe \u2013 partis\u00eb dominuese t\u00eb komunitetit serb n\u00eb Kosov\u00eb, e cila g\u00ebzon mb\u00ebshtetje t\u00eb plot\u00eb politike dhe financiare nga Beogradi.<\/p>\n<p>\u201cN\u00eb njoftimin zyrtar t\u00eb publikuar nga Lista Serbe theksohet se Spasiq, s\u00eb bashku me t\u00eb gjith\u00eb an\u00ebtar\u00ebt dhe k\u00ebshilltar\u00ebt e subjektit t\u00eb tij, \u2018besojn\u00eb pa rezerva n\u00eb presidentin e Serbis\u00eb, Aleksandar Vu\u00e7iq\u2019. Kjo konfirmon bashkimin e dy subjekteve politike q\u00eb, n\u00eb k\u00ebt\u00eb faz\u00eb t\u00eb procesit zgjedhor, ligj\u00ebrisht nuk mund t\u00eb bashkohen, duke krijuar nj\u00eb koalicion t\u00eb ndaluar dhe duke e l\u00ebn\u00eb votuesin pa alternativ\u00eb reale,\u201d thuhet n\u00eb ankes\u00eb.<\/p>\n<p>Kandidati i pavarur shqiptar, i cili garoi p\u00ebr postin e kryetarit t\u00eb Kllokotit, shton se menj\u00ebher\u00eb pas k\u00ebtij bashkimi politik, Serbia e ka em\u00ebruar Sre\u00e7ko Spasiqin si \u201cpresident t\u00eb Organit t\u00eb P\u00ebrkohsh\u00ebm t\u00eb Komun\u00ebs s\u00eb Vitis\u00eb\u201d \u2013 struktur\u00eb paralele ilegale q\u00eb vepron n\u00eb territorin e Republik\u00ebs s\u00eb Kosov\u00ebs jasht\u00eb rendit kushtetues t\u00eb vendit. Sipas tij, ky em\u00ebrim \u00ebsht\u00eb i dokumentuar n\u00eb aktet zyrtare t\u00eb Qeveris\u00eb s\u00eb Serbis\u00eb.<\/p>\n<p>\u201c\u00cbsht\u00eb e qart\u00eb se kandidimi i nj\u00eb personi q\u00eb nj\u00ebkoh\u00ebsisht mban pozit\u00eb si \u2018kryetar\u2019 n\u00eb strukturat paralele serbe, p\u00ebrb\u00ebn shkelje t\u00eb r\u00ebnd\u00eb t\u00eb sovranitetit t\u00eb Republik\u00ebs s\u00eb Kosov\u00ebs. Edhe pse legjislacioni zgjedhor nuk e p\u00ebrmend shprehimisht k\u00ebt\u00eb situat\u00eb, disa dispozita dhe parime relevante ofrojn\u00eb baz\u00eb p\u00ebr veprim. Kushtetuta e Kosov\u00ebs p\u00ebrcakton se askush nuk mund t\u00eb ushtroj\u00eb funksione publike q\u00eb nuk burojn\u00eb nga Kushtetuta ose ligji, prandaj strukturat paralele nuk kan\u00eb baz\u00eb legjitime n\u00eb Kosov\u00eb,\u201d ka deklaruar Emini p\u00ebr Veritas.info.<\/p>\n<p>Ankesa e kandidatit t\u00eb pavarur p\u00ebr kryetar t\u00eb Komun\u00ebs s\u00eb Kllokotit, Arb\u00ebr Emini<\/p>\n<p>DREJTUAR: Panelit Zgjedhor p\u00ebr Ankesa dhe Parashtresa; PZAP<\/p>\n<p>PARASHTRUES: Arb\u00ebr Emini, kandidat i pavarur p\u00ebr Kryetar t\u00eb Komun\u00ebs s\u00eb Kllokotit p\u00ebr Zgjedhjet Lokale 2025;<\/p>\n<p>OBJEKTI: Konstatimi i shkeljes s\u00eb Kushtetut\u00ebs s\u00eb Republik\u00ebs s\u00eb Kosov\u00ebs dhe i legjislacionit zgjedhor gjat\u00eb procesit t\u00eb votimit t\u00eb raundit t\u00eb dyt\u00eb t\u00eb zgjedhjeve lokale p\u00ebr Kryetar Komune n\u00eb Kllokot, konkretisht p\u00ebr shkak t\u00eb lejimit dhe<\/p>\n<p>pjes\u00ebmarrjes s\u00eb kandidatit z. Srecko Spasic, si person i cili nuk plot\u00ebsonte kushtet ligjore p\u00ebr kandidim, gj\u00eb q\u00eb ka cenuar integritetin kushtetues, ligjshm\u00ebrin\u00eb dhe rregullsin\u00eb e procesit zgjedhor n\u00eb Komun\u00ebn Kllokot;BAZA LIGJORE: Ligji Nr. 08\/L-228 p\u00ebr Zgjedhjet e P\u00ebrgjithshme n\u00eb Republik\u00ebn e Kosov\u00ebs, neni<\/p>\n<ol>\n<li>Hyrje:<\/li>\n<li>Kjo ankes\u00eb paraqitet me q\u00ebllim t\u00eb mbrojtjes s\u00eb sovranitetit dhe demokracis\u00eb s\u00eb Republik\u00ebs s\u00eb Kosov\u00ebs, nga veprimet e kund\u00ebrligjshme t\u00eb dy kandidat\u00ebve p\u00ebr kryetar komune gjat\u00eb raundit t\u00eb dyt\u00eb t\u00eb Komun\u00ebn e Kllokotit, t\u00eb cil\u00ebt minojn\u00eb secilin parim kushtetues mbi t\u00eb cil\u00ebn \u00ebsht\u00eb nd\u00ebrtuar Kushtetuta e Republik\u00ebs s\u00eb Kosov\u00ebs, si pasoj\u00eb e shkeljes s\u00eb nenit 1, 2 dhe 4 t\u00eb Kushtetut\u00ebs s\u00eb Republik\u00ebs s\u00eb Kosov\u00ebs, p\u00ebr arsyet q\u00eb do t\u2019i shtjellojm\u00eb n\u00eb vijim.<\/li>\n<li>Rrethanat faktike t\u00eb zgjedhjeve n\u00eb Kllokot:<\/li>\n<li>Republika e Kosov\u00ebs \u00ebsht\u00eb shtet laik, demokratik dhe sovran, ku ushtrimi i pushtetit buron drejtp\u00ebrdrejt nga populli dhe materializohet p\u00ebrmes p\u00ebrfaq\u00ebsuesve t\u00eb zgjedhur n\u00eb m\u00ebnyr\u00eb t\u00eb lir\u00eb dhe t\u00eb ndershme. \u00c7do devijim nga ky parim cenon p\u00ebrkufizimin e vet\u00eb shtetit,sovranitetin dhe rendin kushtetues t\u00eb Republik\u00ebs s\u00eb Kosov\u00ebs. Pik\u00ebrisht k\u00ebto tri shtylla, p\u00ebrkufizimi i shtetit, sovraniteti dhe rendi kushtetues, jan\u00eb cenuar n\u00eb m\u00ebnyr\u00eb serioze n\u00eb procesin zgjedhor t\u00eb Komun\u00ebs s\u00eb Kllokotit, si\u00e7 parashtruar m\u00eb posht\u00eb.<\/li>\n<li>N\u00eb baz\u00eb t\u00eb vendimit nr. 22\/2025 t\u00eb Presidentes s\u00eb Republik\u00ebs s\u00eb Kosov\u00ebs, jan\u00eb shpallur<\/li>\n<\/ol>\n<p>zgjedhjet lokale n\u00eb t\u00eb gjitha komunat e vendit, p\u00ebrfshir\u00eb edhe Komun\u00ebn e Kllokotit. Komisioni Qendror i Zgjedhjeve (k\u00ebtu e tutje \u201cKQZ\u201d) certifikoi kat\u00ebr kandidat\u00eb p\u00ebr kryetar komune n\u00eb k\u00ebt\u00eb komun\u00eb: 1) Arb\u00ebr Emini \u2013 kandidat i pavarur; 2) Goran Marinkoviq \u2013Kosovski Savez; 3) Sre\u00e7ko Spasiq \u2013 Srpska Narodna Sloga; 4) Bozhidar Dejanoviq \u2013 Srpska Lista. Zgjedhjet e dat\u00ebs 12 tetor rezultuan me k\u00ebto p\u00ebrqindje votash: 1) Bozhidar Dejanoviq: 41.38%; 2) Sre\u00e7ko Spasiq: 31.23%; 3) Arb\u00ebr Emini: 24.00%.<\/p>\n<ol start=\"4\">\n<li>Meqen\u00ebse asnj\u00eb kandidat nuk e kaloi pragun prej 50% + 1 vot\u00eb, sipas Ligjit p\u00ebr Zgjedhjet Lokale u shkuan drejt raundit t\u00eb dyt\u00eb me dy kandidat\u00ebt m\u00eb t\u00eb votuar: Bozhidar Dejanoviq dhe Sre\u00e7ko Spasiq.<\/li>\n<li>Mir\u00ebpo, pas p\u00ebrfundimit t\u00eb raundit t\u00eb par\u00eb, ndodh\u00ebn zhvillime q\u00eb e kan\u00eb deformuar t\u00ebr\u00ebsisht procesin demokratik dhe kan\u00eb cenuar ligjshm\u00ebrin\u00eb e raundit t\u00eb dyt\u00eb. Konkretisht, n\u00eb m\u00ebnyr\u00eb t\u00eb koordinuar dhe t\u00eb paracaktuar, Sre\u0107ko Spasi\u0107 njoftoi publikisht se i bashkohej List\u00ebs Serbe, partis\u00eb dominuese t\u00eb serb\u00ebve n\u00eb Kosov\u00eb, e cila g\u00ebzon mb\u00ebshtetje t\u00eb plot\u00eb politike dhe financiare nga Beogradi. N\u00eb njoftimin zyrtar t\u00eb publikuar nga Lista Serbe, theksohet se Spasi\u0107, s\u00eb bashku me t\u00eb gjith\u00eb an\u00ebtar\u00ebt dhe k\u00ebshilltar\u00ebt e subjektit t\u00eb tij, \u201cbesojn\u00eb pa rezerva n\u00eb presidentin e Serbis\u00eb, Aleksandar Vu\u00e7iq.\u201d Kjo konfirmon bashkimin e dy subjekteve politike q\u00eb n\u00eb k\u00ebt\u00eb faz\u00eb t\u00eb procesit zgjedhor ligj\u00ebrisht nuk mund t\u00eb bashkohen, duke krijuar nj\u00eb koalicion t\u00eb ndaluar dhe duke e l\u00ebn\u00eb votuesin pa alternativ\u00eb reale.<\/li>\n<li>Menj\u00ebher\u00eb pas k\u00ebtij bashkimi politik, Qeveria e Serbis\u00eb e em\u00ebroi Sre\u0107ko Spasi\u0107 si \u201cpresident t\u00eb Organit t\u00eb P\u00ebrkohsh\u00ebm t\u00eb Komun\u00ebs s\u00eb Vitis\u00eb\u201d, struktur\u00eb paralele ilegale q\u00eb vepron n\u00eb territorin e Republik\u00ebs s\u00eb Kosov\u00ebs, jasht\u00eb rendit kushtetues t\u00eb vendit. Ky em\u00ebrim \u00ebsht\u00eb fakt i dokumentuar zyrtarisht n\u00eb aktet e Qeveris\u00eb s\u00eb Serbis\u00eb.<\/li>\n<\/ol>\n<p>III. Vendimet e Gjykat\u00ebs Kushtetuese t\u00eb cilat, argumentum a contario, mb\u00ebshtesin ankes\u00ebn aktuale dhe nd\u00ebrlidhja e tyre me rastin konkret:<\/p>\n<ol start=\"7\">\n<li>Kushtetuta e Republik\u00ebs s\u00eb Kosov\u00ebs e b\u00ebn\u00eb t\u00eb qart\u00eb se sovraniteti buron nga populli dhe ushtrohet n\u00ebp\u00ebrmjet p\u00ebrfaq\u00ebsuesve t\u00eb zgjedhur n\u00eb m\u00ebnyr\u00eb demokratike, nd\u00ebr forma t\u00eb tjera. Po ashtu, sovraniteti dhe integriteti territorial jan\u00eb t\u00eb pacenuesh\u00ebm e mbrohen me t\u00eb gjitha mjetet kushtetuese. Kjo n\u00ebnkupton se proceset zgjedhore duhet t\u00eb zhvillohen n\u00eb p\u00ebrputhje me kushtetut\u00ebn, duke ruajtur integritetin kushtetues t\u00eb Republik\u00ebs.<\/li>\n<li>N\u00eb praktik\u00eb, Gjykata Kushtetuese ka n\u00ebnvizuar se zgjedhjet e lira dhe konkurruese jan\u00eb themel i rendit demokratik kushtetues. P\u00ebr shembull, n\u00eb vendimin mbi zgjedhjen e Presidentit n\u00eb rastin KO 29\/11, Gjykata konstatoi se procedura ishte jokushtetuese pasi cenonte k\u00ebrkesat e Kushtetut\u00ebs dhe parimet demokratike t\u00eb mish\u00ebruara aty. Ndon\u00ebse n\u00eb rastin e presidentit k\u00ebt\u00eb e k\u00ebrkon shprehimisht Kushtetuta, por faktin se duhet ky kanditat p\u00ebr raundin e dyt\u00eb del fare qart\u00eb nga neni 9.5 i Ligjit p\u00ebr Nr. 03\/L-072 Zgjedhjet Lokale n\u00eb Republik\u00ebn e Kosov\u00ebs.<\/li>\n<li>Parimet kushtetuese t\u00eb demokracis\u00eb e b\u00ebjn\u00eb t\u00eb qart\u00eb se nj\u00eb kandidatur\u00eb \u201cfiktive\u201d cenon<\/li>\n<\/ol>\n<p>legjitimitetin e gar\u00ebs. Nj\u00eb kandidat q\u00eb deklarohet i t\u00ebrhequr publikisht, por vazhdon t\u00eb figuroj\u00eb n\u00eb flet\u00ebvotim, praktikisht i privon votuesit nga mund\u00ebsia e zgjedhjes reale. N\u00eb rastin Pacolli (2011), Gjykata Kushtetuese theksoi domosdoshm\u00ebrin\u00eb e konkurrenc\u00ebs s\u00eb v\u00ebrtet\u00eb midis m\u00eb shum\u00eb se nj\u00eb kandidati. Gjykata Kushtetuese shprehimisht konstatoi se nj\u00eb procedur\u00eb zgjedhore me vet\u00ebm nj\u00eb kandidat shkel parimet demokratike t\u00eb Kushtetut\u00ebs.<\/p>\n<ol start=\"10\">\n<li>N\u00eb analogji, n\u00eb raundin e dyt\u00eb t\u00eb zgjedhjeve lokale, prania de facto e vet\u00ebm nj\u00eb kandidati aktiv bie ndesh me parimin e gar\u00ebs s\u00eb lir\u00eb. Vlen t\u00eb theksohet se rregulloret zgjedhore p\u00ebrcaktojn\u00eb afate strikte p\u00ebr t\u00ebrheqjen formale t\u00eb kandidaturave. Z\u00ebdh\u00ebn\u00ebsi i KQZ, p\u00ebr mediumin Telegrafi, kishte sqaruar se afati i t\u00ebrheqjes ishte 02 shtatori 2025 dhe pas k\u00ebsaj date kandidati mbetet n\u00eb gar\u00eb pavar\u00ebsisht deklaratave. Kjo e b\u00ebn\u00eb t\u00eb qart\u00eb se ligji nuk e lejon t\u00ebrheqjen e vonuar t\u00eb kandidatit dhe si rrjedhoj\u00eb, kanditati nuk mund t\u00eb t\u00ebrhiqet joformalisht, ose, n\u00eb rastin konkret, meq\u00eb \u00ebsht\u00eb t\u00ebrhequr kund\u00ebrligjsh\u00eb,, duhet t\u00eb ket\u00eb pasoja.<\/li>\n<\/ol>\n<p>Neni 1 [P\u00ebrkufizimi i Shtetit]<\/p>\n<ol start=\"2\">\n<li>Republika e Kosov\u00ebs \u00ebsht\u00eb shtet i shtetasve t\u00eb vet. Republika e Kosov\u00ebs ushtron autoritetin e saj bazuar n\u00eb respektimin e t\u00eb drejtave dhe lirive t\u00eb qytetar\u00ebve t\u00eb vet dhe t\u00eb gjith\u00eb individ\u00ebve brenda kufijve t\u00eb saj.<\/li>\n<li>As Kushtetuta e as ligjet zgjedhore nuk parashikojn\u00eb mund\u00ebsin\u00eb e formimit t\u00eb<\/li>\n<\/ol>\n<p>koalicioneve t\u00eb reja pas p\u00ebrfundimit t\u00eb raundit t\u00eb par\u00eb. P\u00ebrkundrazi, Ligji p\u00ebr Zgjedhjet e P\u00ebrgjithshme p\u00ebrcakton qart\u00eb n\u00eb nenin 19.4 se nj\u00eb parti politike, pasi t\u00eb jet\u00eb certifikuar n\u00eb nj\u00eb koalicion zgjedhor, nuk mund t\u00eb garoj\u00eb nj\u00ebkoh\u00ebsisht jasht\u00eb atij koalicioni apo n\u00eb nj\u00eb koalicion tjet\u00ebr n\u00eb t\u00eb nj\u00ebjtat zgjedhje. Kjo dispozit\u00eb synon t\u00eb parandaloj\u00eb ndryshimin e aleancave pas hyrjes n\u00eb gar\u00eb, \u00e7ka do t\u00eb mashtronte votuesit dhe do t\u00eb prishte barazin\u00eb e gar\u00ebs.<\/p>\n<ol start=\"12\">\n<li>Bashkimi deklarativ i dy subjekteve politike midis dy raundeve, bie ndesh me frym\u00ebn e k\u00ebtyre rregullave. Nj\u00eb veprim i till\u00eb n\u00eb fakt p\u00ebrb\u00ebn koalicion t\u00eb kund\u00ebrligjsh\u00ebm. N\u00eb rastin konkret t\u00eb Kllokotit, bashkimi i kandidatit t\u00eb iniciativ\u00ebs \u201cSrpska Narodna Sloga\u201d me List\u00ebn Serbe pas raundit t\u00eb par\u00eb i la votuesit pa zgjedhje alternative, duke e b\u00ebr\u00eb balotazhin nj\u00eb formalitet byrokratik. Ky skenar cenon seriozisht parimin kushtetues t\u00eb gar\u00ebs s\u00eb drejt\u00eb dhe t\u00eb barabart\u00eb s\u00eb vot\u00ebs, si\u00e7 garantohet nga neni 45 i Kushtetut\u00ebs dhe deformon vullnetin e lir\u00eb t\u00eb zgjedh\u00ebsve.<\/li>\n<li>Parimi q\u00eb del nga Kushtetuta, konkretisht nga neni 4.7, \u00ebsht\u00eb se rendin kushtetues dhe sigurin\u00eb publike e garantojn\u00eb ekskluzivisht institucionet demokratike t\u00eb Republik\u00ebs s\u00eb Kosov\u00ebs. \u00c7do struktur\u00eb paralele e pabazuar n\u00eb Kushtetut\u00eb cenon k\u00ebt\u00eb rend kushtetues. Edhe pse nuk kemi nj\u00eb vendim specifik t\u00eb Gjykat\u00ebs Kushtetuese pik\u00ebrisht p\u00ebr kandidimin e nj\u00eb individi me funksion n\u00eb struktura paralele, vet\u00eb Kushtetuta dhe legjislacioni p\u00ebrkat\u00ebs e b\u00ebjn\u00eb t\u00eb qart\u00eb se funksionar\u00ebt paralel\u00eb nuk mund t\u00eb ushtrojn\u00eb autoritet brenda Kosov\u00ebs.<\/li>\n<\/ol>\n<p>Neni 4 [Forma e Qeverisjes dhe Ndarja e Pushtetit]<\/p>\n<ol start=\"7\">\n<li>Republika e Kosov\u00ebs ka institucionet e veta p\u00ebr mbrojtjen e rendit kushtetues dhe t\u00eb integritetit territorial, rendit dhe qet\u00ebsis\u00eb publike, t\u00eb cilat funksionojn\u00eb n\u00ebn autoritetin kushtetues t\u00eb institucioneve demokratike t\u00eb Republik\u00ebs s\u00eb Kosov\u00ebs.<\/li>\n<li>Pra, \u00e7do person q\u00eb ushtron funksione zyrtare t\u00eb em\u00ebruara nga Serbia n\u00eb Kosov\u00eb vepron jasht\u00eb korniz\u00ebs kushtetuese. Nj\u00eb kandidatur\u00eb e till\u00eb v\u00eb n\u00eb pik\u00ebpyetje besnik\u00ebrin\u00eb ndaj Republik\u00ebs dhe integritetin e postit publik q\u00eb ai person synon. N\u00eb kontekstin zgjedhor, lejimi i nj\u00eb kandidati q\u00eb nj\u00ebkoh\u00ebsisht mban pozit\u00eb si \u201ckryetar\u201d i nj\u00eb komune paralele t\u00eb em\u00ebruar nga qeveria e Serbis\u00eb do t\u00eb cenonte parimin e sovranitetit shtet\u00ebror n\u00eb zgjedhje.<\/li>\n<\/ol>\n<p>N\u00eb vijim do t\u00eb trajtojm\u00eb t\u00eb dy shkeljet ve\u00e7 e ve\u00e7..<\/p>\n<ol>\n<li>Shkelja e Kushtetut\u00ebs si rrjedhoj\u00eb e kandidimit t\u00eb vet\u00ebm nj\u00eb kandidati:<\/li>\n<li>Ligji i Zgjedhjeve Lokale p\u00ebrcakton qart\u00eb se raundi i dyt\u00eb (balotazhi) zhvillohet midis dy kandidat\u00ebve q\u00eb kan\u00eb fituar m\u00eb s\u00eb shumti vota n\u00eb raundin e par\u00eb. Formula ligjore n\u00ebnkupton se t\u00eb dy kandidat\u00ebt marrin pjes\u00eb aktivisht n\u00eb gar\u00ebn p\u00ebr kryetar komune. Nuk ekziston asnj\u00eb dispozit\u00eb q\u00eb t\u00eb lejoj\u00eb q\u00eb nj\u00ebri nga dy kandidat\u00ebt e balotazhit t\u00eb jet\u00eb vet\u00ebm \u201cfiktiv\u201d ose joaktiv , p\u00ebrkundrazi, logjika e ligjit k\u00ebrkon dy alternativa reale para votuesve.<\/li>\n<li>As Ligji p\u00ebr Zgjedhjet Lokale nr. 03\/L-072 as Ligji i ri p\u00ebr Zgjedhjet e P\u00ebrgjithshme nr. 08\/L-228 nuk e parasheh nj\u00eb gar\u00eb me nj\u00eb kandidat t\u00eb vet\u00ebm n\u00eb raundin final. Kjo do t\u00eb thot\u00eb se ligji, n\u00eb em\u00ebr t\u00eb demokracis\u00eb, k\u00ebrkon nj\u00eb konkurrenc\u00eb. Prandaj, n\u00ebse nj\u00ebri kandidat braktis gar\u00ebn publikisht, mbajtja e balotazhit vet\u00ebm sa p\u00ebr form\u00eb \u00ebsht\u00eb mashtrim ndaj votuesve dhe cenim i demokracis\u00eb, pasi rezulton se kjo nuk \u00ebsht\u00eb \u00e7\u00ebshtje parimi, por \u00ebsht\u00eb e planifikuar edhe para 12 tetorit, vet\u00ebm e vet\u00ebm p\u00ebr t\u00eb m\u00eb d\u00ebmtuar mua, si p\u00ebrfaq\u00ebsuesi i vet\u00ebm shqiptar, e cila \u00ebsht\u00eb edhe shumic\u00eb n\u00eb k\u00ebt\u00eb komun\u00eb.<\/li>\n<li>N\u00eb k\u00ebt\u00eb m\u00ebnyr\u00eb, votuesit e Kllokotit de facto u gjend\u00ebn p\u00ebrball\u00eb nj\u00eb \u201czgjedhjeje\u201d t\u00eb rreme, ku fleta e votimit p\u00ebrmbante dy emra, por vet\u00ebm nj\u00ebri po k\u00ebrkonte vot\u00ebn. Kjo situat\u00eb minon parimin e zgjedhjeve t\u00eb lira dhe bie ndesh edhe me standardet nd\u00ebrkomb\u00ebtare p\u00ebr zgjedhje demokratike. Me fjal\u00eb t\u00eb tjera, lejimi i nj\u00eb kandidati \u201ckukull\u201d vet\u00ebm sa p\u00ebr ta mbajtur procedur\u00ebn, p\u00ebrb\u00ebn shtremb\u00ebrim t\u00eb vullnetit t\u00eb votuesve dhe nj\u00eb precedent tejet t\u00eb rreziksh\u00ebm. Kjo \u00ebsht\u00eb nj\u00eb padrejt\u00ebsi serioze n\u00eb kuptim t\u00eb nenit 119.5 t\u00eb Ligjit p\u00ebr Zgjedhjet e P\u00ebrgjithshme, q\u00eb justifikon nd\u00ebrhyrjen e PZAP p\u00ebr t\u00eb rivendosur integritetin e procesit.<\/li>\n<li>N\u00eb lidhje me k\u00ebt\u00eb, theksoj se barazia e vot\u00ebs n\u00ebnkupton q\u00eb \u00e7do votues ka mund\u00ebsi t\u00eb barabart\u00eb p\u00ebr t\u00eb ndikuar rezultatin dhe se zgjedhjet ofrojn\u00eb nj\u00eb zgjedhje t\u00eb v\u00ebrtet\u00eb midis opsioneve t\u00eb ndryshme politike. Nj\u00eb situat\u00eb e till\u00eb i ngjan sistemeve nj\u00ebpartiake komuniste, e cila si e till\u00eb bie ndesh me nenin 1 t\u00eb Kushtetut\u00ebs.<\/li>\n<li>Doktrina kushtetuese dhe zgjedhore e konsideron konkurrenc\u00ebn pluraliste si shtyll\u00eb t\u00eb rendit demokratik. P\u00ebr m\u00eb tep\u00ebr, barazia e vot\u00ebs, e garantuar nga neni 45 i Kushtetut\u00ebs dhe parimet zgjedhore n\u00ebnkupton se \u00e7do votues g\u00ebzon kushte t\u00eb barabarta p\u00ebr ta ushtruar t\u00eb drejt\u00ebn e tij. N\u00eb Kllokot, pasi kandidati opozitar u t\u00ebrhoq, votuesit de facto kishin vet\u00ebm nj\u00eb opsion p\u00ebr Kryetar, duke krijuar pabarazi midis votuesve t\u00eb k\u00ebsaj komune dhe atyre t\u00eb komunave t\u00eb tjera. Kjo d\u00ebmton cil\u00ebsin\u00eb e vot\u00ebs s\u00eb tyre, sepse vota \u201ckund\u00ebr\u201d apo p\u00ebr nj\u00eb alternativ\u00eb tjet\u00ebr nuk ekzistonte.<\/li>\n<li>Kandidimi i personit me funksion n\u00eb struktura paralele:<\/li>\n<li>\u00cbsht\u00eb e qart\u00eb se, kandidimi i nj\u00eb personi q\u00eb nj\u00ebkoh\u00ebsisht mban pozit\u00eb si \u201ckryetar\u201d n\u00eb strukturat paralele serbe shkel r\u00ebnd\u00eb sovranitetin e Republik\u00ebs s\u00eb Kosov\u00ebs. Nd\u00ebrsa legjislacioni zgjedhor nuk e p\u00ebrmend shprehimisht k\u00ebt\u00eb situat\u00eb, disa dispozita dhe parime relevante mund t\u00eb ofrojn\u00eb baz\u00eb p\u00ebr veprim. Kushtetuta e Kosov\u00ebs parashikon q\u00eb askush nuk mund t\u00eb ushtroj\u00eb funksione publike q\u00eb nuk buron nga Kushtetuta ose ligji, pra struktura paralele nuk kan\u00eb baz\u00eb legjitime n\u00eb Kosov\u00eb.<\/li>\n<li>Neni 4.7 i Kushtetut\u00ebs konfirmon se vet\u00ebm institucionet kushtetuese t\u00eb Kosov\u00ebs garantojn\u00eb rendin kushtetues dhe funksionojn\u00eb brenda autoritetit t\u00eb Republik\u00ebs. Nj\u00eb person q\u00eb pranon em\u00ebrim nga autoritetet Serbe p\u00ebr t\u00eb ushtruar funksione n\u00eb Kosov\u00eb, sfidon drejtp\u00ebrdrejt k\u00ebto parime.<\/li>\n<li>Sipas nenit 30 t\u00eb Ligjit p\u00ebr Zgjedhjet e P\u00ebrgjithshme, nj\u00eb person humb t\u00eb drejt\u00ebn p\u00ebr t\u00eb qen\u00eb kandidat n\u00ebse nuk plot\u00ebson kriteret e p\u00ebrshtatshm\u00ebris\u00eb. Nd\u00ebr pozitat e ndaluara ligj\u00ebrisht p\u00ebr kandidim jan\u00eb: funksionar\u00eb publik\u00eb me status t\u00eb ve\u00e7ant\u00eb. Edhe pse \u201ckryetar i komun\u00ebs paralele\u201d nuk figuron specifikisht n\u00eb list\u00eb, duhet vler\u00ebsuar se nj\u00eb person i till\u00eb nuk i p\u00ebrket struktur\u00ebs kushtetuese t\u00eb Republik\u00ebs.<\/li>\n<li>N\u00eb analogji, nj\u00eb individ q\u00eb pranon t\u00eb em\u00ebrohet n\u00eb nj\u00eb organ paralel n\u00eb Kosov\u00eb,<\/li>\n<\/ol>\n<p>automatikisht bie ndesh me detyrimet ndaj \u00e7do posti zyrtar n\u00eb Kosov\u00eb. N\u00eb rastin konkret, kandidati Spasiq pas raundit t\u00eb par\u00eb u em\u00ebrua nga Serbia si \u201cpresident i Organit t\u00eb P\u00ebrkohsh\u00ebm\u201d (kryetar paralel) i Komun\u00ebs s\u00eb Vitis\u00eb. Ky veprim demonstron besnik\u00ebri institucionale ndaj Serbis\u00eb dhe jo ndaj Kosov\u00ebs, nj\u00eb konflikt interesi i thell\u00eb me pozit\u00ebn e kryetarit t\u00eb komun\u00ebs brenda sistemit kushtetues t\u00eb Kosov\u00ebs.<\/p>\n<ol start=\"24\">\n<li>N\u00eb k\u00ebt\u00eb drejtim, neni 119.6 i Ligjit p\u00ebr Zgjedhjet e P\u00ebrgjithshme i jep PZAP nj\u00eb kompetenc\u00eb t\u00eb ve\u00e7ant\u00eb p\u00ebr raste ekstreme. Neni 119.5 p\u00ebrcakton se PZAP mund t\u00eb shqyrtoj\u00eb \u00e7\u00ebshtje edhe jasht\u00eb referimeve t\u00eb zakonshme \u201ckur kjo \u00ebsht\u00eb rrept\u00ebsisht e domosdoshme p\u00ebr t\u00eb parandaluar padrejt\u00ebsi serioze\u201d.<\/li>\n<li>Nj\u00eb kandidatur\u00eb e cila minon rendin kushtetues duke i sh\u00ebrbyer strukturave paralele krijon nj\u00eb padrejt\u00ebsi serioze ndaj votuesve dhe vet\u00eb sistemit demokratik. Votuesve t\u00eb Kllokotit, n\u00eb k\u00ebt\u00eb rast, u k\u00ebrkohet t\u00eb zgjedhin nj\u00eb kryetar komune i cili nj\u00ebkoh\u00ebsisht i sh\u00ebrben nj\u00eb strukture paralele ilegale, gj\u00eb q\u00eb cenon parimin e besimit publik tek institucionet lokale dhe shteti i s\u00eb drejt\u00ebs. Edhe pse ligji nuk thot\u00eb shprehimisht \u201cdecertifiko kandidatin q\u00eb mban post paralel nga Serbia\u201d, PZAP mund t\u00eb p\u00ebrdor\u00eb k\u00ebt\u00eb nen p\u00ebr t\u00eb marr\u00eb masa korrigjuese n\u00eb em\u00ebr t\u00eb integritetit t\u00eb procesit, pasi po rrezikohet drejtp\u00ebrdrejt\u00eb rendi juridik.<\/li>\n<li>P\u00ebrmbledhje dhe k\u00ebrkesa:<\/li>\n<li>Si rezultat i sa m\u00eb sip\u00ebr, raundi i dyt\u00eb i zgjedhjeve n\u00eb Kllokot \u00ebsht\u00eb zhvilluar n\u00eb rrethana antikushtetuese dhe t\u00eb paligjshme, pasi \u00ebsht\u00eb lejuar n\u00eb gar\u00eb nj\u00eb person i cili vepron n\u00eb d\u00ebm t\u00eb Republik\u00ebs s\u00eb Kosov\u00ebs dhe publikisht e ka b\u00ebr\u00eb t\u00eb qart\u00eb se emri i tij \u00ebsht\u00eb vet\u00ebm n\u00eb let\u00ebr, por jo n\u00eb gar\u00eb. Kjo ka deformuar vullnetin e zgjedh\u00ebsve dhe m\u00eb ka vendosur n\u00eb nj\u00eb dizavantazh t\u00eb padrejt\u00eb.<\/li>\n<li>Po t\u00eb respektohej Kushtetuta dhe ligji, Spasi\u0107 s\u2019duhej t\u00eb ishte fare i lejuar n\u00eb balotazh, dhe n\u00eb vend t\u00eb tij n\u00eb raundin e dyt\u00eb do t\u00eb duhej t\u00eb konkurronte kandidati pasues, q\u00eb jam un\u00eb. Lejimi i Spasi\u0107 jo vet\u00ebm q\u00eb m\u00eb ka mohuar mund\u00ebsin\u00eb legjitime p\u00ebr t\u00eb garuar n\u00eb balotazh, por gjithashtu ka v\u00ebn\u00eb n\u00eb dyshim legjitimitetin e t\u00eb gjith\u00eb procesit zgjedhor n\u00eb k\u00ebt\u00eb komun\u00eb. P\u00ebr m\u00eb tep\u00ebr, ekzistenca e parregullsive t\u00eb dokumentuara, si\u00e7 ishte votimi me asistenc\u00eb i mund\u00ebsuar nga certifikata mjek\u00ebsore t\u00eb l\u00ebshuara ilegalisht nga struktura paralel, e b\u00ebn\u00eb t\u00eb qart\u00eb se edhe rezultati i raundit t\u00eb par\u00eb mund t\u00eb jet\u00eb ndikuar n\u00eb m\u00ebnyr\u00eb t\u00eb kund\u00ebrligjshme.<\/li>\n<li>N\u00eb baz\u00eb t\u00eb fakteve t\u00eb parashtruara m\u00eb lart, me respekt k\u00ebrkoj nga PZAP q\u00eb:<\/li>\n<li>T\u00cb APROVOJ ankes\u00ebn si t\u00eb bazuar;<\/li>\n<li>T\u00cb DECERTIFIKOJ\u00cb kandidatin Sre\u0107ko Spasi\u0107 respektivisht t\u00eb konstatoj\u00eb papranueshm\u00ebrin\u00eb ligjore t\u00eb kandidatur\u00ebs s\u00eb tij dhe t\u2019i heq\u00eb atij certifikimin si kandidat p\u00ebr Kryetar Komune n\u00eb Kllokot, me efekt prapaveprues;<\/li>\n<\/ol>\n<p>III. T\u00cb SHPALL\u00cb T\u00cb PAVLEFSH\u00cbM raundin e dyt\u00eb t\u00eb zgjedhjeve n\u00eb Komun\u00ebn Kllokot q\u00eb \u00ebsht\u00eb mbajtur me pjes\u00ebmarrjen e kund\u00ebrligjshme t\u00eb Spasi\u0107 dhe t\u00eb urdh\u00ebroj\u00eb p\u00ebrs\u00ebritjen e raundit t\u00eb dyt\u00eb p\u00ebr Kryetar Komune n\u00eb Kllokot. P\u00ebrs\u00ebritja e votimit t\u00eb balotazhit t\u00eb b\u00ebhet pa kandidatin e decertifikuar Srecko Spasic, pra vet\u00ebm me dy kandidat\u00ebt legjitim\u00eb m\u00eb t\u00eb votuar: Arb\u00ebr Emini dhe Bozidar Dejanovic;<\/p>\n<p>Kllokot, 10 n\u00ebntor 2025<\/p>\n<p>Arb\u00ebr Emini, kandidat p\u00ebr kryetar komune t\u00eb Kllokotit<\/p>\n","protected":false},"excerpt":{"rendered":"<p>Kllokot, 10 n\u00ebntor 2025 18:34 Kandidati i pavarur p\u00ebr kryetar t\u00eb Komun\u00ebs s\u00eb Kllokotit, Arb\u00ebr Emini, ka paraqitur ankes\u00eb n\u00eb Panelin p\u00ebr Ankesa dhe Parashtresa<\/p>\n","protected":false},"author":7,"featured_media":19766,"comment_status":"open","ping_status":"open","sticky":false,"template":"","format":"standard","meta":{"footnotes":""},"categories":[58],"tags":[],"class_list":["post-19765","post","type-post","status-publish","format-standard","has-post-thumbnail","hentry","category-politike-sq"],"yoast_head":"<!-- This site is optimized with the Yoast SEO plugin v25.3.1 - https:\/\/yoast.com\/wordpress\/plugins\/seo\/ -->\n<title>Zgjedhjet n\u00eb Kllokot n\u00ebn polemika \u2013 kandidati shqiptar k\u00ebrkon hetim p\u00ebr lidhje me strukturat paralele serbe -<\/title>\n<meta name=\"robots\" content=\"index, follow, max-snippet:-1, max-image-preview:large, max-video-preview:-1\" \/>\n<link rel=\"canonical\" href=\"https:\/\/veritasinfo.org\/?p=19765\" \/>\n<meta property=\"og:locale\" content=\"en_US\" \/>\n<meta property=\"og:type\" content=\"article\" \/>\n<meta property=\"og:title\" content=\"Zgjedhjet n\u00eb Kllokot n\u00ebn polemika \u2013 kandidati shqiptar k\u00ebrkon hetim p\u00ebr lidhje me strukturat paralele serbe -\" \/>\n<meta property=\"og:description\" content=\"Kllokot, 10 n\u00ebntor 2025 18:34 Kandidati i pavarur p\u00ebr kryetar t\u00eb Komun\u00ebs s\u00eb Kllokotit, Arb\u00ebr Emini, ka paraqitur ankes\u00eb n\u00eb Panelin p\u00ebr Ankesa dhe Parashtresa\" \/>\n<meta property=\"og:url\" content=\"https:\/\/veritasinfo.org\/?p=19765\" \/>\n<meta property=\"article:published_time\" content=\"2025-11-10T17:34:11+00:00\" \/>\n<meta property=\"article:modified_time\" content=\"2025-11-10T17:40:03+00:00\" \/>\n<meta property=\"og:image\" content=\"https:\/\/veritasinfo.org\/wp-content\/uploads\/2025\/11\/571662447_122175161576466364_8336959262942491880_n.jpg\" \/>\n\t<meta property=\"og:image:width\" content=\"603\" \/>\n\t<meta property=\"og:image:height\" content=\"600\" \/>\n\t<meta property=\"og:image:type\" content=\"image\/jpeg\" \/>\n<meta name=\"author\" content=\"US6\" \/>\n<meta name=\"twitter:card\" content=\"summary_large_image\" \/>\n<meta name=\"twitter:label1\" content=\"Written by\" \/>\n\t<meta name=\"twitter:data1\" content=\"US6\" \/>\n\t<meta name=\"twitter:label2\" content=\"Est. reading time\" \/>\n\t<meta name=\"twitter:data2\" content=\"13 minutes\" \/>\n<script type=\"application\/ld+json\" class=\"yoast-schema-graph\">{\"@context\":\"https:\/\/schema.org\",\"@graph\":[{\"@type\":\"WebPage\",\"@id\":\"https:\/\/veritasinfo.org\/?p=19765\",\"url\":\"https:\/\/veritasinfo.org\/?p=19765\",\"name\":\"Zgjedhjet n\u00eb Kllokot n\u00ebn polemika \u2013 kandidati shqiptar k\u00ebrkon hetim p\u00ebr lidhje me strukturat paralele serbe -\",\"isPartOf\":{\"@id\":\"https:\/\/veritasinfo.org\/#website\"},\"primaryImageOfPage\":{\"@id\":\"https:\/\/veritasinfo.org\/?p=19765#primaryimage\"},\"image\":{\"@id\":\"https:\/\/veritasinfo.org\/?p=19765#primaryimage\"},\"thumbnailUrl\":\"https:\/\/veritasinfo.org\/wp-content\/uploads\/2025\/11\/571662447_122175161576466364_8336959262942491880_n.jpg\",\"datePublished\":\"2025-11-10T17:34:11+00:00\",\"dateModified\":\"2025-11-10T17:40:03+00:00\",\"author\":{\"@id\":\"https:\/\/veritasinfo.org\/#\/schema\/person\/fe199eede04c3937362892b7444747cc\"},\"breadcrumb\":{\"@id\":\"https:\/\/veritasinfo.org\/?p=19765#breadcrumb\"},\"inLanguage\":\"en-US\",\"potentialAction\":[{\"@type\":\"ReadAction\",\"target\":[\"https:\/\/veritasinfo.org\/?p=19765\"]}]},{\"@type\":\"ImageObject\",\"inLanguage\":\"en-US\",\"@id\":\"https:\/\/veritasinfo.org\/?p=19765#primaryimage\",\"url\":\"https:\/\/veritasinfo.org\/wp-content\/uploads\/2025\/11\/571662447_122175161576466364_8336959262942491880_n.jpg\",\"contentUrl\":\"https:\/\/veritasinfo.org\/wp-content\/uploads\/2025\/11\/571662447_122175161576466364_8336959262942491880_n.jpg\",\"width\":603,\"height\":600},{\"@type\":\"BreadcrumbList\",\"@id\":\"https:\/\/veritasinfo.org\/?p=19765#breadcrumb\",\"itemListElement\":[{\"@type\":\"ListItem\",\"position\":1,\"name\":\"Home\",\"item\":\"https:\/\/veritasinfo.org\/\"},{\"@type\":\"ListItem\",\"position\":2,\"name\":\"Zgjedhjet n\u00eb Kllokot n\u00ebn polemika \u2013 kandidati shqiptar k\u00ebrkon hetim p\u00ebr lidhje me strukturat paralele serbe\"}]},{\"@type\":\"WebSite\",\"@id\":\"https:\/\/veritasinfo.org\/#website\",\"url\":\"https:\/\/veritasinfo.org\/\",\"name\":\"\",\"description\":\"\",\"potentialAction\":[{\"@type\":\"SearchAction\",\"target\":{\"@type\":\"EntryPoint\",\"urlTemplate\":\"https:\/\/veritasinfo.org\/?s={search_term_string}\"},\"query-input\":{\"@type\":\"PropertyValueSpecification\",\"valueRequired\":true,\"valueName\":\"search_term_string\"}}],\"inLanguage\":\"en-US\"},{\"@type\":\"Person\",\"@id\":\"https:\/\/veritasinfo.org\/#\/schema\/person\/fe199eede04c3937362892b7444747cc\",\"name\":\"US6\",\"image\":{\"@type\":\"ImageObject\",\"inLanguage\":\"en-US\",\"@id\":\"https:\/\/veritasinfo.org\/#\/schema\/person\/image\/\",\"url\":\"https:\/\/secure.gravatar.com\/avatar\/cb16c3c31c9d23b9b8c705964598220b3014e42ff51eb540ff23cefa3ae8c15f?s=96&d=mm&r=g\",\"contentUrl\":\"https:\/\/secure.gravatar.com\/avatar\/cb16c3c31c9d23b9b8c705964598220b3014e42ff51eb540ff23cefa3ae8c15f?s=96&d=mm&r=g\",\"caption\":\"US6\"},\"url\":\"https:\/\/veritasinfo.org\/?author=7\"}]}<\/script>\n<!-- \/ Yoast SEO plugin. -->","yoast_head_json":{"title":"Zgjedhjet n\u00eb Kllokot n\u00ebn polemika \u2013 kandidati shqiptar k\u00ebrkon hetim p\u00ebr lidhje me strukturat paralele serbe -","robots":{"index":"index","follow":"follow","max-snippet":"max-snippet:-1","max-image-preview":"max-image-preview:large","max-video-preview":"max-video-preview:-1"},"canonical":"https:\/\/veritasinfo.org\/?p=19765","og_locale":"en_US","og_type":"article","og_title":"Zgjedhjet n\u00eb Kllokot n\u00ebn polemika \u2013 kandidati shqiptar k\u00ebrkon hetim p\u00ebr lidhje me strukturat paralele serbe -","og_description":"Kllokot, 10 n\u00ebntor 2025 18:34 Kandidati i pavarur p\u00ebr kryetar t\u00eb Komun\u00ebs s\u00eb Kllokotit, Arb\u00ebr Emini, ka paraqitur ankes\u00eb n\u00eb Panelin p\u00ebr Ankesa dhe Parashtresa","og_url":"https:\/\/veritasinfo.org\/?p=19765","article_published_time":"2025-11-10T17:34:11+00:00","article_modified_time":"2025-11-10T17:40:03+00:00","og_image":[{"width":603,"height":600,"url":"https:\/\/veritasinfo.org\/wp-content\/uploads\/2025\/11\/571662447_122175161576466364_8336959262942491880_n.jpg","type":"image\/jpeg"}],"author":"US6","twitter_card":"summary_large_image","twitter_misc":{"Written by":"US6","Est. reading time":"13 minutes"},"schema":{"@context":"https:\/\/schema.org","@graph":[{"@type":"WebPage","@id":"https:\/\/veritasinfo.org\/?p=19765","url":"https:\/\/veritasinfo.org\/?p=19765","name":"Zgjedhjet n\u00eb Kllokot n\u00ebn polemika \u2013 kandidati shqiptar k\u00ebrkon hetim p\u00ebr lidhje me strukturat paralele serbe -","isPartOf":{"@id":"https:\/\/veritasinfo.org\/#website"},"primaryImageOfPage":{"@id":"https:\/\/veritasinfo.org\/?p=19765#primaryimage"},"image":{"@id":"https:\/\/veritasinfo.org\/?p=19765#primaryimage"},"thumbnailUrl":"https:\/\/veritasinfo.org\/wp-content\/uploads\/2025\/11\/571662447_122175161576466364_8336959262942491880_n.jpg","datePublished":"2025-11-10T17:34:11+00:00","dateModified":"2025-11-10T17:40:03+00:00","author":{"@id":"https:\/\/veritasinfo.org\/#\/schema\/person\/fe199eede04c3937362892b7444747cc"},"breadcrumb":{"@id":"https:\/\/veritasinfo.org\/?p=19765#breadcrumb"},"inLanguage":"en-US","potentialAction":[{"@type":"ReadAction","target":["https:\/\/veritasinfo.org\/?p=19765"]}]},{"@type":"ImageObject","inLanguage":"en-US","@id":"https:\/\/veritasinfo.org\/?p=19765#primaryimage","url":"https:\/\/veritasinfo.org\/wp-content\/uploads\/2025\/11\/571662447_122175161576466364_8336959262942491880_n.jpg","contentUrl":"https:\/\/veritasinfo.org\/wp-content\/uploads\/2025\/11\/571662447_122175161576466364_8336959262942491880_n.jpg","width":603,"height":600},{"@type":"BreadcrumbList","@id":"https:\/\/veritasinfo.org\/?p=19765#breadcrumb","itemListElement":[{"@type":"ListItem","position":1,"name":"Home","item":"https:\/\/veritasinfo.org\/"},{"@type":"ListItem","position":2,"name":"Zgjedhjet n\u00eb Kllokot n\u00ebn polemika \u2013 kandidati shqiptar k\u00ebrkon hetim p\u00ebr lidhje me strukturat paralele serbe"}]},{"@type":"WebSite","@id":"https:\/\/veritasinfo.org\/#website","url":"https:\/\/veritasinfo.org\/","name":"","description":"","potentialAction":[{"@type":"SearchAction","target":{"@type":"EntryPoint","urlTemplate":"https:\/\/veritasinfo.org\/?s={search_term_string}"},"query-input":{"@type":"PropertyValueSpecification","valueRequired":true,"valueName":"search_term_string"}}],"inLanguage":"en-US"},{"@type":"Person","@id":"https:\/\/veritasinfo.org\/#\/schema\/person\/fe199eede04c3937362892b7444747cc","name":"US6","image":{"@type":"ImageObject","inLanguage":"en-US","@id":"https:\/\/veritasinfo.org\/#\/schema\/person\/image\/","url":"https:\/\/secure.gravatar.com\/avatar\/cb16c3c31c9d23b9b8c705964598220b3014e42ff51eb540ff23cefa3ae8c15f?s=96&d=mm&r=g","contentUrl":"https:\/\/secure.gravatar.com\/avatar\/cb16c3c31c9d23b9b8c705964598220b3014e42ff51eb540ff23cefa3ae8c15f?s=96&d=mm&r=g","caption":"US6"},"url":"https:\/\/veritasinfo.org\/?author=7"}]}},"featured_image_urls":{"full":["https:\/\/veritasinfo.org\/wp-content\/uploads\/2025\/11\/571662447_122175161576466364_8336959262942491880_n.jpg",603,600,false],"thumbnail":["https:\/\/veritasinfo.org\/wp-content\/uploads\/2025\/11\/571662447_122175161576466364_8336959262942491880_n-150x150.jpg",150,150,true],"medium":["https:\/\/veritasinfo.org\/wp-content\/uploads\/2025\/11\/571662447_122175161576466364_8336959262942491880_n-300x300.jpg",300,300,true],"medium_large":["https:\/\/veritasinfo.org\/wp-content\/uploads\/2025\/11\/571662447_122175161576466364_8336959262942491880_n.jpg",603,600,false],"large":["https:\/\/veritasinfo.org\/wp-content\/uploads\/2025\/11\/571662447_122175161576466364_8336959262942491880_n.jpg",603,600,false],"1536x1536":["https:\/\/veritasinfo.org\/wp-content\/uploads\/2025\/11\/571662447_122175161576466364_8336959262942491880_n.jpg",603,600,false],"2048x2048":["https:\/\/veritasinfo.org\/wp-content\/uploads\/2025\/11\/571662447_122175161576466364_8336959262942491880_n.jpg",603,600,false],"kreeti-slider-full":["https:\/\/veritasinfo.org\/wp-content\/uploads\/2025\/11\/571662447_122175161576466364_8336959262942491880_n.jpg",603,600,false],"kreeti-featured":["https:\/\/veritasinfo.org\/wp-content\/uploads\/2025\/11\/571662447_122175161576466364_8336959262942491880_n.jpg",603,600,false],"kreeti-medium":["https:\/\/veritasinfo.org\/wp-content\/uploads\/2025\/11\/571662447_122175161576466364_8336959262942491880_n.jpg",533,530,false],"kreeti-medium-square":["https:\/\/veritasinfo.org\/wp-content\/uploads\/2025\/11\/571662447_122175161576466364_8336959262942491880_n.jpg",350,348,false]},"author_info":{"info":["US6"]},"category_info":"<a href=\"https:\/\/veritasinfo.org\/?cat=58\" rel=\"category\">Politik\u00eb<\/a>","tag_info":"Politik\u00eb","comment_count":"0","_links":{"self":[{"href":"https:\/\/veritasinfo.org\/index.php?rest_route=\/wp\/v2\/posts\/19765","targetHints":{"allow":["GET"]}}],"collection":[{"href":"https:\/\/veritasinfo.org\/index.php?rest_route=\/wp\/v2\/posts"}],"about":[{"href":"https:\/\/veritasinfo.org\/index.php?rest_route=\/wp\/v2\/types\/post"}],"author":[{"embeddable":true,"href":"https:\/\/veritasinfo.org\/index.php?rest_route=\/wp\/v2\/users\/7"}],"replies":[{"embeddable":true,"href":"https:\/\/veritasinfo.org\/index.php?rest_route=%2Fwp%2Fv2%2Fcomments&post=19765"}],"version-history":[{"count":3,"href":"https:\/\/veritasinfo.org\/index.php?rest_route=\/wp\/v2\/posts\/19765\/revisions"}],"predecessor-version":[{"id":19769,"href":"https:\/\/veritasinfo.org\/index.php?rest_route=\/wp\/v2\/posts\/19765\/revisions\/19769"}],"wp:featuredmedia":[{"embeddable":true,"href":"https:\/\/veritasinfo.org\/index.php?rest_route=\/wp\/v2\/media\/19766"}],"wp:attachment":[{"href":"https:\/\/veritasinfo.org\/index.php?rest_route=%2Fwp%2Fv2%2Fmedia&parent=19765"}],"wp:term":[{"taxonomy":"category","embeddable":true,"href":"https:\/\/veritasinfo.org\/index.php?rest_route=%2Fwp%2Fv2%2Fcategories&post=19765"},{"taxonomy":"post_tag","embeddable":true,"href":"https:\/\/veritasinfo.org\/index.php?rest_route=%2Fwp%2Fv2%2Ftags&post=19765"}],"curies":[{"name":"wp","href":"https:\/\/api.w.org\/{rel}","templated":true}]}}