{"id":19717,"date":"2025-11-10T14:04:35","date_gmt":"2025-11-10T13:04:35","guid":{"rendered":"https:\/\/veritasinfo.org\/?p=19717"},"modified":"2025-11-10T14:04:35","modified_gmt":"2025-11-10T13:04:35","slug":"u-d-e-ambasadores-se-be-se-ne-kosove-per-zgjedhjet-deshmi-te-demokracise-se-kosoves","status":"publish","type":"post","link":"https:\/\/veritasinfo.org\/?p=19717","title":{"rendered":"U.D. e ambasadores s\u00eb BE-s\u00eb n\u00eb Kosov\u00eb p\u00ebr zgjedhjet: D\u00ebshmi t\u00eb demokracis\u00eb s\u00eb Kosov\u00ebs"},"content":{"rendered":"<p>Prishtin\u00eb, 10 n\u00ebntor 2025 14:03<\/p>\n<p>Ushtruesja e detyr\u00ebs s\u00eb ambasadores s\u00eb Bashkimit Europian n\u00eb Kosov\u00eb, Eva Palatova mir\u00ebpriti zhvillimin \u201ce rregullt dhe gjithp\u00ebrfshir\u00ebs\u201d t\u00eb rundit t\u00eb dyt\u00eb t\u00eb zgjedhjeve n\u00eb 18 komunat e vendit.<\/p>\n<p>Ajo i konsideroi zgjedhjet lokale si d\u00ebshmi t\u00eb demokracis\u00eb n\u00eb Kosov\u00eb.<\/p>\n<p>\u201cUshtruesja e detyr\u00ebs s\u00eb ambasadores s\u00eb BE-s\u00eb n\u00eb Kosov\u00eb, Eva Palatova, mir\u00ebpriti sonte zhvillimin e rregullt dhe gjith\u00ebp\u00ebrfshir\u00ebs t\u00eb raundit t\u00eb dyt\u00eb t\u00eb zgjedhjeve p\u00ebr kryetar komune n\u00eb 18 komuna t\u00eb Kosov\u00ebs, q\u00eb sh\u00ebnuan p\u00ebrmbylljen e ciklit t\u00eb zgjedhjeve lokale, duke e cil\u00ebsuar at\u00eb si nj\u00eb d\u00ebshmi t\u00eb demokracis\u00eb s\u00eb Kosov\u00ebs\u201d, shkroi Zyra e BE-s\u00eb mbr\u00ebm\u00eb n\u00eb nj\u00eb postim n\u00eb X.<\/p>\n<p>&nbsp;<\/p>\n","protected":false},"excerpt":{"rendered":"<p>Prishtin\u00eb, 10 n\u00ebntor 2025 14:03 Ushtruesja e detyr\u00ebs s\u00eb ambasadores s\u00eb Bashkimit Europian n\u00eb Kosov\u00eb, Eva Palatova mir\u00ebpriti zhvillimin \u201ce rregullt dhe gjithp\u00ebrfshir\u00ebs\u201d t\u00eb rundit<\/p>\n","protected":false},"author":7,"featured_media":19718,"comment_status":"open","ping_status":"open","sticky":false,"template":"","format":"standard","meta":{"footnotes":""},"categories":[8],"tags":[],"class_list":["post-19717","post","type-post","status-publish","format-standard","has-post-thumbnail","hentry","category-blog-sq"],"yoast_head":"<!-- This site is optimized with the Yoast SEO plugin v25.3.1 - https:\/\/yoast.com\/wordpress\/plugins\/seo\/ -->\n<title>U.D. e ambasadores s\u00eb BE-s\u00eb n\u00eb Kosov\u00eb p\u00ebr zgjedhjet: D\u00ebshmi t\u00eb demokracis\u00eb s\u00eb Kosov\u00ebs -<\/title>\n<meta name=\"robots\" content=\"index, follow, max-snippet:-1, max-image-preview:large, max-video-preview:-1\" \/>\n<link rel=\"canonical\" href=\"https:\/\/veritasinfo.org\/?p=19717\" \/>\n<meta property=\"og:locale\" content=\"en_US\" \/>\n<meta property=\"og:type\" content=\"article\" \/>\n<meta property=\"og:title\" content=\"U.D. e ambasadores s\u00eb BE-s\u00eb n\u00eb Kosov\u00eb p\u00ebr zgjedhjet: D\u00ebshmi t\u00eb demokracis\u00eb s\u00eb Kosov\u00ebs -\" \/>\n<meta property=\"og:description\" content=\"Prishtin\u00eb, 10 n\u00ebntor 2025 14:03 Ushtruesja e detyr\u00ebs s\u00eb ambasadores s\u00eb Bashkimit Europian n\u00eb Kosov\u00eb, Eva Palatova mir\u00ebpriti zhvillimin \u201ce rregullt dhe gjithp\u00ebrfshir\u00ebs\u201d t\u00eb rundit\" \/>\n<meta property=\"og:url\" content=\"https:\/\/veritasinfo.org\/?p=19717\" \/>\n<meta property=\"article:published_time\" content=\"2025-11-10T13:04:35+00:00\" \/>\n<meta property=\"og:image\" content=\"https:\/\/veritasinfo.org\/wp-content\/uploads\/2025\/11\/Screenshot-2025-11-10-140231.jpg\" \/>\n\t<meta property=\"og:image:width\" content=\"1042\" \/>\n\t<meta property=\"og:image:height\" content=\"528\" \/>\n\t<meta property=\"og:image:type\" content=\"image\/jpeg\" \/>\n<meta name=\"author\" content=\"US6\" \/>\n<meta name=\"twitter:card\" content=\"summary_large_image\" \/>\n<meta name=\"twitter:label1\" content=\"Written by\" \/>\n\t<meta name=\"twitter:data1\" content=\"US6\" \/>\n\t<meta name=\"twitter:label2\" content=\"Est. reading time\" \/>\n\t<meta name=\"twitter:data2\" content=\"1 minute\" \/>\n<script type=\"application\/ld+json\" class=\"yoast-schema-graph\">{\"@context\":\"https:\/\/schema.org\",\"@graph\":[{\"@type\":\"WebPage\",\"@id\":\"https:\/\/veritasinfo.org\/?p=19717\",\"url\":\"https:\/\/veritasinfo.org\/?p=19717\",\"name\":\"U.D. e ambasadores s\u00eb BE-s\u00eb n\u00eb Kosov\u00eb p\u00ebr zgjedhjet: D\u00ebshmi t\u00eb demokracis\u00eb s\u00eb Kosov\u00ebs -\",\"isPartOf\":{\"@id\":\"https:\/\/veritasinfo.org\/#website\"},\"primaryImageOfPage\":{\"@id\":\"https:\/\/veritasinfo.org\/?p=19717#primaryimage\"},\"image\":{\"@id\":\"https:\/\/veritasinfo.org\/?p=19717#primaryimage\"},\"thumbnailUrl\":\"https:\/\/veritasinfo.org\/wp-content\/uploads\/2025\/11\/Screenshot-2025-11-10-140231.jpg\",\"datePublished\":\"2025-11-10T13:04:35+00:00\",\"author\":{\"@id\":\"https:\/\/veritasinfo.org\/#\/schema\/person\/fe199eede04c3937362892b7444747cc\"},\"breadcrumb\":{\"@id\":\"https:\/\/veritasinfo.org\/?p=19717#breadcrumb\"},\"inLanguage\":\"en-US\",\"potentialAction\":[{\"@type\":\"ReadAction\",\"target\":[\"https:\/\/veritasinfo.org\/?p=19717\"]}]},{\"@type\":\"ImageObject\",\"inLanguage\":\"en-US\",\"@id\":\"https:\/\/veritasinfo.org\/?p=19717#primaryimage\",\"url\":\"https:\/\/veritasinfo.org\/wp-content\/uploads\/2025\/11\/Screenshot-2025-11-10-140231.jpg\",\"contentUrl\":\"https:\/\/veritasinfo.org\/wp-content\/uploads\/2025\/11\/Screenshot-2025-11-10-140231.jpg\",\"width\":1042,\"height\":528},{\"@type\":\"BreadcrumbList\",\"@id\":\"https:\/\/veritasinfo.org\/?p=19717#breadcrumb\",\"itemListElement\":[{\"@type\":\"ListItem\",\"position\":1,\"name\":\"Home\",\"item\":\"https:\/\/veritasinfo.org\/\"},{\"@type\":\"ListItem\",\"position\":2,\"name\":\"U.D. e ambasadores s\u00eb BE-s\u00eb n\u00eb Kosov\u00eb p\u00ebr zgjedhjet: D\u00ebshmi t\u00eb demokracis\u00eb s\u00eb Kosov\u00ebs\"}]},{\"@type\":\"WebSite\",\"@id\":\"https:\/\/veritasinfo.org\/#website\",\"url\":\"https:\/\/veritasinfo.org\/\",\"name\":\"\",\"description\":\"\",\"potentialAction\":[{\"@type\":\"SearchAction\",\"target\":{\"@type\":\"EntryPoint\",\"urlTemplate\":\"https:\/\/veritasinfo.org\/?s={search_term_string}\"},\"query-input\":{\"@type\":\"PropertyValueSpecification\",\"valueRequired\":true,\"valueName\":\"search_term_string\"}}],\"inLanguage\":\"en-US\"},{\"@type\":\"Person\",\"@id\":\"https:\/\/veritasinfo.org\/#\/schema\/person\/fe199eede04c3937362892b7444747cc\",\"name\":\"US6\",\"image\":{\"@type\":\"ImageObject\",\"inLanguage\":\"en-US\",\"@id\":\"https:\/\/veritasinfo.org\/#\/schema\/person\/image\/\",\"url\":\"https:\/\/secure.gravatar.com\/avatar\/cb16c3c31c9d23b9b8c705964598220b3014e42ff51eb540ff23cefa3ae8c15f?s=96&d=mm&r=g\",\"contentUrl\":\"https:\/\/secure.gravatar.com\/avatar\/cb16c3c31c9d23b9b8c705964598220b3014e42ff51eb540ff23cefa3ae8c15f?s=96&d=mm&r=g\",\"caption\":\"US6\"},\"url\":\"https:\/\/veritasinfo.org\/?author=7\"}]}<\/script>\n<!-- \/ Yoast SEO plugin. -->","yoast_head_json":{"title":"U.D. e ambasadores s\u00eb BE-s\u00eb n\u00eb Kosov\u00eb p\u00ebr zgjedhjet: D\u00ebshmi t\u00eb demokracis\u00eb s\u00eb Kosov\u00ebs -","robots":{"index":"index","follow":"follow","max-snippet":"max-snippet:-1","max-image-preview":"max-image-preview:large","max-video-preview":"max-video-preview:-1"},"canonical":"https:\/\/veritasinfo.org\/?p=19717","og_locale":"en_US","og_type":"article","og_title":"U.D. e ambasadores s\u00eb BE-s\u00eb n\u00eb Kosov\u00eb p\u00ebr zgjedhjet: D\u00ebshmi t\u00eb demokracis\u00eb s\u00eb Kosov\u00ebs -","og_description":"Prishtin\u00eb, 10 n\u00ebntor 2025 14:03 Ushtruesja e detyr\u00ebs s\u00eb ambasadores s\u00eb Bashkimit Europian n\u00eb Kosov\u00eb, Eva Palatova mir\u00ebpriti zhvillimin \u201ce rregullt dhe gjithp\u00ebrfshir\u00ebs\u201d t\u00eb rundit","og_url":"https:\/\/veritasinfo.org\/?p=19717","article_published_time":"2025-11-10T13:04:35+00:00","og_image":[{"width":1042,"height":528,"url":"https:\/\/veritasinfo.org\/wp-content\/uploads\/2025\/11\/Screenshot-2025-11-10-140231.jpg","type":"image\/jpeg"}],"author":"US6","twitter_card":"summary_large_image","twitter_misc":{"Written by":"US6","Est. reading time":"1 minute"},"schema":{"@context":"https:\/\/schema.org","@graph":[{"@type":"WebPage","@id":"https:\/\/veritasinfo.org\/?p=19717","url":"https:\/\/veritasinfo.org\/?p=19717","name":"U.D. e ambasadores s\u00eb BE-s\u00eb n\u00eb Kosov\u00eb p\u00ebr zgjedhjet: D\u00ebshmi t\u00eb demokracis\u00eb s\u00eb Kosov\u00ebs -","isPartOf":{"@id":"https:\/\/veritasinfo.org\/#website"},"primaryImageOfPage":{"@id":"https:\/\/veritasinfo.org\/?p=19717#primaryimage"},"image":{"@id":"https:\/\/veritasinfo.org\/?p=19717#primaryimage"},"thumbnailUrl":"https:\/\/veritasinfo.org\/wp-content\/uploads\/2025\/11\/Screenshot-2025-11-10-140231.jpg","datePublished":"2025-11-10T13:04:35+00:00","author":{"@id":"https:\/\/veritasinfo.org\/#\/schema\/person\/fe199eede04c3937362892b7444747cc"},"breadcrumb":{"@id":"https:\/\/veritasinfo.org\/?p=19717#breadcrumb"},"inLanguage":"en-US","potentialAction":[{"@type":"ReadAction","target":["https:\/\/veritasinfo.org\/?p=19717"]}]},{"@type":"ImageObject","inLanguage":"en-US","@id":"https:\/\/veritasinfo.org\/?p=19717#primaryimage","url":"https:\/\/veritasinfo.org\/wp-content\/uploads\/2025\/11\/Screenshot-2025-11-10-140231.jpg","contentUrl":"https:\/\/veritasinfo.org\/wp-content\/uploads\/2025\/11\/Screenshot-2025-11-10-140231.jpg","width":1042,"height":528},{"@type":"BreadcrumbList","@id":"https:\/\/veritasinfo.org\/?p=19717#breadcrumb","itemListElement":[{"@type":"ListItem","position":1,"name":"Home","item":"https:\/\/veritasinfo.org\/"},{"@type":"ListItem","position":2,"name":"U.D. e ambasadores s\u00eb BE-s\u00eb n\u00eb Kosov\u00eb p\u00ebr zgjedhjet: D\u00ebshmi t\u00eb demokracis\u00eb s\u00eb Kosov\u00ebs"}]},{"@type":"WebSite","@id":"https:\/\/veritasinfo.org\/#website","url":"https:\/\/veritasinfo.org\/","name":"","description":"","potentialAction":[{"@type":"SearchAction","target":{"@type":"EntryPoint","urlTemplate":"https:\/\/veritasinfo.org\/?s={search_term_string}"},"query-input":{"@type":"PropertyValueSpecification","valueRequired":true,"valueName":"search_term_string"}}],"inLanguage":"en-US"},{"@type":"Person","@id":"https:\/\/veritasinfo.org\/#\/schema\/person\/fe199eede04c3937362892b7444747cc","name":"US6","image":{"@type":"ImageObject","inLanguage":"en-US","@id":"https:\/\/veritasinfo.org\/#\/schema\/person\/image\/","url":"https:\/\/secure.gravatar.com\/avatar\/cb16c3c31c9d23b9b8c705964598220b3014e42ff51eb540ff23cefa3ae8c15f?s=96&d=mm&r=g","contentUrl":"https:\/\/secure.gravatar.com\/avatar\/cb16c3c31c9d23b9b8c705964598220b3014e42ff51eb540ff23cefa3ae8c15f?s=96&d=mm&r=g","caption":"US6"},"url":"https:\/\/veritasinfo.org\/?author=7"}]}},"featured_image_urls":{"full":["https:\/\/veritasinfo.org\/wp-content\/uploads\/2025\/11\/Screenshot-2025-11-10-140231.jpg",1042,528,false],"thumbnail":["https:\/\/veritasinfo.org\/wp-content\/uploads\/2025\/11\/Screenshot-2025-11-10-140231-150x150.jpg",150,150,true],"medium":["https:\/\/veritasinfo.org\/wp-content\/uploads\/2025\/11\/Screenshot-2025-11-10-140231-300x152.jpg",300,152,true],"medium_large":["https:\/\/veritasinfo.org\/wp-content\/uploads\/2025\/11\/Screenshot-2025-11-10-140231-768x389.jpg",640,324,true],"large":["https:\/\/veritasinfo.org\/wp-content\/uploads\/2025\/11\/Screenshot-2025-11-10-140231-1024x519.jpg",640,324,true],"1536x1536":["https:\/\/veritasinfo.org\/wp-content\/uploads\/2025\/11\/Screenshot-2025-11-10-140231.jpg",1042,528,false],"2048x2048":["https:\/\/veritasinfo.org\/wp-content\/uploads\/2025\/11\/Screenshot-2025-11-10-140231.jpg",1042,528,false],"kreeti-slider-full":["https:\/\/veritasinfo.org\/wp-content\/uploads\/2025\/11\/Screenshot-2025-11-10-140231.jpg",1042,528,false],"kreeti-featured":["https:\/\/veritasinfo.org\/wp-content\/uploads\/2025\/11\/Screenshot-2025-11-10-140231.jpg",1024,519,false],"kreeti-medium":["https:\/\/veritasinfo.org\/wp-content\/uploads\/2025\/11\/Screenshot-2025-11-10-140231.jpg",720,365,false],"kreeti-medium-square":["https:\/\/veritasinfo.org\/wp-content\/uploads\/2025\/11\/Screenshot-2025-11-10-140231.jpg",350,177,false]},"author_info":{"info":["US6"]},"category_info":"<a href=\"https:\/\/veritasinfo.org\/?cat=8\" rel=\"category\">Zgjedhjet parlamentare 2025<\/a>","tag_info":"Zgjedhjet parlamentare 2025","comment_count":"0","_links":{"self":[{"href":"https:\/\/veritasinfo.org\/index.php?rest_route=\/wp\/v2\/posts\/19717","targetHints":{"allow":["GET"]}}],"collection":[{"href":"https:\/\/veritasinfo.org\/index.php?rest_route=\/wp\/v2\/posts"}],"about":[{"href":"https:\/\/veritasinfo.org\/index.php?rest_route=\/wp\/v2\/types\/post"}],"author":[{"embeddable":true,"href":"https:\/\/veritasinfo.org\/index.php?rest_route=\/wp\/v2\/users\/7"}],"replies":[{"embeddable":true,"href":"https:\/\/veritasinfo.org\/index.php?rest_route=%2Fwp%2Fv2%2Fcomments&post=19717"}],"version-history":[{"count":1,"href":"https:\/\/veritasinfo.org\/index.php?rest_route=\/wp\/v2\/posts\/19717\/revisions"}],"predecessor-version":[{"id":19719,"href":"https:\/\/veritasinfo.org\/index.php?rest_route=\/wp\/v2\/posts\/19717\/revisions\/19719"}],"wp:featuredmedia":[{"embeddable":true,"href":"https:\/\/veritasinfo.org\/index.php?rest_route=\/wp\/v2\/media\/19718"}],"wp:attachment":[{"href":"https:\/\/veritasinfo.org\/index.php?rest_route=%2Fwp%2Fv2%2Fmedia&parent=19717"}],"wp:term":[{"taxonomy":"category","embeddable":true,"href":"https:\/\/veritasinfo.org\/index.php?rest_route=%2Fwp%2Fv2%2Fcategories&post=19717"},{"taxonomy":"post_tag","embeddable":true,"href":"https:\/\/veritasinfo.org\/index.php?rest_route=%2Fwp%2Fv2%2Ftags&post=19717"}],"curies":[{"name":"wp","href":"https:\/\/api.w.org\/{rel}","templated":true}]}}