{"id":19712,"date":"2025-11-10T13:31:28","date_gmt":"2025-11-10T12:31:28","guid":{"rendered":"https:\/\/veritasinfo.org\/?p=19712"},"modified":"2025-11-10T13:31:28","modified_gmt":"2025-11-10T12:31:28","slug":"foda-kerkon-te-pakten-nje-barazim-ne-lubjane","status":"publish","type":"post","link":"https:\/\/veritasinfo.org\/?p=19712","title":{"rendered":"Foda k\u00ebrkon t\u00eb pakt\u00ebn nj\u00eb barazim n\u00eb Lubjan\u00eb"},"content":{"rendered":"<p>Prishtin\u00eb 10 N\u00ebntor 2025 13:31<\/p>\n<p>Selektori i Komb\u00ebtares s\u00eb Kosov\u00ebs n\u00eb futboll, Franco Foda, \u00ebsht\u00eb duke e mbajtur konferenc\u00ebn p\u00ebr shtyp n\u00eb prag t\u00eb ndeshjeve t\u00eb fundit kualifikuese p\u00ebr Bot\u00ebrorin 2026.<\/p>\n<p>Foda ka th\u00ebn\u00eb se fokusi fillimisht \u00ebsht\u00eb te ndeshja e s\u00eb shtun\u00ebs me Sllovenin\u00eb n\u00eb Lubjan\u00eb.<\/p>\n<p>\u201cN\u00eb fillim kam th\u00ebn\u00eb se \u00e7do gj\u00eb do t\u00eb jet\u00eb e hapur deri n\u00eb fund. \u00c7do gj\u00eb \u00ebsht\u00eb e mundur. Fokusi \u00ebsht\u00eb n\u00eb ndeshjen me Sllovenin\u00eb. Synojm\u00eb t\u00eb fitojm\u00eb t\u00eb pakt\u00ebn nj\u00eb pik\u00eb, q\u00eb t\u00eb pakt\u00ebn t\u00eb shkojm\u00eb n\u00eb plejof e m\u00eb pas do t\u00eb shohim tutje\u201d, ka th\u00ebn\u00eb Foda.<\/p>\n<p>Foda ka folur edhe p\u00ebr form\u00ebn e lojtar\u00ebve, duke insistuar se \u00ebsht\u00eb shum\u00eb i k\u00ebnaqur.<\/p>\n<p>\u201cQ\u00eb t\u00eb gjith\u00eb lojtar\u00ebt jan\u00eb n\u00eb gjendje shum\u00eb t\u00eb mir\u00eb sh\u00ebndet\u00ebsore. Kan\u00eb kaluar mir\u00eb n\u00eb ndshjet e fundit. Rrahmani e Dellova kthehen dhe jan\u00eb n\u00eb gjendje t\u00eb mir\u00eb. Kemi shum\u00eb alternativa n\u00eb ekip. Shpresoj q\u00eb t\u00eb gjith\u00eb lojtar\u00ebt t\u00eb jen\u00eb t\u00eb gatsh\u00ebm gjat\u00eb gjith\u00eb jav\u00ebs. Kemi treguar edhe n\u00eb ndeshjet e kaluara, q\u00eb me gjith\u00eb mungesat, mund t\u2019ia dalim dhe t\u00eb fitojm\u00eb. Aro Muriq \u00ebsht\u00eb i suspenduar dhe nuk mund t\u00eb luaj\u00eb me Sllovenin\u00eb. E dim\u00eb q\u00eb po kalon form\u00eb t\u00eb mir\u00eb, por kemi tri opsione p\u00ebr port\u00ebn dhe nj\u00ebri prej tyre do ta z\u00ebvend\u00ebsoj\u00eb Aro Muriqin. N\u00eb dit\u00ebn n\u00eb vijim do t\u00eb vendosim se cili prej tyre\u201d, \u00ebsht\u00eb shprehur Foda.<\/p>\n","protected":false},"excerpt":{"rendered":"<p>Prishtin\u00eb 10 N\u00ebntor 2025 13:31 Selektori i Komb\u00ebtares s\u00eb Kosov\u00ebs n\u00eb futboll, Franco Foda, \u00ebsht\u00eb duke e mbajtur konferenc\u00ebn p\u00ebr shtyp n\u00eb prag t\u00eb ndeshjeve<\/p>\n","protected":false},"author":6,"featured_media":19713,"comment_status":"open","ping_status":"open","sticky":false,"template":"","format":"standard","meta":{"footnotes":""},"categories":[5],"tags":[],"class_list":["post-19712","post","type-post","status-publish","format-standard","has-post-thumbnail","hentry","category-sport-sq"],"yoast_head":"<!-- This site is optimized with the Yoast SEO plugin v25.3.1 - https:\/\/yoast.com\/wordpress\/plugins\/seo\/ -->\n<title>Foda k\u00ebrkon t\u00eb pakt\u00ebn nj\u00eb barazim n\u00eb Lubjan\u00eb -<\/title>\n<meta name=\"robots\" content=\"index, follow, max-snippet:-1, max-image-preview:large, max-video-preview:-1\" \/>\n<link rel=\"canonical\" href=\"https:\/\/veritasinfo.org\/?p=19712\" \/>\n<meta property=\"og:locale\" content=\"en_US\" \/>\n<meta property=\"og:type\" content=\"article\" \/>\n<meta property=\"og:title\" content=\"Foda k\u00ebrkon t\u00eb pakt\u00ebn nj\u00eb barazim n\u00eb Lubjan\u00eb -\" \/>\n<meta property=\"og:description\" content=\"Prishtin\u00eb 10 N\u00ebntor 2025 13:31 Selektori i Komb\u00ebtares s\u00eb Kosov\u00ebs n\u00eb futboll, Franco Foda, \u00ebsht\u00eb duke e mbajtur konferenc\u00ebn p\u00ebr shtyp n\u00eb prag t\u00eb ndeshjeve\" \/>\n<meta property=\"og:url\" content=\"https:\/\/veritasinfo.org\/?p=19712\" \/>\n<meta property=\"article:published_time\" content=\"2025-11-10T12:31:28+00:00\" \/>\n<meta property=\"og:image\" content=\"https:\/\/veritasinfo.org\/wp-content\/uploads\/2025\/11\/IMG-20251110-WA0010.jpg\" \/>\n\t<meta property=\"og:image:width\" content=\"600\" \/>\n\t<meta property=\"og:image:height\" content=\"360\" \/>\n\t<meta property=\"og:image:type\" content=\"image\/jpeg\" \/>\n<meta name=\"author\" content=\"US5\" \/>\n<meta name=\"twitter:card\" content=\"summary_large_image\" \/>\n<meta name=\"twitter:label1\" content=\"Written by\" \/>\n\t<meta name=\"twitter:data1\" content=\"US5\" \/>\n<script type=\"application\/ld+json\" class=\"yoast-schema-graph\">{\"@context\":\"https:\/\/schema.org\",\"@graph\":[{\"@type\":\"WebPage\",\"@id\":\"https:\/\/veritasinfo.org\/?p=19712\",\"url\":\"https:\/\/veritasinfo.org\/?p=19712\",\"name\":\"Foda k\u00ebrkon t\u00eb pakt\u00ebn nj\u00eb barazim n\u00eb Lubjan\u00eb -\",\"isPartOf\":{\"@id\":\"https:\/\/veritasinfo.org\/#website\"},\"primaryImageOfPage\":{\"@id\":\"https:\/\/veritasinfo.org\/?p=19712#primaryimage\"},\"image\":{\"@id\":\"https:\/\/veritasinfo.org\/?p=19712#primaryimage\"},\"thumbnailUrl\":\"https:\/\/veritasinfo.org\/wp-content\/uploads\/2025\/11\/IMG-20251110-WA0010.jpg\",\"datePublished\":\"2025-11-10T12:31:28+00:00\",\"author\":{\"@id\":\"https:\/\/veritasinfo.org\/#\/schema\/person\/bc442336e35414d04494ab8fb45db4c6\"},\"breadcrumb\":{\"@id\":\"https:\/\/veritasinfo.org\/?p=19712#breadcrumb\"},\"inLanguage\":\"en-US\",\"potentialAction\":[{\"@type\":\"ReadAction\",\"target\":[\"https:\/\/veritasinfo.org\/?p=19712\"]}]},{\"@type\":\"ImageObject\",\"inLanguage\":\"en-US\",\"@id\":\"https:\/\/veritasinfo.org\/?p=19712#primaryimage\",\"url\":\"https:\/\/veritasinfo.org\/wp-content\/uploads\/2025\/11\/IMG-20251110-WA0010.jpg\",\"contentUrl\":\"https:\/\/veritasinfo.org\/wp-content\/uploads\/2025\/11\/IMG-20251110-WA0010.jpg\",\"width\":600,\"height\":360},{\"@type\":\"BreadcrumbList\",\"@id\":\"https:\/\/veritasinfo.org\/?p=19712#breadcrumb\",\"itemListElement\":[{\"@type\":\"ListItem\",\"position\":1,\"name\":\"Home\",\"item\":\"https:\/\/veritasinfo.org\/\"},{\"@type\":\"ListItem\",\"position\":2,\"name\":\"Foda k\u00ebrkon t\u00eb pakt\u00ebn nj\u00eb barazim n\u00eb Lubjan\u00eb\"}]},{\"@type\":\"WebSite\",\"@id\":\"https:\/\/veritasinfo.org\/#website\",\"url\":\"https:\/\/veritasinfo.org\/\",\"name\":\"\",\"description\":\"\",\"potentialAction\":[{\"@type\":\"SearchAction\",\"target\":{\"@type\":\"EntryPoint\",\"urlTemplate\":\"https:\/\/veritasinfo.org\/?s={search_term_string}\"},\"query-input\":{\"@type\":\"PropertyValueSpecification\",\"valueRequired\":true,\"valueName\":\"search_term_string\"}}],\"inLanguage\":\"en-US\"},{\"@type\":\"Person\",\"@id\":\"https:\/\/veritasinfo.org\/#\/schema\/person\/bc442336e35414d04494ab8fb45db4c6\",\"name\":\"US5\",\"image\":{\"@type\":\"ImageObject\",\"inLanguage\":\"en-US\",\"@id\":\"https:\/\/veritasinfo.org\/#\/schema\/person\/image\/\",\"url\":\"https:\/\/secure.gravatar.com\/avatar\/16a61e7272a0c5d001121ebb9e60e925d5816e4ac1e443ed3e640d9a6ae55d0c?s=96&d=mm&r=g\",\"contentUrl\":\"https:\/\/secure.gravatar.com\/avatar\/16a61e7272a0c5d001121ebb9e60e925d5816e4ac1e443ed3e640d9a6ae55d0c?s=96&d=mm&r=g\",\"caption\":\"US5\"},\"url\":\"https:\/\/veritasinfo.org\/?author=6\"}]}<\/script>\n<!-- \/ Yoast SEO plugin. -->","yoast_head_json":{"title":"Foda k\u00ebrkon t\u00eb pakt\u00ebn nj\u00eb barazim n\u00eb Lubjan\u00eb -","robots":{"index":"index","follow":"follow","max-snippet":"max-snippet:-1","max-image-preview":"max-image-preview:large","max-video-preview":"max-video-preview:-1"},"canonical":"https:\/\/veritasinfo.org\/?p=19712","og_locale":"en_US","og_type":"article","og_title":"Foda k\u00ebrkon t\u00eb pakt\u00ebn nj\u00eb barazim n\u00eb Lubjan\u00eb -","og_description":"Prishtin\u00eb 10 N\u00ebntor 2025 13:31 Selektori i Komb\u00ebtares s\u00eb Kosov\u00ebs n\u00eb futboll, Franco Foda, \u00ebsht\u00eb duke e mbajtur konferenc\u00ebn p\u00ebr shtyp n\u00eb prag t\u00eb ndeshjeve","og_url":"https:\/\/veritasinfo.org\/?p=19712","article_published_time":"2025-11-10T12:31:28+00:00","og_image":[{"width":600,"height":360,"url":"https:\/\/veritasinfo.org\/wp-content\/uploads\/2025\/11\/IMG-20251110-WA0010.jpg","type":"image\/jpeg"}],"author":"US5","twitter_card":"summary_large_image","twitter_misc":{"Written by":"US5"},"schema":{"@context":"https:\/\/schema.org","@graph":[{"@type":"WebPage","@id":"https:\/\/veritasinfo.org\/?p=19712","url":"https:\/\/veritasinfo.org\/?p=19712","name":"Foda k\u00ebrkon t\u00eb pakt\u00ebn nj\u00eb barazim n\u00eb Lubjan\u00eb -","isPartOf":{"@id":"https:\/\/veritasinfo.org\/#website"},"primaryImageOfPage":{"@id":"https:\/\/veritasinfo.org\/?p=19712#primaryimage"},"image":{"@id":"https:\/\/veritasinfo.org\/?p=19712#primaryimage"},"thumbnailUrl":"https:\/\/veritasinfo.org\/wp-content\/uploads\/2025\/11\/IMG-20251110-WA0010.jpg","datePublished":"2025-11-10T12:31:28+00:00","author":{"@id":"https:\/\/veritasinfo.org\/#\/schema\/person\/bc442336e35414d04494ab8fb45db4c6"},"breadcrumb":{"@id":"https:\/\/veritasinfo.org\/?p=19712#breadcrumb"},"inLanguage":"en-US","potentialAction":[{"@type":"ReadAction","target":["https:\/\/veritasinfo.org\/?p=19712"]}]},{"@type":"ImageObject","inLanguage":"en-US","@id":"https:\/\/veritasinfo.org\/?p=19712#primaryimage","url":"https:\/\/veritasinfo.org\/wp-content\/uploads\/2025\/11\/IMG-20251110-WA0010.jpg","contentUrl":"https:\/\/veritasinfo.org\/wp-content\/uploads\/2025\/11\/IMG-20251110-WA0010.jpg","width":600,"height":360},{"@type":"BreadcrumbList","@id":"https:\/\/veritasinfo.org\/?p=19712#breadcrumb","itemListElement":[{"@type":"ListItem","position":1,"name":"Home","item":"https:\/\/veritasinfo.org\/"},{"@type":"ListItem","position":2,"name":"Foda k\u00ebrkon t\u00eb pakt\u00ebn nj\u00eb barazim n\u00eb Lubjan\u00eb"}]},{"@type":"WebSite","@id":"https:\/\/veritasinfo.org\/#website","url":"https:\/\/veritasinfo.org\/","name":"","description":"","potentialAction":[{"@type":"SearchAction","target":{"@type":"EntryPoint","urlTemplate":"https:\/\/veritasinfo.org\/?s={search_term_string}"},"query-input":{"@type":"PropertyValueSpecification","valueRequired":true,"valueName":"search_term_string"}}],"inLanguage":"en-US"},{"@type":"Person","@id":"https:\/\/veritasinfo.org\/#\/schema\/person\/bc442336e35414d04494ab8fb45db4c6","name":"US5","image":{"@type":"ImageObject","inLanguage":"en-US","@id":"https:\/\/veritasinfo.org\/#\/schema\/person\/image\/","url":"https:\/\/secure.gravatar.com\/avatar\/16a61e7272a0c5d001121ebb9e60e925d5816e4ac1e443ed3e640d9a6ae55d0c?s=96&d=mm&r=g","contentUrl":"https:\/\/secure.gravatar.com\/avatar\/16a61e7272a0c5d001121ebb9e60e925d5816e4ac1e443ed3e640d9a6ae55d0c?s=96&d=mm&r=g","caption":"US5"},"url":"https:\/\/veritasinfo.org\/?author=6"}]}},"featured_image_urls":{"full":["https:\/\/veritasinfo.org\/wp-content\/uploads\/2025\/11\/IMG-20251110-WA0010.jpg",600,360,false],"thumbnail":["https:\/\/veritasinfo.org\/wp-content\/uploads\/2025\/11\/IMG-20251110-WA0010-150x150.jpg",150,150,true],"medium":["https:\/\/veritasinfo.org\/wp-content\/uploads\/2025\/11\/IMG-20251110-WA0010-300x180.jpg",300,180,true],"medium_large":["https:\/\/veritasinfo.org\/wp-content\/uploads\/2025\/11\/IMG-20251110-WA0010.jpg",600,360,false],"large":["https:\/\/veritasinfo.org\/wp-content\/uploads\/2025\/11\/IMG-20251110-WA0010.jpg",600,360,false],"1536x1536":["https:\/\/veritasinfo.org\/wp-content\/uploads\/2025\/11\/IMG-20251110-WA0010.jpg",600,360,false],"2048x2048":["https:\/\/veritasinfo.org\/wp-content\/uploads\/2025\/11\/IMG-20251110-WA0010.jpg",600,360,false],"kreeti-slider-full":["https:\/\/veritasinfo.org\/wp-content\/uploads\/2025\/11\/IMG-20251110-WA0010.jpg",600,360,false],"kreeti-featured":["https:\/\/veritasinfo.org\/wp-content\/uploads\/2025\/11\/IMG-20251110-WA0010.jpg",600,360,false],"kreeti-medium":["https:\/\/veritasinfo.org\/wp-content\/uploads\/2025\/11\/IMG-20251110-WA0010.jpg",600,360,false],"kreeti-medium-square":["https:\/\/veritasinfo.org\/wp-content\/uploads\/2025\/11\/IMG-20251110-WA0010.jpg",350,210,false]},"author_info":{"info":["US5"]},"category_info":"<a href=\"https:\/\/veritasinfo.org\/?cat=5\" rel=\"category\">Sport<\/a>","tag_info":"Sport","comment_count":"0","_links":{"self":[{"href":"https:\/\/veritasinfo.org\/index.php?rest_route=\/wp\/v2\/posts\/19712","targetHints":{"allow":["GET"]}}],"collection":[{"href":"https:\/\/veritasinfo.org\/index.php?rest_route=\/wp\/v2\/posts"}],"about":[{"href":"https:\/\/veritasinfo.org\/index.php?rest_route=\/wp\/v2\/types\/post"}],"author":[{"embeddable":true,"href":"https:\/\/veritasinfo.org\/index.php?rest_route=\/wp\/v2\/users\/6"}],"replies":[{"embeddable":true,"href":"https:\/\/veritasinfo.org\/index.php?rest_route=%2Fwp%2Fv2%2Fcomments&post=19712"}],"version-history":[{"count":1,"href":"https:\/\/veritasinfo.org\/index.php?rest_route=\/wp\/v2\/posts\/19712\/revisions"}],"predecessor-version":[{"id":19714,"href":"https:\/\/veritasinfo.org\/index.php?rest_route=\/wp\/v2\/posts\/19712\/revisions\/19714"}],"wp:featuredmedia":[{"embeddable":true,"href":"https:\/\/veritasinfo.org\/index.php?rest_route=\/wp\/v2\/media\/19713"}],"wp:attachment":[{"href":"https:\/\/veritasinfo.org\/index.php?rest_route=%2Fwp%2Fv2%2Fmedia&parent=19712"}],"wp:term":[{"taxonomy":"category","embeddable":true,"href":"https:\/\/veritasinfo.org\/index.php?rest_route=%2Fwp%2Fv2%2Fcategories&post=19712"},{"taxonomy":"post_tag","embeddable":true,"href":"https:\/\/veritasinfo.org\/index.php?rest_route=%2Fwp%2Fv2%2Ftags&post=19712"}],"curies":[{"name":"wp","href":"https:\/\/api.w.org\/{rel}","templated":true}]}}