{"id":19644,"date":"2025-11-09T18:50:29","date_gmt":"2025-11-09T17:50:29","guid":{"rendered":"https:\/\/veritasinfo.org\/?p=19644"},"modified":"2025-11-09T18:50:29","modified_gmt":"2025-11-09T17:50:29","slug":"prokuroria-e-shtetit-procesi-zgjedhor-ka-shkuar-mire","status":"publish","type":"post","link":"https:\/\/veritasinfo.org\/?p=19644","title":{"rendered":"Prokuroria e Shtetit: Procesi zgjedhor ka shkuar mir\u00eb"},"content":{"rendered":"<p>Prishtin\u00eb, 9 n\u00ebntor 2025 18:51<\/p>\n<p>Koordinatorja nacionale p\u00ebr zgjedhje, Laura Pula thot\u00eb se procesi i votimit n\u00eb k\u00ebt\u00eb raund t\u00eb dyt\u00eb zgjedhor ka shkuar mir\u00eb. Ani se ajo p\u00ebr KosovaPress deklaroi se jan\u00eb evidentuara dy raste me tre persona t\u00eb ndaluar.<\/p>\n<p>B\u00ebhet fjal\u00eb p\u00ebr nj\u00eb rast t\u00eb vepr\u00ebs penale \u201cmarrje dhe dh\u00ebnie ryshfeti\u201d n\u00eb Fush\u00eb-Kosov\u00eb ku jan\u00eb ndaluar 2 persona dhe rrezikojn\u00eb t\u00eb d\u00ebnohet me 1 deri 5 vite burgim<\/p>\n<p>Si dhe rasti i dyt\u00eb \u00ebsht\u00eb Pej\u00eb p\u00ebr vepr\u00ebn penale \u201ccenim t\u00eb privat\u00ebsis\u00eb s\u00eb votimit\u201d q\u00eb mund t\u00eb d\u00ebnohet me 1 deri 5 vite burgim.<\/p>\n<p>\u201cFatmir\u00ebsisht deri n\u00eb k\u00ebto momente i t\u00ebr\u00eb procesi \u00ebsht\u00eb mbar\u00ebvajtur mir\u00eb jan\u00eb t\u00eb evidentuara vet\u00ebm dy raste me tre persona t\u00eb ndaluar\u00a0 n\u00eb komuna t\u00eb ndryshme nga Prokurori t\u00eb ndryshme nj\u00ebra nga Peja dhe tjera n\u00eb Prishtin\u00eb. Nd\u00ebrsa, nuk do t\u00eb thot\u00eb q\u00eb gjat\u00eb dit\u00ebs nuk kemi pas informacione p\u00ebr raportime t\u00eb ndryshme q\u00eb kan\u00eb mundur t\u00eb paraqiten ato raportime nuk kan\u00eb prodhuar elemente t\u00eb vepr\u00ebs penale\u2026jan\u00eb n\u00eb Fush\u00eb-Kosov\u00eb \u00ebsht\u00eb rasti i par\u00eb ku dy persona jan\u00eb ndaluar p\u00ebr dh\u00ebnie dhe marrje t\u00eb ryshfetit dhe rasti tjet\u00ebr \u00ebsht\u00eb n\u00eb Pej\u00eb p\u00ebr cenim t\u00eb fsheht\u00ebsis\u00eb s\u00eb votimit jan\u00eb raste penale q\u00eb d\u00ebnohen e para me 1-5 vite dhe e dyta d\u00ebnohet deri n\u00eb 1 vit var\u00ebsisht prej m\u00ebnyr\u00ebs se kryerjes edhe deri n\u00eb 5 vite\u201d, deklaroi ajo.<\/p>\n<p>Prokurorja e shtetit, Laura Pula tha se personat e ndaluar jan\u00eb n\u00eb paraburgim p\u00ebr 48 or\u00eb. Nd\u00ebrsa, theksoi se \u00e7do rast i raportuar n\u00eb rrjete sociale \u00ebsht\u00eb verifikuar nga Prokurori i Shtetit.<\/p>\n<p>\u201c48 or\u00eb jan\u00eb t\u00eb ndaluar dhe var\u00ebsisht nga hetimet\u2026 T\u00eb gjitha rastet e postuara n\u00eb rrjetet sociale jan\u00eb verifikuar dhe pas verifikimeve kan\u00eb ardhur n\u00eb p\u00ebrfundim se a ka rast penal apo jo. N\u00eb ato raste ku kemi raste penale ka procedur\u00eb aty nuk ka kan\u00eb mbetur vet\u00ebm si informacione\u201d, tha ajo.<\/p>\n<p>P\u00ebr KosovaPress, Pula ka njoftuar edhe se nga ora 07:00 e m\u00ebngjesit jan\u00eb angazhuar gjithsej 80 prokuror\u00ebve dhe staf mb\u00ebshtet\u00ebs p\u00ebr reagim n\u00eb koh\u00eb.<\/p>\n<p>\u201c80 prokuror\u00eb s\u00eb bashku me staf mb\u00ebshtet\u00ebs t\u00eb cil\u00ebt kan\u00eb operuar me policin\u00eb e Kosov\u00ebs\u201d, deklaroi Pula.<\/p>\n<p>Sot qytetar\u00ebt e 18 komunave t\u00eb Kosov\u00ebs i jan\u00eb drejtuar kutive t\u00eb votimit p\u00ebr t\u00eb zgjedhur kryetarin q\u00eb do ta udh\u00ebheq\u00eb komun\u00ebn e tyre p\u00ebr kat\u00ebr vitet e ardhshme.<\/p>\n<p>&nbsp;<\/p>\n","protected":false},"excerpt":{"rendered":"<p>Prishtin\u00eb, 9 n\u00ebntor 2025 18:51 Koordinatorja nacionale p\u00ebr zgjedhje, Laura Pula thot\u00eb se procesi i votimit n\u00eb k\u00ebt\u00eb raund t\u00eb dyt\u00eb zgjedhor ka shkuar mir\u00eb.<\/p>\n","protected":false},"author":7,"featured_media":19645,"comment_status":"open","ping_status":"open","sticky":false,"template":"","format":"standard","meta":{"footnotes":""},"categories":[8],"tags":[],"class_list":["post-19644","post","type-post","status-publish","format-standard","has-post-thumbnail","hentry","category-blog-sq"],"yoast_head":"<!-- This site is optimized with the Yoast SEO plugin v25.3.1 - https:\/\/yoast.com\/wordpress\/plugins\/seo\/ -->\n<title>Prokuroria e Shtetit: Procesi zgjedhor ka shkuar mir\u00eb -<\/title>\n<meta name=\"robots\" content=\"index, follow, max-snippet:-1, max-image-preview:large, max-video-preview:-1\" \/>\n<link rel=\"canonical\" href=\"https:\/\/veritasinfo.org\/?p=19644\" \/>\n<meta property=\"og:locale\" content=\"en_US\" \/>\n<meta property=\"og:type\" content=\"article\" \/>\n<meta property=\"og:title\" content=\"Prokuroria e Shtetit: Procesi zgjedhor ka shkuar mir\u00eb -\" \/>\n<meta property=\"og:description\" content=\"Prishtin\u00eb, 9 n\u00ebntor 2025 18:51 Koordinatorja nacionale p\u00ebr zgjedhje, Laura Pula thot\u00eb se procesi i votimit n\u00eb k\u00ebt\u00eb raund t\u00eb dyt\u00eb zgjedhor ka shkuar mir\u00eb.\" \/>\n<meta property=\"og:url\" content=\"https:\/\/veritasinfo.org\/?p=19644\" \/>\n<meta property=\"article:published_time\" content=\"2025-11-09T17:50:29+00:00\" \/>\n<meta property=\"og:image\" content=\"https:\/\/veritasinfo.org\/wp-content\/uploads\/2025\/11\/veritas.png\" \/>\n\t<meta property=\"og:image:width\" content=\"726\" \/>\n\t<meta property=\"og:image:height\" content=\"480\" \/>\n\t<meta property=\"og:image:type\" content=\"image\/png\" \/>\n<meta name=\"author\" content=\"US6\" \/>\n<meta name=\"twitter:card\" content=\"summary_large_image\" \/>\n<meta name=\"twitter:label1\" content=\"Written by\" \/>\n\t<meta name=\"twitter:data1\" content=\"US6\" \/>\n\t<meta name=\"twitter:label2\" content=\"Est. reading time\" \/>\n\t<meta name=\"twitter:data2\" content=\"2 minutes\" \/>\n<script type=\"application\/ld+json\" class=\"yoast-schema-graph\">{\"@context\":\"https:\/\/schema.org\",\"@graph\":[{\"@type\":\"WebPage\",\"@id\":\"https:\/\/veritasinfo.org\/?p=19644\",\"url\":\"https:\/\/veritasinfo.org\/?p=19644\",\"name\":\"Prokuroria e Shtetit: Procesi zgjedhor ka shkuar mir\u00eb -\",\"isPartOf\":{\"@id\":\"https:\/\/veritasinfo.org\/#website\"},\"primaryImageOfPage\":{\"@id\":\"https:\/\/veritasinfo.org\/?p=19644#primaryimage\"},\"image\":{\"@id\":\"https:\/\/veritasinfo.org\/?p=19644#primaryimage\"},\"thumbnailUrl\":\"https:\/\/veritasinfo.org\/wp-content\/uploads\/2025\/11\/veritas.png\",\"datePublished\":\"2025-11-09T17:50:29+00:00\",\"author\":{\"@id\":\"https:\/\/veritasinfo.org\/#\/schema\/person\/fe199eede04c3937362892b7444747cc\"},\"breadcrumb\":{\"@id\":\"https:\/\/veritasinfo.org\/?p=19644#breadcrumb\"},\"inLanguage\":\"en-US\",\"potentialAction\":[{\"@type\":\"ReadAction\",\"target\":[\"https:\/\/veritasinfo.org\/?p=19644\"]}]},{\"@type\":\"ImageObject\",\"inLanguage\":\"en-US\",\"@id\":\"https:\/\/veritasinfo.org\/?p=19644#primaryimage\",\"url\":\"https:\/\/veritasinfo.org\/wp-content\/uploads\/2025\/11\/veritas.png\",\"contentUrl\":\"https:\/\/veritasinfo.org\/wp-content\/uploads\/2025\/11\/veritas.png\",\"width\":726,\"height\":480},{\"@type\":\"BreadcrumbList\",\"@id\":\"https:\/\/veritasinfo.org\/?p=19644#breadcrumb\",\"itemListElement\":[{\"@type\":\"ListItem\",\"position\":1,\"name\":\"Home\",\"item\":\"https:\/\/veritasinfo.org\/\"},{\"@type\":\"ListItem\",\"position\":2,\"name\":\"Prokuroria e Shtetit: Procesi zgjedhor ka shkuar mir\u00eb\"}]},{\"@type\":\"WebSite\",\"@id\":\"https:\/\/veritasinfo.org\/#website\",\"url\":\"https:\/\/veritasinfo.org\/\",\"name\":\"\",\"description\":\"\",\"potentialAction\":[{\"@type\":\"SearchAction\",\"target\":{\"@type\":\"EntryPoint\",\"urlTemplate\":\"https:\/\/veritasinfo.org\/?s={search_term_string}\"},\"query-input\":{\"@type\":\"PropertyValueSpecification\",\"valueRequired\":true,\"valueName\":\"search_term_string\"}}],\"inLanguage\":\"en-US\"},{\"@type\":\"Person\",\"@id\":\"https:\/\/veritasinfo.org\/#\/schema\/person\/fe199eede04c3937362892b7444747cc\",\"name\":\"US6\",\"image\":{\"@type\":\"ImageObject\",\"inLanguage\":\"en-US\",\"@id\":\"https:\/\/veritasinfo.org\/#\/schema\/person\/image\/\",\"url\":\"https:\/\/secure.gravatar.com\/avatar\/cb16c3c31c9d23b9b8c705964598220b3014e42ff51eb540ff23cefa3ae8c15f?s=96&d=mm&r=g\",\"contentUrl\":\"https:\/\/secure.gravatar.com\/avatar\/cb16c3c31c9d23b9b8c705964598220b3014e42ff51eb540ff23cefa3ae8c15f?s=96&d=mm&r=g\",\"caption\":\"US6\"},\"url\":\"https:\/\/veritasinfo.org\/?author=7\"}]}<\/script>\n<!-- \/ Yoast SEO plugin. -->","yoast_head_json":{"title":"Prokuroria e Shtetit: Procesi zgjedhor ka shkuar mir\u00eb -","robots":{"index":"index","follow":"follow","max-snippet":"max-snippet:-1","max-image-preview":"max-image-preview:large","max-video-preview":"max-video-preview:-1"},"canonical":"https:\/\/veritasinfo.org\/?p=19644","og_locale":"en_US","og_type":"article","og_title":"Prokuroria e Shtetit: Procesi zgjedhor ka shkuar mir\u00eb -","og_description":"Prishtin\u00eb, 9 n\u00ebntor 2025 18:51 Koordinatorja nacionale p\u00ebr zgjedhje, Laura Pula thot\u00eb se procesi i votimit n\u00eb k\u00ebt\u00eb raund t\u00eb dyt\u00eb zgjedhor ka shkuar mir\u00eb.","og_url":"https:\/\/veritasinfo.org\/?p=19644","article_published_time":"2025-11-09T17:50:29+00:00","og_image":[{"width":726,"height":480,"url":"https:\/\/veritasinfo.org\/wp-content\/uploads\/2025\/11\/veritas.png","type":"image\/png"}],"author":"US6","twitter_card":"summary_large_image","twitter_misc":{"Written by":"US6","Est. reading time":"2 minutes"},"schema":{"@context":"https:\/\/schema.org","@graph":[{"@type":"WebPage","@id":"https:\/\/veritasinfo.org\/?p=19644","url":"https:\/\/veritasinfo.org\/?p=19644","name":"Prokuroria e Shtetit: Procesi zgjedhor ka shkuar mir\u00eb -","isPartOf":{"@id":"https:\/\/veritasinfo.org\/#website"},"primaryImageOfPage":{"@id":"https:\/\/veritasinfo.org\/?p=19644#primaryimage"},"image":{"@id":"https:\/\/veritasinfo.org\/?p=19644#primaryimage"},"thumbnailUrl":"https:\/\/veritasinfo.org\/wp-content\/uploads\/2025\/11\/veritas.png","datePublished":"2025-11-09T17:50:29+00:00","author":{"@id":"https:\/\/veritasinfo.org\/#\/schema\/person\/fe199eede04c3937362892b7444747cc"},"breadcrumb":{"@id":"https:\/\/veritasinfo.org\/?p=19644#breadcrumb"},"inLanguage":"en-US","potentialAction":[{"@type":"ReadAction","target":["https:\/\/veritasinfo.org\/?p=19644"]}]},{"@type":"ImageObject","inLanguage":"en-US","@id":"https:\/\/veritasinfo.org\/?p=19644#primaryimage","url":"https:\/\/veritasinfo.org\/wp-content\/uploads\/2025\/11\/veritas.png","contentUrl":"https:\/\/veritasinfo.org\/wp-content\/uploads\/2025\/11\/veritas.png","width":726,"height":480},{"@type":"BreadcrumbList","@id":"https:\/\/veritasinfo.org\/?p=19644#breadcrumb","itemListElement":[{"@type":"ListItem","position":1,"name":"Home","item":"https:\/\/veritasinfo.org\/"},{"@type":"ListItem","position":2,"name":"Prokuroria e Shtetit: Procesi zgjedhor ka shkuar mir\u00eb"}]},{"@type":"WebSite","@id":"https:\/\/veritasinfo.org\/#website","url":"https:\/\/veritasinfo.org\/","name":"","description":"","potentialAction":[{"@type":"SearchAction","target":{"@type":"EntryPoint","urlTemplate":"https:\/\/veritasinfo.org\/?s={search_term_string}"},"query-input":{"@type":"PropertyValueSpecification","valueRequired":true,"valueName":"search_term_string"}}],"inLanguage":"en-US"},{"@type":"Person","@id":"https:\/\/veritasinfo.org\/#\/schema\/person\/fe199eede04c3937362892b7444747cc","name":"US6","image":{"@type":"ImageObject","inLanguage":"en-US","@id":"https:\/\/veritasinfo.org\/#\/schema\/person\/image\/","url":"https:\/\/secure.gravatar.com\/avatar\/cb16c3c31c9d23b9b8c705964598220b3014e42ff51eb540ff23cefa3ae8c15f?s=96&d=mm&r=g","contentUrl":"https:\/\/secure.gravatar.com\/avatar\/cb16c3c31c9d23b9b8c705964598220b3014e42ff51eb540ff23cefa3ae8c15f?s=96&d=mm&r=g","caption":"US6"},"url":"https:\/\/veritasinfo.org\/?author=7"}]}},"featured_image_urls":{"full":["https:\/\/veritasinfo.org\/wp-content\/uploads\/2025\/11\/veritas.png",726,480,false],"thumbnail":["https:\/\/veritasinfo.org\/wp-content\/uploads\/2025\/11\/veritas-150x150.png",150,150,true],"medium":["https:\/\/veritasinfo.org\/wp-content\/uploads\/2025\/11\/veritas-300x198.png",300,198,true],"medium_large":["https:\/\/veritasinfo.org\/wp-content\/uploads\/2025\/11\/veritas.png",640,423,false],"large":["https:\/\/veritasinfo.org\/wp-content\/uploads\/2025\/11\/veritas.png",640,423,false],"1536x1536":["https:\/\/veritasinfo.org\/wp-content\/uploads\/2025\/11\/veritas.png",726,480,false],"2048x2048":["https:\/\/veritasinfo.org\/wp-content\/uploads\/2025\/11\/veritas.png",726,480,false],"kreeti-slider-full":["https:\/\/veritasinfo.org\/wp-content\/uploads\/2025\/11\/veritas.png",726,480,false],"kreeti-featured":["https:\/\/veritasinfo.org\/wp-content\/uploads\/2025\/11\/veritas.png",726,480,false],"kreeti-medium":["https:\/\/veritasinfo.org\/wp-content\/uploads\/2025\/11\/veritas.png",720,476,false],"kreeti-medium-square":["https:\/\/veritasinfo.org\/wp-content\/uploads\/2025\/11\/veritas.png",350,231,false]},"author_info":{"info":["US6"]},"category_info":"<a href=\"https:\/\/veritasinfo.org\/?cat=8\" rel=\"category\">Zgjedhjet parlamentare 2025<\/a>","tag_info":"Zgjedhjet parlamentare 2025","comment_count":"0","_links":{"self":[{"href":"https:\/\/veritasinfo.org\/index.php?rest_route=\/wp\/v2\/posts\/19644","targetHints":{"allow":["GET"]}}],"collection":[{"href":"https:\/\/veritasinfo.org\/index.php?rest_route=\/wp\/v2\/posts"}],"about":[{"href":"https:\/\/veritasinfo.org\/index.php?rest_route=\/wp\/v2\/types\/post"}],"author":[{"embeddable":true,"href":"https:\/\/veritasinfo.org\/index.php?rest_route=\/wp\/v2\/users\/7"}],"replies":[{"embeddable":true,"href":"https:\/\/veritasinfo.org\/index.php?rest_route=%2Fwp%2Fv2%2Fcomments&post=19644"}],"version-history":[{"count":1,"href":"https:\/\/veritasinfo.org\/index.php?rest_route=\/wp\/v2\/posts\/19644\/revisions"}],"predecessor-version":[{"id":19646,"href":"https:\/\/veritasinfo.org\/index.php?rest_route=\/wp\/v2\/posts\/19644\/revisions\/19646"}],"wp:featuredmedia":[{"embeddable":true,"href":"https:\/\/veritasinfo.org\/index.php?rest_route=\/wp\/v2\/media\/19645"}],"wp:attachment":[{"href":"https:\/\/veritasinfo.org\/index.php?rest_route=%2Fwp%2Fv2%2Fmedia&parent=19644"}],"wp:term":[{"taxonomy":"category","embeddable":true,"href":"https:\/\/veritasinfo.org\/index.php?rest_route=%2Fwp%2Fv2%2Fcategories&post=19644"},{"taxonomy":"post_tag","embeddable":true,"href":"https:\/\/veritasinfo.org\/index.php?rest_route=%2Fwp%2Fv2%2Ftags&post=19644"}],"curies":[{"name":"wp","href":"https:\/\/api.w.org\/{rel}","templated":true}]}}