{"id":19590,"date":"2025-11-09T12:44:13","date_gmt":"2025-11-09T11:44:13","guid":{"rendered":"https:\/\/veritasinfo.org\/?p=19590"},"modified":"2025-11-09T12:44:13","modified_gmt":"2025-11-09T11:44:13","slug":"osmani-jam-besimplote-se-sot-do-te-organizohen-zgjedhje-te-lira-dhe-demokratike-ku-secili-qytetar-do-ta-shfrytezoje-te-drejten-e-vet","status":"publish","type":"post","link":"https:\/\/veritasinfo.org\/?p=19590","title":{"rendered":"Osmani: Jam besimplot\u00eb se sot do t\u00eb organizohen zgjedhje t\u00eb lira dhe demokratike ku secili qytetar do ta shfryt\u00ebzoj\u00eb t\u00eb drejt\u00ebn e vet"},"content":{"rendered":"<p>Prishtin\u00eb 09 N\u00ebntor 2025<\/p>\n<p>Presidentja e Republik\u00ebs s\u00eb Kosov\u00ebs Vjosa Osmani, e ka shfryt\u00ebzuar t\u00eb drejt\u00ebn e saj p\u00ebr t\u00eb votuar.<\/p>\n<p>Shefja e shtetit vot\u00ebn e ka hedhur s\u00eb bashku edhe me zot\u00ebriun e par\u00eb Prindon Sadriun, n\u00eb Fakultetin Teknik.<\/p>\n<p>Pas votimit, ajo tha se rundi i dyt\u00eb \u00ebsht\u00eb po aq i rend\u00ebsish\u00ebm sa i pari.<\/p>\n<p>\u201cEdhe sot n\u00eb balotazh \u00ebsht\u00eb po aq i r\u00ebnd\u00ebsish\u00ebm sa i pari sepse qytetar\u00ebt vendosin se kush do t\u2019i udh\u00ebheq\u00eb komunat por edhe p\u00ebr nj\u00eb t\u00eb ardhme p\u00ebr f\u00ebmij\u00ebt e tyre. Kosova ka demokracin\u00eb m\u00eb t\u00eb fort\u00eb elektorale n\u00eb rajon. Jam besimplot\u00eb q\u00eb edhe dita e sotme do t\u00eb jet\u00eb e till\u00eb ku do t\u00eb zhvillohen zgjedhje t\u00eb lira dhe demokratike., u shpreh ajo.<\/p>\n<p>Ajo foli edhe p\u00ebr zgjedhjet nacionale p\u00ebr t\u00eb cilat tha se pritet t\u00eb shihet n\u00eb dit\u00ebt n\u00eb vijim se \u00e7far\u00eb do t\u00eb ndodh\u00eb.<\/p>\n<p>\u201cZgjedhjet komunale nuk kan\u00eb ndikim n\u00eb proceset n\u00eb nivel nacional. Proceset n\u00eb nivelin nacioanle jan\u00eb duke u zhvilluar n\u00eb p\u00ebrputhje me Kushtetut\u00ebn. Edhe zgjedhjet nacionale kur do q\u00eb t\u00eb mbahen do t\u00eb jen\u00eb edhe nj\u00eb gur\u00eb m\u00eb shum\u00eb n\u00eb k\u00ebt\u00eb kalan\u00eb e demokracis\u00eb q\u00eb kemi nd\u00ebrtuar\u201d, u shpreh ajo.<\/p>\n","protected":false},"excerpt":{"rendered":"<p>Prishtin\u00eb 09 N\u00ebntor 2025 Presidentja e Republik\u00ebs s\u00eb Kosov\u00ebs Vjosa Osmani, e ka shfryt\u00ebzuar t\u00eb drejt\u00ebn e saj p\u00ebr t\u00eb votuar. Shefja e shtetit vot\u00ebn<\/p>\n","protected":false},"author":6,"featured_media":19591,"comment_status":"open","ping_status":"open","sticky":false,"template":"","format":"standard","meta":{"footnotes":""},"categories":[8],"tags":[],"class_list":["post-19590","post","type-post","status-publish","format-standard","has-post-thumbnail","hentry","category-blog-sq"],"yoast_head":"<!-- This site is optimized with the Yoast SEO plugin v25.3.1 - https:\/\/yoast.com\/wordpress\/plugins\/seo\/ -->\n<title>Osmani: Jam besimplot\u00eb se sot do t\u00eb organizohen zgjedhje t\u00eb lira dhe demokratike ku secili qytetar do ta shfryt\u00ebzoj\u00eb t\u00eb drejt\u00ebn e vet -<\/title>\n<meta name=\"robots\" content=\"index, follow, max-snippet:-1, max-image-preview:large, max-video-preview:-1\" \/>\n<link rel=\"canonical\" href=\"https:\/\/veritasinfo.org\/?p=19590\" \/>\n<meta property=\"og:locale\" content=\"en_US\" \/>\n<meta property=\"og:type\" content=\"article\" \/>\n<meta property=\"og:title\" content=\"Osmani: Jam besimplot\u00eb se sot do t\u00eb organizohen zgjedhje t\u00eb lira dhe demokratike ku secili qytetar do ta shfryt\u00ebzoj\u00eb t\u00eb drejt\u00ebn e vet -\" \/>\n<meta property=\"og:description\" content=\"Prishtin\u00eb 09 N\u00ebntor 2025 Presidentja e Republik\u00ebs s\u00eb Kosov\u00ebs Vjosa Osmani, e ka shfryt\u00ebzuar t\u00eb drejt\u00ebn e saj p\u00ebr t\u00eb votuar. Shefja e shtetit vot\u00ebn\" \/>\n<meta property=\"og:url\" content=\"https:\/\/veritasinfo.org\/?p=19590\" \/>\n<meta property=\"article:published_time\" content=\"2025-11-09T11:44:13+00:00\" \/>\n<meta property=\"og:image\" content=\"https:\/\/veritasinfo.org\/wp-content\/uploads\/2025\/11\/Vjosa-Osmani-1.jpg\" \/>\n\t<meta property=\"og:image:width\" content=\"900\" \/>\n\t<meta property=\"og:image:height\" content=\"600\" \/>\n\t<meta property=\"og:image:type\" content=\"image\/jpeg\" \/>\n<meta name=\"author\" content=\"US5\" \/>\n<meta name=\"twitter:card\" content=\"summary_large_image\" \/>\n<meta name=\"twitter:label1\" content=\"Written by\" \/>\n\t<meta name=\"twitter:data1\" content=\"US5\" \/>\n\t<meta name=\"twitter:label2\" content=\"Est. reading time\" \/>\n\t<meta name=\"twitter:data2\" content=\"1 minute\" \/>\n<script type=\"application\/ld+json\" class=\"yoast-schema-graph\">{\"@context\":\"https:\/\/schema.org\",\"@graph\":[{\"@type\":\"WebPage\",\"@id\":\"https:\/\/veritasinfo.org\/?p=19590\",\"url\":\"https:\/\/veritasinfo.org\/?p=19590\",\"name\":\"Osmani: Jam besimplot\u00eb se sot do t\u00eb organizohen zgjedhje t\u00eb lira dhe demokratike ku secili qytetar do ta shfryt\u00ebzoj\u00eb t\u00eb drejt\u00ebn e vet -\",\"isPartOf\":{\"@id\":\"https:\/\/veritasinfo.org\/#website\"},\"primaryImageOfPage\":{\"@id\":\"https:\/\/veritasinfo.org\/?p=19590#primaryimage\"},\"image\":{\"@id\":\"https:\/\/veritasinfo.org\/?p=19590#primaryimage\"},\"thumbnailUrl\":\"https:\/\/veritasinfo.org\/wp-content\/uploads\/2025\/11\/Vjosa-Osmani-1.jpg\",\"datePublished\":\"2025-11-09T11:44:13+00:00\",\"author\":{\"@id\":\"https:\/\/veritasinfo.org\/#\/schema\/person\/bc442336e35414d04494ab8fb45db4c6\"},\"breadcrumb\":{\"@id\":\"https:\/\/veritasinfo.org\/?p=19590#breadcrumb\"},\"inLanguage\":\"en-US\",\"potentialAction\":[{\"@type\":\"ReadAction\",\"target\":[\"https:\/\/veritasinfo.org\/?p=19590\"]}]},{\"@type\":\"ImageObject\",\"inLanguage\":\"en-US\",\"@id\":\"https:\/\/veritasinfo.org\/?p=19590#primaryimage\",\"url\":\"https:\/\/veritasinfo.org\/wp-content\/uploads\/2025\/11\/Vjosa-Osmani-1.jpg\",\"contentUrl\":\"https:\/\/veritasinfo.org\/wp-content\/uploads\/2025\/11\/Vjosa-Osmani-1.jpg\",\"width\":900,\"height\":600},{\"@type\":\"BreadcrumbList\",\"@id\":\"https:\/\/veritasinfo.org\/?p=19590#breadcrumb\",\"itemListElement\":[{\"@type\":\"ListItem\",\"position\":1,\"name\":\"Home\",\"item\":\"https:\/\/veritasinfo.org\/\"},{\"@type\":\"ListItem\",\"position\":2,\"name\":\"Osmani: Jam besimplot\u00eb se sot do t\u00eb organizohen zgjedhje t\u00eb lira dhe demokratike ku secili qytetar do ta shfryt\u00ebzoj\u00eb t\u00eb drejt\u00ebn e vet\"}]},{\"@type\":\"WebSite\",\"@id\":\"https:\/\/veritasinfo.org\/#website\",\"url\":\"https:\/\/veritasinfo.org\/\",\"name\":\"\",\"description\":\"\",\"potentialAction\":[{\"@type\":\"SearchAction\",\"target\":{\"@type\":\"EntryPoint\",\"urlTemplate\":\"https:\/\/veritasinfo.org\/?s={search_term_string}\"},\"query-input\":{\"@type\":\"PropertyValueSpecification\",\"valueRequired\":true,\"valueName\":\"search_term_string\"}}],\"inLanguage\":\"en-US\"},{\"@type\":\"Person\",\"@id\":\"https:\/\/veritasinfo.org\/#\/schema\/person\/bc442336e35414d04494ab8fb45db4c6\",\"name\":\"US5\",\"image\":{\"@type\":\"ImageObject\",\"inLanguage\":\"en-US\",\"@id\":\"https:\/\/veritasinfo.org\/#\/schema\/person\/image\/\",\"url\":\"https:\/\/secure.gravatar.com\/avatar\/16a61e7272a0c5d001121ebb9e60e925d5816e4ac1e443ed3e640d9a6ae55d0c?s=96&d=mm&r=g\",\"contentUrl\":\"https:\/\/secure.gravatar.com\/avatar\/16a61e7272a0c5d001121ebb9e60e925d5816e4ac1e443ed3e640d9a6ae55d0c?s=96&d=mm&r=g\",\"caption\":\"US5\"},\"url\":\"https:\/\/veritasinfo.org\/?author=6\"}]}<\/script>\n<!-- \/ Yoast SEO plugin. -->","yoast_head_json":{"title":"Osmani: Jam besimplot\u00eb se sot do t\u00eb organizohen zgjedhje t\u00eb lira dhe demokratike ku secili qytetar do ta shfryt\u00ebzoj\u00eb t\u00eb drejt\u00ebn e vet -","robots":{"index":"index","follow":"follow","max-snippet":"max-snippet:-1","max-image-preview":"max-image-preview:large","max-video-preview":"max-video-preview:-1"},"canonical":"https:\/\/veritasinfo.org\/?p=19590","og_locale":"en_US","og_type":"article","og_title":"Osmani: Jam besimplot\u00eb se sot do t\u00eb organizohen zgjedhje t\u00eb lira dhe demokratike ku secili qytetar do ta shfryt\u00ebzoj\u00eb t\u00eb drejt\u00ebn e vet -","og_description":"Prishtin\u00eb 09 N\u00ebntor 2025 Presidentja e Republik\u00ebs s\u00eb Kosov\u00ebs Vjosa Osmani, e ka shfryt\u00ebzuar t\u00eb drejt\u00ebn e saj p\u00ebr t\u00eb votuar. Shefja e shtetit vot\u00ebn","og_url":"https:\/\/veritasinfo.org\/?p=19590","article_published_time":"2025-11-09T11:44:13+00:00","og_image":[{"width":900,"height":600,"url":"https:\/\/veritasinfo.org\/wp-content\/uploads\/2025\/11\/Vjosa-Osmani-1.jpg","type":"image\/jpeg"}],"author":"US5","twitter_card":"summary_large_image","twitter_misc":{"Written by":"US5","Est. reading time":"1 minute"},"schema":{"@context":"https:\/\/schema.org","@graph":[{"@type":"WebPage","@id":"https:\/\/veritasinfo.org\/?p=19590","url":"https:\/\/veritasinfo.org\/?p=19590","name":"Osmani: Jam besimplot\u00eb se sot do t\u00eb organizohen zgjedhje t\u00eb lira dhe demokratike ku secili qytetar do ta shfryt\u00ebzoj\u00eb t\u00eb drejt\u00ebn e vet -","isPartOf":{"@id":"https:\/\/veritasinfo.org\/#website"},"primaryImageOfPage":{"@id":"https:\/\/veritasinfo.org\/?p=19590#primaryimage"},"image":{"@id":"https:\/\/veritasinfo.org\/?p=19590#primaryimage"},"thumbnailUrl":"https:\/\/veritasinfo.org\/wp-content\/uploads\/2025\/11\/Vjosa-Osmani-1.jpg","datePublished":"2025-11-09T11:44:13+00:00","author":{"@id":"https:\/\/veritasinfo.org\/#\/schema\/person\/bc442336e35414d04494ab8fb45db4c6"},"breadcrumb":{"@id":"https:\/\/veritasinfo.org\/?p=19590#breadcrumb"},"inLanguage":"en-US","potentialAction":[{"@type":"ReadAction","target":["https:\/\/veritasinfo.org\/?p=19590"]}]},{"@type":"ImageObject","inLanguage":"en-US","@id":"https:\/\/veritasinfo.org\/?p=19590#primaryimage","url":"https:\/\/veritasinfo.org\/wp-content\/uploads\/2025\/11\/Vjosa-Osmani-1.jpg","contentUrl":"https:\/\/veritasinfo.org\/wp-content\/uploads\/2025\/11\/Vjosa-Osmani-1.jpg","width":900,"height":600},{"@type":"BreadcrumbList","@id":"https:\/\/veritasinfo.org\/?p=19590#breadcrumb","itemListElement":[{"@type":"ListItem","position":1,"name":"Home","item":"https:\/\/veritasinfo.org\/"},{"@type":"ListItem","position":2,"name":"Osmani: Jam besimplot\u00eb se sot do t\u00eb organizohen zgjedhje t\u00eb lira dhe demokratike ku secili qytetar do ta shfryt\u00ebzoj\u00eb t\u00eb drejt\u00ebn e vet"}]},{"@type":"WebSite","@id":"https:\/\/veritasinfo.org\/#website","url":"https:\/\/veritasinfo.org\/","name":"","description":"","potentialAction":[{"@type":"SearchAction","target":{"@type":"EntryPoint","urlTemplate":"https:\/\/veritasinfo.org\/?s={search_term_string}"},"query-input":{"@type":"PropertyValueSpecification","valueRequired":true,"valueName":"search_term_string"}}],"inLanguage":"en-US"},{"@type":"Person","@id":"https:\/\/veritasinfo.org\/#\/schema\/person\/bc442336e35414d04494ab8fb45db4c6","name":"US5","image":{"@type":"ImageObject","inLanguage":"en-US","@id":"https:\/\/veritasinfo.org\/#\/schema\/person\/image\/","url":"https:\/\/secure.gravatar.com\/avatar\/16a61e7272a0c5d001121ebb9e60e925d5816e4ac1e443ed3e640d9a6ae55d0c?s=96&d=mm&r=g","contentUrl":"https:\/\/secure.gravatar.com\/avatar\/16a61e7272a0c5d001121ebb9e60e925d5816e4ac1e443ed3e640d9a6ae55d0c?s=96&d=mm&r=g","caption":"US5"},"url":"https:\/\/veritasinfo.org\/?author=6"}]}},"featured_image_urls":{"full":["https:\/\/veritasinfo.org\/wp-content\/uploads\/2025\/11\/Vjosa-Osmani-1.jpg",900,600,false],"thumbnail":["https:\/\/veritasinfo.org\/wp-content\/uploads\/2025\/11\/Vjosa-Osmani-1-150x150.jpg",150,150,true],"medium":["https:\/\/veritasinfo.org\/wp-content\/uploads\/2025\/11\/Vjosa-Osmani-1-300x200.jpg",300,200,true],"medium_large":["https:\/\/veritasinfo.org\/wp-content\/uploads\/2025\/11\/Vjosa-Osmani-1-768x512.jpg",640,427,true],"large":["https:\/\/veritasinfo.org\/wp-content\/uploads\/2025\/11\/Vjosa-Osmani-1.jpg",640,427,false],"1536x1536":["https:\/\/veritasinfo.org\/wp-content\/uploads\/2025\/11\/Vjosa-Osmani-1.jpg",900,600,false],"2048x2048":["https:\/\/veritasinfo.org\/wp-content\/uploads\/2025\/11\/Vjosa-Osmani-1.jpg",900,600,false],"kreeti-slider-full":["https:\/\/veritasinfo.org\/wp-content\/uploads\/2025\/11\/Vjosa-Osmani-1.jpg",900,600,false],"kreeti-featured":["https:\/\/veritasinfo.org\/wp-content\/uploads\/2025\/11\/Vjosa-Osmani-1.jpg",900,600,false],"kreeti-medium":["https:\/\/veritasinfo.org\/wp-content\/uploads\/2025\/11\/Vjosa-Osmani-1.jpg",720,480,false],"kreeti-medium-square":["https:\/\/veritasinfo.org\/wp-content\/uploads\/2025\/11\/Vjosa-Osmani-1.jpg",350,233,false]},"author_info":{"info":["US5"]},"category_info":"<a href=\"https:\/\/veritasinfo.org\/?cat=8\" rel=\"category\">Zgjedhjet parlamentare 2025<\/a>","tag_info":"Zgjedhjet parlamentare 2025","comment_count":"0","_links":{"self":[{"href":"https:\/\/veritasinfo.org\/index.php?rest_route=\/wp\/v2\/posts\/19590","targetHints":{"allow":["GET"]}}],"collection":[{"href":"https:\/\/veritasinfo.org\/index.php?rest_route=\/wp\/v2\/posts"}],"about":[{"href":"https:\/\/veritasinfo.org\/index.php?rest_route=\/wp\/v2\/types\/post"}],"author":[{"embeddable":true,"href":"https:\/\/veritasinfo.org\/index.php?rest_route=\/wp\/v2\/users\/6"}],"replies":[{"embeddable":true,"href":"https:\/\/veritasinfo.org\/index.php?rest_route=%2Fwp%2Fv2%2Fcomments&post=19590"}],"version-history":[{"count":1,"href":"https:\/\/veritasinfo.org\/index.php?rest_route=\/wp\/v2\/posts\/19590\/revisions"}],"predecessor-version":[{"id":19592,"href":"https:\/\/veritasinfo.org\/index.php?rest_route=\/wp\/v2\/posts\/19590\/revisions\/19592"}],"wp:featuredmedia":[{"embeddable":true,"href":"https:\/\/veritasinfo.org\/index.php?rest_route=\/wp\/v2\/media\/19591"}],"wp:attachment":[{"href":"https:\/\/veritasinfo.org\/index.php?rest_route=%2Fwp%2Fv2%2Fmedia&parent=19590"}],"wp:term":[{"taxonomy":"category","embeddable":true,"href":"https:\/\/veritasinfo.org\/index.php?rest_route=%2Fwp%2Fv2%2Fcategories&post=19590"},{"taxonomy":"post_tag","embeddable":true,"href":"https:\/\/veritasinfo.org\/index.php?rest_route=%2Fwp%2Fv2%2Ftags&post=19590"}],"curies":[{"name":"wp","href":"https:\/\/api.w.org\/{rel}","templated":true}]}}