{"id":19572,"date":"2025-11-09T11:03:58","date_gmt":"2025-11-09T10:03:58","guid":{"rendered":"https:\/\/veritasinfo.org\/?p=19572"},"modified":"2025-11-09T11:06:09","modified_gmt":"2025-11-09T10:06:09","slug":"hajdari-vjen-te-kosova-pasi-realizoi-endrren-ne-bundeslige","status":"publish","type":"post","link":"https:\/\/veritasinfo.org\/?p=19572","title":{"rendered":"Hajdari vjen te Kosova pasi realizoi \u00ebndrr\u00ebn n\u00eb Bundeslig\u00eb"},"content":{"rendered":"<p>Prishtin\u00eb 09 N\u00ebntor 2025<\/p>\n<p>Mbrojt\u00ebsi Albian Hajdari i bashkohet Kosov\u00ebs n\u00eb moment shum\u00eb t\u00eb mir\u00eb \u2013 pas realizimit t\u00eb nj\u00eb \u00ebndrre q\u00eb kishte lidhur me karrier\u00ebn n\u00eb futboll.<\/p>\n<p>22-vje\u00e7ari t\u00eb shtun\u00ebn sh\u00ebnoi golin e par\u00eb n\u00eb Bundeslig\u00eb. Ai e ndihmoi fitoren 3:1 t\u00eb Hoffenheimit ndaj RB Leipzigut. P\u00ebr Hoffenheimin \u00ebsht\u00eb fitorja e kat\u00ebrt rresht n\u00eb Bundeslig\u00eb. Leipzigu p\u00ebsoi humbje po ashtu pas kat\u00ebr fitoreve rresht. Kjo skuad\u00ebr nuk ishte mposhtur n\u00eb n\u00ebnt\u00eb ndeshje rresht, p\u00ebrkat\u00ebsisht q\u00eb nga 22 gushti kur p\u00ebsoi 6:0 nga Bayerni. Tet\u00eb prej atyre ndeshjeve i kishte fituar.<\/p>\n<p>Por kjo seri e Leipzigut p\u00ebrfundoi t\u00eb shtun\u00ebn nga Hajdari, Leon Avdullahu, Fisnik Asllani dhe lojtar\u00ebt e tjer\u00eb t\u00eb Hoffenheimit.<\/p>\n<p>\u201cTrajneri na ka p\u00ebrgatitur shum\u00eb mir\u00eb, jemi ndier mir\u00eb\u201d, ka th\u00ebn\u00eb Hajdari pas ndeshjes. \u201cLeipzigu kishte ecuri shum\u00eb t\u00eb mir\u00eb, por ne kemi dashur ta p\u00ebrfundojm\u00eb at\u00eb dhe jemi t\u00eb lumtur q\u00eb e kemi arritur k\u00ebt\u00eb. Ne jemi dhe do t\u00eb vazhdojm\u00eb t\u00eb jemi t\u00eb uritur, ambicioz\u00eb dhe do t\u00eb luftojm\u00eb deri n\u00eb fund. Ne kemi vrapuar dhjet\u00eb kilometra m\u00eb shum\u00eb se kund\u00ebrshtar\u00ebt tan\u00eb dhe kjo e b\u00ebri gjith\u00eb diferenc\u00ebn\u201d, ka shtuar mbrojt\u00ebsi i ri i Kosov\u00ebs.<\/p>\n<p>Hajdari iu bashkua Hoffenheimit n\u00eb ver\u00eb nga Lugano e Zvicr\u00ebs. Menj\u00ebher\u00eb u b\u00eb i r\u00ebnd\u00ebsish\u00ebm. Nd\u00ebrkoh\u00eb u bashkua edhe me p\u00ebrfaq\u00ebsuesen e Kosov\u00ebs, ku po ashtu q\u00eb nga fillimi \u00ebsht\u00eb shum\u00eb i r\u00ebnd\u00ebsish\u00ebm.<\/p>\n<p>\u201cJam i lumtur q\u00eb ia dol\u00ebm t\u00eb fitojm\u00eb pik\u00ebt dhe tani mund t\u00eb shijojm\u00eb ndeshjet nd\u00ebrkomb\u00ebtare\u201d, ka th\u00ebn\u00eb Hajdari.<\/p>\n<p>Kosova t\u00eb h\u00ebn\u00ebn e fillon zyrtarisht grumbullimin p\u00ebr ndeshjet vendimtare t\u00eb kualifikimeve p\u00ebr Kup\u00ebn e Bot\u00ebs 2026.<\/p>\n<p>T\u00eb shtun\u00ebn \u00ebsht\u00eb ndeshja me Sllovenin\u00eb n\u00eb Lubjan\u00eb, nd\u00ebrsa m\u00eb 18 n\u00ebntor \u00ebsht\u00eb ndeshja me Zvicr\u00ebn n\u00eb Prishtin\u00eb.<\/p>\n<p>Treshja e Hoffenheimit, Hajdari, Avdullahu e Asllani, tashm\u00eb \u00ebsht\u00eb shum\u00eb e r\u00ebnd\u00ebsishme p\u00ebr selektorin e Kosov\u00ebs, Franco Foda.<\/p>\n<p>\u201cSi djal i vog\u00ebl, gjithnj\u00eb e kam shikuar Bundeslig\u00ebn dhe sot nj\u00eb \u00ebnd\u00ebrr u b\u00eb realitet, duke sh\u00ebnuar golin e par\u00eb. Duhet t\u00eb komplimentoj\u00eb bashk\u00eblojtar\u00ebt. Ata m\u00eb kan\u00eb p\u00ebrkrahur dhe nuk m\u00eb kan\u00eb b\u00ebr\u00eb shum\u00eb presion\u201d, ka th\u00ebn\u00eb Hajdari.<\/p>\n<p>Ai startoi bashk\u00eb me Avdullahun, nd\u00ebrsa Fisnik Asllani u aktivizua n\u00eb minut\u00ebn e 67-t\u00eb. Asllani asistoi n\u00eb golin e tret\u00eb.<\/p>\n","protected":false},"excerpt":{"rendered":"<p>Prishtin\u00eb 09 N\u00ebntor 2025 Mbrojt\u00ebsi Albian Hajdari i bashkohet Kosov\u00ebs n\u00eb moment shum\u00eb t\u00eb mir\u00eb \u2013 pas realizimit t\u00eb nj\u00eb \u00ebndrre q\u00eb kishte lidhur me<\/p>\n","protected":false},"author":6,"featured_media":19573,"comment_status":"open","ping_status":"open","sticky":false,"template":"","format":"standard","meta":{"footnotes":""},"categories":[5],"tags":[],"class_list":["post-19572","post","type-post","status-publish","format-standard","has-post-thumbnail","hentry","category-sport-sq"],"yoast_head":"<!-- This site is optimized with the Yoast SEO plugin v25.3.1 - https:\/\/yoast.com\/wordpress\/plugins\/seo\/ -->\n<title>Hajdari vjen te Kosova pasi realizoi \u00ebndrr\u00ebn n\u00eb Bundeslig\u00eb -<\/title>\n<meta name=\"robots\" content=\"index, follow, max-snippet:-1, max-image-preview:large, max-video-preview:-1\" \/>\n<link rel=\"canonical\" href=\"https:\/\/veritasinfo.org\/?p=19572\" \/>\n<meta property=\"og:locale\" content=\"en_US\" \/>\n<meta property=\"og:type\" content=\"article\" \/>\n<meta property=\"og:title\" content=\"Hajdari vjen te Kosova pasi realizoi \u00ebndrr\u00ebn n\u00eb Bundeslig\u00eb -\" \/>\n<meta property=\"og:description\" content=\"Prishtin\u00eb 09 N\u00ebntor 2025 Mbrojt\u00ebsi Albian Hajdari i bashkohet Kosov\u00ebs n\u00eb moment shum\u00eb t\u00eb mir\u00eb \u2013 pas realizimit t\u00eb nj\u00eb \u00ebndrre q\u00eb kishte lidhur me\" \/>\n<meta property=\"og:url\" content=\"https:\/\/veritasinfo.org\/?p=19572\" \/>\n<meta property=\"article:published_time\" content=\"2025-11-09T10:03:58+00:00\" \/>\n<meta property=\"article:modified_time\" content=\"2025-11-09T10:06:09+00:00\" \/>\n<meta property=\"og:image\" content=\"https:\/\/veritasinfo.org\/wp-content\/uploads\/2025\/11\/beac391c-feaa-48a8-9e38-1112db7b7d31.jpg\" \/>\n\t<meta property=\"og:image:width\" content=\"860\" \/>\n\t<meta property=\"og:image:height\" content=\"550\" \/>\n\t<meta property=\"og:image:type\" content=\"image\/jpeg\" \/>\n<meta name=\"author\" content=\"US5\" \/>\n<meta name=\"twitter:card\" content=\"summary_large_image\" \/>\n<meta name=\"twitter:label1\" content=\"Written by\" \/>\n\t<meta name=\"twitter:data1\" content=\"US5\" \/>\n\t<meta name=\"twitter:label2\" content=\"Est. reading time\" \/>\n\t<meta name=\"twitter:data2\" content=\"2 minutes\" \/>\n<script type=\"application\/ld+json\" class=\"yoast-schema-graph\">{\"@context\":\"https:\/\/schema.org\",\"@graph\":[{\"@type\":\"WebPage\",\"@id\":\"https:\/\/veritasinfo.org\/?p=19572\",\"url\":\"https:\/\/veritasinfo.org\/?p=19572\",\"name\":\"Hajdari vjen te Kosova pasi realizoi \u00ebndrr\u00ebn n\u00eb Bundeslig\u00eb -\",\"isPartOf\":{\"@id\":\"https:\/\/veritasinfo.org\/#website\"},\"primaryImageOfPage\":{\"@id\":\"https:\/\/veritasinfo.org\/?p=19572#primaryimage\"},\"image\":{\"@id\":\"https:\/\/veritasinfo.org\/?p=19572#primaryimage\"},\"thumbnailUrl\":\"https:\/\/veritasinfo.org\/wp-content\/uploads\/2025\/11\/beac391c-feaa-48a8-9e38-1112db7b7d31.jpg\",\"datePublished\":\"2025-11-09T10:03:58+00:00\",\"dateModified\":\"2025-11-09T10:06:09+00:00\",\"author\":{\"@id\":\"https:\/\/veritasinfo.org\/#\/schema\/person\/bc442336e35414d04494ab8fb45db4c6\"},\"breadcrumb\":{\"@id\":\"https:\/\/veritasinfo.org\/?p=19572#breadcrumb\"},\"inLanguage\":\"en-US\",\"potentialAction\":[{\"@type\":\"ReadAction\",\"target\":[\"https:\/\/veritasinfo.org\/?p=19572\"]}]},{\"@type\":\"ImageObject\",\"inLanguage\":\"en-US\",\"@id\":\"https:\/\/veritasinfo.org\/?p=19572#primaryimage\",\"url\":\"https:\/\/veritasinfo.org\/wp-content\/uploads\/2025\/11\/beac391c-feaa-48a8-9e38-1112db7b7d31.jpg\",\"contentUrl\":\"https:\/\/veritasinfo.org\/wp-content\/uploads\/2025\/11\/beac391c-feaa-48a8-9e38-1112db7b7d31.jpg\",\"width\":860,\"height\":550},{\"@type\":\"BreadcrumbList\",\"@id\":\"https:\/\/veritasinfo.org\/?p=19572#breadcrumb\",\"itemListElement\":[{\"@type\":\"ListItem\",\"position\":1,\"name\":\"Home\",\"item\":\"https:\/\/veritasinfo.org\/\"},{\"@type\":\"ListItem\",\"position\":2,\"name\":\"Hajdari vjen te Kosova pasi realizoi \u00ebndrr\u00ebn n\u00eb Bundeslig\u00eb\"}]},{\"@type\":\"WebSite\",\"@id\":\"https:\/\/veritasinfo.org\/#website\",\"url\":\"https:\/\/veritasinfo.org\/\",\"name\":\"\",\"description\":\"\",\"potentialAction\":[{\"@type\":\"SearchAction\",\"target\":{\"@type\":\"EntryPoint\",\"urlTemplate\":\"https:\/\/veritasinfo.org\/?s={search_term_string}\"},\"query-input\":{\"@type\":\"PropertyValueSpecification\",\"valueRequired\":true,\"valueName\":\"search_term_string\"}}],\"inLanguage\":\"en-US\"},{\"@type\":\"Person\",\"@id\":\"https:\/\/veritasinfo.org\/#\/schema\/person\/bc442336e35414d04494ab8fb45db4c6\",\"name\":\"US5\",\"image\":{\"@type\":\"ImageObject\",\"inLanguage\":\"en-US\",\"@id\":\"https:\/\/veritasinfo.org\/#\/schema\/person\/image\/\",\"url\":\"https:\/\/secure.gravatar.com\/avatar\/16a61e7272a0c5d001121ebb9e60e925d5816e4ac1e443ed3e640d9a6ae55d0c?s=96&d=mm&r=g\",\"contentUrl\":\"https:\/\/secure.gravatar.com\/avatar\/16a61e7272a0c5d001121ebb9e60e925d5816e4ac1e443ed3e640d9a6ae55d0c?s=96&d=mm&r=g\",\"caption\":\"US5\"},\"url\":\"https:\/\/veritasinfo.org\/?author=6\"}]}<\/script>\n<!-- \/ Yoast SEO plugin. -->","yoast_head_json":{"title":"Hajdari vjen te Kosova pasi realizoi \u00ebndrr\u00ebn n\u00eb Bundeslig\u00eb -","robots":{"index":"index","follow":"follow","max-snippet":"max-snippet:-1","max-image-preview":"max-image-preview:large","max-video-preview":"max-video-preview:-1"},"canonical":"https:\/\/veritasinfo.org\/?p=19572","og_locale":"en_US","og_type":"article","og_title":"Hajdari vjen te Kosova pasi realizoi \u00ebndrr\u00ebn n\u00eb Bundeslig\u00eb -","og_description":"Prishtin\u00eb 09 N\u00ebntor 2025 Mbrojt\u00ebsi Albian Hajdari i bashkohet Kosov\u00ebs n\u00eb moment shum\u00eb t\u00eb mir\u00eb \u2013 pas realizimit t\u00eb nj\u00eb \u00ebndrre q\u00eb kishte lidhur me","og_url":"https:\/\/veritasinfo.org\/?p=19572","article_published_time":"2025-11-09T10:03:58+00:00","article_modified_time":"2025-11-09T10:06:09+00:00","og_image":[{"width":860,"height":550,"url":"https:\/\/veritasinfo.org\/wp-content\/uploads\/2025\/11\/beac391c-feaa-48a8-9e38-1112db7b7d31.jpg","type":"image\/jpeg"}],"author":"US5","twitter_card":"summary_large_image","twitter_misc":{"Written by":"US5","Est. reading time":"2 minutes"},"schema":{"@context":"https:\/\/schema.org","@graph":[{"@type":"WebPage","@id":"https:\/\/veritasinfo.org\/?p=19572","url":"https:\/\/veritasinfo.org\/?p=19572","name":"Hajdari vjen te Kosova pasi realizoi \u00ebndrr\u00ebn n\u00eb Bundeslig\u00eb -","isPartOf":{"@id":"https:\/\/veritasinfo.org\/#website"},"primaryImageOfPage":{"@id":"https:\/\/veritasinfo.org\/?p=19572#primaryimage"},"image":{"@id":"https:\/\/veritasinfo.org\/?p=19572#primaryimage"},"thumbnailUrl":"https:\/\/veritasinfo.org\/wp-content\/uploads\/2025\/11\/beac391c-feaa-48a8-9e38-1112db7b7d31.jpg","datePublished":"2025-11-09T10:03:58+00:00","dateModified":"2025-11-09T10:06:09+00:00","author":{"@id":"https:\/\/veritasinfo.org\/#\/schema\/person\/bc442336e35414d04494ab8fb45db4c6"},"breadcrumb":{"@id":"https:\/\/veritasinfo.org\/?p=19572#breadcrumb"},"inLanguage":"en-US","potentialAction":[{"@type":"ReadAction","target":["https:\/\/veritasinfo.org\/?p=19572"]}]},{"@type":"ImageObject","inLanguage":"en-US","@id":"https:\/\/veritasinfo.org\/?p=19572#primaryimage","url":"https:\/\/veritasinfo.org\/wp-content\/uploads\/2025\/11\/beac391c-feaa-48a8-9e38-1112db7b7d31.jpg","contentUrl":"https:\/\/veritasinfo.org\/wp-content\/uploads\/2025\/11\/beac391c-feaa-48a8-9e38-1112db7b7d31.jpg","width":860,"height":550},{"@type":"BreadcrumbList","@id":"https:\/\/veritasinfo.org\/?p=19572#breadcrumb","itemListElement":[{"@type":"ListItem","position":1,"name":"Home","item":"https:\/\/veritasinfo.org\/"},{"@type":"ListItem","position":2,"name":"Hajdari vjen te Kosova pasi realizoi \u00ebndrr\u00ebn n\u00eb Bundeslig\u00eb"}]},{"@type":"WebSite","@id":"https:\/\/veritasinfo.org\/#website","url":"https:\/\/veritasinfo.org\/","name":"","description":"","potentialAction":[{"@type":"SearchAction","target":{"@type":"EntryPoint","urlTemplate":"https:\/\/veritasinfo.org\/?s={search_term_string}"},"query-input":{"@type":"PropertyValueSpecification","valueRequired":true,"valueName":"search_term_string"}}],"inLanguage":"en-US"},{"@type":"Person","@id":"https:\/\/veritasinfo.org\/#\/schema\/person\/bc442336e35414d04494ab8fb45db4c6","name":"US5","image":{"@type":"ImageObject","inLanguage":"en-US","@id":"https:\/\/veritasinfo.org\/#\/schema\/person\/image\/","url":"https:\/\/secure.gravatar.com\/avatar\/16a61e7272a0c5d001121ebb9e60e925d5816e4ac1e443ed3e640d9a6ae55d0c?s=96&d=mm&r=g","contentUrl":"https:\/\/secure.gravatar.com\/avatar\/16a61e7272a0c5d001121ebb9e60e925d5816e4ac1e443ed3e640d9a6ae55d0c?s=96&d=mm&r=g","caption":"US5"},"url":"https:\/\/veritasinfo.org\/?author=6"}]}},"featured_image_urls":{"full":["https:\/\/veritasinfo.org\/wp-content\/uploads\/2025\/11\/beac391c-feaa-48a8-9e38-1112db7b7d31.jpg",860,550,false],"thumbnail":["https:\/\/veritasinfo.org\/wp-content\/uploads\/2025\/11\/beac391c-feaa-48a8-9e38-1112db7b7d31-150x150.jpg",150,150,true],"medium":["https:\/\/veritasinfo.org\/wp-content\/uploads\/2025\/11\/beac391c-feaa-48a8-9e38-1112db7b7d31-300x192.jpg",300,192,true],"medium_large":["https:\/\/veritasinfo.org\/wp-content\/uploads\/2025\/11\/beac391c-feaa-48a8-9e38-1112db7b7d31-768x491.jpg",640,409,true],"large":["https:\/\/veritasinfo.org\/wp-content\/uploads\/2025\/11\/beac391c-feaa-48a8-9e38-1112db7b7d31.jpg",640,409,false],"1536x1536":["https:\/\/veritasinfo.org\/wp-content\/uploads\/2025\/11\/beac391c-feaa-48a8-9e38-1112db7b7d31.jpg",860,550,false],"2048x2048":["https:\/\/veritasinfo.org\/wp-content\/uploads\/2025\/11\/beac391c-feaa-48a8-9e38-1112db7b7d31.jpg",860,550,false],"kreeti-slider-full":["https:\/\/veritasinfo.org\/wp-content\/uploads\/2025\/11\/beac391c-feaa-48a8-9e38-1112db7b7d31.jpg",860,550,false],"kreeti-featured":["https:\/\/veritasinfo.org\/wp-content\/uploads\/2025\/11\/beac391c-feaa-48a8-9e38-1112db7b7d31.jpg",860,550,false],"kreeti-medium":["https:\/\/veritasinfo.org\/wp-content\/uploads\/2025\/11\/beac391c-feaa-48a8-9e38-1112db7b7d31.jpg",720,460,false],"kreeti-medium-square":["https:\/\/veritasinfo.org\/wp-content\/uploads\/2025\/11\/beac391c-feaa-48a8-9e38-1112db7b7d31.jpg",350,224,false]},"author_info":{"info":["US5"]},"category_info":"<a href=\"https:\/\/veritasinfo.org\/?cat=5\" rel=\"category\">Sport<\/a>","tag_info":"Sport","comment_count":"0","_links":{"self":[{"href":"https:\/\/veritasinfo.org\/index.php?rest_route=\/wp\/v2\/posts\/19572","targetHints":{"allow":["GET"]}}],"collection":[{"href":"https:\/\/veritasinfo.org\/index.php?rest_route=\/wp\/v2\/posts"}],"about":[{"href":"https:\/\/veritasinfo.org\/index.php?rest_route=\/wp\/v2\/types\/post"}],"author":[{"embeddable":true,"href":"https:\/\/veritasinfo.org\/index.php?rest_route=\/wp\/v2\/users\/6"}],"replies":[{"embeddable":true,"href":"https:\/\/veritasinfo.org\/index.php?rest_route=%2Fwp%2Fv2%2Fcomments&post=19572"}],"version-history":[{"count":3,"href":"https:\/\/veritasinfo.org\/index.php?rest_route=\/wp\/v2\/posts\/19572\/revisions"}],"predecessor-version":[{"id":19576,"href":"https:\/\/veritasinfo.org\/index.php?rest_route=\/wp\/v2\/posts\/19572\/revisions\/19576"}],"wp:featuredmedia":[{"embeddable":true,"href":"https:\/\/veritasinfo.org\/index.php?rest_route=\/wp\/v2\/media\/19573"}],"wp:attachment":[{"href":"https:\/\/veritasinfo.org\/index.php?rest_route=%2Fwp%2Fv2%2Fmedia&parent=19572"}],"wp:term":[{"taxonomy":"category","embeddable":true,"href":"https:\/\/veritasinfo.org\/index.php?rest_route=%2Fwp%2Fv2%2Fcategories&post=19572"},{"taxonomy":"post_tag","embeddable":true,"href":"https:\/\/veritasinfo.org\/index.php?rest_route=%2Fwp%2Fv2%2Ftags&post=19572"}],"curies":[{"name":"wp","href":"https:\/\/api.w.org\/{rel}","templated":true}]}}