{"id":19557,"date":"2025-11-09T09:28:19","date_gmt":"2025-11-09T08:28:19","guid":{"rendered":"https:\/\/veritasinfo.org\/?p=19557"},"modified":"2025-11-09T09:28:19","modified_gmt":"2025-11-09T08:28:19","slug":"rreth-80-prokurore-te-angazhuar-per-zgjedhjet-e-sotme","status":"publish","type":"post","link":"https:\/\/veritasinfo.org\/?p=19557","title":{"rendered":"Rreth 80 prokuror\u00eb t\u00eb angazhuar p\u00ebr zgjedhjet e sotme"},"content":{"rendered":"<p>Prishtin\u00eb 09 N\u00ebntor 2025<\/p>\n<p>P\u00ebr raundin e dyt\u00eb t\u00eb zgjedhjeve p\u00ebr kryetar t\u00eb komunave, q\u00eb po mbahen sot n\u00eb vendin ton\u00eb, Prokurori i Shtetit ka b\u00ebr\u00eb t\u00eb gjitha p\u00ebrgatitjet e nevojshme p\u00ebr t\u00eb realizuar mbrojtjen e vot\u00ebs s\u00eb lir\u00eb t\u00eb qytetar\u00ebve, duke garantuar integritetin e procesit zgjedhor.<\/p>\n<p>Sipas njoftimit, n\u00eb k\u00ebto zgjedhje jan\u00eb angazhuar rreth 80 prokuror\u00eb t\u00eb shtetit dhe zyrtar\u00eb t\u00eb sistemit prokurorial, t\u00eb cil\u00ebt po q\u00ebndrojn\u00eb kujdestar\u00eb n\u00eb gjith\u00eb territorin e Republik\u00ebs s\u00eb Kosov\u00ebs, deri n\u00eb p\u00ebrfundim t\u00eb procesit zgjedhor, me q\u00ebllim t\u00eb procedimit t\u00eb \u00e7do parregullsie q\u00eb mund t\u00eb ndodh\u00eb n\u00eb zgjedhjet e sivjetme lokale.<\/p>\n<p>\u201cProkuror\u00ebt jan\u00eb duke q\u00ebndruar n\u00eb zyrat e tyre n\u00eb qytetet ku ekzistojn\u00eb prokurorit\u00eb themelore, nd\u00ebrsa n\u00eb ato vende ku prokuroria nuk ka objekt, prokuror\u00ebt do t\u00eb q\u00ebndrojn\u00eb n\u00eb stacione policore, ku n\u00eb bashk\u00ebpunim me hetuesit e Policis\u00eb s\u00eb Kosov\u00ebs do t\u00eb jen\u00eb n\u00eb mbrojtje t\u00eb vot\u00ebs s\u00eb lir\u00eb t\u00eb qytetar\u00ebve\u201d, thuhet nw njoftim.<\/p>\n<p>Nd\u00ebrkaq, koordinatorja nacionale p\u00ebr zgjedhje, prokuroja Laura Pula po e mbik\u00ebqyr\u00eb gjith\u00eb mbar\u00ebvajtjen e zbatimit t\u00eb detyrave t\u00eb koordinator\u00ebve rajonal, prokuror\u00ebve t\u00eb angazhuar dhe prokurorit me detyr\u00eb n\u00eb KQZ.<\/p>\n<p>Zyra e Kryeprokurorit t\u00eb Shtetit i fton qytetar\u00ebt e Republik\u00ebs s\u00eb Kosov\u00ebs, t\u00eb gjitha subjektet politike, institucionet apo organizatat e ndryshme, q\u00eb t\u00eb denoncojn\u00eb tek prokurorit\u00eb p\u00ebrkat\u00ebse, \u00e7do rast, p\u00ebr t\u00eb cilin kan\u00eb dyshime se po keqp\u00ebrdoret ose manipulohet vota n\u00eb \u00e7far\u00ebdo m\u00ebnyre dhe nga kushdo qoft\u00eb.<\/p>\n<p>Sot mbahet raundi i dyt\u00eb i zgjedhjeve ku do t\u00eb votohet p\u00ebr kandidat\u00ebt p\u00ebr kryetar\u00eb n\u00eb 18 komuna t\u00eb Kosov\u00ebs.<\/p>\n<p>Televizioni T\u00ebv\u00eb1 po transmeton nj\u00eb edicion special kushtuar zgjedhjeve, me p\u00ebrfshirje t\u00eb drejtp\u00ebrdrejta nga komuna t\u00eb ndryshme, lidhje me gazetar\u00eb n\u00eb terren dhe analiza t\u00eb rezultateve gjat\u00eb dit\u00ebs.<\/p>\n<p>N\u00eb nj\u00eb lidhje t\u00eb drejt\u00ebp\u00ebrdrejt\u00eb drejtori i Policis\u00eb s\u00eb Kosov\u00ebs, Gazmend Hoxha ka dh\u00ebn\u00eb detaje p\u00ebr pun\u00ebn e Policis\u00eb gjat\u00eb dit\u00ebs s\u00eb zgjedhjeve, teksa tha se puna p\u00ebr polic\u00ebt fillon n\u00eb or\u00ebn 03:00 t\u00eb m\u00ebngjesit.<\/p>\n<p>\u201c\u00cbsht\u00eb nj\u00eb angazhim shum\u00eb m\u00eb i madh\u00eb, shum\u00eb m\u00eb i sforcuar sesa dit\u00ebve t\u00eb tjera, p\u00ebrve\u00e7 pun\u00ebve ditore q\u00eb Policia e Kosov\u00ebs kryen \u00e7do dit\u00eb ne kemi kujdestari dhe patrulla policore n\u00eb \u00e7do komun\u00eb t\u00eb Kosov\u00ebs nd\u00ebrsa gjat\u00eb k\u00ebsaj dite puna jon\u00eb fillon n\u00eb ora 03:00 t\u00eb m\u00ebngjesit\u201d, u shpreh Hoxha<\/p>\n","protected":false},"excerpt":{"rendered":"<p>Prishtin\u00eb 09 N\u00ebntor 2025 P\u00ebr raundin e dyt\u00eb t\u00eb zgjedhjeve p\u00ebr kryetar t\u00eb komunave, q\u00eb po mbahen sot n\u00eb vendin ton\u00eb, Prokurori i Shtetit ka<\/p>\n","protected":false},"author":6,"featured_media":19558,"comment_status":"open","ping_status":"open","sticky":false,"template":"","format":"standard","meta":{"footnotes":""},"categories":[8],"tags":[],"class_list":["post-19557","post","type-post","status-publish","format-standard","has-post-thumbnail","hentry","category-blog-sq"],"yoast_head":"<!-- This site is optimized with the Yoast SEO plugin v25.3.1 - https:\/\/yoast.com\/wordpress\/plugins\/seo\/ -->\n<title>Rreth 80 prokuror\u00eb t\u00eb angazhuar p\u00ebr zgjedhjet e sotme -<\/title>\n<meta name=\"robots\" content=\"index, follow, max-snippet:-1, max-image-preview:large, max-video-preview:-1\" \/>\n<link rel=\"canonical\" href=\"https:\/\/veritasinfo.org\/?p=19557\" \/>\n<meta property=\"og:locale\" content=\"en_US\" \/>\n<meta property=\"og:type\" content=\"article\" \/>\n<meta property=\"og:title\" content=\"Rreth 80 prokuror\u00eb t\u00eb angazhuar p\u00ebr zgjedhjet e sotme -\" \/>\n<meta property=\"og:description\" content=\"Prishtin\u00eb 09 N\u00ebntor 2025 P\u00ebr raundin e dyt\u00eb t\u00eb zgjedhjeve p\u00ebr kryetar t\u00eb komunave, q\u00eb po mbahen sot n\u00eb vendin ton\u00eb, Prokurori i Shtetit ka\" \/>\n<meta property=\"og:url\" content=\"https:\/\/veritasinfo.org\/?p=19557\" \/>\n<meta property=\"article:published_time\" content=\"2025-11-09T08:28:19+00:00\" \/>\n<meta property=\"og:image\" content=\"https:\/\/veritasinfo.org\/wp-content\/uploads\/2025\/11\/IMG-20251109-WA0004.jpg\" \/>\n\t<meta property=\"og:image:width\" content=\"1140\" \/>\n\t<meta property=\"og:image:height\" content=\"570\" \/>\n\t<meta property=\"og:image:type\" content=\"image\/jpeg\" \/>\n<meta name=\"author\" content=\"US5\" \/>\n<meta name=\"twitter:card\" content=\"summary_large_image\" \/>\n<meta name=\"twitter:label1\" content=\"Written by\" \/>\n\t<meta name=\"twitter:data1\" content=\"US5\" \/>\n<script type=\"application\/ld+json\" class=\"yoast-schema-graph\">{\"@context\":\"https:\/\/schema.org\",\"@graph\":[{\"@type\":\"WebPage\",\"@id\":\"https:\/\/veritasinfo.org\/?p=19557\",\"url\":\"https:\/\/veritasinfo.org\/?p=19557\",\"name\":\"Rreth 80 prokuror\u00eb t\u00eb angazhuar p\u00ebr zgjedhjet e sotme -\",\"isPartOf\":{\"@id\":\"https:\/\/veritasinfo.org\/#website\"},\"primaryImageOfPage\":{\"@id\":\"https:\/\/veritasinfo.org\/?p=19557#primaryimage\"},\"image\":{\"@id\":\"https:\/\/veritasinfo.org\/?p=19557#primaryimage\"},\"thumbnailUrl\":\"https:\/\/veritasinfo.org\/wp-content\/uploads\/2025\/11\/IMG-20251109-WA0004.jpg\",\"datePublished\":\"2025-11-09T08:28:19+00:00\",\"author\":{\"@id\":\"https:\/\/veritasinfo.org\/#\/schema\/person\/bc442336e35414d04494ab8fb45db4c6\"},\"breadcrumb\":{\"@id\":\"https:\/\/veritasinfo.org\/?p=19557#breadcrumb\"},\"inLanguage\":\"en-US\",\"potentialAction\":[{\"@type\":\"ReadAction\",\"target\":[\"https:\/\/veritasinfo.org\/?p=19557\"]}]},{\"@type\":\"ImageObject\",\"inLanguage\":\"en-US\",\"@id\":\"https:\/\/veritasinfo.org\/?p=19557#primaryimage\",\"url\":\"https:\/\/veritasinfo.org\/wp-content\/uploads\/2025\/11\/IMG-20251109-WA0004.jpg\",\"contentUrl\":\"https:\/\/veritasinfo.org\/wp-content\/uploads\/2025\/11\/IMG-20251109-WA0004.jpg\",\"width\":1140,\"height\":570},{\"@type\":\"BreadcrumbList\",\"@id\":\"https:\/\/veritasinfo.org\/?p=19557#breadcrumb\",\"itemListElement\":[{\"@type\":\"ListItem\",\"position\":1,\"name\":\"Home\",\"item\":\"https:\/\/veritasinfo.org\/\"},{\"@type\":\"ListItem\",\"position\":2,\"name\":\"Rreth 80 prokuror\u00eb t\u00eb angazhuar p\u00ebr zgjedhjet e sotme\"}]},{\"@type\":\"WebSite\",\"@id\":\"https:\/\/veritasinfo.org\/#website\",\"url\":\"https:\/\/veritasinfo.org\/\",\"name\":\"\",\"description\":\"\",\"potentialAction\":[{\"@type\":\"SearchAction\",\"target\":{\"@type\":\"EntryPoint\",\"urlTemplate\":\"https:\/\/veritasinfo.org\/?s={search_term_string}\"},\"query-input\":{\"@type\":\"PropertyValueSpecification\",\"valueRequired\":true,\"valueName\":\"search_term_string\"}}],\"inLanguage\":\"en-US\"},{\"@type\":\"Person\",\"@id\":\"https:\/\/veritasinfo.org\/#\/schema\/person\/bc442336e35414d04494ab8fb45db4c6\",\"name\":\"US5\",\"image\":{\"@type\":\"ImageObject\",\"inLanguage\":\"en-US\",\"@id\":\"https:\/\/veritasinfo.org\/#\/schema\/person\/image\/\",\"url\":\"https:\/\/secure.gravatar.com\/avatar\/16a61e7272a0c5d001121ebb9e60e925d5816e4ac1e443ed3e640d9a6ae55d0c?s=96&d=mm&r=g\",\"contentUrl\":\"https:\/\/secure.gravatar.com\/avatar\/16a61e7272a0c5d001121ebb9e60e925d5816e4ac1e443ed3e640d9a6ae55d0c?s=96&d=mm&r=g\",\"caption\":\"US5\"},\"url\":\"https:\/\/veritasinfo.org\/?author=6\"}]}<\/script>\n<!-- \/ Yoast SEO plugin. -->","yoast_head_json":{"title":"Rreth 80 prokuror\u00eb t\u00eb angazhuar p\u00ebr zgjedhjet e sotme -","robots":{"index":"index","follow":"follow","max-snippet":"max-snippet:-1","max-image-preview":"max-image-preview:large","max-video-preview":"max-video-preview:-1"},"canonical":"https:\/\/veritasinfo.org\/?p=19557","og_locale":"en_US","og_type":"article","og_title":"Rreth 80 prokuror\u00eb t\u00eb angazhuar p\u00ebr zgjedhjet e sotme -","og_description":"Prishtin\u00eb 09 N\u00ebntor 2025 P\u00ebr raundin e dyt\u00eb t\u00eb zgjedhjeve p\u00ebr kryetar t\u00eb komunave, q\u00eb po mbahen sot n\u00eb vendin ton\u00eb, Prokurori i Shtetit ka","og_url":"https:\/\/veritasinfo.org\/?p=19557","article_published_time":"2025-11-09T08:28:19+00:00","og_image":[{"width":1140,"height":570,"url":"https:\/\/veritasinfo.org\/wp-content\/uploads\/2025\/11\/IMG-20251109-WA0004.jpg","type":"image\/jpeg"}],"author":"US5","twitter_card":"summary_large_image","twitter_misc":{"Written by":"US5"},"schema":{"@context":"https:\/\/schema.org","@graph":[{"@type":"WebPage","@id":"https:\/\/veritasinfo.org\/?p=19557","url":"https:\/\/veritasinfo.org\/?p=19557","name":"Rreth 80 prokuror\u00eb t\u00eb angazhuar p\u00ebr zgjedhjet e sotme -","isPartOf":{"@id":"https:\/\/veritasinfo.org\/#website"},"primaryImageOfPage":{"@id":"https:\/\/veritasinfo.org\/?p=19557#primaryimage"},"image":{"@id":"https:\/\/veritasinfo.org\/?p=19557#primaryimage"},"thumbnailUrl":"https:\/\/veritasinfo.org\/wp-content\/uploads\/2025\/11\/IMG-20251109-WA0004.jpg","datePublished":"2025-11-09T08:28:19+00:00","author":{"@id":"https:\/\/veritasinfo.org\/#\/schema\/person\/bc442336e35414d04494ab8fb45db4c6"},"breadcrumb":{"@id":"https:\/\/veritasinfo.org\/?p=19557#breadcrumb"},"inLanguage":"en-US","potentialAction":[{"@type":"ReadAction","target":["https:\/\/veritasinfo.org\/?p=19557"]}]},{"@type":"ImageObject","inLanguage":"en-US","@id":"https:\/\/veritasinfo.org\/?p=19557#primaryimage","url":"https:\/\/veritasinfo.org\/wp-content\/uploads\/2025\/11\/IMG-20251109-WA0004.jpg","contentUrl":"https:\/\/veritasinfo.org\/wp-content\/uploads\/2025\/11\/IMG-20251109-WA0004.jpg","width":1140,"height":570},{"@type":"BreadcrumbList","@id":"https:\/\/veritasinfo.org\/?p=19557#breadcrumb","itemListElement":[{"@type":"ListItem","position":1,"name":"Home","item":"https:\/\/veritasinfo.org\/"},{"@type":"ListItem","position":2,"name":"Rreth 80 prokuror\u00eb t\u00eb angazhuar p\u00ebr zgjedhjet e sotme"}]},{"@type":"WebSite","@id":"https:\/\/veritasinfo.org\/#website","url":"https:\/\/veritasinfo.org\/","name":"","description":"","potentialAction":[{"@type":"SearchAction","target":{"@type":"EntryPoint","urlTemplate":"https:\/\/veritasinfo.org\/?s={search_term_string}"},"query-input":{"@type":"PropertyValueSpecification","valueRequired":true,"valueName":"search_term_string"}}],"inLanguage":"en-US"},{"@type":"Person","@id":"https:\/\/veritasinfo.org\/#\/schema\/person\/bc442336e35414d04494ab8fb45db4c6","name":"US5","image":{"@type":"ImageObject","inLanguage":"en-US","@id":"https:\/\/veritasinfo.org\/#\/schema\/person\/image\/","url":"https:\/\/secure.gravatar.com\/avatar\/16a61e7272a0c5d001121ebb9e60e925d5816e4ac1e443ed3e640d9a6ae55d0c?s=96&d=mm&r=g","contentUrl":"https:\/\/secure.gravatar.com\/avatar\/16a61e7272a0c5d001121ebb9e60e925d5816e4ac1e443ed3e640d9a6ae55d0c?s=96&d=mm&r=g","caption":"US5"},"url":"https:\/\/veritasinfo.org\/?author=6"}]}},"featured_image_urls":{"full":["https:\/\/veritasinfo.org\/wp-content\/uploads\/2025\/11\/IMG-20251109-WA0004.jpg",1140,570,false],"thumbnail":["https:\/\/veritasinfo.org\/wp-content\/uploads\/2025\/11\/IMG-20251109-WA0004-150x150.jpg",150,150,true],"medium":["https:\/\/veritasinfo.org\/wp-content\/uploads\/2025\/11\/IMG-20251109-WA0004-300x150.jpg",300,150,true],"medium_large":["https:\/\/veritasinfo.org\/wp-content\/uploads\/2025\/11\/IMG-20251109-WA0004-768x384.jpg",640,320,true],"large":["https:\/\/veritasinfo.org\/wp-content\/uploads\/2025\/11\/IMG-20251109-WA0004-1024x512.jpg",640,320,true],"1536x1536":["https:\/\/veritasinfo.org\/wp-content\/uploads\/2025\/11\/IMG-20251109-WA0004.jpg",1140,570,false],"2048x2048":["https:\/\/veritasinfo.org\/wp-content\/uploads\/2025\/11\/IMG-20251109-WA0004.jpg",1140,570,false],"kreeti-slider-full":["https:\/\/veritasinfo.org\/wp-content\/uploads\/2025\/11\/IMG-20251109-WA0004.jpg",1140,570,false],"kreeti-featured":["https:\/\/veritasinfo.org\/wp-content\/uploads\/2025\/11\/IMG-20251109-WA0004.jpg",1024,512,false],"kreeti-medium":["https:\/\/veritasinfo.org\/wp-content\/uploads\/2025\/11\/IMG-20251109-WA0004.jpg",720,360,false],"kreeti-medium-square":["https:\/\/veritasinfo.org\/wp-content\/uploads\/2025\/11\/IMG-20251109-WA0004.jpg",350,175,false]},"author_info":{"info":["US5"]},"category_info":"<a href=\"https:\/\/veritasinfo.org\/?cat=8\" rel=\"category\">Zgjedhjet parlamentare 2025<\/a>","tag_info":"Zgjedhjet parlamentare 2025","comment_count":"0","_links":{"self":[{"href":"https:\/\/veritasinfo.org\/index.php?rest_route=\/wp\/v2\/posts\/19557","targetHints":{"allow":["GET"]}}],"collection":[{"href":"https:\/\/veritasinfo.org\/index.php?rest_route=\/wp\/v2\/posts"}],"about":[{"href":"https:\/\/veritasinfo.org\/index.php?rest_route=\/wp\/v2\/types\/post"}],"author":[{"embeddable":true,"href":"https:\/\/veritasinfo.org\/index.php?rest_route=\/wp\/v2\/users\/6"}],"replies":[{"embeddable":true,"href":"https:\/\/veritasinfo.org\/index.php?rest_route=%2Fwp%2Fv2%2Fcomments&post=19557"}],"version-history":[{"count":1,"href":"https:\/\/veritasinfo.org\/index.php?rest_route=\/wp\/v2\/posts\/19557\/revisions"}],"predecessor-version":[{"id":19559,"href":"https:\/\/veritasinfo.org\/index.php?rest_route=\/wp\/v2\/posts\/19557\/revisions\/19559"}],"wp:featuredmedia":[{"embeddable":true,"href":"https:\/\/veritasinfo.org\/index.php?rest_route=\/wp\/v2\/media\/19558"}],"wp:attachment":[{"href":"https:\/\/veritasinfo.org\/index.php?rest_route=%2Fwp%2Fv2%2Fmedia&parent=19557"}],"wp:term":[{"taxonomy":"category","embeddable":true,"href":"https:\/\/veritasinfo.org\/index.php?rest_route=%2Fwp%2Fv2%2Fcategories&post=19557"},{"taxonomy":"post_tag","embeddable":true,"href":"https:\/\/veritasinfo.org\/index.php?rest_route=%2Fwp%2Fv2%2Ftags&post=19557"}],"curies":[{"name":"wp","href":"https:\/\/api.w.org\/{rel}","templated":true}]}}