{"id":19521,"date":"2025-11-08T21:06:07","date_gmt":"2025-11-08T20:06:07","guid":{"rendered":"https:\/\/veritasinfo.org\/?p=19521"},"modified":"2025-11-08T21:06:07","modified_gmt":"2025-11-08T20:06:07","slug":"avokati-i-milan-vukashinoviqit-te-rrembyer-kjo-eshte-banjska-2","status":"publish","type":"post","link":"https:\/\/veritasinfo.org\/?p=19521","title":{"rendered":"Avokati i Milan Vukashinoviqit t\u00eb rr\u00ebmbyer: Kjo \u00ebsht\u00eb Banjska 2"},"content":{"rendered":"<p>Prishtin\u00eb, 8 n\u00ebntor 2025 21:06<\/p>\n<p>Avokati Ivan Niniq ka publikuar n\u00eb llogarin\u00eb e tij n\u00eb X foto t\u00eb makin\u00ebs s\u00eb shkat\u00ebrruar t\u00eb Milan Vukashinoviqit nga Leposaviqi, i cili u plagos nga forcat e xhandarm\u00ebris\u00eb serbe fundjav\u00ebn e kaluar n\u00eb rrethana t\u00eb paqarta pran\u00eb fshatit Jelakce, dhe u transferua n\u00eb nj\u00eb spital n\u00eb Nish.<\/p>\n<p>Niniq tha se \u201cVukashinoviq \u00ebsht\u00eb q\u00eblluar nga nj\u00eb plumb serb, si nj\u00eb kafsh\u00eb\u201d.<\/p>\n<p>S\u00eb bashku me k\u00ebto pretendime, ai bashk\u00ebngjiti edhe foto t\u00eb vetur\u00ebs s\u00eb shkat\u00ebrruar q\u00eb i p\u00ebrkiste Vukashinoviqit, teksa b\u00ebri thirrje p\u00ebr bashk\u00ebsin\u00eb nd\u00ebrkomb\u00ebtare q\u00eb t\u00eb reagoj\u00eb pasi, sipas tij, \u201ckjo \u00ebsht\u00eb Banjska 2\u201d.<\/p>\n<p>\u201cVetura e Milanit, e cila u shkat\u00ebrrua gjat\u00eb sulmit ndaj tij, u gjet sot! I b\u00ebj thirrje EULEX-it dhe KFOR-it t\u00eb kryejn\u00eb nj\u00eb hetim n\u00eb vendngjarje, por komunitetit nd\u00ebrkomb\u00ebtar t\u00eb reagoj\u00eb, sepse kjo \u00ebsht\u00eb \u2018Banjska 2\u2019\u201d, tha avokati Niniq.<\/p>\n","protected":false},"excerpt":{"rendered":"<p>Prishtin\u00eb, 8 n\u00ebntor 2025 21:06 Avokati Ivan Niniq ka publikuar n\u00eb llogarin\u00eb e tij n\u00eb X foto t\u00eb makin\u00ebs s\u00eb shkat\u00ebrruar t\u00eb Milan Vukashinoviqit nga<\/p>\n","protected":false},"author":7,"featured_media":19523,"comment_status":"open","ping_status":"open","sticky":false,"template":"","format":"standard","meta":{"footnotes":""},"categories":[58],"tags":[],"class_list":["post-19521","post","type-post","status-publish","format-standard","has-post-thumbnail","hentry","category-politike-sq"],"yoast_head":"<!-- This site is optimized with the Yoast SEO plugin v25.3.1 - https:\/\/yoast.com\/wordpress\/plugins\/seo\/ -->\n<title>Avokati i Milan Vukashinoviqit t\u00eb rr\u00ebmbyer: Kjo \u00ebsht\u00eb Banjska 2 -<\/title>\n<meta name=\"robots\" content=\"index, follow, max-snippet:-1, max-image-preview:large, max-video-preview:-1\" \/>\n<link rel=\"canonical\" href=\"https:\/\/veritasinfo.org\/?p=19521\" \/>\n<meta property=\"og:locale\" content=\"en_US\" \/>\n<meta property=\"og:type\" content=\"article\" \/>\n<meta property=\"og:title\" content=\"Avokati i Milan Vukashinoviqit t\u00eb rr\u00ebmbyer: Kjo \u00ebsht\u00eb Banjska 2 -\" \/>\n<meta property=\"og:description\" content=\"Prishtin\u00eb, 8 n\u00ebntor 2025 21:06 Avokati Ivan Niniq ka publikuar n\u00eb llogarin\u00eb e tij n\u00eb X foto t\u00eb makin\u00ebs s\u00eb shkat\u00ebrruar t\u00eb Milan Vukashinoviqit nga\" \/>\n<meta property=\"og:url\" content=\"https:\/\/veritasinfo.org\/?p=19521\" \/>\n<meta property=\"article:published_time\" content=\"2025-11-08T20:06:07+00:00\" \/>\n<meta property=\"og:image\" content=\"https:\/\/veritasinfo.org\/wp-content\/uploads\/2025\/11\/IMG_3251-1.jpeg\" \/>\n\t<meta property=\"og:image:width\" content=\"1080\" \/>\n\t<meta property=\"og:image:height\" content=\"1351\" \/>\n\t<meta property=\"og:image:type\" content=\"image\/jpeg\" \/>\n<meta name=\"author\" content=\"US6\" \/>\n<meta name=\"twitter:card\" content=\"summary_large_image\" \/>\n<meta name=\"twitter:label1\" content=\"Written by\" \/>\n\t<meta name=\"twitter:data1\" content=\"US6\" \/>\n\t<meta name=\"twitter:label2\" content=\"Est. reading time\" \/>\n\t<meta name=\"twitter:data2\" content=\"1 minute\" \/>\n<script type=\"application\/ld+json\" class=\"yoast-schema-graph\">{\"@context\":\"https:\/\/schema.org\",\"@graph\":[{\"@type\":\"WebPage\",\"@id\":\"https:\/\/veritasinfo.org\/?p=19521\",\"url\":\"https:\/\/veritasinfo.org\/?p=19521\",\"name\":\"Avokati i Milan Vukashinoviqit t\u00eb rr\u00ebmbyer: Kjo \u00ebsht\u00eb Banjska 2 -\",\"isPartOf\":{\"@id\":\"https:\/\/veritasinfo.org\/#website\"},\"primaryImageOfPage\":{\"@id\":\"https:\/\/veritasinfo.org\/?p=19521#primaryimage\"},\"image\":{\"@id\":\"https:\/\/veritasinfo.org\/?p=19521#primaryimage\"},\"thumbnailUrl\":\"https:\/\/veritasinfo.org\/wp-content\/uploads\/2025\/11\/IMG_3251-1.jpeg\",\"datePublished\":\"2025-11-08T20:06:07+00:00\",\"author\":{\"@id\":\"https:\/\/veritasinfo.org\/#\/schema\/person\/fe199eede04c3937362892b7444747cc\"},\"breadcrumb\":{\"@id\":\"https:\/\/veritasinfo.org\/?p=19521#breadcrumb\"},\"inLanguage\":\"en-US\",\"potentialAction\":[{\"@type\":\"ReadAction\",\"target\":[\"https:\/\/veritasinfo.org\/?p=19521\"]}]},{\"@type\":\"ImageObject\",\"inLanguage\":\"en-US\",\"@id\":\"https:\/\/veritasinfo.org\/?p=19521#primaryimage\",\"url\":\"https:\/\/veritasinfo.org\/wp-content\/uploads\/2025\/11\/IMG_3251-1.jpeg\",\"contentUrl\":\"https:\/\/veritasinfo.org\/wp-content\/uploads\/2025\/11\/IMG_3251-1.jpeg\",\"width\":1080,\"height\":1351},{\"@type\":\"BreadcrumbList\",\"@id\":\"https:\/\/veritasinfo.org\/?p=19521#breadcrumb\",\"itemListElement\":[{\"@type\":\"ListItem\",\"position\":1,\"name\":\"Home\",\"item\":\"https:\/\/veritasinfo.org\/\"},{\"@type\":\"ListItem\",\"position\":2,\"name\":\"Avokati i Milan Vukashinoviqit t\u00eb rr\u00ebmbyer: Kjo \u00ebsht\u00eb Banjska 2\"}]},{\"@type\":\"WebSite\",\"@id\":\"https:\/\/veritasinfo.org\/#website\",\"url\":\"https:\/\/veritasinfo.org\/\",\"name\":\"\",\"description\":\"\",\"potentialAction\":[{\"@type\":\"SearchAction\",\"target\":{\"@type\":\"EntryPoint\",\"urlTemplate\":\"https:\/\/veritasinfo.org\/?s={search_term_string}\"},\"query-input\":{\"@type\":\"PropertyValueSpecification\",\"valueRequired\":true,\"valueName\":\"search_term_string\"}}],\"inLanguage\":\"en-US\"},{\"@type\":\"Person\",\"@id\":\"https:\/\/veritasinfo.org\/#\/schema\/person\/fe199eede04c3937362892b7444747cc\",\"name\":\"US6\",\"image\":{\"@type\":\"ImageObject\",\"inLanguage\":\"en-US\",\"@id\":\"https:\/\/veritasinfo.org\/#\/schema\/person\/image\/\",\"url\":\"https:\/\/secure.gravatar.com\/avatar\/cb16c3c31c9d23b9b8c705964598220b3014e42ff51eb540ff23cefa3ae8c15f?s=96&d=mm&r=g\",\"contentUrl\":\"https:\/\/secure.gravatar.com\/avatar\/cb16c3c31c9d23b9b8c705964598220b3014e42ff51eb540ff23cefa3ae8c15f?s=96&d=mm&r=g\",\"caption\":\"US6\"},\"url\":\"https:\/\/veritasinfo.org\/?author=7\"}]}<\/script>\n<!-- \/ Yoast SEO plugin. -->","yoast_head_json":{"title":"Avokati i Milan Vukashinoviqit t\u00eb rr\u00ebmbyer: Kjo \u00ebsht\u00eb Banjska 2 -","robots":{"index":"index","follow":"follow","max-snippet":"max-snippet:-1","max-image-preview":"max-image-preview:large","max-video-preview":"max-video-preview:-1"},"canonical":"https:\/\/veritasinfo.org\/?p=19521","og_locale":"en_US","og_type":"article","og_title":"Avokati i Milan Vukashinoviqit t\u00eb rr\u00ebmbyer: Kjo \u00ebsht\u00eb Banjska 2 -","og_description":"Prishtin\u00eb, 8 n\u00ebntor 2025 21:06 Avokati Ivan Niniq ka publikuar n\u00eb llogarin\u00eb e tij n\u00eb X foto t\u00eb makin\u00ebs s\u00eb shkat\u00ebrruar t\u00eb Milan Vukashinoviqit nga","og_url":"https:\/\/veritasinfo.org\/?p=19521","article_published_time":"2025-11-08T20:06:07+00:00","og_image":[{"width":1080,"height":1351,"url":"https:\/\/veritasinfo.org\/wp-content\/uploads\/2025\/11\/IMG_3251-1.jpeg","type":"image\/jpeg"}],"author":"US6","twitter_card":"summary_large_image","twitter_misc":{"Written by":"US6","Est. reading time":"1 minute"},"schema":{"@context":"https:\/\/schema.org","@graph":[{"@type":"WebPage","@id":"https:\/\/veritasinfo.org\/?p=19521","url":"https:\/\/veritasinfo.org\/?p=19521","name":"Avokati i Milan Vukashinoviqit t\u00eb rr\u00ebmbyer: Kjo \u00ebsht\u00eb Banjska 2 -","isPartOf":{"@id":"https:\/\/veritasinfo.org\/#website"},"primaryImageOfPage":{"@id":"https:\/\/veritasinfo.org\/?p=19521#primaryimage"},"image":{"@id":"https:\/\/veritasinfo.org\/?p=19521#primaryimage"},"thumbnailUrl":"https:\/\/veritasinfo.org\/wp-content\/uploads\/2025\/11\/IMG_3251-1.jpeg","datePublished":"2025-11-08T20:06:07+00:00","author":{"@id":"https:\/\/veritasinfo.org\/#\/schema\/person\/fe199eede04c3937362892b7444747cc"},"breadcrumb":{"@id":"https:\/\/veritasinfo.org\/?p=19521#breadcrumb"},"inLanguage":"en-US","potentialAction":[{"@type":"ReadAction","target":["https:\/\/veritasinfo.org\/?p=19521"]}]},{"@type":"ImageObject","inLanguage":"en-US","@id":"https:\/\/veritasinfo.org\/?p=19521#primaryimage","url":"https:\/\/veritasinfo.org\/wp-content\/uploads\/2025\/11\/IMG_3251-1.jpeg","contentUrl":"https:\/\/veritasinfo.org\/wp-content\/uploads\/2025\/11\/IMG_3251-1.jpeg","width":1080,"height":1351},{"@type":"BreadcrumbList","@id":"https:\/\/veritasinfo.org\/?p=19521#breadcrumb","itemListElement":[{"@type":"ListItem","position":1,"name":"Home","item":"https:\/\/veritasinfo.org\/"},{"@type":"ListItem","position":2,"name":"Avokati i Milan Vukashinoviqit t\u00eb rr\u00ebmbyer: Kjo \u00ebsht\u00eb Banjska 2"}]},{"@type":"WebSite","@id":"https:\/\/veritasinfo.org\/#website","url":"https:\/\/veritasinfo.org\/","name":"","description":"","potentialAction":[{"@type":"SearchAction","target":{"@type":"EntryPoint","urlTemplate":"https:\/\/veritasinfo.org\/?s={search_term_string}"},"query-input":{"@type":"PropertyValueSpecification","valueRequired":true,"valueName":"search_term_string"}}],"inLanguage":"en-US"},{"@type":"Person","@id":"https:\/\/veritasinfo.org\/#\/schema\/person\/fe199eede04c3937362892b7444747cc","name":"US6","image":{"@type":"ImageObject","inLanguage":"en-US","@id":"https:\/\/veritasinfo.org\/#\/schema\/person\/image\/","url":"https:\/\/secure.gravatar.com\/avatar\/cb16c3c31c9d23b9b8c705964598220b3014e42ff51eb540ff23cefa3ae8c15f?s=96&d=mm&r=g","contentUrl":"https:\/\/secure.gravatar.com\/avatar\/cb16c3c31c9d23b9b8c705964598220b3014e42ff51eb540ff23cefa3ae8c15f?s=96&d=mm&r=g","caption":"US6"},"url":"https:\/\/veritasinfo.org\/?author=7"}]}},"featured_image_urls":{"full":["https:\/\/veritasinfo.org\/wp-content\/uploads\/2025\/11\/IMG_3251-1.jpeg",1080,1351,false],"thumbnail":["https:\/\/veritasinfo.org\/wp-content\/uploads\/2025\/11\/IMG_3251-1-150x150.jpeg",150,150,true],"medium":["https:\/\/veritasinfo.org\/wp-content\/uploads\/2025\/11\/IMG_3251-1-240x300.jpeg",240,300,true],"medium_large":["https:\/\/veritasinfo.org\/wp-content\/uploads\/2025\/11\/IMG_3251-1-768x961.jpeg",640,801,true],"large":["https:\/\/veritasinfo.org\/wp-content\/uploads\/2025\/11\/IMG_3251-1-819x1024.jpeg",640,800,true],"1536x1536":["https:\/\/veritasinfo.org\/wp-content\/uploads\/2025\/11\/IMG_3251-1.jpeg",1080,1351,false],"2048x2048":["https:\/\/veritasinfo.org\/wp-content\/uploads\/2025\/11\/IMG_3251-1.jpeg",1080,1351,false],"kreeti-slider-full":["https:\/\/veritasinfo.org\/wp-content\/uploads\/2025\/11\/IMG_3251-1.jpeg",576,720,false],"kreeti-featured":["https:\/\/veritasinfo.org\/wp-content\/uploads\/2025\/11\/IMG_3251-1.jpeg",1024,1281,false],"kreeti-medium":["https:\/\/veritasinfo.org\/wp-content\/uploads\/2025\/11\/IMG_3251-1.jpeg",424,530,false],"kreeti-medium-square":["https:\/\/veritasinfo.org\/wp-content\/uploads\/2025\/11\/IMG_3251-1.jpeg",280,350,false]},"author_info":{"info":["US6"]},"category_info":"<a href=\"https:\/\/veritasinfo.org\/?cat=58\" rel=\"category\">Politik\u00eb<\/a>","tag_info":"Politik\u00eb","comment_count":"0","_links":{"self":[{"href":"https:\/\/veritasinfo.org\/index.php?rest_route=\/wp\/v2\/posts\/19521","targetHints":{"allow":["GET"]}}],"collection":[{"href":"https:\/\/veritasinfo.org\/index.php?rest_route=\/wp\/v2\/posts"}],"about":[{"href":"https:\/\/veritasinfo.org\/index.php?rest_route=\/wp\/v2\/types\/post"}],"author":[{"embeddable":true,"href":"https:\/\/veritasinfo.org\/index.php?rest_route=\/wp\/v2\/users\/7"}],"replies":[{"embeddable":true,"href":"https:\/\/veritasinfo.org\/index.php?rest_route=%2Fwp%2Fv2%2Fcomments&post=19521"}],"version-history":[{"count":1,"href":"https:\/\/veritasinfo.org\/index.php?rest_route=\/wp\/v2\/posts\/19521\/revisions"}],"predecessor-version":[{"id":19524,"href":"https:\/\/veritasinfo.org\/index.php?rest_route=\/wp\/v2\/posts\/19521\/revisions\/19524"}],"wp:featuredmedia":[{"embeddable":true,"href":"https:\/\/veritasinfo.org\/index.php?rest_route=\/wp\/v2\/media\/19523"}],"wp:attachment":[{"href":"https:\/\/veritasinfo.org\/index.php?rest_route=%2Fwp%2Fv2%2Fmedia&parent=19521"}],"wp:term":[{"taxonomy":"category","embeddable":true,"href":"https:\/\/veritasinfo.org\/index.php?rest_route=%2Fwp%2Fv2%2Fcategories&post=19521"},{"taxonomy":"post_tag","embeddable":true,"href":"https:\/\/veritasinfo.org\/index.php?rest_route=%2Fwp%2Fv2%2Ftags&post=19521"}],"curies":[{"name":"wp","href":"https:\/\/api.w.org\/{rel}","templated":true}]}}