{"id":19458,"date":"2025-11-08T11:56:52","date_gmt":"2025-11-08T10:56:52","guid":{"rendered":"https:\/\/veritasinfo.org\/?p=19458"},"modified":"2025-11-08T11:56:52","modified_gmt":"2025-11-08T10:56:52","slug":"komunat-nuk-kane-dokumente-te-ndjeshme-sic-pretendon-lista-serbe","status":"publish","type":"post","link":"https:\/\/veritasinfo.org\/?p=19458","title":{"rendered":"Komunat nuk kan\u00eb dokumente t\u00eb ndjeshme si\u00e7 pretendon Lista serbe"},"content":{"rendered":"<p>Mitrovic\u00eb, 8 n\u00ebntor 2025<\/p>\n<p>Pas p\u00ebrfundimit t\u00eb balotazhit m\u00eb 9 n\u00ebntor dhe pas p\u00ebrfundimit t\u00eb procedurave t\u00eb parapara ligjore deri n\u00eb certifikimin e rezultatit zgjedhor, komunat e Kosov\u00ebs do t\u00eb p\u00ebrjetojn\u00eb tranzicionin e kalimit t\u00eb pushtetit nga kryetar\u00ebt aktual\u00eb te ata q\u00eb jan\u00eb zgjedhur n\u00eb zgjedhjet lokale. N\u00eb k\u00ebt\u00eb m\u00ebnyr\u00eb, edhe kuvendet komunale do t\u00eb ken\u00eb p\u00ebrb\u00ebrje t\u00eb re me an\u00ebtar\u00eb t\u00eb sapozgjedhur.<\/p>\n<p>Pas zgjedhjeve lokale n\u00eb veri t\u00eb Kosov\u00ebs, nj\u00eb nga pyetjet kryesore u b\u00eb se cilat vendime t\u00eb autoriteteve mund t\u00eb anulohen pas kthimit t\u00eb serb\u00ebve n\u00eb institucione. Nd\u00ebr m\u00eb t\u00eb diskutueshmet jan\u00eb ato q\u00eb lidhen me ruajtjen e identitetit &#8211; nga emrat e rrug\u00ebve dhe simbolet lokale, deri te vendimet p\u00ebr transferimin e tok\u00ebs komunale te institucionet qendrore n\u00eb Prishtin\u00eb.<\/p>\n<p>Megjithat\u00eb, nd\u00ebrsa pritet q\u00eb procesi i tranzicionit n\u00eb komunat e tjera t\u00eb kaloj\u00eb qet\u00ebsisht, n\u00eb Komun\u00ebn e Mitrovic\u00ebs s\u00eb Veriut atmosfera \u00ebsht\u00eb ndryshe.<br \/>\nP\u00ebrfaq\u00ebsuesit e qytetar\u00ebve t\u00eb zgjedhur n\u00eb vitin 2021, t\u00eb cil\u00ebt nuk i p\u00ebrkasin List\u00ebs Serbe, shprehin shqet\u00ebsimin e tyre lidhur me kthimin e k\u00ebsaj partie n\u00eb pushtet.<\/p>\n<p>Duke marr\u00eb p\u00ebr baz\u00eb orientimin e saj politik, lidhjet e vazhdueshme me Serbin\u00eb dhe p\u00ebrpjekjet e saj t\u00eb m\u00ebhershme p\u00ebr t\u00eb minuar zhvillimin e p\u00ebrgjithsh\u00ebm n\u00eb komunat veriore t\u00eb Kosov\u00ebs dhe sundimin e ligjit, disa zyrtar\u00eb t\u00eb Komun\u00ebs s\u00eb Mitrovic\u00ebs s\u00eb Veriut vler\u00ebsojn\u00eb se rikthimi i List\u00ebs Serbe n\u00eb udh\u00ebheqje mund t\u00eb sjell\u00eb rrezikun e shfuqizimit t\u00eb vendimeve t\u00eb miratuara nga qeverisja aktuale.<\/p>\n<p>Kryesuesi i Kuvendit Komunal t\u00eb Mitrovic\u00ebs s\u00eb Veriut, Nexhat Uglanin, tha se Lista Serbe do t\u00eb b\u00ebj\u00eb p\u00ebrpjekje t\u00eb vazhdueshme p\u00ebr t\u2019i shfuqizuar t\u00eb gjitha vendimet q\u00eb pushteti aktual i ka miratuar gjat\u00eb mandatit t\u00eb tij.<\/p>\n<p>\u201cSigurisht q\u00eb List\u00ebs Serbe asnj\u00eb vendim nuk i p\u00eblqen, prandaj do t\u00eb b\u00ebj\u00eb \u00e7mos p\u00ebr t\u2019i anuluar vendimet dhe p\u00ebr t\u00eb shfuqizuar rregulloret\u201d, tha p\u00ebr Veritasinfo kryesuesi Ugljanin.<br \/>\nAi shtoi se, megjithat\u00eb, k\u00ebto p\u00ebrpjekje nuk do t\u00eb ken\u00eb fuqi juridike.<\/p>\n<p>\u201cT\u00eb gjitha dokumentet zyrtare, vendimet, rregulloret, aktet dhe t\u00eb tjera d\u00ebrgohen n\u00eb Ministrin\u00eb e Administrimit t\u00eb Pushtetit Lokal p\u00ebr verifikim t\u00eb vlefshm\u00ebris\u00eb. N\u00ebse ndonj\u00eb akt nuk \u00ebsht\u00eb n\u00eb harmoni me legjislacionin n\u00eb fuqi, kjo ministri e kthen p\u00ebr rishqyrtim. T\u00eb gjitha vendimet e marra q\u00eb nga viti 2021 e deri m\u00eb sot jan\u00eb n\u00eb interes t\u00eb qytetar\u00ebve dhe t\u00eb komun\u00ebs n\u00eb p\u00ebrgjith\u00ebsi. Sigurisht q\u00eb Lista Serbe do t\u00eb p\u00ebrpiqet t\u2019i shfuqizoj\u00eb, por nuk do t\u00eb ket\u00eb sukses. Ajo do t\u00eb b\u00ebj\u00eb \u00e7mos,\u201d u shpreh Ugljanin, duke shtuar se n\u00eb komunat veriore nuk ka dokumente me ndjeshm\u00ebri t\u00eb ve\u00e7ant\u00eb, pasi t\u00eb gjitha jan\u00eb publike dhe t\u00eb arkivuara.<\/p>\n<p>Edhe n\u00ebnkryesuesi i Kuvendit Komunal t\u00eb Mitrovic\u00ebs s\u00eb Veriut, Sk\u00ebnder Sadiku, tha se t\u00eb gjitha vendimet dhe dokumentet e asambles\u00eb komunale jan\u00eb publike dhe t\u00eb qasshme.<br \/>\n\u201cPuna e Asambles\u00eb \u00ebsht\u00eb publike. Komuna dhe asamblet\u00eb komunale jan\u00eb transparente dhe nuk ka asnj\u00eb dokument \u2018t\u00eb ndjesh\u00ebm\u2019. Prandaj nuk ekziston mund\u00ebsia q\u00eb ato t\u00eb keqp\u00ebrdoren n\u00eb asnj\u00eb rrethan\u00eb apo nga asnj\u00eb organizat\u00eb apo individ,\u201d u shpreh Sadiku, duke shtuar: \u201cN\u00ebse ka ndonj\u00eb vendim q\u00eb nuk \u00ebsht\u00eb n\u00eb harmoni me ligjet e Kosov\u00ebs dhe ka kaluar \u2018filtrin\u2019 e Ministris\u00eb, at\u00ebher\u00eb gjykatat jan\u00eb ato q\u00eb mbrojn\u00eb ligjshm\u00ebrin\u00eb.\u201d<br \/>\nSipas tij, edhe Lista Serbe, e cila ka garuar n\u00eb zgjedhjet lokale bazuar n\u00eb ligjet e Republik\u00ebs s\u00eb Kosov\u00ebs, do t\u00eb duhet t\u00eb veproj\u00eb n\u00eb p\u00ebrputhje me Kushtetut\u00ebn dhe ligjet\u00a0e\u00a0vendit.<\/p>\n<p>Kujtojm\u00eb se Lista serbe kishte deklaruar se kryetar\u00ebt aktual t\u00eb komunave t\u00eb veriore, pas p\u00ebrfundimit t\u00eb mandatit, mund t\u00eb mos i \u201cdor\u00ebzojn\u00eb dokumentet e ndjeshme\u201d.<\/p>\n","protected":false},"excerpt":{"rendered":"<p>Mitrovic\u00eb, 8 n\u00ebntor 2025 Pas p\u00ebrfundimit t\u00eb balotazhit m\u00eb 9 n\u00ebntor dhe pas p\u00ebrfundimit t\u00eb procedurave t\u00eb parapara ligjore deri n\u00eb certifikimin e rezultatit zgjedhor,<\/p>\n","protected":false},"author":7,"featured_media":19450,"comment_status":"open","ping_status":"open","sticky":false,"template":"","format":"standard","meta":{"footnotes":""},"categories":[58],"tags":[],"class_list":["post-19458","post","type-post","status-publish","format-standard","has-post-thumbnail","hentry","category-politike-sq"],"yoast_head":"<!-- This site is optimized with the Yoast SEO plugin v25.3.1 - https:\/\/yoast.com\/wordpress\/plugins\/seo\/ -->\n<title>Komunat nuk kan\u00eb dokumente t\u00eb ndjeshme si\u00e7 pretendon Lista serbe -<\/title>\n<meta name=\"robots\" content=\"index, follow, max-snippet:-1, max-image-preview:large, max-video-preview:-1\" \/>\n<link rel=\"canonical\" href=\"https:\/\/veritasinfo.org\/?p=19458\" \/>\n<meta property=\"og:locale\" content=\"en_US\" \/>\n<meta property=\"og:type\" content=\"article\" \/>\n<meta property=\"og:title\" content=\"Komunat nuk kan\u00eb dokumente t\u00eb ndjeshme si\u00e7 pretendon Lista serbe -\" \/>\n<meta property=\"og:description\" content=\"Mitrovic\u00eb, 8 n\u00ebntor 2025 Pas p\u00ebrfundimit t\u00eb balotazhit m\u00eb 9 n\u00ebntor dhe pas p\u00ebrfundimit t\u00eb procedurave t\u00eb parapara ligjore deri n\u00eb certifikimin e rezultatit zgjedhor,\" \/>\n<meta property=\"og:url\" content=\"https:\/\/veritasinfo.org\/?p=19458\" \/>\n<meta property=\"article:published_time\" content=\"2025-11-08T10:56:52+00:00\" \/>\n<meta property=\"og:image\" content=\"https:\/\/veritasinfo.org\/wp-content\/uploads\/2025\/11\/Screenshot-2025-11-08-095915.jpg\" \/>\n\t<meta property=\"og:image:width\" content=\"957\" \/>\n\t<meta property=\"og:image:height\" content=\"359\" \/>\n\t<meta property=\"og:image:type\" content=\"image\/jpeg\" \/>\n<meta name=\"author\" content=\"US6\" \/>\n<meta name=\"twitter:card\" content=\"summary_large_image\" \/>\n<meta name=\"twitter:label1\" content=\"Written by\" \/>\n\t<meta name=\"twitter:data1\" content=\"US6\" \/>\n\t<meta name=\"twitter:label2\" content=\"Est. reading time\" \/>\n\t<meta name=\"twitter:data2\" content=\"3 minutes\" \/>\n<script type=\"application\/ld+json\" class=\"yoast-schema-graph\">{\"@context\":\"https:\/\/schema.org\",\"@graph\":[{\"@type\":\"WebPage\",\"@id\":\"https:\/\/veritasinfo.org\/?p=19458\",\"url\":\"https:\/\/veritasinfo.org\/?p=19458\",\"name\":\"Komunat nuk kan\u00eb dokumente t\u00eb ndjeshme si\u00e7 pretendon Lista serbe -\",\"isPartOf\":{\"@id\":\"https:\/\/veritasinfo.org\/#website\"},\"primaryImageOfPage\":{\"@id\":\"https:\/\/veritasinfo.org\/?p=19458#primaryimage\"},\"image\":{\"@id\":\"https:\/\/veritasinfo.org\/?p=19458#primaryimage\"},\"thumbnailUrl\":\"https:\/\/veritasinfo.org\/wp-content\/uploads\/2025\/11\/Screenshot-2025-11-08-095915.jpg\",\"datePublished\":\"2025-11-08T10:56:52+00:00\",\"author\":{\"@id\":\"https:\/\/veritasinfo.org\/#\/schema\/person\/fe199eede04c3937362892b7444747cc\"},\"breadcrumb\":{\"@id\":\"https:\/\/veritasinfo.org\/?p=19458#breadcrumb\"},\"inLanguage\":\"en-US\",\"potentialAction\":[{\"@type\":\"ReadAction\",\"target\":[\"https:\/\/veritasinfo.org\/?p=19458\"]}]},{\"@type\":\"ImageObject\",\"inLanguage\":\"en-US\",\"@id\":\"https:\/\/veritasinfo.org\/?p=19458#primaryimage\",\"url\":\"https:\/\/veritasinfo.org\/wp-content\/uploads\/2025\/11\/Screenshot-2025-11-08-095915.jpg\",\"contentUrl\":\"https:\/\/veritasinfo.org\/wp-content\/uploads\/2025\/11\/Screenshot-2025-11-08-095915.jpg\",\"width\":957,\"height\":359},{\"@type\":\"BreadcrumbList\",\"@id\":\"https:\/\/veritasinfo.org\/?p=19458#breadcrumb\",\"itemListElement\":[{\"@type\":\"ListItem\",\"position\":1,\"name\":\"Home\",\"item\":\"https:\/\/veritasinfo.org\/\"},{\"@type\":\"ListItem\",\"position\":2,\"name\":\"Komunat nuk kan\u00eb dokumente t\u00eb ndjeshme si\u00e7 pretendon Lista serbe\"}]},{\"@type\":\"WebSite\",\"@id\":\"https:\/\/veritasinfo.org\/#website\",\"url\":\"https:\/\/veritasinfo.org\/\",\"name\":\"\",\"description\":\"\",\"potentialAction\":[{\"@type\":\"SearchAction\",\"target\":{\"@type\":\"EntryPoint\",\"urlTemplate\":\"https:\/\/veritasinfo.org\/?s={search_term_string}\"},\"query-input\":{\"@type\":\"PropertyValueSpecification\",\"valueRequired\":true,\"valueName\":\"search_term_string\"}}],\"inLanguage\":\"en-US\"},{\"@type\":\"Person\",\"@id\":\"https:\/\/veritasinfo.org\/#\/schema\/person\/fe199eede04c3937362892b7444747cc\",\"name\":\"US6\",\"image\":{\"@type\":\"ImageObject\",\"inLanguage\":\"en-US\",\"@id\":\"https:\/\/veritasinfo.org\/#\/schema\/person\/image\/\",\"url\":\"https:\/\/secure.gravatar.com\/avatar\/cb16c3c31c9d23b9b8c705964598220b3014e42ff51eb540ff23cefa3ae8c15f?s=96&d=mm&r=g\",\"contentUrl\":\"https:\/\/secure.gravatar.com\/avatar\/cb16c3c31c9d23b9b8c705964598220b3014e42ff51eb540ff23cefa3ae8c15f?s=96&d=mm&r=g\",\"caption\":\"US6\"},\"url\":\"https:\/\/veritasinfo.org\/?author=7\"}]}<\/script>\n<!-- \/ Yoast SEO plugin. -->","yoast_head_json":{"title":"Komunat nuk kan\u00eb dokumente t\u00eb ndjeshme si\u00e7 pretendon Lista serbe -","robots":{"index":"index","follow":"follow","max-snippet":"max-snippet:-1","max-image-preview":"max-image-preview:large","max-video-preview":"max-video-preview:-1"},"canonical":"https:\/\/veritasinfo.org\/?p=19458","og_locale":"en_US","og_type":"article","og_title":"Komunat nuk kan\u00eb dokumente t\u00eb ndjeshme si\u00e7 pretendon Lista serbe -","og_description":"Mitrovic\u00eb, 8 n\u00ebntor 2025 Pas p\u00ebrfundimit t\u00eb balotazhit m\u00eb 9 n\u00ebntor dhe pas p\u00ebrfundimit t\u00eb procedurave t\u00eb parapara ligjore deri n\u00eb certifikimin e rezultatit zgjedhor,","og_url":"https:\/\/veritasinfo.org\/?p=19458","article_published_time":"2025-11-08T10:56:52+00:00","og_image":[{"width":957,"height":359,"url":"https:\/\/veritasinfo.org\/wp-content\/uploads\/2025\/11\/Screenshot-2025-11-08-095915.jpg","type":"image\/jpeg"}],"author":"US6","twitter_card":"summary_large_image","twitter_misc":{"Written by":"US6","Est. reading time":"3 minutes"},"schema":{"@context":"https:\/\/schema.org","@graph":[{"@type":"WebPage","@id":"https:\/\/veritasinfo.org\/?p=19458","url":"https:\/\/veritasinfo.org\/?p=19458","name":"Komunat nuk kan\u00eb dokumente t\u00eb ndjeshme si\u00e7 pretendon Lista serbe -","isPartOf":{"@id":"https:\/\/veritasinfo.org\/#website"},"primaryImageOfPage":{"@id":"https:\/\/veritasinfo.org\/?p=19458#primaryimage"},"image":{"@id":"https:\/\/veritasinfo.org\/?p=19458#primaryimage"},"thumbnailUrl":"https:\/\/veritasinfo.org\/wp-content\/uploads\/2025\/11\/Screenshot-2025-11-08-095915.jpg","datePublished":"2025-11-08T10:56:52+00:00","author":{"@id":"https:\/\/veritasinfo.org\/#\/schema\/person\/fe199eede04c3937362892b7444747cc"},"breadcrumb":{"@id":"https:\/\/veritasinfo.org\/?p=19458#breadcrumb"},"inLanguage":"en-US","potentialAction":[{"@type":"ReadAction","target":["https:\/\/veritasinfo.org\/?p=19458"]}]},{"@type":"ImageObject","inLanguage":"en-US","@id":"https:\/\/veritasinfo.org\/?p=19458#primaryimage","url":"https:\/\/veritasinfo.org\/wp-content\/uploads\/2025\/11\/Screenshot-2025-11-08-095915.jpg","contentUrl":"https:\/\/veritasinfo.org\/wp-content\/uploads\/2025\/11\/Screenshot-2025-11-08-095915.jpg","width":957,"height":359},{"@type":"BreadcrumbList","@id":"https:\/\/veritasinfo.org\/?p=19458#breadcrumb","itemListElement":[{"@type":"ListItem","position":1,"name":"Home","item":"https:\/\/veritasinfo.org\/"},{"@type":"ListItem","position":2,"name":"Komunat nuk kan\u00eb dokumente t\u00eb ndjeshme si\u00e7 pretendon Lista serbe"}]},{"@type":"WebSite","@id":"https:\/\/veritasinfo.org\/#website","url":"https:\/\/veritasinfo.org\/","name":"","description":"","potentialAction":[{"@type":"SearchAction","target":{"@type":"EntryPoint","urlTemplate":"https:\/\/veritasinfo.org\/?s={search_term_string}"},"query-input":{"@type":"PropertyValueSpecification","valueRequired":true,"valueName":"search_term_string"}}],"inLanguage":"en-US"},{"@type":"Person","@id":"https:\/\/veritasinfo.org\/#\/schema\/person\/fe199eede04c3937362892b7444747cc","name":"US6","image":{"@type":"ImageObject","inLanguage":"en-US","@id":"https:\/\/veritasinfo.org\/#\/schema\/person\/image\/","url":"https:\/\/secure.gravatar.com\/avatar\/cb16c3c31c9d23b9b8c705964598220b3014e42ff51eb540ff23cefa3ae8c15f?s=96&d=mm&r=g","contentUrl":"https:\/\/secure.gravatar.com\/avatar\/cb16c3c31c9d23b9b8c705964598220b3014e42ff51eb540ff23cefa3ae8c15f?s=96&d=mm&r=g","caption":"US6"},"url":"https:\/\/veritasinfo.org\/?author=7"}]}},"featured_image_urls":{"full":["https:\/\/veritasinfo.org\/wp-content\/uploads\/2025\/11\/Screenshot-2025-11-08-095915.jpg",957,359,false],"thumbnail":["https:\/\/veritasinfo.org\/wp-content\/uploads\/2025\/11\/Screenshot-2025-11-08-095915-150x150.jpg",150,150,true],"medium":["https:\/\/veritasinfo.org\/wp-content\/uploads\/2025\/11\/Screenshot-2025-11-08-095915-300x113.jpg",300,113,true],"medium_large":["https:\/\/veritasinfo.org\/wp-content\/uploads\/2025\/11\/Screenshot-2025-11-08-095915-768x288.jpg",640,240,true],"large":["https:\/\/veritasinfo.org\/wp-content\/uploads\/2025\/11\/Screenshot-2025-11-08-095915.jpg",640,240,false],"1536x1536":["https:\/\/veritasinfo.org\/wp-content\/uploads\/2025\/11\/Screenshot-2025-11-08-095915.jpg",957,359,false],"2048x2048":["https:\/\/veritasinfo.org\/wp-content\/uploads\/2025\/11\/Screenshot-2025-11-08-095915.jpg",957,359,false],"kreeti-slider-full":["https:\/\/veritasinfo.org\/wp-content\/uploads\/2025\/11\/Screenshot-2025-11-08-095915.jpg",957,359,false],"kreeti-featured":["https:\/\/veritasinfo.org\/wp-content\/uploads\/2025\/11\/Screenshot-2025-11-08-095915.jpg",957,359,false],"kreeti-medium":["https:\/\/veritasinfo.org\/wp-content\/uploads\/2025\/11\/Screenshot-2025-11-08-095915.jpg",720,270,false],"kreeti-medium-square":["https:\/\/veritasinfo.org\/wp-content\/uploads\/2025\/11\/Screenshot-2025-11-08-095915.jpg",350,131,false]},"author_info":{"info":["US6"]},"category_info":"<a href=\"https:\/\/veritasinfo.org\/?cat=58\" rel=\"category\">Politik\u00eb<\/a>","tag_info":"Politik\u00eb","comment_count":"0","_links":{"self":[{"href":"https:\/\/veritasinfo.org\/index.php?rest_route=\/wp\/v2\/posts\/19458","targetHints":{"allow":["GET"]}}],"collection":[{"href":"https:\/\/veritasinfo.org\/index.php?rest_route=\/wp\/v2\/posts"}],"about":[{"href":"https:\/\/veritasinfo.org\/index.php?rest_route=\/wp\/v2\/types\/post"}],"author":[{"embeddable":true,"href":"https:\/\/veritasinfo.org\/index.php?rest_route=\/wp\/v2\/users\/7"}],"replies":[{"embeddable":true,"href":"https:\/\/veritasinfo.org\/index.php?rest_route=%2Fwp%2Fv2%2Fcomments&post=19458"}],"version-history":[{"count":1,"href":"https:\/\/veritasinfo.org\/index.php?rest_route=\/wp\/v2\/posts\/19458\/revisions"}],"predecessor-version":[{"id":19459,"href":"https:\/\/veritasinfo.org\/index.php?rest_route=\/wp\/v2\/posts\/19458\/revisions\/19459"}],"wp:featuredmedia":[{"embeddable":true,"href":"https:\/\/veritasinfo.org\/index.php?rest_route=\/wp\/v2\/media\/19450"}],"wp:attachment":[{"href":"https:\/\/veritasinfo.org\/index.php?rest_route=%2Fwp%2Fv2%2Fmedia&parent=19458"}],"wp:term":[{"taxonomy":"category","embeddable":true,"href":"https:\/\/veritasinfo.org\/index.php?rest_route=%2Fwp%2Fv2%2Fcategories&post=19458"},{"taxonomy":"post_tag","embeddable":true,"href":"https:\/\/veritasinfo.org\/index.php?rest_route=%2Fwp%2Fv2%2Ftags&post=19458"}],"curies":[{"name":"wp","href":"https:\/\/api.w.org\/{rel}","templated":true}]}}